{"id":226610,"date":"2022-11-24T13:00:00","date_gmt":"2022-11-24T16:00:00","guid":{"rendered":"https:\/\/agrund.com\/?p=226610"},"modified":"2022-11-24T11:06:29","modified_gmt":"2022-11-24T14:06:29","slug":"spfw-n54-joao-guilherme-fala-sobre-moda-e-estilo","status":"publish","type":"post","link":"https:\/\/agrund.com\/index.php\/spfw-n54-joao-guilherme-fala-sobre-moda-e-estilo\/","title":{"rendered":"SPFW N54 :: Jo\u00e3o Guilherme fala sobre moda e estilo"},"content":{"rendered":"\n<p>Entrevista por Thay Sanqueta<br>Texto por Rafa Piovezani<\/p>\n\n\n\n<p>A passarela da Misci na SPFW foi estrelada e uma das personalidades que desfilou por l\u00e1 foi Jo\u00e3o Guilherme. Aproveitamos o momento para perguntar ao ator como \u00e9 a rela\u00e7\u00e3o dele com a moda, j\u00e1 que sempre o vemos desconstruindo alguns paradigmas e trazendo o novo para sua gera\u00e7\u00e3o.<\/p>\n\n\n\n<p>&#8220;Muito feliz de estar aqui, no meu debut nas passarelas. \u00c9 um desfile onde temos amigos trabalhando por tr\u00e1s e eu amo a Misci. J\u00e1 tem um tempo que uso a marca, que produzimos coisas juntos, ent\u00e3o estou feliz de estar aqui, em poder desfilar de saia, usando acess\u00f3rios e com uma maquiagem diferente tamb\u00e9m. Eu tento levantar a bandeira da gente se vestir como a gente se sente feliz e confort\u00e1vel com n\u00f3s mesmos&#8221;, explicou o ator.<\/p>\n\n\n\n<p>Jo\u00e3o tamb\u00e9m comentou que a hora de se vestir \u00e9 uma das mais legais do seu dia, &#8220;quando paro na frente do guarda-roupa e posso sair confiante e confort\u00e1vel. Se eu estiver bem comigo mesmo \u00e9 isso a\u00ed&#8221;, disse ele.\u00a0<\/p>\n\n\n\n<div class=\"wp-block-image\"><figure class=\"aligncenter size-full\"><img data-attachment-id=\"226611\" data-permalink=\"https:\/\/agrund.com\/index.php\/spfw-n54-joao-guilherme-fala-sobre-moda-e-estilo\/agrund-spfw-n54-joao-guilherme-1\/\" data-orig-file=\"https:\/\/i0.wp.com\/agrund.com\/wp-content\/uploads\/sites\/6\/2022\/11\/agrund-spfw-n54-joao-guilherme-1.jpeg?fit=600%2C802&amp;ssl=1\" data-orig-size=\"600,802\" data-comments-opened=\"1\" data-image-meta=\"{&quot;aperture&quot;:&quot;0&quot;,&quot;credit&quot;:&quot;&quot;,&quot;camera&quot;:&quot;&quot;,&quot;caption&quot;:&quot;&quot;,&quot;created_timestamp&quot;:&quot;0&quot;,&quot;copyright&quot;:&quot;&quot;,&quot;focal_length&quot;:&quot;0&quot;,&quot;iso&quot;:&quot;0&quot;,&quot;shutter_speed&quot;:&quot;0&quot;,&quot;title&quot;:&quot;&quot;,&quot;orientation&quot;:&quot;1&quot;}\" data-image-title=\"agrund-spfw-n54-joao-guilherme-1\" data-image-description=\"\" data-image-caption=\"\" data-medium-file=\"https:\/\/i0.wp.com\/agrund.com\/wp-content\/uploads\/sites\/6\/2022\/11\/agrund-spfw-n54-joao-guilherme-1.jpeg?fit=224%2C300&amp;ssl=1\" data-large-file=\"https:\/\/i0.wp.com\/agrund.com\/wp-content\/uploads\/sites\/6\/2022\/11\/agrund-spfw-n54-joao-guilherme-1.jpeg?fit=600%2C802&amp;ssl=1\" decoding=\"async\" loading=\"lazy\" width=\"600\" height=\"802\" src=\"https:\/\/i0.wp.com\/agrund.com\/wp-content\/uploads\/sites\/6\/2022\/11\/agrund-spfw-n54-joao-guilherme-1.jpeg?resize=600%2C802&#038;ssl=1\" alt=\"\" class=\"wp-image-226611\" srcset=\"https:\/\/i0.wp.com\/agrund.com\/wp-content\/uploads\/sites\/6\/2022\/11\/agrund-spfw-n54-joao-guilherme-1.jpeg?w=600&amp;ssl=1 600w, https:\/\/i0.wp.com\/agrund.com\/wp-content\/uploads\/sites\/6\/2022\/11\/agrund-spfw-n54-joao-guilherme-1.jpeg?resize=224%2C300&amp;ssl=1 224w\" sizes=\"(max-width: 600px) 100vw, 600px\" data-recalc-dims=\"1\" \/><figcaption>SPFW N54 :: Jo\u00e3o Guilherme fala sobre moda e estilo<\/figcaption><\/figure><\/div>\n\n\n\n<div class=\"wp-block-image\"><figure class=\"aligncenter size-full\"><img data-attachment-id=\"226612\" data-permalink=\"https:\/\/agrund.com\/index.php\/spfw-n54-joao-guilherme-fala-sobre-moda-e-estilo\/agrund-spfw-n54-joao-guilherme-2\/\" data-orig-file=\"https:\/\/i0.wp.com\/agrund.com\/wp-content\/uploads\/sites\/6\/2022\/11\/agrund-spfw-n54-joao-guilherme-2.jpeg?fit=600%2C802&amp;ssl=1\" data-orig-size=\"600,802\" data-comments-opened=\"1\" data-image-meta=\"{&quot;aperture&quot;:&quot;0&quot;,&quot;credit&quot;:&quot;&quot;,&quot;camera&quot;:&quot;&quot;,&quot;caption&quot;:&quot;&quot;,&quot;created_timestamp&quot;:&quot;0&quot;,&quot;copyright&quot;:&quot;&quot;,&quot;focal_length&quot;:&quot;0&quot;,&quot;iso&quot;:&quot;0&quot;,&quot;shutter_speed&quot;:&quot;0&quot;,&quot;title&quot;:&quot;&quot;,&quot;orientation&quot;:&quot;1&quot;}\" data-image-title=\"agrund-spfw-n54-joao-guilherme-2\" data-image-description=\"\" data-image-caption=\"\" data-medium-file=\"https:\/\/i0.wp.com\/agrund.com\/wp-content\/uploads\/sites\/6\/2022\/11\/agrund-spfw-n54-joao-guilherme-2.jpeg?fit=224%2C300&amp;ssl=1\" data-large-file=\"https:\/\/i0.wp.com\/agrund.com\/wp-content\/uploads\/sites\/6\/2022\/11\/agrund-spfw-n54-joao-guilherme-2.jpeg?fit=600%2C802&amp;ssl=1\" decoding=\"async\" loading=\"lazy\" width=\"600\" height=\"802\" src=\"https:\/\/i0.wp.com\/agrund.com\/wp-content\/uploads\/sites\/6\/2022\/11\/agrund-spfw-n54-joao-guilherme-2.jpeg?resize=600%2C802&#038;ssl=1\" alt=\"\" class=\"wp-image-226612\" srcset=\"https:\/\/i0.wp.com\/agrund.com\/wp-content\/uploads\/sites\/6\/2022\/11\/agrund-spfw-n54-joao-guilherme-2.jpeg?w=600&amp;ssl=1 600w, https:\/\/i0.wp.com\/agrund.com\/wp-content\/uploads\/sites\/6\/2022\/11\/agrund-spfw-n54-joao-guilherme-2.jpeg?resize=224%2C300&amp;ssl=1 224w\" sizes=\"(max-width: 600px) 100vw, 600px\" data-recalc-dims=\"1\" \/><figcaption>SPFW N54 :: Jo\u00e3o Guilherme fala sobre moda e estilo<\/figcaption><\/figure><\/div>\n\n\n\n<p>Fotos: Thay Sanqueta <\/p>\n","protected":false},"excerpt":{"rendered":"<p>Entrevista por Thay SanquetaTexto por Rafa Piovezani A passarela da Misci na SPFW foi estrelada e uma das personalidades que desfilou por l\u00e1 foi Jo\u00e3o Guilherme. Aproveitamos o momento para perguntar ao ator como \u00e9 a rela\u00e7\u00e3o dele com a moda, j\u00e1 que sempre o vemos desconstruindo alguns paradigmas e trazendo o novo para sua [&hellip;]<\/p>\n","protected":false},"author":8,"featured_media":226613,"comment_status":"open","ping_status":"open","sticky":false,"template":"","format":"standard","meta":{"jetpack_post_was_ever_published":false,"_jetpack_newsletter_access":"","jetpack_publicize_message":"","jetpack_is_tweetstorm":false,"jetpack_publicize_feature_enabled":true,"jetpack_social_post_already_shared":true,"jetpack_social_options":{"image_generator_settings":{"template":"highway","enabled":false}}},"categories":[2,18],"tags":[395,375,423,347,3452,2420,67,525,148,140,424,862],"jetpack_publicize_connections":[],"jetpack_featured_media_url":"https:\/\/i0.wp.com\/agrund.com\/wp-content\/uploads\/sites\/6\/2022\/11\/sjoao.jpg?fit=960%2C300&ssl=1","jetpack_sharing_enabled":true,"jetpack_shortlink":"https:\/\/wp.me\/p3Hz0n-WX0","jetpack_likes_enabled":true,"_links":{"self":[{"href":"https:\/\/agrund.com\/index.php\/wp-json\/wp\/v2\/posts\/226610"}],"collection":[{"href":"https:\/\/agrund.com\/index.php\/wp-json\/wp\/v2\/posts"}],"about":[{"href":"https:\/\/agrund.com\/index.php\/wp-json\/wp\/v2\/types\/post"}],"author":[{"embeddable":true,"href":"https:\/\/agrund.com\/index.php\/wp-json\/wp\/v2\/users\/8"}],"replies":[{"embeddable":true,"href":"https:\/\/agrund.com\/index.php\/wp-json\/wp\/v2\/comments?post=226610"}],"version-history":[{"count":1,"href":"https:\/\/agrund.com\/index.php\/wp-json\/wp\/v2\/posts\/226610\/revisions"}],"predecessor-version":[{"id":226614,"href":"https:\/\/agrund.com\/index.php\/wp-json\/wp\/v2\/posts\/226610\/revisions\/226614"}],"wp:featuredmedia":[{"embeddable":true,"href":"https:\/\/agrund.com\/index.php\/wp-json\/wp\/v2\/media\/226613"}],"wp:attachment":[{"href":"https:\/\/agrund.com\/index.php\/wp-json\/wp\/v2\/media?parent=226610"}],"wp:term":[{"taxonomy":"category","embeddable":true,"href":"https:\/\/agrund.com\/index.php\/wp-json\/wp\/v2\/categories?post=226610"},{"taxonomy":"post_tag","embeddable":true,"href":"https:\/\/agrund.com\/index.php\/wp-json\/wp\/v2\/tags?post=226610"}],"curies":[{"name":"wp","href":"https:\/\/api.w.org\/{rel}","templated":true}]}}