{"id":226608,"date":"2022-11-25T10:00:00","date_gmt":"2022-11-25T13:00:00","guid":{"rendered":"https:\/\/agrund.com\/?p=226608"},"modified":"2022-11-25T09:24:15","modified_gmt":"2022-11-25T12:24:15","slug":"spfw-n54-icaro-silva-revela-como-e-estar-na-passarela","status":"publish","type":"post","link":"https:\/\/agrund.com\/index.php\/spfw-n54-icaro-silva-revela-como-e-estar-na-passarela\/","title":{"rendered":"SPFW N54 :: \u00cdcaro Silva revela como \u00e9 estar na passarela"},"content":{"rendered":"\n<p>Entrevista por Thay Sanqueta<br>Texto por Rafa Piovezani<\/p>\n\n\n\n<p>Encontramos \u00cdcaro Silva no backstage de Jo\u00e3o Pimenta e n\u00e3o pudemos deixar de brincar com o ator sobre n\u00e3o acontecer SPFW sem ele, j\u00e1 que nas \u00faltimas temporadas ele tem desfilado.<\/p>\n\n\n\n<p>&#8220;Algu\u00e9m at\u00e9 mudou minha wikipedia e colocou modelo entre as minhas profiss\u00f5es (risos). Eu fico honrad\u00edssimo, acho um m\u00e1ximo esse evento e adoro a passarela. Costumo dizer que \u00e9 um teatro muito r\u00e1pido, porque tamb\u00e9m \u00e9 um show. E \u00e9 muito especial, porque \u00e9 um trabalho de um designer e toda a sua equipe. Parece uma queima de fogos&#8221;, comentou.<\/p>\n\n\n\n<p>Aproveitamos os poucos minutos antes do desfile come\u00e7ar para entender se \u00cdcaro leva para a passarela o seu lado art\u00edstico.<\/p>\n\n\n\n<p>&#8220;Eu gosto de interpretar um modelo e a\u00ed eu acho que cada estilista, marca e cole\u00e7\u00e3o, traz uma novidade e eu gosto de incorporar isso. Por mais que eu seja um convidado, eu gosto de me misturar com a galera e n\u00e3o ser o \u00cdcaro desfilando&#8221;, revelou.<\/p>\n\n\n\n<p>Um segredo que ele nos contou \u00e9 que muitos dos meninos que desfilam na SPFW participaram de &#8216;Verdades Secretas&#8217; com ele, atuando como modelos mesmo, e com isso ele pode pegar dicas e aprender um pouco mais sobre a profiss\u00e3o.\u00a0<\/p>\n\n\n\n<div class=\"wp-block-image\"><figure class=\"aligncenter size-full\"><img data-attachment-id=\"226616\" data-permalink=\"https:\/\/agrund.com\/index.php\/spfw-n54-icaro-silva-revela-como-e-estar-na-passarela\/agrund-spfw-n54-icaro-silva-1\/\" data-orig-file=\"https:\/\/i0.wp.com\/agrund.com\/wp-content\/uploads\/sites\/6\/2022\/11\/agrund-spfw-n54-icaro-silva-1.jpeg?fit=600%2C802&amp;ssl=1\" data-orig-size=\"600,802\" data-comments-opened=\"1\" data-image-meta=\"{&quot;aperture&quot;:&quot;0&quot;,&quot;credit&quot;:&quot;&quot;,&quot;camera&quot;:&quot;&quot;,&quot;caption&quot;:&quot;&quot;,&quot;created_timestamp&quot;:&quot;0&quot;,&quot;copyright&quot;:&quot;&quot;,&quot;focal_length&quot;:&quot;0&quot;,&quot;iso&quot;:&quot;0&quot;,&quot;shutter_speed&quot;:&quot;0&quot;,&quot;title&quot;:&quot;&quot;,&quot;orientation&quot;:&quot;1&quot;}\" data-image-title=\"agrund-spfw-n54-icaro-silva-1\" data-image-description=\"\" data-image-caption=\"\" data-medium-file=\"https:\/\/i0.wp.com\/agrund.com\/wp-content\/uploads\/sites\/6\/2022\/11\/agrund-spfw-n54-icaro-silva-1.jpeg?fit=224%2C300&amp;ssl=1\" data-large-file=\"https:\/\/i0.wp.com\/agrund.com\/wp-content\/uploads\/sites\/6\/2022\/11\/agrund-spfw-n54-icaro-silva-1.jpeg?fit=600%2C802&amp;ssl=1\" decoding=\"async\" loading=\"lazy\" width=\"600\" height=\"802\" src=\"https:\/\/i0.wp.com\/agrund.com\/wp-content\/uploads\/sites\/6\/2022\/11\/agrund-spfw-n54-icaro-silva-1.jpeg?resize=600%2C802&#038;ssl=1\" alt=\"\" class=\"wp-image-226616\" srcset=\"https:\/\/i0.wp.com\/agrund.com\/wp-content\/uploads\/sites\/6\/2022\/11\/agrund-spfw-n54-icaro-silva-1.jpeg?w=600&amp;ssl=1 600w, https:\/\/i0.wp.com\/agrund.com\/wp-content\/uploads\/sites\/6\/2022\/11\/agrund-spfw-n54-icaro-silva-1.jpeg?resize=224%2C300&amp;ssl=1 224w\" sizes=\"(max-width: 600px) 100vw, 600px\" data-recalc-dims=\"1\" \/><figcaption>SPFW N54 :: \u00cdcaro Silva revela como \u00e9 estar na passarela<\/figcaption><\/figure><\/div>\n\n\n\n<div class=\"wp-block-image\"><figure class=\"aligncenter size-full\"><img data-attachment-id=\"226617\" data-permalink=\"https:\/\/agrund.com\/index.php\/spfw-n54-icaro-silva-revela-como-e-estar-na-passarela\/agrund-spfw-n54-icaro-silva-2\/\" data-orig-file=\"https:\/\/i0.wp.com\/agrund.com\/wp-content\/uploads\/sites\/6\/2022\/11\/agrund-spfw-n54-icaro-silva-2.jpeg?fit=600%2C928&amp;ssl=1\" data-orig-size=\"600,928\" data-comments-opened=\"1\" data-image-meta=\"{&quot;aperture&quot;:&quot;0&quot;,&quot;credit&quot;:&quot;&quot;,&quot;camera&quot;:&quot;&quot;,&quot;caption&quot;:&quot;&quot;,&quot;created_timestamp&quot;:&quot;0&quot;,&quot;copyright&quot;:&quot;&quot;,&quot;focal_length&quot;:&quot;0&quot;,&quot;iso&quot;:&quot;0&quot;,&quot;shutter_speed&quot;:&quot;0&quot;,&quot;title&quot;:&quot;&quot;,&quot;orientation&quot;:&quot;1&quot;}\" data-image-title=\"agrund-spfw-n54-icaro-silva-2\" data-image-description=\"\" data-image-caption=\"\" data-medium-file=\"https:\/\/i0.wp.com\/agrund.com\/wp-content\/uploads\/sites\/6\/2022\/11\/agrund-spfw-n54-icaro-silva-2.jpeg?fit=194%2C300&amp;ssl=1\" data-large-file=\"https:\/\/i0.wp.com\/agrund.com\/wp-content\/uploads\/sites\/6\/2022\/11\/agrund-spfw-n54-icaro-silva-2.jpeg?fit=600%2C928&amp;ssl=1\" decoding=\"async\" loading=\"lazy\" width=\"600\" height=\"928\" src=\"https:\/\/i0.wp.com\/agrund.com\/wp-content\/uploads\/sites\/6\/2022\/11\/agrund-spfw-n54-icaro-silva-2.jpeg?resize=600%2C928&#038;ssl=1\" alt=\"\" class=\"wp-image-226617\" srcset=\"https:\/\/i0.wp.com\/agrund.com\/wp-content\/uploads\/sites\/6\/2022\/11\/agrund-spfw-n54-icaro-silva-2.jpeg?w=600&amp;ssl=1 600w, https:\/\/i0.wp.com\/agrund.com\/wp-content\/uploads\/sites\/6\/2022\/11\/agrund-spfw-n54-icaro-silva-2.jpeg?resize=194%2C300&amp;ssl=1 194w\" sizes=\"(max-width: 600px) 100vw, 600px\" data-recalc-dims=\"1\" \/><figcaption>SPFW N54 :: \u00cdcaro Silva revela como \u00e9 estar na passarela<\/figcaption><\/figure><\/div>\n\n\n\n<p>Fotos: Thay Sanqueta. <\/p>\n","protected":false},"excerpt":{"rendered":"<p>Entrevista por Thay SanquetaTexto por Rafa Piovezani Encontramos \u00cdcaro Silva no backstage de Jo\u00e3o Pimenta e n\u00e3o pudemos deixar de brincar com o ator sobre n\u00e3o acontecer SPFW sem ele, j\u00e1 que nas \u00faltimas temporadas ele tem desfilado. &#8220;Algu\u00e9m at\u00e9 mudou minha wikipedia e colocou modelo entre as minhas profiss\u00f5es (risos). Eu fico honrad\u00edssimo, acho [&hellip;]<\/p>\n","protected":false},"author":8,"featured_media":226618,"comment_status":"open","ping_status":"open","sticky":false,"template":"","format":"standard","meta":{"jetpack_post_was_ever_published":false,"_jetpack_newsletter_access":"","jetpack_publicize_message":"","jetpack_is_tweetstorm":false,"jetpack_publicize_feature_enabled":true,"jetpack_social_post_already_shared":true,"jetpack_social_options":{"image_generator_settings":{"template":"highway","enabled":false}}},"categories":[2,18],"tags":[395,375,423,347,3453,67,525,148,2835,140,424,862],"jetpack_publicize_connections":[],"jetpack_featured_media_url":"https:\/\/i0.wp.com\/agrund.com\/wp-content\/uploads\/sites\/6\/2022\/11\/s-55.jpg?fit=960%2C300&ssl=1","jetpack_sharing_enabled":true,"jetpack_shortlink":"https:\/\/wp.me\/p3Hz0n-WWY","jetpack_likes_enabled":true,"_links":{"self":[{"href":"https:\/\/agrund.com\/index.php\/wp-json\/wp\/v2\/posts\/226608"}],"collection":[{"href":"https:\/\/agrund.com\/index.php\/wp-json\/wp\/v2\/posts"}],"about":[{"href":"https:\/\/agrund.com\/index.php\/wp-json\/wp\/v2\/types\/post"}],"author":[{"embeddable":true,"href":"https:\/\/agrund.com\/index.php\/wp-json\/wp\/v2\/users\/8"}],"replies":[{"embeddable":true,"href":"https:\/\/agrund.com\/index.php\/wp-json\/wp\/v2\/comments?post=226608"}],"version-history":[{"count":2,"href":"https:\/\/agrund.com\/index.php\/wp-json\/wp\/v2\/posts\/226608\/revisions"}],"predecessor-version":[{"id":226619,"href":"https:\/\/agrund.com\/index.php\/wp-json\/wp\/v2\/posts\/226608\/revisions\/226619"}],"wp:featuredmedia":[{"embeddable":true,"href":"https:\/\/agrund.com\/index.php\/wp-json\/wp\/v2\/media\/226618"}],"wp:attachment":[{"href":"https:\/\/agrund.com\/index.php\/wp-json\/wp\/v2\/media?parent=226608"}],"wp:term":[{"taxonomy":"category","embeddable":true,"href":"https:\/\/agrund.com\/index.php\/wp-json\/wp\/v2\/categories?post=226608"},{"taxonomy":"post_tag","embeddable":true,"href":"https:\/\/agrund.com\/index.php\/wp-json\/wp\/v2\/tags?post=226608"}],"curies":[{"name":"wp","href":"https:\/\/api.w.org\/{rel}","templated":true}]}}