{"id":226603,"date":"2022-11-24T15:00:00","date_gmt":"2022-11-24T18:00:00","guid":{"rendered":"https:\/\/agrund.com\/?p=226603"},"modified":"2022-11-24T11:06:47","modified_gmt":"2022-11-24T14:06:47","slug":"spfw-n54-jade-picon-fala-sobre-estreia-na-passarela-da-ellus","status":"publish","type":"post","link":"https:\/\/agrund.com\/index.php\/spfw-n54-jade-picon-fala-sobre-estreia-na-passarela-da-ellus\/","title":{"rendered":"SPFW N54 :: Jade Picon em sua estreia na passarela da Ellus"},"content":{"rendered":"\n<p>Entrevista por Thay Sanqueta<br>Texto por Rafa Piovezani<\/p>\n\n\n\n<p>A Ellus encerrou o terceiro dia de desfiles com uma apresenta\u00e7\u00e3o incr\u00edvel no hotel Rosewood e tivemos a surpresa de ver Jade Picon na passarela.<\/p>\n\n\n\n<p>Estreante na SPFW, ela conversou com a nossa equipe sobre a experi\u00eancia.<\/p>\n\n\n\n<p>&#8220;Foi emocionante. 2022 est\u00e1 sendo o ano de me jogar em desafios novos e nada mais gratificante do que depois olhar e ver a coragem que eu tive&#8221;, revelou a atriz e influenciadora.<\/p>\n\n\n\n<p>Aproveitamos o papo para comentar que a vemos sempre trabalhando para fazer o melhor em tudo que se prop\u00f5e e ela foi r\u00e1pida ao explicar a raz\u00e3o.<\/p>\n\n\n\n<p>&#8220;S\u00e3o muitos fatores que s\u00e3o minha base desde a minha fam\u00edlia, como a minha disciplina, meu foco. Acho que \u00e9 um conjunto de fatores que fazem eu ser quem eu sou hoje&#8221;, completou Jade.&nbsp;<\/p>\n\n\n\n<div class=\"wp-block-image\"><figure class=\"aligncenter size-full\"><img data-attachment-id=\"226604\" data-permalink=\"https:\/\/agrund.com\/index.php\/spfw-n54-jade-picon-fala-sobre-estreia-na-passarela-da-ellus\/agrund-spfw-n54-jade-picon-1\/\" data-orig-file=\"https:\/\/i0.wp.com\/agrund.com\/wp-content\/uploads\/sites\/6\/2022\/11\/agrund-spfw-n54-jade-picon-1.jpeg?fit=600%2C819&amp;ssl=1\" data-orig-size=\"600,819\" data-comments-opened=\"1\" data-image-meta=\"{&quot;aperture&quot;:&quot;0&quot;,&quot;credit&quot;:&quot;&quot;,&quot;camera&quot;:&quot;&quot;,&quot;caption&quot;:&quot;&quot;,&quot;created_timestamp&quot;:&quot;0&quot;,&quot;copyright&quot;:&quot;&quot;,&quot;focal_length&quot;:&quot;0&quot;,&quot;iso&quot;:&quot;0&quot;,&quot;shutter_speed&quot;:&quot;0&quot;,&quot;title&quot;:&quot;&quot;,&quot;orientation&quot;:&quot;1&quot;}\" data-image-title=\"agrund-spfw-n54-jade-picon-1\" data-image-description=\"\" data-image-caption=\"\" data-medium-file=\"https:\/\/i0.wp.com\/agrund.com\/wp-content\/uploads\/sites\/6\/2022\/11\/agrund-spfw-n54-jade-picon-1.jpeg?fit=220%2C300&amp;ssl=1\" data-large-file=\"https:\/\/i0.wp.com\/agrund.com\/wp-content\/uploads\/sites\/6\/2022\/11\/agrund-spfw-n54-jade-picon-1.jpeg?fit=600%2C819&amp;ssl=1\" decoding=\"async\" loading=\"lazy\" width=\"600\" height=\"819\" src=\"https:\/\/i0.wp.com\/agrund.com\/wp-content\/uploads\/sites\/6\/2022\/11\/agrund-spfw-n54-jade-picon-1.jpeg?resize=600%2C819&#038;ssl=1\" alt=\"\" class=\"wp-image-226604\" srcset=\"https:\/\/i0.wp.com\/agrund.com\/wp-content\/uploads\/sites\/6\/2022\/11\/agrund-spfw-n54-jade-picon-1.jpeg?w=600&amp;ssl=1 600w, https:\/\/i0.wp.com\/agrund.com\/wp-content\/uploads\/sites\/6\/2022\/11\/agrund-spfw-n54-jade-picon-1.jpeg?resize=220%2C300&amp;ssl=1 220w\" sizes=\"(max-width: 600px) 100vw, 600px\" data-recalc-dims=\"1\" \/><figcaption>SPFW N54 :: Jade Picon em sua estreia na passarela da Ellus<\/figcaption><\/figure><\/div>\n\n\n\n<div class=\"wp-block-image\"><figure class=\"aligncenter size-full\"><img data-attachment-id=\"226605\" data-permalink=\"https:\/\/agrund.com\/index.php\/spfw-n54-jade-picon-fala-sobre-estreia-na-passarela-da-ellus\/agrund-spfw-n54-jade-picon-2\/\" data-orig-file=\"https:\/\/i0.wp.com\/agrund.com\/wp-content\/uploads\/sites\/6\/2022\/11\/agrund-spfw-n54-jade-picon-2.jpeg?fit=600%2C802&amp;ssl=1\" data-orig-size=\"600,802\" data-comments-opened=\"1\" data-image-meta=\"{&quot;aperture&quot;:&quot;0&quot;,&quot;credit&quot;:&quot;&quot;,&quot;camera&quot;:&quot;&quot;,&quot;caption&quot;:&quot;&quot;,&quot;created_timestamp&quot;:&quot;0&quot;,&quot;copyright&quot;:&quot;&quot;,&quot;focal_length&quot;:&quot;0&quot;,&quot;iso&quot;:&quot;0&quot;,&quot;shutter_speed&quot;:&quot;0&quot;,&quot;title&quot;:&quot;&quot;,&quot;orientation&quot;:&quot;1&quot;}\" data-image-title=\"agrund-spfw-n54-jade-picon-2\" data-image-description=\"\" data-image-caption=\"\" data-medium-file=\"https:\/\/i0.wp.com\/agrund.com\/wp-content\/uploads\/sites\/6\/2022\/11\/agrund-spfw-n54-jade-picon-2.jpeg?fit=224%2C300&amp;ssl=1\" data-large-file=\"https:\/\/i0.wp.com\/agrund.com\/wp-content\/uploads\/sites\/6\/2022\/11\/agrund-spfw-n54-jade-picon-2.jpeg?fit=600%2C802&amp;ssl=1\" decoding=\"async\" loading=\"lazy\" width=\"600\" height=\"802\" src=\"https:\/\/i0.wp.com\/agrund.com\/wp-content\/uploads\/sites\/6\/2022\/11\/agrund-spfw-n54-jade-picon-2.jpeg?resize=600%2C802&#038;ssl=1\" alt=\"\" class=\"wp-image-226605\" srcset=\"https:\/\/i0.wp.com\/agrund.com\/wp-content\/uploads\/sites\/6\/2022\/11\/agrund-spfw-n54-jade-picon-2.jpeg?w=600&amp;ssl=1 600w, https:\/\/i0.wp.com\/agrund.com\/wp-content\/uploads\/sites\/6\/2022\/11\/agrund-spfw-n54-jade-picon-2.jpeg?resize=224%2C300&amp;ssl=1 224w\" sizes=\"(max-width: 600px) 100vw, 600px\" data-recalc-dims=\"1\" \/><figcaption>SPFW N54 :: Jade Picon em sua estreia na passarela da Ellus<\/figcaption><\/figure><\/div>\n\n\n\n<p>Fotos: Thay Sanqueta\/ Amanda Souza. <\/p>\n","protected":false},"excerpt":{"rendered":"<p>Entrevista por Thay SanquetaTexto por Rafa Piovezani A Ellus encerrou o terceiro dia de desfiles com uma apresenta\u00e7\u00e3o incr\u00edvel no hotel Rosewood e tivemos a surpresa de ver Jade Picon na passarela. Estreante na SPFW, ela conversou com a nossa equipe sobre a experi\u00eancia. &#8220;Foi emocionante. 2022 est\u00e1 sendo o ano de me jogar em [&hellip;]<\/p>\n","protected":false},"author":8,"featured_media":226606,"comment_status":"open","ping_status":"open","sticky":false,"template":"","format":"standard","meta":{"jetpack_post_was_ever_published":false,"_jetpack_newsletter_access":"","jetpack_publicize_message":"","jetpack_is_tweetstorm":false,"jetpack_publicize_feature_enabled":true,"jetpack_social_post_already_shared":true,"jetpack_social_options":{"image_generator_settings":{"template":"highway","enabled":false}}},"categories":[2,18],"tags":[395,375,163,423,347,3451,67,525,148,140,424,862],"jetpack_publicize_connections":[],"jetpack_featured_media_url":"https:\/\/i0.wp.com\/agrund.com\/wp-content\/uploads\/sites\/6\/2022\/11\/Sjade.jpg?fit=960%2C300&ssl=1","jetpack_sharing_enabled":true,"jetpack_shortlink":"https:\/\/wp.me\/p3Hz0n-WWT","jetpack_likes_enabled":true,"_links":{"self":[{"href":"https:\/\/agrund.com\/index.php\/wp-json\/wp\/v2\/posts\/226603"}],"collection":[{"href":"https:\/\/agrund.com\/index.php\/wp-json\/wp\/v2\/posts"}],"about":[{"href":"https:\/\/agrund.com\/index.php\/wp-json\/wp\/v2\/types\/post"}],"author":[{"embeddable":true,"href":"https:\/\/agrund.com\/index.php\/wp-json\/wp\/v2\/users\/8"}],"replies":[{"embeddable":true,"href":"https:\/\/agrund.com\/index.php\/wp-json\/wp\/v2\/comments?post=226603"}],"version-history":[{"count":2,"href":"https:\/\/agrund.com\/index.php\/wp-json\/wp\/v2\/posts\/226603\/revisions"}],"predecessor-version":[{"id":226615,"href":"https:\/\/agrund.com\/index.php\/wp-json\/wp\/v2\/posts\/226603\/revisions\/226615"}],"wp:featuredmedia":[{"embeddable":true,"href":"https:\/\/agrund.com\/index.php\/wp-json\/wp\/v2\/media\/226606"}],"wp:attachment":[{"href":"https:\/\/agrund.com\/index.php\/wp-json\/wp\/v2\/media?parent=226603"}],"wp:term":[{"taxonomy":"category","embeddable":true,"href":"https:\/\/agrund.com\/index.php\/wp-json\/wp\/v2\/categories?post=226603"},{"taxonomy":"post_tag","embeddable":true,"href":"https:\/\/agrund.com\/index.php\/wp-json\/wp\/v2\/tags?post=226603"}],"curies":[{"name":"wp","href":"https:\/\/api.w.org\/{rel}","templated":true}]}}