{"id":226598,"date":"2022-11-24T11:02:13","date_gmt":"2022-11-24T14:02:13","guid":{"rendered":"https:\/\/agrund.com\/?p=226598"},"modified":"2022-11-24T11:02:13","modified_gmt":"2022-11-24T14:02:13","slug":"spfw-n54-alanis-guillen-em-um-papo-sobre-moda","status":"publish","type":"post","link":"https:\/\/agrund.com\/index.php\/spfw-n54-alanis-guillen-em-um-papo-sobre-moda\/","title":{"rendered":"SPFW N54 :: Alanis Guillen em um papo sobre moda"},"content":{"rendered":"\n<p>Entrevista por Thay Sanqueta<br>Texto por Rafa Piovezani<\/p>\n\n\n\n<p>De volta ao Brasil ap\u00f3s f\u00e9rias no Caribe, Alanis Guillen, que recentemente finalizou seu trabalho incr\u00edvel em &#8220;Pantanal&#8221;, foi prestigiar os 50 anos da Ellus na SPFW.<\/p>\n\n\n\n<p>Ela, que atualmente \u00e9 o rosto da marca, escolheu um look nada \u00f3bvio composto por alfaiataria e paet\u00eas com um toque rocker, que \u00e9 cara da Ellus.<\/p>\n\n\n\n<p>Aproveitamos o momento para perguntar como \u00e9 a dela rela\u00e7\u00e3o com o mundo da moda.<\/p>\n\n\n\n<p>&#8220;\u00c9 uma rela\u00e7\u00e3o de inspira\u00e7\u00e3o e autenticidade. A moda \u00e9 como a gente se sente, se apropria e podemos fazer o que quiser a cada dia, a cada momento. Gosto da moda pra expressar o meu humor e minhas ideias&#8221;, revelou Alanis.<\/p>\n\n\n\n<p>E acredite se quiser, mas a rela\u00e7\u00e3o da atriz com a Ellus \u00e9 de longa data, muito antes do que voc\u00ea imagina.<\/p>\n\n\n\n<p>&#8220;A Ellus entrou na minha vida na \u00e9poca do col\u00e9gio. Eu tinha um t\u00eanis que eu amava, n\u00e3o tirava do p\u00e9 at\u00e9 que ele acabou de tanto que usei. Eu tinha muito apego&#8221;, contou ela.\u00a0<\/p>\n\n\n\n<div class=\"wp-block-image\"><figure class=\"aligncenter size-full\"><img data-attachment-id=\"226600\" data-permalink=\"https:\/\/agrund.com\/index.php\/spfw-n54-alanis-guillen-em-um-papo-sobre-moda\/agrund-spfw-n54-alanis-juma-2\/\" data-orig-file=\"https:\/\/i0.wp.com\/agrund.com\/wp-content\/uploads\/sites\/6\/2022\/11\/agrund-spfw-n54-alanis-juma-2.jpeg?fit=600%2C800&amp;ssl=1\" data-orig-size=\"600,800\" data-comments-opened=\"1\" data-image-meta=\"{&quot;aperture&quot;:&quot;0&quot;,&quot;credit&quot;:&quot;&quot;,&quot;camera&quot;:&quot;&quot;,&quot;caption&quot;:&quot;&quot;,&quot;created_timestamp&quot;:&quot;0&quot;,&quot;copyright&quot;:&quot;&quot;,&quot;focal_length&quot;:&quot;0&quot;,&quot;iso&quot;:&quot;0&quot;,&quot;shutter_speed&quot;:&quot;0&quot;,&quot;title&quot;:&quot;&quot;,&quot;orientation&quot;:&quot;1&quot;}\" data-image-title=\"agrund-spfw-n54-alanis-juma-2\" data-image-description=\"\" data-image-caption=\"\" data-medium-file=\"https:\/\/i0.wp.com\/agrund.com\/wp-content\/uploads\/sites\/6\/2022\/11\/agrund-spfw-n54-alanis-juma-2.jpeg?fit=225%2C300&amp;ssl=1\" data-large-file=\"https:\/\/i0.wp.com\/agrund.com\/wp-content\/uploads\/sites\/6\/2022\/11\/agrund-spfw-n54-alanis-juma-2.jpeg?fit=600%2C800&amp;ssl=1\" decoding=\"async\" loading=\"lazy\" width=\"600\" height=\"800\" src=\"https:\/\/i0.wp.com\/agrund.com\/wp-content\/uploads\/sites\/6\/2022\/11\/agrund-spfw-n54-alanis-juma-2.jpeg?resize=600%2C800&#038;ssl=1\" alt=\"\" class=\"wp-image-226600\" srcset=\"https:\/\/i0.wp.com\/agrund.com\/wp-content\/uploads\/sites\/6\/2022\/11\/agrund-spfw-n54-alanis-juma-2.jpeg?w=600&amp;ssl=1 600w, https:\/\/i0.wp.com\/agrund.com\/wp-content\/uploads\/sites\/6\/2022\/11\/agrund-spfw-n54-alanis-juma-2.jpeg?resize=225%2C300&amp;ssl=1 225w\" sizes=\"(max-width: 600px) 100vw, 600px\" data-recalc-dims=\"1\" \/><figcaption>SPFW N54 :: Alanis Guillen em um papo sobre moda<\/figcaption><\/figure><\/div>\n\n\n\n<div class=\"wp-block-image\"><figure class=\"aligncenter size-full\"><img data-attachment-id=\"226599\" data-permalink=\"https:\/\/agrund.com\/index.php\/spfw-n54-alanis-guillen-em-um-papo-sobre-moda\/agrund-spfw-n54-alanis-juma-1\/\" data-orig-file=\"https:\/\/i0.wp.com\/agrund.com\/wp-content\/uploads\/sites\/6\/2022\/11\/agrund-spfw-n54-alanis-juma-1.jpeg?fit=600%2C979&amp;ssl=1\" data-orig-size=\"600,979\" data-comments-opened=\"1\" data-image-meta=\"{&quot;aperture&quot;:&quot;0&quot;,&quot;credit&quot;:&quot;&quot;,&quot;camera&quot;:&quot;&quot;,&quot;caption&quot;:&quot;&quot;,&quot;created_timestamp&quot;:&quot;0&quot;,&quot;copyright&quot;:&quot;&quot;,&quot;focal_length&quot;:&quot;0&quot;,&quot;iso&quot;:&quot;0&quot;,&quot;shutter_speed&quot;:&quot;0&quot;,&quot;title&quot;:&quot;&quot;,&quot;orientation&quot;:&quot;1&quot;}\" data-image-title=\"agrund-spfw-n54-alanis-juma-1\" data-image-description=\"\" data-image-caption=\"\" data-medium-file=\"https:\/\/i0.wp.com\/agrund.com\/wp-content\/uploads\/sites\/6\/2022\/11\/agrund-spfw-n54-alanis-juma-1.jpeg?fit=184%2C300&amp;ssl=1\" data-large-file=\"https:\/\/i0.wp.com\/agrund.com\/wp-content\/uploads\/sites\/6\/2022\/11\/agrund-spfw-n54-alanis-juma-1.jpeg?fit=600%2C979&amp;ssl=1\" decoding=\"async\" loading=\"lazy\" width=\"600\" height=\"979\" src=\"https:\/\/i0.wp.com\/agrund.com\/wp-content\/uploads\/sites\/6\/2022\/11\/agrund-spfw-n54-alanis-juma-1.jpeg?resize=600%2C979&#038;ssl=1\" alt=\"\" class=\"wp-image-226599\" srcset=\"https:\/\/i0.wp.com\/agrund.com\/wp-content\/uploads\/sites\/6\/2022\/11\/agrund-spfw-n54-alanis-juma-1.jpeg?w=600&amp;ssl=1 600w, https:\/\/i0.wp.com\/agrund.com\/wp-content\/uploads\/sites\/6\/2022\/11\/agrund-spfw-n54-alanis-juma-1.jpeg?resize=184%2C300&amp;ssl=1 184w\" sizes=\"(max-width: 600px) 100vw, 600px\" data-recalc-dims=\"1\" \/><figcaption>SPFW N54 :: Alanis Guillen em um papo sobre moda<\/figcaption><\/figure><\/div>\n\n\n\n<p>Fotos: Thay Sanqueta. <\/p>\n","protected":false},"excerpt":{"rendered":"<p>Entrevista por Thay SanquetaTexto por Rafa Piovezani De volta ao Brasil ap\u00f3s f\u00e9rias no Caribe, Alanis Guillen, que recentemente finalizou seu trabalho incr\u00edvel em &#8220;Pantanal&#8221;, foi prestigiar os 50 anos da Ellus na SPFW. Ela, que atualmente \u00e9 o rosto da marca, escolheu um look nada \u00f3bvio composto por alfaiataria e paet\u00eas com um toque [&hellip;]<\/p>\n","protected":false},"author":8,"featured_media":226601,"comment_status":"open","ping_status":"open","sticky":false,"template":"","format":"standard","meta":{"jetpack_post_was_ever_published":false,"_jetpack_newsletter_access":"","jetpack_publicize_message":"","jetpack_is_tweetstorm":false,"jetpack_publicize_feature_enabled":true,"jetpack_social_post_already_shared":true,"jetpack_social_options":{"image_generator_settings":{"template":"highway","enabled":false}}},"categories":[2,18],"tags":[395,3450,375,163,423,347,67,525,2835,140,424,862],"jetpack_publicize_connections":[],"jetpack_featured_media_url":"https:\/\/i0.wp.com\/agrund.com\/wp-content\/uploads\/sites\/6\/2022\/11\/salanis.jpg?fit=960%2C300&ssl=1","jetpack_sharing_enabled":true,"jetpack_shortlink":"https:\/\/wp.me\/p3Hz0n-WWO","jetpack_likes_enabled":true,"_links":{"self":[{"href":"https:\/\/agrund.com\/index.php\/wp-json\/wp\/v2\/posts\/226598"}],"collection":[{"href":"https:\/\/agrund.com\/index.php\/wp-json\/wp\/v2\/posts"}],"about":[{"href":"https:\/\/agrund.com\/index.php\/wp-json\/wp\/v2\/types\/post"}],"author":[{"embeddable":true,"href":"https:\/\/agrund.com\/index.php\/wp-json\/wp\/v2\/users\/8"}],"replies":[{"embeddable":true,"href":"https:\/\/agrund.com\/index.php\/wp-json\/wp\/v2\/comments?post=226598"}],"version-history":[{"count":1,"href":"https:\/\/agrund.com\/index.php\/wp-json\/wp\/v2\/posts\/226598\/revisions"}],"predecessor-version":[{"id":226602,"href":"https:\/\/agrund.com\/index.php\/wp-json\/wp\/v2\/posts\/226598\/revisions\/226602"}],"wp:featuredmedia":[{"embeddable":true,"href":"https:\/\/agrund.com\/index.php\/wp-json\/wp\/v2\/media\/226601"}],"wp:attachment":[{"href":"https:\/\/agrund.com\/index.php\/wp-json\/wp\/v2\/media?parent=226598"}],"wp:term":[{"taxonomy":"category","embeddable":true,"href":"https:\/\/agrund.com\/index.php\/wp-json\/wp\/v2\/categories?post=226598"},{"taxonomy":"post_tag","embeddable":true,"href":"https:\/\/agrund.com\/index.php\/wp-json\/wp\/v2\/tags?post=226598"}],"curies":[{"name":"wp","href":"https:\/\/api.w.org\/{rel}","templated":true}]}}