{"id":226423,"date":"2022-11-21T19:00:00","date_gmt":"2022-11-21T22:00:00","guid":{"rendered":"https:\/\/agrund.com\/?p=226423"},"modified":"2022-11-21T18:13:16","modified_gmt":"2022-11-21T21:13:16","slug":"spfw-n54-igor-rickli-fala-sobre-a-volta-as-passarelas","status":"publish","type":"post","link":"https:\/\/agrund.com\/index.php\/spfw-n54-igor-rickli-fala-sobre-a-volta-as-passarelas\/","title":{"rendered":"SPFW N54 :: Igor Rickli fala sobre a volta \u00e0s passarelas"},"content":{"rendered":"\n<p>Entrevista por Thay Sanqueta<br>Texto por Rafa Piovezani<\/p>\n\n\n\n<p>Em nossas andan\u00e7as pelo backstage da SPFW encontramos Igor Rickli se preparando para o desfile de Jo\u00e3o Pimenta. Ele, que foi um nome recorrente nos castings desta edi\u00e7\u00e3o, nos contou como est\u00e1 sendo a experi\u00eancia.<\/p>\n\n\n\n<p>&#8220;Estou em um momento muito especial. Estar aqui, estreando na SPFW \u00e9 muito simb\u00f3lico pra mim, porque eu volto \u00e0 passarela depois de 20 anos desde que comecei a carreira de modelo. Estou me sentindo completamente abra\u00e7ado, tem sido muito importante&#8221;, revelou ele.<\/p>\n\n\n\n<p>E quando o assunto \u00e9 sua rela\u00e7\u00e3o com a moda e os designers nacionais, Igor revelou que o primeiro convite para desfilar nesta temporada veio de Silv\u00e9rio, que tamb\u00e9m \u00e9 um de seus grandes incentivadores.<\/p>\n\n\n\n<p>&#8220;A moda vem trazendo um novo ar pra minha vida, uma fonte de muita inspira\u00e7\u00e3o. Acho que estamos vivendo um momento muito lindo da moda brasileira. Existem muitos criadores que eu realmente admiro. Acho que temos que enaltecer cada vez mais os nossos estilistas&#8221;, completou Rickli.\u00a0<\/p>\n\n\n\n<div class=\"wp-block-image\"><figure class=\"aligncenter size-full\"><img data-attachment-id=\"226424\" data-permalink=\"https:\/\/agrund.com\/index.php\/spfw-n54-igor-rickli-fala-sobre-a-volta-as-passarelas\/agrund-spfw-n54-igor-rickli\/\" data-orig-file=\"https:\/\/i0.wp.com\/agrund.com\/wp-content\/uploads\/sites\/6\/2022\/11\/agrund-spfw-n54-igor-rickli.jpeg?fit=600%2C802&amp;ssl=1\" data-orig-size=\"600,802\" data-comments-opened=\"1\" data-image-meta=\"{&quot;aperture&quot;:&quot;0&quot;,&quot;credit&quot;:&quot;&quot;,&quot;camera&quot;:&quot;&quot;,&quot;caption&quot;:&quot;&quot;,&quot;created_timestamp&quot;:&quot;0&quot;,&quot;copyright&quot;:&quot;&quot;,&quot;focal_length&quot;:&quot;0&quot;,&quot;iso&quot;:&quot;0&quot;,&quot;shutter_speed&quot;:&quot;0&quot;,&quot;title&quot;:&quot;&quot;,&quot;orientation&quot;:&quot;1&quot;}\" data-image-title=\"agrund-spfw-n54-igor-rickli\" data-image-description=\"\" data-image-caption=\"\" data-medium-file=\"https:\/\/i0.wp.com\/agrund.com\/wp-content\/uploads\/sites\/6\/2022\/11\/agrund-spfw-n54-igor-rickli.jpeg?fit=224%2C300&amp;ssl=1\" data-large-file=\"https:\/\/i0.wp.com\/agrund.com\/wp-content\/uploads\/sites\/6\/2022\/11\/agrund-spfw-n54-igor-rickli.jpeg?fit=600%2C802&amp;ssl=1\" decoding=\"async\" loading=\"lazy\" width=\"600\" height=\"802\" src=\"https:\/\/i0.wp.com\/agrund.com\/wp-content\/uploads\/sites\/6\/2022\/11\/agrund-spfw-n54-igor-rickli.jpeg?resize=600%2C802&#038;ssl=1\" alt=\"\" class=\"wp-image-226424\" srcset=\"https:\/\/i0.wp.com\/agrund.com\/wp-content\/uploads\/sites\/6\/2022\/11\/agrund-spfw-n54-igor-rickli.jpeg?w=600&amp;ssl=1 600w, https:\/\/i0.wp.com\/agrund.com\/wp-content\/uploads\/sites\/6\/2022\/11\/agrund-spfw-n54-igor-rickli.jpeg?resize=224%2C300&amp;ssl=1 224w\" sizes=\"(max-width: 600px) 100vw, 600px\" data-recalc-dims=\"1\" \/><figcaption>SPFW N54 :: Igor Rickli fala sobre a volta \u00e0s passarelas<\/figcaption><\/figure><\/div>\n\n\n\n<p>Fotos: Thay Sanqueta. <\/p>\n","protected":false},"excerpt":{"rendered":"<p>Entrevista por Thay SanquetaTexto por Rafa Piovezani Em nossas andan\u00e7as pelo backstage da SPFW encontramos Igor Rickli se preparando para o desfile de Jo\u00e3o Pimenta. Ele, que foi um nome recorrente nos castings desta edi\u00e7\u00e3o, nos contou como est\u00e1 sendo a experi\u00eancia. &#8220;Estou em um momento muito especial. Estar aqui, estreando na SPFW \u00e9 muito [&hellip;]<\/p>\n","protected":false},"author":8,"featured_media":226425,"comment_status":"open","ping_status":"open","sticky":false,"template":"","format":"standard","meta":{"jetpack_post_was_ever_published":false,"_jetpack_newsletter_access":"","jetpack_publicize_message":"","jetpack_is_tweetstorm":false,"jetpack_publicize_feature_enabled":true,"jetpack_social_post_already_shared":true,"jetpack_social_options":{"image_generator_settings":{"template":"highway","enabled":false}}},"categories":[2,18],"tags":[395,375,64,309,423,347,3447,67,525,148,2835,140,424,862],"jetpack_publicize_connections":[],"jetpack_featured_media_url":"https:\/\/i0.wp.com\/agrund.com\/wp-content\/uploads\/sites\/6\/2022\/11\/s-44.jpg?fit=960%2C300&ssl=1","jetpack_sharing_enabled":true,"jetpack_shortlink":"https:\/\/wp.me\/p3Hz0n-WTZ","jetpack_likes_enabled":true,"_links":{"self":[{"href":"https:\/\/agrund.com\/index.php\/wp-json\/wp\/v2\/posts\/226423"}],"collection":[{"href":"https:\/\/agrund.com\/index.php\/wp-json\/wp\/v2\/posts"}],"about":[{"href":"https:\/\/agrund.com\/index.php\/wp-json\/wp\/v2\/types\/post"}],"author":[{"embeddable":true,"href":"https:\/\/agrund.com\/index.php\/wp-json\/wp\/v2\/users\/8"}],"replies":[{"embeddable":true,"href":"https:\/\/agrund.com\/index.php\/wp-json\/wp\/v2\/comments?post=226423"}],"version-history":[{"count":1,"href":"https:\/\/agrund.com\/index.php\/wp-json\/wp\/v2\/posts\/226423\/revisions"}],"predecessor-version":[{"id":226426,"href":"https:\/\/agrund.com\/index.php\/wp-json\/wp\/v2\/posts\/226423\/revisions\/226426"}],"wp:featuredmedia":[{"embeddable":true,"href":"https:\/\/agrund.com\/index.php\/wp-json\/wp\/v2\/media\/226425"}],"wp:attachment":[{"href":"https:\/\/agrund.com\/index.php\/wp-json\/wp\/v2\/media?parent=226423"}],"wp:term":[{"taxonomy":"category","embeddable":true,"href":"https:\/\/agrund.com\/index.php\/wp-json\/wp\/v2\/categories?post=226423"},{"taxonomy":"post_tag","embeddable":true,"href":"https:\/\/agrund.com\/index.php\/wp-json\/wp\/v2\/tags?post=226423"}],"curies":[{"name":"wp","href":"https:\/\/api.w.org\/{rel}","templated":true}]}}