{"id":226418,"date":"2022-11-21T16:00:00","date_gmt":"2022-11-21T19:00:00","guid":{"rendered":"https:\/\/agrund.com\/?p=226418"},"modified":"2022-11-21T16:34:11","modified_gmt":"2022-11-21T19:34:11","slug":"spfw-n54-renata-buzzo-explica-seu-processo-criativo","status":"publish","type":"post","link":"https:\/\/agrund.com\/index.php\/spfw-n54-renata-buzzo-explica-seu-processo-criativo\/","title":{"rendered":"SPFW N54 :: Renata Buzzo explica seu processo criativo"},"content":{"rendered":"\n<p>Entrevista por Thay Sanqueta<br>Texto por Rafa Piovezani<\/p>\n\n\n\n<p>Logo ap\u00f3s o emocionante desfile de Renata Buzzo na SPFW, conversamos com a estilista sobre a emo\u00e7\u00e3o que envolve sua cole\u00e7\u00e3o ganhando o mundo.<\/p>\n\n\n\n<p>&#8220;Eu me exponho muito, ent\u00e3o \u00e9 sempre cat\u00e1rtico, um fechar de ciclos, coisas que preciso colocar pra fora. Falo que a passarela \u00e9 minha terapia, mas eu fa\u00e7o uma terapia p\u00fablica, ent\u00e3o \u00e9 muita exposi\u00e7\u00e3o, acabo amadurecendo na frente de todo mundo&#8221;, explicou Renata.<\/p>\n\n\n\n<p>Todo o minucioso trabalho de cria\u00e7\u00e3o das pe\u00e7as \u00e9 feito manualmente, no manequim, e cada pe\u00e7a demora de 5 a 15 dias para ficar pronta.<\/p>\n\n\n\n<p>&#8220;O processo \u00e9 insano e obsessivo, o que \u00e9 um pouco da tem\u00e1tica da cole\u00e7\u00e3o, quando eu falo que &#8216;flagela minha carca\u00e7a, produzindo superf\u00edcies em massa&#8217;. Tento controlar o caos que acontece aqui dentro da minha cabe\u00e7a fazendo disso uma forma de expurgo criativo&#8221;, completou ela.<\/p>\n\n\n\n<p>A resenha completa do desfile voc\u00ea pode conferir <a href=\"https:\/\/agrund.com\/index.php\/spfw-n54-a-leitura-interior-de-renata-buzzo\/\" target=\"_blank\" rel=\"noreferrer noopener\">AQUI<\/a>.\u00a0<\/p>\n\n\n\n<div class=\"wp-block-image\"><figure class=\"aligncenter size-full\"><img data-attachment-id=\"226419\" data-permalink=\"https:\/\/agrund.com\/index.php\/spfw-n54-renata-buzzo-explica-seu-processo-criativo\/agrund-spfw-n54-renata-buzzo\/\" data-orig-file=\"https:\/\/i0.wp.com\/agrund.com\/wp-content\/uploads\/sites\/6\/2022\/11\/agrund-spfw-n54-renata-buzzo.jpeg?fit=600%2C802&amp;ssl=1\" data-orig-size=\"600,802\" data-comments-opened=\"1\" data-image-meta=\"{&quot;aperture&quot;:&quot;0&quot;,&quot;credit&quot;:&quot;&quot;,&quot;camera&quot;:&quot;&quot;,&quot;caption&quot;:&quot;&quot;,&quot;created_timestamp&quot;:&quot;0&quot;,&quot;copyright&quot;:&quot;&quot;,&quot;focal_length&quot;:&quot;0&quot;,&quot;iso&quot;:&quot;0&quot;,&quot;shutter_speed&quot;:&quot;0&quot;,&quot;title&quot;:&quot;&quot;,&quot;orientation&quot;:&quot;1&quot;}\" data-image-title=\"agrund-spfw-n54-renata-buzzo\" data-image-description=\"\" data-image-caption=\"\" data-medium-file=\"https:\/\/i0.wp.com\/agrund.com\/wp-content\/uploads\/sites\/6\/2022\/11\/agrund-spfw-n54-renata-buzzo.jpeg?fit=224%2C300&amp;ssl=1\" data-large-file=\"https:\/\/i0.wp.com\/agrund.com\/wp-content\/uploads\/sites\/6\/2022\/11\/agrund-spfw-n54-renata-buzzo.jpeg?fit=600%2C802&amp;ssl=1\" decoding=\"async\" loading=\"lazy\" width=\"600\" height=\"802\" src=\"https:\/\/i0.wp.com\/agrund.com\/wp-content\/uploads\/sites\/6\/2022\/11\/agrund-spfw-n54-renata-buzzo.jpeg?resize=600%2C802&#038;ssl=1\" alt=\"\" class=\"wp-image-226419\" srcset=\"https:\/\/i0.wp.com\/agrund.com\/wp-content\/uploads\/sites\/6\/2022\/11\/agrund-spfw-n54-renata-buzzo.jpeg?w=600&amp;ssl=1 600w, https:\/\/i0.wp.com\/agrund.com\/wp-content\/uploads\/sites\/6\/2022\/11\/agrund-spfw-n54-renata-buzzo.jpeg?resize=224%2C300&amp;ssl=1 224w\" sizes=\"(max-width: 600px) 100vw, 600px\" data-recalc-dims=\"1\" \/><figcaption>SPFW N54 :: Renata Buzzo explica seu processo criativo<\/figcaption><\/figure><\/div>\n\n\n\n<p>Fotos: Thay Sanqueta. <\/p>\n","protected":false},"excerpt":{"rendered":"<p>Entrevista por Thay SanquetaTexto por Rafa Piovezani Logo ap\u00f3s o emocionante desfile de Renata Buzzo na SPFW, conversamos com a estilista sobre a emo\u00e7\u00e3o que envolve sua cole\u00e7\u00e3o ganhando o mundo. &#8220;Eu me exponho muito, ent\u00e3o \u00e9 sempre cat\u00e1rtico, um fechar de ciclos, coisas que preciso colocar pra fora. Falo que a passarela \u00e9 minha [&hellip;]<\/p>\n","protected":false},"author":8,"featured_media":226420,"comment_status":"open","ping_status":"open","sticky":false,"template":"","format":"standard","meta":{"jetpack_post_was_ever_published":false,"_jetpack_newsletter_access":"","jetpack_publicize_message":"","jetpack_is_tweetstorm":false,"jetpack_publicize_feature_enabled":true,"jetpack_social_post_already_shared":true,"jetpack_social_options":{"image_generator_settings":{"template":"highway","enabled":false}}},"categories":[2,18],"tags":[395,375,64,309,423,347,67,525,2421,2835,140,3446,424,862],"jetpack_publicize_connections":[],"jetpack_featured_media_url":"https:\/\/i0.wp.com\/agrund.com\/wp-content\/uploads\/sites\/6\/2022\/11\/s-43.jpg?fit=960%2C300&ssl=1","jetpack_sharing_enabled":true,"jetpack_shortlink":"https:\/\/wp.me\/p3Hz0n-WTU","jetpack_likes_enabled":true,"_links":{"self":[{"href":"https:\/\/agrund.com\/index.php\/wp-json\/wp\/v2\/posts\/226418"}],"collection":[{"href":"https:\/\/agrund.com\/index.php\/wp-json\/wp\/v2\/posts"}],"about":[{"href":"https:\/\/agrund.com\/index.php\/wp-json\/wp\/v2\/types\/post"}],"author":[{"embeddable":true,"href":"https:\/\/agrund.com\/index.php\/wp-json\/wp\/v2\/users\/8"}],"replies":[{"embeddable":true,"href":"https:\/\/agrund.com\/index.php\/wp-json\/wp\/v2\/comments?post=226418"}],"version-history":[{"count":1,"href":"https:\/\/agrund.com\/index.php\/wp-json\/wp\/v2\/posts\/226418\/revisions"}],"predecessor-version":[{"id":226421,"href":"https:\/\/agrund.com\/index.php\/wp-json\/wp\/v2\/posts\/226418\/revisions\/226421"}],"wp:featuredmedia":[{"embeddable":true,"href":"https:\/\/agrund.com\/index.php\/wp-json\/wp\/v2\/media\/226420"}],"wp:attachment":[{"href":"https:\/\/agrund.com\/index.php\/wp-json\/wp\/v2\/media?parent=226418"}],"wp:term":[{"taxonomy":"category","embeddable":true,"href":"https:\/\/agrund.com\/index.php\/wp-json\/wp\/v2\/categories?post=226418"},{"taxonomy":"post_tag","embeddable":true,"href":"https:\/\/agrund.com\/index.php\/wp-json\/wp\/v2\/tags?post=226418"}],"curies":[{"name":"wp","href":"https:\/\/api.w.org\/{rel}","templated":true}]}}