{"id":226380,"date":"2022-11-22T09:00:00","date_gmt":"2022-11-22T12:00:00","guid":{"rendered":"https:\/\/agrund.com\/?p=226380"},"modified":"2022-11-21T12:41:01","modified_gmt":"2022-11-21T15:41:01","slug":"spfw-n54-a-presenca-das-lembrancas-da-a-niemeyer","status":"publish","type":"post","link":"https:\/\/agrund.com\/index.php\/spfw-n54-a-presenca-das-lembrancas-da-a-niemeyer\/","title":{"rendered":"SPFW N54 :: A presen\u00e7a das lembran\u00e7as da A. Niemeyer"},"content":{"rendered":"\n<p>Por Arlindo Grund e Lari Mariano<\/p>\n\n\n\n<p>O que passamos ao longo da vida pauta as linhas do futuro. \u00c9 com esse resgate ao afeto e ao conforto de lembrar do passado com olhos de carinho que se olha o desfile proposto pela A. Niemeyer.<\/p>\n\n\n\n<p>Fernanda Niemeyer e Renata Alhadeff fazem das pe\u00e7as um abra\u00e7o caloroso. E, por isso, trazem as malhas, moletons, tecidos que transmitem o conforto como mensagem primordial.<\/p>\n\n\n\n<p>Como j\u00e1 \u00e9 est\u00e9tica da marca, as cores ficam por conta da neutralidade, priorizando off-white, beges e algumas nuances mais escuras, como tons de vermelho e preto. As passagens do tempo que se sobrep\u00f5em ao hoje ficam ditas pela modelagem &#8211; e com muita assimetria, para destacar n\u00e3o a linearidade, mas a absor\u00e7\u00e3o daquilo que se vive.<\/p>\n\n\n\n<div class=\"wp-block-image\"><figure class=\"aligncenter size-full\"><img data-attachment-id=\"226381\" data-permalink=\"https:\/\/agrund.com\/index.php\/spfw-n54-a-presenca-das-lembrancas-da-a-niemeyer\/agrund-spfw-n54-a-niemeyer-1\/\" data-orig-file=\"https:\/\/i0.wp.com\/agrund.com\/wp-content\/uploads\/sites\/6\/2022\/11\/agrund-spfw-n54-A-Niemeyer-1.jpeg?fit=600%2C900&amp;ssl=1\" data-orig-size=\"600,900\" data-comments-opened=\"1\" data-image-meta=\"{&quot;aperture&quot;:&quot;0&quot;,&quot;credit&quot;:&quot;&quot;,&quot;camera&quot;:&quot;&quot;,&quot;caption&quot;:&quot;&quot;,&quot;created_timestamp&quot;:&quot;0&quot;,&quot;copyright&quot;:&quot;&quot;,&quot;focal_length&quot;:&quot;0&quot;,&quot;iso&quot;:&quot;0&quot;,&quot;shutter_speed&quot;:&quot;0&quot;,&quot;title&quot;:&quot;&quot;,&quot;orientation&quot;:&quot;1&quot;}\" data-image-title=\"agrund-spfw-n54-A-Niemeyer-1\" data-image-description=\"\" data-image-caption=\"\" data-medium-file=\"https:\/\/i0.wp.com\/agrund.com\/wp-content\/uploads\/sites\/6\/2022\/11\/agrund-spfw-n54-A-Niemeyer-1.jpeg?fit=200%2C300&amp;ssl=1\" data-large-file=\"https:\/\/i0.wp.com\/agrund.com\/wp-content\/uploads\/sites\/6\/2022\/11\/agrund-spfw-n54-A-Niemeyer-1.jpeg?fit=600%2C900&amp;ssl=1\" decoding=\"async\" loading=\"lazy\" width=\"600\" height=\"900\" src=\"https:\/\/i0.wp.com\/agrund.com\/wp-content\/uploads\/sites\/6\/2022\/11\/agrund-spfw-n54-A-Niemeyer-1.jpeg?resize=600%2C900&#038;ssl=1\" alt=\"\" class=\"wp-image-226381\" srcset=\"https:\/\/i0.wp.com\/agrund.com\/wp-content\/uploads\/sites\/6\/2022\/11\/agrund-spfw-n54-A-Niemeyer-1.jpeg?w=600&amp;ssl=1 600w, https:\/\/i0.wp.com\/agrund.com\/wp-content\/uploads\/sites\/6\/2022\/11\/agrund-spfw-n54-A-Niemeyer-1.jpeg?resize=200%2C300&amp;ssl=1 200w\" sizes=\"(max-width: 600px) 100vw, 600px\" data-recalc-dims=\"1\" \/><figcaption>SPFW N54 :: A presen\u00e7a das lembran\u00e7as da A. Niemeyer<\/figcaption><\/figure><\/div>\n\n\n\n<div class=\"wp-block-image\"><figure class=\"aligncenter size-full\"><img data-attachment-id=\"226382\" data-permalink=\"https:\/\/agrund.com\/index.php\/spfw-n54-a-presenca-das-lembrancas-da-a-niemeyer\/agrund-spfw-n54-a-niemeyer-2\/\" data-orig-file=\"https:\/\/i0.wp.com\/agrund.com\/wp-content\/uploads\/sites\/6\/2022\/11\/agrund-spfw-n54-A-Niemeyer-2.jpeg?fit=600%2C900&amp;ssl=1\" data-orig-size=\"600,900\" data-comments-opened=\"1\" data-image-meta=\"{&quot;aperture&quot;:&quot;0&quot;,&quot;credit&quot;:&quot;&quot;,&quot;camera&quot;:&quot;&quot;,&quot;caption&quot;:&quot;&quot;,&quot;created_timestamp&quot;:&quot;0&quot;,&quot;copyright&quot;:&quot;&quot;,&quot;focal_length&quot;:&quot;0&quot;,&quot;iso&quot;:&quot;0&quot;,&quot;shutter_speed&quot;:&quot;0&quot;,&quot;title&quot;:&quot;&quot;,&quot;orientation&quot;:&quot;1&quot;}\" data-image-title=\"agrund-spfw-n54-A-Niemeyer-2\" data-image-description=\"\" data-image-caption=\"\" data-medium-file=\"https:\/\/i0.wp.com\/agrund.com\/wp-content\/uploads\/sites\/6\/2022\/11\/agrund-spfw-n54-A-Niemeyer-2.jpeg?fit=200%2C300&amp;ssl=1\" data-large-file=\"https:\/\/i0.wp.com\/agrund.com\/wp-content\/uploads\/sites\/6\/2022\/11\/agrund-spfw-n54-A-Niemeyer-2.jpeg?fit=600%2C900&amp;ssl=1\" decoding=\"async\" loading=\"lazy\" width=\"600\" height=\"900\" src=\"https:\/\/i0.wp.com\/agrund.com\/wp-content\/uploads\/sites\/6\/2022\/11\/agrund-spfw-n54-A-Niemeyer-2.jpeg?resize=600%2C900&#038;ssl=1\" alt=\"\" class=\"wp-image-226382\" srcset=\"https:\/\/i0.wp.com\/agrund.com\/wp-content\/uploads\/sites\/6\/2022\/11\/agrund-spfw-n54-A-Niemeyer-2.jpeg?w=600&amp;ssl=1 600w, https:\/\/i0.wp.com\/agrund.com\/wp-content\/uploads\/sites\/6\/2022\/11\/agrund-spfw-n54-A-Niemeyer-2.jpeg?resize=200%2C300&amp;ssl=1 200w\" sizes=\"(max-width: 600px) 100vw, 600px\" data-recalc-dims=\"1\" \/><figcaption>SPFW N54 :: A presen\u00e7a das lembran\u00e7as da A. Niemeyer<\/figcaption><\/figure><\/div>\n\n\n\n<div class=\"wp-block-image\"><figure class=\"aligncenter size-full\"><img data-attachment-id=\"226383\" data-permalink=\"https:\/\/agrund.com\/index.php\/spfw-n54-a-presenca-das-lembrancas-da-a-niemeyer\/agrund-spfw-n54-a-niemeyer-4\/\" data-orig-file=\"https:\/\/i0.wp.com\/agrund.com\/wp-content\/uploads\/sites\/6\/2022\/11\/agrund-spfw-n54-A-Niemeyer-4.jpeg?fit=600%2C900&amp;ssl=1\" data-orig-size=\"600,900\" data-comments-opened=\"1\" data-image-meta=\"{&quot;aperture&quot;:&quot;0&quot;,&quot;credit&quot;:&quot;&quot;,&quot;camera&quot;:&quot;&quot;,&quot;caption&quot;:&quot;&quot;,&quot;created_timestamp&quot;:&quot;0&quot;,&quot;copyright&quot;:&quot;&quot;,&quot;focal_length&quot;:&quot;0&quot;,&quot;iso&quot;:&quot;0&quot;,&quot;shutter_speed&quot;:&quot;0&quot;,&quot;title&quot;:&quot;&quot;,&quot;orientation&quot;:&quot;1&quot;}\" data-image-title=\"agrund-spfw-n54-A-Niemeyer-4\" data-image-description=\"\" data-image-caption=\"\" data-medium-file=\"https:\/\/i0.wp.com\/agrund.com\/wp-content\/uploads\/sites\/6\/2022\/11\/agrund-spfw-n54-A-Niemeyer-4.jpeg?fit=200%2C300&amp;ssl=1\" data-large-file=\"https:\/\/i0.wp.com\/agrund.com\/wp-content\/uploads\/sites\/6\/2022\/11\/agrund-spfw-n54-A-Niemeyer-4.jpeg?fit=600%2C900&amp;ssl=1\" decoding=\"async\" loading=\"lazy\" width=\"600\" height=\"900\" src=\"https:\/\/i0.wp.com\/agrund.com\/wp-content\/uploads\/sites\/6\/2022\/11\/agrund-spfw-n54-A-Niemeyer-4.jpeg?resize=600%2C900&#038;ssl=1\" alt=\"\" class=\"wp-image-226383\" srcset=\"https:\/\/i0.wp.com\/agrund.com\/wp-content\/uploads\/sites\/6\/2022\/11\/agrund-spfw-n54-A-Niemeyer-4.jpeg?w=600&amp;ssl=1 600w, https:\/\/i0.wp.com\/agrund.com\/wp-content\/uploads\/sites\/6\/2022\/11\/agrund-spfw-n54-A-Niemeyer-4.jpeg?resize=200%2C300&amp;ssl=1 200w\" sizes=\"(max-width: 600px) 100vw, 600px\" data-recalc-dims=\"1\" \/><figcaption>SPFW N54 :: A presen\u00e7a das lembran\u00e7as da A. Niemeyer<\/figcaption><\/figure><\/div>\n\n\n\n<div class=\"wp-block-image\"><figure class=\"aligncenter size-full\"><img data-attachment-id=\"226384\" data-permalink=\"https:\/\/agrund.com\/index.php\/spfw-n54-a-presenca-das-lembrancas-da-a-niemeyer\/agrund-spfw-n54-a-niemeyer-3\/\" data-orig-file=\"https:\/\/i0.wp.com\/agrund.com\/wp-content\/uploads\/sites\/6\/2022\/11\/agrund-spfw-n54-A-Niemeyer-3.jpeg?fit=600%2C900&amp;ssl=1\" data-orig-size=\"600,900\" data-comments-opened=\"1\" data-image-meta=\"{&quot;aperture&quot;:&quot;0&quot;,&quot;credit&quot;:&quot;&quot;,&quot;camera&quot;:&quot;&quot;,&quot;caption&quot;:&quot;&quot;,&quot;created_timestamp&quot;:&quot;0&quot;,&quot;copyright&quot;:&quot;&quot;,&quot;focal_length&quot;:&quot;0&quot;,&quot;iso&quot;:&quot;0&quot;,&quot;shutter_speed&quot;:&quot;0&quot;,&quot;title&quot;:&quot;&quot;,&quot;orientation&quot;:&quot;1&quot;}\" data-image-title=\"agrund-spfw-n54-A-Niemeyer-3\" data-image-description=\"\" data-image-caption=\"\" data-medium-file=\"https:\/\/i0.wp.com\/agrund.com\/wp-content\/uploads\/sites\/6\/2022\/11\/agrund-spfw-n54-A-Niemeyer-3.jpeg?fit=200%2C300&amp;ssl=1\" data-large-file=\"https:\/\/i0.wp.com\/agrund.com\/wp-content\/uploads\/sites\/6\/2022\/11\/agrund-spfw-n54-A-Niemeyer-3.jpeg?fit=600%2C900&amp;ssl=1\" decoding=\"async\" loading=\"lazy\" width=\"600\" height=\"900\" src=\"https:\/\/i0.wp.com\/agrund.com\/wp-content\/uploads\/sites\/6\/2022\/11\/agrund-spfw-n54-A-Niemeyer-3.jpeg?resize=600%2C900&#038;ssl=1\" alt=\"\" class=\"wp-image-226384\" srcset=\"https:\/\/i0.wp.com\/agrund.com\/wp-content\/uploads\/sites\/6\/2022\/11\/agrund-spfw-n54-A-Niemeyer-3.jpeg?w=600&amp;ssl=1 600w, https:\/\/i0.wp.com\/agrund.com\/wp-content\/uploads\/sites\/6\/2022\/11\/agrund-spfw-n54-A-Niemeyer-3.jpeg?resize=200%2C300&amp;ssl=1 200w\" sizes=\"(max-width: 600px) 100vw, 600px\" data-recalc-dims=\"1\" \/><figcaption>SPFW N54 :: A presen\u00e7a das lembran\u00e7as da A. Niemeyer<\/figcaption><\/figure><\/div>\n\n\n\n<div class=\"wp-block-image\"><figure class=\"aligncenter size-full\"><img data-attachment-id=\"226385\" data-permalink=\"https:\/\/agrund.com\/index.php\/spfw-n54-a-presenca-das-lembrancas-da-a-niemeyer\/agrund-spfw-n54-a-niemeyer-5\/\" data-orig-file=\"https:\/\/i0.wp.com\/agrund.com\/wp-content\/uploads\/sites\/6\/2022\/11\/agrund-spfw-n54-A-Niemeyer-5.jpeg?fit=600%2C900&amp;ssl=1\" data-orig-size=\"600,900\" data-comments-opened=\"1\" data-image-meta=\"{&quot;aperture&quot;:&quot;0&quot;,&quot;credit&quot;:&quot;&quot;,&quot;camera&quot;:&quot;&quot;,&quot;caption&quot;:&quot;&quot;,&quot;created_timestamp&quot;:&quot;0&quot;,&quot;copyright&quot;:&quot;&quot;,&quot;focal_length&quot;:&quot;0&quot;,&quot;iso&quot;:&quot;0&quot;,&quot;shutter_speed&quot;:&quot;0&quot;,&quot;title&quot;:&quot;&quot;,&quot;orientation&quot;:&quot;1&quot;}\" data-image-title=\"agrund-spfw-n54-A-Niemeyer-5\" data-image-description=\"\" data-image-caption=\"\" data-medium-file=\"https:\/\/i0.wp.com\/agrund.com\/wp-content\/uploads\/sites\/6\/2022\/11\/agrund-spfw-n54-A-Niemeyer-5.jpeg?fit=200%2C300&amp;ssl=1\" data-large-file=\"https:\/\/i0.wp.com\/agrund.com\/wp-content\/uploads\/sites\/6\/2022\/11\/agrund-spfw-n54-A-Niemeyer-5.jpeg?fit=600%2C900&amp;ssl=1\" decoding=\"async\" loading=\"lazy\" width=\"600\" height=\"900\" src=\"https:\/\/i0.wp.com\/agrund.com\/wp-content\/uploads\/sites\/6\/2022\/11\/agrund-spfw-n54-A-Niemeyer-5.jpeg?resize=600%2C900&#038;ssl=1\" alt=\"\" class=\"wp-image-226385\" srcset=\"https:\/\/i0.wp.com\/agrund.com\/wp-content\/uploads\/sites\/6\/2022\/11\/agrund-spfw-n54-A-Niemeyer-5.jpeg?w=600&amp;ssl=1 600w, https:\/\/i0.wp.com\/agrund.com\/wp-content\/uploads\/sites\/6\/2022\/11\/agrund-spfw-n54-A-Niemeyer-5.jpeg?resize=200%2C300&amp;ssl=1 200w\" sizes=\"(max-width: 600px) 100vw, 600px\" data-recalc-dims=\"1\" \/><figcaption>SPFW N54 :: A presen\u00e7a das lembran\u00e7as da A. Niemeyer<\/figcaption><\/figure><\/div>\n\n\n\n<div class=\"wp-block-image\"><figure class=\"aligncenter size-full\"><img data-attachment-id=\"226386\" data-permalink=\"https:\/\/agrund.com\/index.php\/spfw-n54-a-presenca-das-lembrancas-da-a-niemeyer\/agrund-spfw-n54-a-niemeyer-6\/\" data-orig-file=\"https:\/\/i0.wp.com\/agrund.com\/wp-content\/uploads\/sites\/6\/2022\/11\/agrund-spfw-n54-A-Niemeyer-6.jpeg?fit=600%2C900&amp;ssl=1\" data-orig-size=\"600,900\" data-comments-opened=\"1\" data-image-meta=\"{&quot;aperture&quot;:&quot;0&quot;,&quot;credit&quot;:&quot;&quot;,&quot;camera&quot;:&quot;&quot;,&quot;caption&quot;:&quot;&quot;,&quot;created_timestamp&quot;:&quot;0&quot;,&quot;copyright&quot;:&quot;&quot;,&quot;focal_length&quot;:&quot;0&quot;,&quot;iso&quot;:&quot;0&quot;,&quot;shutter_speed&quot;:&quot;0&quot;,&quot;title&quot;:&quot;&quot;,&quot;orientation&quot;:&quot;1&quot;}\" data-image-title=\"agrund-spfw-n54-A-Niemeyer-6\" data-image-description=\"\" data-image-caption=\"\" data-medium-file=\"https:\/\/i0.wp.com\/agrund.com\/wp-content\/uploads\/sites\/6\/2022\/11\/agrund-spfw-n54-A-Niemeyer-6.jpeg?fit=200%2C300&amp;ssl=1\" data-large-file=\"https:\/\/i0.wp.com\/agrund.com\/wp-content\/uploads\/sites\/6\/2022\/11\/agrund-spfw-n54-A-Niemeyer-6.jpeg?fit=600%2C900&amp;ssl=1\" decoding=\"async\" loading=\"lazy\" width=\"600\" height=\"900\" src=\"https:\/\/i0.wp.com\/agrund.com\/wp-content\/uploads\/sites\/6\/2022\/11\/agrund-spfw-n54-A-Niemeyer-6.jpeg?resize=600%2C900&#038;ssl=1\" alt=\"\" class=\"wp-image-226386\" srcset=\"https:\/\/i0.wp.com\/agrund.com\/wp-content\/uploads\/sites\/6\/2022\/11\/agrund-spfw-n54-A-Niemeyer-6.jpeg?w=600&amp;ssl=1 600w, https:\/\/i0.wp.com\/agrund.com\/wp-content\/uploads\/sites\/6\/2022\/11\/agrund-spfw-n54-A-Niemeyer-6.jpeg?resize=200%2C300&amp;ssl=1 200w\" sizes=\"(max-width: 600px) 100vw, 600px\" data-recalc-dims=\"1\" \/><figcaption>SPFW N54 :: A presen\u00e7a das lembran\u00e7as da A. Niemeyer<\/figcaption><\/figure><\/div>\n\n\n\n<p>Fotos: Divulga\u00e7\u00e3o\/ Marcelo Soubhia\/ @agfotosite. <\/p>\n","protected":false},"excerpt":{"rendered":"<p>Por Arlindo Grund e Lari Mariano O que passamos ao longo da vida pauta as linhas do futuro. \u00c9 com esse resgate ao afeto e ao conforto de lembrar do passado com olhos de carinho que se olha o desfile proposto pela A. Niemeyer. Fernanda Niemeyer e Renata Alhadeff fazem das pe\u00e7as um abra\u00e7o caloroso. [&hellip;]<\/p>\n","protected":false},"author":8,"featured_media":226387,"comment_status":"open","ping_status":"open","sticky":false,"template":"","format":"standard","meta":{"jetpack_post_was_ever_published":false,"_jetpack_newsletter_access":"","jetpack_publicize_message":"","jetpack_is_tweetstorm":false,"jetpack_publicize_feature_enabled":true,"jetpack_social_post_already_shared":true,"jetpack_social_options":{"image_generator_settings":{"template":"highway","enabled":false}}},"categories":[2,18],"tags":[2874,395,375,64,309,423,347,67,525,148,2835,140,424,862],"jetpack_publicize_connections":[],"jetpack_featured_media_url":"https:\/\/i0.wp.com\/agrund.com\/wp-content\/uploads\/sites\/6\/2022\/11\/s-39.jpg?fit=960%2C300&ssl=1","jetpack_sharing_enabled":true,"jetpack_shortlink":"https:\/\/wp.me\/p3Hz0n-WTi","jetpack_likes_enabled":true,"_links":{"self":[{"href":"https:\/\/agrund.com\/index.php\/wp-json\/wp\/v2\/posts\/226380"}],"collection":[{"href":"https:\/\/agrund.com\/index.php\/wp-json\/wp\/v2\/posts"}],"about":[{"href":"https:\/\/agrund.com\/index.php\/wp-json\/wp\/v2\/types\/post"}],"author":[{"embeddable":true,"href":"https:\/\/agrund.com\/index.php\/wp-json\/wp\/v2\/users\/8"}],"replies":[{"embeddable":true,"href":"https:\/\/agrund.com\/index.php\/wp-json\/wp\/v2\/comments?post=226380"}],"version-history":[{"count":1,"href":"https:\/\/agrund.com\/index.php\/wp-json\/wp\/v2\/posts\/226380\/revisions"}],"predecessor-version":[{"id":226388,"href":"https:\/\/agrund.com\/index.php\/wp-json\/wp\/v2\/posts\/226380\/revisions\/226388"}],"wp:featuredmedia":[{"embeddable":true,"href":"https:\/\/agrund.com\/index.php\/wp-json\/wp\/v2\/media\/226387"}],"wp:attachment":[{"href":"https:\/\/agrund.com\/index.php\/wp-json\/wp\/v2\/media?parent=226380"}],"wp:term":[{"taxonomy":"category","embeddable":true,"href":"https:\/\/agrund.com\/index.php\/wp-json\/wp\/v2\/categories?post=226380"},{"taxonomy":"post_tag","embeddable":true,"href":"https:\/\/agrund.com\/index.php\/wp-json\/wp\/v2\/tags?post=226380"}],"curies":[{"name":"wp","href":"https:\/\/api.w.org\/{rel}","templated":true}]}}