{"id":226316,"date":"2022-11-18T12:30:00","date_gmt":"2022-11-18T15:30:00","guid":{"rendered":"https:\/\/agrund.com\/?p=226316"},"modified":"2022-11-18T12:16:35","modified_gmt":"2022-11-18T15:16:35","slug":"spfw-n54-ceu-e-junior-rocha-revelam-as-inspiracoes-da-meninos-rei","status":"publish","type":"post","link":"https:\/\/agrund.com\/index.php\/spfw-n54-ceu-e-junior-rocha-revelam-as-inspiracoes-da-meninos-rei\/","title":{"rendered":"SPFW N54 :: C\u00e9u e Junior Rocha revelam as inspira\u00e7\u00f5es da Meninos Rei"},"content":{"rendered":"\n<p>Entrevista por Thay Sanqueta<br>Texto por Rafa Piovezani<\/p>\n\n\n\n<p>Minutos ap\u00f3s o lindo e potente desfile da Meninos Rei na SPFW, o Agrund.com pode escutar da dupla C\u00e9u e Junior Rocha &#8211; as mentes brilhantes por tr\u00e1s da marca &#8211; como foi a cria\u00e7\u00e3o da cole\u00e7\u00e3o.<\/p>\n\n\n\n<p>&#8220;O lugar da onde a gente vem, as nossas origens, \u00e9 algo que a gente deve se orgulhar, pois tudo que aconteceu nos formou, ent\u00e3o traduzimos isso em looks. Todas as cores, todos os c\u00f3digos de quem vive na periferia est\u00e3o presentes nessa cole\u00e7\u00e3o. A sensualidade das meninas e dos meninos, a luta pelo trabalho, a liberdade de se vestir e a n\u00e3o preocupa\u00e7\u00e3o do que os outros est\u00e3o dizendo&#8221;, comentou C\u00e9u Rocha<\/p>\n\n\n\n<p>E quando o assunto s\u00e3o as caracter\u00edsticas que formam o DNA da Meninos Rei, Junior \u00e9 certeiro. &#8220;O maximalismo nas modelagens sempre esteve presente na gente.Vamos completar oito anos e acreditamos nisso, na mistura de estampas, no maximalismo, no volume, na cor viva, no neon, e gra\u00e7as a Deus nosso trabalho est\u00e1 tendo um reconhecimento muito grande&#8221;, explicou ele.<\/p>\n\n\n\n<p>Onde nasce a arte? Em todos os lugares. Aqui e agora.<\/p>\n\n\n\n<div class=\"wp-block-image\"><figure class=\"aligncenter size-full\"><img data-attachment-id=\"226317\" data-permalink=\"https:\/\/agrund.com\/index.php\/spfw-n54-ceu-e-junior-rocha-revelam-as-inspiracoes-da-meninos-rei\/agrund-spfw-n54-meninos-rei-estilistas-1\/\" data-orig-file=\"https:\/\/i0.wp.com\/agrund.com\/wp-content\/uploads\/sites\/6\/2022\/11\/agrund-spfw-n54-meninos-rei-estilistas-1.jpeg?fit=600%2C841&amp;ssl=1\" data-orig-size=\"600,841\" data-comments-opened=\"1\" data-image-meta=\"{&quot;aperture&quot;:&quot;0&quot;,&quot;credit&quot;:&quot;&quot;,&quot;camera&quot;:&quot;&quot;,&quot;caption&quot;:&quot;&quot;,&quot;created_timestamp&quot;:&quot;0&quot;,&quot;copyright&quot;:&quot;&quot;,&quot;focal_length&quot;:&quot;0&quot;,&quot;iso&quot;:&quot;0&quot;,&quot;shutter_speed&quot;:&quot;0&quot;,&quot;title&quot;:&quot;&quot;,&quot;orientation&quot;:&quot;1&quot;}\" data-image-title=\"agrund-spfw-n54-meninos-rei-estilistas-1\" data-image-description=\"\" data-image-caption=\"\" data-medium-file=\"https:\/\/i0.wp.com\/agrund.com\/wp-content\/uploads\/sites\/6\/2022\/11\/agrund-spfw-n54-meninos-rei-estilistas-1.jpeg?fit=214%2C300&amp;ssl=1\" data-large-file=\"https:\/\/i0.wp.com\/agrund.com\/wp-content\/uploads\/sites\/6\/2022\/11\/agrund-spfw-n54-meninos-rei-estilistas-1.jpeg?fit=600%2C841&amp;ssl=1\" decoding=\"async\" loading=\"lazy\" width=\"600\" height=\"841\" src=\"https:\/\/i0.wp.com\/agrund.com\/wp-content\/uploads\/sites\/6\/2022\/11\/agrund-spfw-n54-meninos-rei-estilistas-1.jpeg?resize=600%2C841&#038;ssl=1\" alt=\"\" class=\"wp-image-226317\" srcset=\"https:\/\/i0.wp.com\/agrund.com\/wp-content\/uploads\/sites\/6\/2022\/11\/agrund-spfw-n54-meninos-rei-estilistas-1.jpeg?w=600&amp;ssl=1 600w, https:\/\/i0.wp.com\/agrund.com\/wp-content\/uploads\/sites\/6\/2022\/11\/agrund-spfw-n54-meninos-rei-estilistas-1.jpeg?resize=214%2C300&amp;ssl=1 214w\" sizes=\"(max-width: 600px) 100vw, 600px\" data-recalc-dims=\"1\" \/><figcaption>SPFW N54 :: C\u00e9u e Junior Rocha revelam as inspira\u00e7\u00f5es da Meninos Rei<\/figcaption><\/figure><\/div>\n\n\n\n<div class=\"wp-block-image\"><figure class=\"aligncenter size-full\"><img data-attachment-id=\"226318\" data-permalink=\"https:\/\/agrund.com\/index.php\/spfw-n54-ceu-e-junior-rocha-revelam-as-inspiracoes-da-meninos-rei\/agrund-spfw-n54-meninos-rei-estilistas-2\/\" data-orig-file=\"https:\/\/i0.wp.com\/agrund.com\/wp-content\/uploads\/sites\/6\/2022\/11\/agrund-spfw-n54-meninos-rei-estilistas-2.jpeg?fit=600%2C789&amp;ssl=1\" data-orig-size=\"600,789\" data-comments-opened=\"1\" data-image-meta=\"{&quot;aperture&quot;:&quot;0&quot;,&quot;credit&quot;:&quot;&quot;,&quot;camera&quot;:&quot;&quot;,&quot;caption&quot;:&quot;&quot;,&quot;created_timestamp&quot;:&quot;0&quot;,&quot;copyright&quot;:&quot;&quot;,&quot;focal_length&quot;:&quot;0&quot;,&quot;iso&quot;:&quot;0&quot;,&quot;shutter_speed&quot;:&quot;0&quot;,&quot;title&quot;:&quot;&quot;,&quot;orientation&quot;:&quot;1&quot;}\" data-image-title=\"agrund-spfw-n54-meninos-rei-estilistas-2\" data-image-description=\"\" data-image-caption=\"\" data-medium-file=\"https:\/\/i0.wp.com\/agrund.com\/wp-content\/uploads\/sites\/6\/2022\/11\/agrund-spfw-n54-meninos-rei-estilistas-2.jpeg?fit=228%2C300&amp;ssl=1\" data-large-file=\"https:\/\/i0.wp.com\/agrund.com\/wp-content\/uploads\/sites\/6\/2022\/11\/agrund-spfw-n54-meninos-rei-estilistas-2.jpeg?fit=600%2C789&amp;ssl=1\" decoding=\"async\" loading=\"lazy\" width=\"600\" height=\"789\" src=\"https:\/\/i0.wp.com\/agrund.com\/wp-content\/uploads\/sites\/6\/2022\/11\/agrund-spfw-n54-meninos-rei-estilistas-2.jpeg?resize=600%2C789&#038;ssl=1\" alt=\"\" class=\"wp-image-226318\" srcset=\"https:\/\/i0.wp.com\/agrund.com\/wp-content\/uploads\/sites\/6\/2022\/11\/agrund-spfw-n54-meninos-rei-estilistas-2.jpeg?w=600&amp;ssl=1 600w, https:\/\/i0.wp.com\/agrund.com\/wp-content\/uploads\/sites\/6\/2022\/11\/agrund-spfw-n54-meninos-rei-estilistas-2.jpeg?resize=228%2C300&amp;ssl=1 228w\" sizes=\"(max-width: 600px) 100vw, 600px\" data-recalc-dims=\"1\" \/><figcaption>SPFW N54 :: C\u00e9u e Junior Rocha revelam as inspira\u00e7\u00f5es da Meninos Rei<\/figcaption><\/figure><\/div>\n\n\n\n<p>Fotos: Thay Sanqueta. <\/p>\n","protected":false},"excerpt":{"rendered":"<p>Entrevista por Thay SanquetaTexto por Rafa Piovezani Minutos ap\u00f3s o lindo e potente desfile da Meninos Rei na SPFW, o Agrund.com pode escutar da dupla C\u00e9u e Junior Rocha &#8211; as mentes brilhantes por tr\u00e1s da marca &#8211; como foi a cria\u00e7\u00e3o da cole\u00e7\u00e3o. &#8220;O lugar da onde a gente vem, as nossas origens, \u00e9 [&hellip;]<\/p>\n","protected":false},"author":8,"featured_media":226319,"comment_status":"open","ping_status":"open","sticky":false,"template":"","format":"standard","meta":{"jetpack_post_was_ever_published":false,"_jetpack_newsletter_access":"","jetpack_publicize_message":"","jetpack_is_tweetstorm":false,"jetpack_publicize_feature_enabled":true,"jetpack_social_post_already_shared":true,"jetpack_social_options":{"image_generator_settings":{"template":"highway","enabled":false}}},"categories":[2,18],"tags":[395,375,423,347,2859,67,525,148,2835,140,424,862],"jetpack_publicize_connections":[],"jetpack_featured_media_url":"https:\/\/i0.wp.com\/agrund.com\/wp-content\/uploads\/sites\/6\/2022\/11\/s-31.jpg?fit=960%2C300&ssl=1","jetpack_sharing_enabled":true,"jetpack_shortlink":"https:\/\/wp.me\/p3Hz0n-WSg","jetpack_likes_enabled":true,"_links":{"self":[{"href":"https:\/\/agrund.com\/index.php\/wp-json\/wp\/v2\/posts\/226316"}],"collection":[{"href":"https:\/\/agrund.com\/index.php\/wp-json\/wp\/v2\/posts"}],"about":[{"href":"https:\/\/agrund.com\/index.php\/wp-json\/wp\/v2\/types\/post"}],"author":[{"embeddable":true,"href":"https:\/\/agrund.com\/index.php\/wp-json\/wp\/v2\/users\/8"}],"replies":[{"embeddable":true,"href":"https:\/\/agrund.com\/index.php\/wp-json\/wp\/v2\/comments?post=226316"}],"version-history":[{"count":1,"href":"https:\/\/agrund.com\/index.php\/wp-json\/wp\/v2\/posts\/226316\/revisions"}],"predecessor-version":[{"id":226320,"href":"https:\/\/agrund.com\/index.php\/wp-json\/wp\/v2\/posts\/226316\/revisions\/226320"}],"wp:featuredmedia":[{"embeddable":true,"href":"https:\/\/agrund.com\/index.php\/wp-json\/wp\/v2\/media\/226319"}],"wp:attachment":[{"href":"https:\/\/agrund.com\/index.php\/wp-json\/wp\/v2\/media?parent=226316"}],"wp:term":[{"taxonomy":"category","embeddable":true,"href":"https:\/\/agrund.com\/index.php\/wp-json\/wp\/v2\/categories?post=226316"},{"taxonomy":"post_tag","embeddable":true,"href":"https:\/\/agrund.com\/index.php\/wp-json\/wp\/v2\/tags?post=226316"}],"curies":[{"name":"wp","href":"https:\/\/api.w.org\/{rel}","templated":true}]}}