{"id":226301,"date":"2022-11-18T10:30:00","date_gmt":"2022-11-18T13:30:00","guid":{"rendered":"https:\/\/agrund.com\/?p=226301"},"modified":"2022-11-18T10:41:10","modified_gmt":"2022-11-18T13:41:10","slug":"spfw-n54-ju-coelho-comenta-as-tendencias-de-beleza-da-meninos-rei","status":"publish","type":"post","link":"https:\/\/agrund.com\/index.php\/spfw-n54-ju-coelho-comenta-as-tendencias-de-beleza-da-meninos-rei\/","title":{"rendered":"SPFW N54 :: Ju Coelho comenta as tend\u00eancias de beleza da Meninos Rei"},"content":{"rendered":"\n<p>Entrevista por Thay Sanqueta<br>Texto por Rafa Piovezani<\/p>\n\n\n\n<p>Aproveitamos alguns minutos no backstage da Meninos Rei aqui na SPFW para descobrir quais s\u00e3o as tend\u00eancias do ver\u00e3o 2023 quando o assunto \u00e9 beleza.<\/p>\n\n\n\n<p>A maquiadora Ju Coelho, que pela segunda vez assinou a beleza do desfile da marca, revelou que para esta temporada a ideia foi levar para a passarela o que j\u00e1 \u00e9 tend\u00eancia hoje. Sua aposta para os homens foi uma make clean, enquanto as mulheres ganharam delineados coloridos em tons intensos, al\u00e9m de l\u00e1bios com efeito ombr\u00e9 e muito gloss.<\/p>\n\n\n\n<p>Ali\u00e1s, Ju nos revelou que o efeito glossy \u00e9 sua grande aposta para os pr\u00f3ximos meses, tanto na boca quanto nos olhos e na pele. E esse acabamento molhado tamb\u00e9m aparece nos cabelos, sejam eles presos ou soltos. Ser\u00e1 que est\u00e1 decretado o fim do acabamento matte?<\/p>\n\n\n\n<div class=\"wp-block-image\"><figure class=\"aligncenter size-full\"><img data-attachment-id=\"226302\" data-permalink=\"https:\/\/agrund.com\/index.php\/spfw-n54-ju-coelho-comenta-as-tendencias-de-beleza-da-meninos-rei\/processed-with-vsco-with-c7-preset\/\" data-orig-file=\"https:\/\/i0.wp.com\/agrund.com\/wp-content\/uploads\/sites\/6\/2022\/11\/agrund-spfw-n54-beleza-meninos-rei-1.jpg?fit=600%2C802&amp;ssl=1\" data-orig-size=\"600,802\" data-comments-opened=\"1\" data-image-meta=\"{&quot;aperture&quot;:&quot;0&quot;,&quot;credit&quot;:&quot;&quot;,&quot;camera&quot;:&quot;iPhone&quot;,&quot;caption&quot;:&quot;Processed with VSCO with c7 preset&quot;,&quot;created_timestamp&quot;:&quot;0&quot;,&quot;copyright&quot;:&quot;Copyright 2022. All rights reserved.&quot;,&quot;focal_length&quot;:&quot;0&quot;,&quot;iso&quot;:&quot;0&quot;,&quot;shutter_speed&quot;:&quot;0&quot;,&quot;title&quot;:&quot;Processed with VSCO with c7 preset&quot;,&quot;orientation&quot;:&quot;1&quot;}\" data-image-title=\"Processed with VSCO with c7 preset\" data-image-description=\"\" data-image-caption=\"&lt;p&gt;Processed with VSCO with c7 preset&lt;\/p&gt;\n\" data-medium-file=\"https:\/\/i0.wp.com\/agrund.com\/wp-content\/uploads\/sites\/6\/2022\/11\/agrund-spfw-n54-beleza-meninos-rei-1.jpg?fit=224%2C300&amp;ssl=1\" data-large-file=\"https:\/\/i0.wp.com\/agrund.com\/wp-content\/uploads\/sites\/6\/2022\/11\/agrund-spfw-n54-beleza-meninos-rei-1.jpg?fit=600%2C802&amp;ssl=1\" decoding=\"async\" loading=\"lazy\" width=\"600\" height=\"802\" src=\"https:\/\/i0.wp.com\/agrund.com\/wp-content\/uploads\/sites\/6\/2022\/11\/agrund-spfw-n54-beleza-meninos-rei-1.jpg?resize=600%2C802&#038;ssl=1\" alt=\"\" class=\"wp-image-226302\" srcset=\"https:\/\/i0.wp.com\/agrund.com\/wp-content\/uploads\/sites\/6\/2022\/11\/agrund-spfw-n54-beleza-meninos-rei-1.jpg?w=600&amp;ssl=1 600w, https:\/\/i0.wp.com\/agrund.com\/wp-content\/uploads\/sites\/6\/2022\/11\/agrund-spfw-n54-beleza-meninos-rei-1.jpg?resize=224%2C300&amp;ssl=1 224w\" sizes=\"(max-width: 600px) 100vw, 600px\" data-recalc-dims=\"1\" \/><figcaption>Ju Coelho<\/figcaption><\/figure><\/div>\n\n\n\n<div class=\"wp-block-image\"><figure class=\"aligncenter size-full\"><img data-attachment-id=\"226305\" data-permalink=\"https:\/\/agrund.com\/index.php\/spfw-n54-ju-coelho-comenta-as-tendencias-de-beleza-da-meninos-rei\/processed-with-vsco-with-c7-preset-4\/\" data-orig-file=\"https:\/\/i0.wp.com\/agrund.com\/wp-content\/uploads\/sites\/6\/2022\/11\/agrund-spfw-n54-beleza-meninos-rei-3.jpg?fit=600%2C811&amp;ssl=1\" data-orig-size=\"600,811\" data-comments-opened=\"1\" data-image-meta=\"{&quot;aperture&quot;:&quot;1.8&quot;,&quot;credit&quot;:&quot;&quot;,&quot;camera&quot;:&quot;iPhone 11&quot;,&quot;caption&quot;:&quot;Processed with VSCO with c7 preset&quot;,&quot;created_timestamp&quot;:&quot;1668616139&quot;,&quot;copyright&quot;:&quot;Copyright 2022. All rights reserved.&quot;,&quot;focal_length&quot;:&quot;4.25&quot;,&quot;iso&quot;:&quot;64&quot;,&quot;shutter_speed&quot;:&quot;0.0083333333333333&quot;,&quot;title&quot;:&quot;Processed with VSCO with c7 preset&quot;,&quot;orientation&quot;:&quot;1&quot;}\" data-image-title=\"Processed with VSCO with c7 preset\" data-image-description=\"\" data-image-caption=\"&lt;p&gt;Processed with VSCO with c7 preset&lt;\/p&gt;\n\" data-medium-file=\"https:\/\/i0.wp.com\/agrund.com\/wp-content\/uploads\/sites\/6\/2022\/11\/agrund-spfw-n54-beleza-meninos-rei-3.jpg?fit=222%2C300&amp;ssl=1\" data-large-file=\"https:\/\/i0.wp.com\/agrund.com\/wp-content\/uploads\/sites\/6\/2022\/11\/agrund-spfw-n54-beleza-meninos-rei-3.jpg?fit=600%2C811&amp;ssl=1\" decoding=\"async\" loading=\"lazy\" width=\"600\" height=\"811\" src=\"https:\/\/i0.wp.com\/agrund.com\/wp-content\/uploads\/sites\/6\/2022\/11\/agrund-spfw-n54-beleza-meninos-rei-3.jpg?resize=600%2C811&#038;ssl=1\" alt=\"\" class=\"wp-image-226305\" srcset=\"https:\/\/i0.wp.com\/agrund.com\/wp-content\/uploads\/sites\/6\/2022\/11\/agrund-spfw-n54-beleza-meninos-rei-3.jpg?w=600&amp;ssl=1 600w, https:\/\/i0.wp.com\/agrund.com\/wp-content\/uploads\/sites\/6\/2022\/11\/agrund-spfw-n54-beleza-meninos-rei-3.jpg?resize=222%2C300&amp;ssl=1 222w\" sizes=\"(max-width: 600px) 100vw, 600px\" data-recalc-dims=\"1\" \/><figcaption>SPFW N54 :: Ju Coelho comenta as tend\u00eancias de beleza da Meninos Rei<\/figcaption><\/figure><\/div>\n\n\n\n<div class=\"wp-block-image\"><figure class=\"aligncenter size-full\"><img data-attachment-id=\"226306\" data-permalink=\"https:\/\/agrund.com\/index.php\/spfw-n54-ju-coelho-comenta-as-tendencias-de-beleza-da-meninos-rei\/processed-with-vsco-with-c7-preset-5\/\" data-orig-file=\"https:\/\/i0.wp.com\/agrund.com\/wp-content\/uploads\/sites\/6\/2022\/11\/agrund-spfw-n54-beleza-meninos-rei-5.jpg?fit=600%2C795&amp;ssl=1\" data-orig-size=\"600,795\" data-comments-opened=\"1\" data-image-meta=\"{&quot;aperture&quot;:&quot;1.8&quot;,&quot;credit&quot;:&quot;&quot;,&quot;camera&quot;:&quot;iPhone 11&quot;,&quot;caption&quot;:&quot;Processed with VSCO with c7 preset&quot;,&quot;created_timestamp&quot;:&quot;1668615809&quot;,&quot;copyright&quot;:&quot;Copyright 2022. All rights reserved.&quot;,&quot;focal_length&quot;:&quot;4.25&quot;,&quot;iso&quot;:&quot;100&quot;,&quot;shutter_speed&quot;:&quot;0.016666666666667&quot;,&quot;title&quot;:&quot;Processed with VSCO with c7 preset&quot;,&quot;orientation&quot;:&quot;1&quot;}\" data-image-title=\"Processed with VSCO with c7 preset\" data-image-description=\"\" data-image-caption=\"&lt;p&gt;Processed with VSCO with c7 preset&lt;\/p&gt;\n\" data-medium-file=\"https:\/\/i0.wp.com\/agrund.com\/wp-content\/uploads\/sites\/6\/2022\/11\/agrund-spfw-n54-beleza-meninos-rei-5.jpg?fit=226%2C300&amp;ssl=1\" data-large-file=\"https:\/\/i0.wp.com\/agrund.com\/wp-content\/uploads\/sites\/6\/2022\/11\/agrund-spfw-n54-beleza-meninos-rei-5.jpg?fit=600%2C795&amp;ssl=1\" decoding=\"async\" loading=\"lazy\" width=\"600\" height=\"795\" src=\"https:\/\/i0.wp.com\/agrund.com\/wp-content\/uploads\/sites\/6\/2022\/11\/agrund-spfw-n54-beleza-meninos-rei-5.jpg?resize=600%2C795&#038;ssl=1\" alt=\"\" class=\"wp-image-226306\" srcset=\"https:\/\/i0.wp.com\/agrund.com\/wp-content\/uploads\/sites\/6\/2022\/11\/agrund-spfw-n54-beleza-meninos-rei-5.jpg?w=600&amp;ssl=1 600w, https:\/\/i0.wp.com\/agrund.com\/wp-content\/uploads\/sites\/6\/2022\/11\/agrund-spfw-n54-beleza-meninos-rei-5.jpg?resize=226%2C300&amp;ssl=1 226w\" sizes=\"(max-width: 600px) 100vw, 600px\" data-recalc-dims=\"1\" \/><figcaption>SPFW N54 :: Ju Coelho comenta as tend\u00eancias de beleza da Meninos Rei<\/figcaption><\/figure><\/div>\n\n\n\n<div class=\"wp-block-image\"><figure class=\"aligncenter size-full\"><img data-attachment-id=\"226303\" data-permalink=\"https:\/\/agrund.com\/index.php\/spfw-n54-ju-coelho-comenta-as-tendencias-de-beleza-da-meninos-rei\/processed-with-vsco-with-c7-preset-2\/\" data-orig-file=\"https:\/\/i0.wp.com\/agrund.com\/wp-content\/uploads\/sites\/6\/2022\/11\/agrund-spfw-n54-beleza-meninos-rei-2.jpg?fit=600%2C800&amp;ssl=1\" data-orig-size=\"600,800\" data-comments-opened=\"1\" data-image-meta=\"{&quot;aperture&quot;:&quot;1.8&quot;,&quot;credit&quot;:&quot;&quot;,&quot;camera&quot;:&quot;iPhone 11&quot;,&quot;caption&quot;:&quot;Processed with VSCO with c7 preset&quot;,&quot;created_timestamp&quot;:&quot;1668615918&quot;,&quot;copyright&quot;:&quot;Copyright 2022. All rights reserved.&quot;,&quot;focal_length&quot;:&quot;4.25&quot;,&quot;iso&quot;:&quot;200&quot;,&quot;shutter_speed&quot;:&quot;0.016666666666667&quot;,&quot;title&quot;:&quot;Processed with VSCO with c7 preset&quot;,&quot;orientation&quot;:&quot;1&quot;}\" data-image-title=\"Processed with VSCO with c7 preset\" data-image-description=\"\" data-image-caption=\"&lt;p&gt;Processed with VSCO with c7 preset&lt;\/p&gt;\n\" data-medium-file=\"https:\/\/i0.wp.com\/agrund.com\/wp-content\/uploads\/sites\/6\/2022\/11\/agrund-spfw-n54-beleza-meninos-rei-2.jpg?fit=225%2C300&amp;ssl=1\" data-large-file=\"https:\/\/i0.wp.com\/agrund.com\/wp-content\/uploads\/sites\/6\/2022\/11\/agrund-spfw-n54-beleza-meninos-rei-2.jpg?fit=600%2C800&amp;ssl=1\" decoding=\"async\" loading=\"lazy\" width=\"600\" height=\"800\" src=\"https:\/\/i0.wp.com\/agrund.com\/wp-content\/uploads\/sites\/6\/2022\/11\/agrund-spfw-n54-beleza-meninos-rei-2.jpg?resize=600%2C800&#038;ssl=1\" alt=\"\" class=\"wp-image-226303\" srcset=\"https:\/\/i0.wp.com\/agrund.com\/wp-content\/uploads\/sites\/6\/2022\/11\/agrund-spfw-n54-beleza-meninos-rei-2.jpg?w=600&amp;ssl=1 600w, https:\/\/i0.wp.com\/agrund.com\/wp-content\/uploads\/sites\/6\/2022\/11\/agrund-spfw-n54-beleza-meninos-rei-2.jpg?resize=225%2C300&amp;ssl=1 225w\" sizes=\"(max-width: 600px) 100vw, 600px\" data-recalc-dims=\"1\" \/><figcaption>SPFW N54 :: Ju Coelho comenta as tend\u00eancias de beleza da Meninos Rei<\/figcaption><\/figure><\/div>\n\n\n\n<div class=\"wp-block-image\"><figure class=\"aligncenter size-full\"><img data-attachment-id=\"226304\" data-permalink=\"https:\/\/agrund.com\/index.php\/spfw-n54-ju-coelho-comenta-as-tendencias-de-beleza-da-meninos-rei\/processed-with-vsco-with-c7-preset-3\/\" data-orig-file=\"https:\/\/i0.wp.com\/agrund.com\/wp-content\/uploads\/sites\/6\/2022\/11\/agrund-spfw-n54-beleza-meninos-rei-4.jpg?fit=600%2C852&amp;ssl=1\" data-orig-size=\"600,852\" data-comments-opened=\"1\" data-image-meta=\"{&quot;aperture&quot;:&quot;1.8&quot;,&quot;credit&quot;:&quot;&quot;,&quot;camera&quot;:&quot;iPhone 11&quot;,&quot;caption&quot;:&quot;Processed with VSCO with c7 preset&quot;,&quot;created_timestamp&quot;:&quot;1668615705&quot;,&quot;copyright&quot;:&quot;Copyright 2022. All rights reserved.&quot;,&quot;focal_length&quot;:&quot;4.25&quot;,&quot;iso&quot;:&quot;100&quot;,&quot;shutter_speed&quot;:&quot;0.016666666666667&quot;,&quot;title&quot;:&quot;Processed with VSCO with c7 preset&quot;,&quot;orientation&quot;:&quot;1&quot;}\" data-image-title=\"Processed with VSCO with c7 preset\" data-image-description=\"\" data-image-caption=\"&lt;p&gt;Processed with VSCO with c7 preset&lt;\/p&gt;\n\" data-medium-file=\"https:\/\/i0.wp.com\/agrund.com\/wp-content\/uploads\/sites\/6\/2022\/11\/agrund-spfw-n54-beleza-meninos-rei-4.jpg?fit=211%2C300&amp;ssl=1\" data-large-file=\"https:\/\/i0.wp.com\/agrund.com\/wp-content\/uploads\/sites\/6\/2022\/11\/agrund-spfw-n54-beleza-meninos-rei-4.jpg?fit=600%2C852&amp;ssl=1\" decoding=\"async\" loading=\"lazy\" width=\"600\" height=\"852\" src=\"https:\/\/i0.wp.com\/agrund.com\/wp-content\/uploads\/sites\/6\/2022\/11\/agrund-spfw-n54-beleza-meninos-rei-4.jpg?resize=600%2C852&#038;ssl=1\" alt=\"\" class=\"wp-image-226304\" srcset=\"https:\/\/i0.wp.com\/agrund.com\/wp-content\/uploads\/sites\/6\/2022\/11\/agrund-spfw-n54-beleza-meninos-rei-4.jpg?w=600&amp;ssl=1 600w, https:\/\/i0.wp.com\/agrund.com\/wp-content\/uploads\/sites\/6\/2022\/11\/agrund-spfw-n54-beleza-meninos-rei-4.jpg?resize=211%2C300&amp;ssl=1 211w\" sizes=\"(max-width: 600px) 100vw, 600px\" data-recalc-dims=\"1\" \/><figcaption>SPFW N54 :: Ju Coelho comenta as tend\u00eancias de beleza da Meninos Rei<\/figcaption><\/figure><\/div>\n\n\n\n<p>Fotos: Thay Sanqueta e Rafa Piovezani. <\/p>\n","protected":false},"excerpt":{"rendered":"<p>Entrevista por Thay SanquetaTexto por Rafa Piovezani Aproveitamos alguns minutos no backstage da Meninos Rei aqui na SPFW para descobrir quais s\u00e3o as tend\u00eancias do ver\u00e3o 2023 quando o assunto \u00e9 beleza. A maquiadora Ju Coelho, que pela segunda vez assinou a beleza do desfile da marca, revelou que para esta temporada a ideia foi [&hellip;]<\/p>\n","protected":false},"author":8,"featured_media":226307,"comment_status":"open","ping_status":"open","sticky":false,"template":"","format":"standard","meta":{"jetpack_post_was_ever_published":false,"_jetpack_newsletter_access":"","jetpack_publicize_message":"","jetpack_is_tweetstorm":false,"jetpack_publicize_feature_enabled":true,"jetpack_social_post_already_shared":true,"jetpack_social_options":{"image_generator_settings":{"template":"highway","enabled":false}}},"categories":[2,18],"tags":[395,375,353,352,423,347,3441,692,371,372,2859,67,525,148,424,862],"jetpack_publicize_connections":[],"jetpack_featured_media_url":"https:\/\/i0.wp.com\/agrund.com\/wp-content\/uploads\/sites\/6\/2022\/11\/s-29.jpg?fit=960%2C300&ssl=1","jetpack_sharing_enabled":true,"jetpack_shortlink":"https:\/\/wp.me\/p3Hz0n-WS1","jetpack_likes_enabled":true,"_links":{"self":[{"href":"https:\/\/agrund.com\/index.php\/wp-json\/wp\/v2\/posts\/226301"}],"collection":[{"href":"https:\/\/agrund.com\/index.php\/wp-json\/wp\/v2\/posts"}],"about":[{"href":"https:\/\/agrund.com\/index.php\/wp-json\/wp\/v2\/types\/post"}],"author":[{"embeddable":true,"href":"https:\/\/agrund.com\/index.php\/wp-json\/wp\/v2\/users\/8"}],"replies":[{"embeddable":true,"href":"https:\/\/agrund.com\/index.php\/wp-json\/wp\/v2\/comments?post=226301"}],"version-history":[{"count":1,"href":"https:\/\/agrund.com\/index.php\/wp-json\/wp\/v2\/posts\/226301\/revisions"}],"predecessor-version":[{"id":226308,"href":"https:\/\/agrund.com\/index.php\/wp-json\/wp\/v2\/posts\/226301\/revisions\/226308"}],"wp:featuredmedia":[{"embeddable":true,"href":"https:\/\/agrund.com\/index.php\/wp-json\/wp\/v2\/media\/226307"}],"wp:attachment":[{"href":"https:\/\/agrund.com\/index.php\/wp-json\/wp\/v2\/media?parent=226301"}],"wp:term":[{"taxonomy":"category","embeddable":true,"href":"https:\/\/agrund.com\/index.php\/wp-json\/wp\/v2\/categories?post=226301"},{"taxonomy":"post_tag","embeddable":true,"href":"https:\/\/agrund.com\/index.php\/wp-json\/wp\/v2\/tags?post=226301"}],"curies":[{"name":"wp","href":"https:\/\/api.w.org\/{rel}","templated":true}]}}