{"id":226296,"date":"2022-11-18T09:09:01","date_gmt":"2022-11-18T12:09:01","guid":{"rendered":"https:\/\/agrund.com\/?p=226296"},"modified":"2022-11-18T09:09:01","modified_gmt":"2022-11-18T12:09:01","slug":"spfw-n54-xama-comenta-sua-relacao-com-a-moda","status":"publish","type":"post","link":"https:\/\/agrund.com\/index.php\/spfw-n54-xama-comenta-sua-relacao-com-a-moda\/","title":{"rendered":"SPFW N54 :: Xam\u00e3 comenta sua rela\u00e7\u00e3o com a moda"},"content":{"rendered":"\n<p>Entrevista por Thay Sanqueta<\/p>\n\n\n\n<p>Texto por Rafa Piovezani\u00a0<\/p>\n\n\n\n<p>Nos \u00faltimos anos temos visto Xam\u00e3 estreitar la\u00e7os com o mundo da moda. Depois de estrear nas passarelas da SPFW na edi\u00e7\u00e3o passada, o cantor est\u00e1 de volta ao evento para mais um desfile de Wal\u00e9rio Ara\u00fajo.<br>Minutos depois do fim da apresenta\u00e7\u00e3o, conversamos com ele para entender um pouco mais de como \u00e9 a rela\u00e7\u00e3o dele com o mundo da moda e se essa conex\u00e3o o ajuda a ter mais liberdade para ser quem realmente \u00e9.\u00a0<\/p>\n\n\n\n<p>&#8220;Com certeza! Eu tinha pe\u00e7as no guarda-roupa que estavam l\u00e1 h\u00e1 d\u00e9cadas e eu n\u00e3o conseguia usar ou quando ia comprar era sempre muito b\u00e1sico. No momento em que eu comecei a trabalhar mais com moda, junto das minhas stylists T\u00e2mara Guzm\u00e1n e Dione Occhipinti, e at\u00e9 mesmo do Wal\u00e9rio, eu comecei a aprender e arriscar mais no que eu visto. Porque m\u00fasica \u00e9 revolu\u00e7\u00e3o e moda tamb\u00e9m, ent\u00e3o tento fazer essa conex\u00e3o\u201d, revelou Xam\u00e3.\u00a0<\/p>\n\n\n\n<p>E quando o assunto \u00e9 o nervosismo de subir na passarela, ele afirmou que n\u00e3o \u00e9 a mesma coisa de um show. &#8220;Fico sempre nervoso, porque n\u00e3o \u00e9 uma rima, n\u00e3o \u00e9 o palco. Mas quando chega o momento parece que d\u00e1 uma energia na hora. Os outros modelos tamb\u00e9m me ajudam bastante. E vamo que vamo!&#8221;, brincou ele.\u00a0<\/p>\n\n\n\n<div class=\"wp-block-image\"><figure class=\"aligncenter size-full\"><img data-attachment-id=\"226297\" data-permalink=\"https:\/\/agrund.com\/index.php\/spfw-n54-xama-comenta-sua-relacao-com-a-moda\/agrund-spfw-n54-xama-2\/\" data-orig-file=\"https:\/\/i0.wp.com\/agrund.com\/wp-content\/uploads\/sites\/6\/2022\/11\/agrund-spfw-n54-xama-2.jpeg?fit=600%2C721&amp;ssl=1\" data-orig-size=\"600,721\" data-comments-opened=\"1\" data-image-meta=\"{&quot;aperture&quot;:&quot;0&quot;,&quot;credit&quot;:&quot;&quot;,&quot;camera&quot;:&quot;&quot;,&quot;caption&quot;:&quot;&quot;,&quot;created_timestamp&quot;:&quot;0&quot;,&quot;copyright&quot;:&quot;&quot;,&quot;focal_length&quot;:&quot;0&quot;,&quot;iso&quot;:&quot;0&quot;,&quot;shutter_speed&quot;:&quot;0&quot;,&quot;title&quot;:&quot;&quot;,&quot;orientation&quot;:&quot;1&quot;}\" data-image-title=\"agrund-spfw-n54-xama-2\" data-image-description=\"\" data-image-caption=\"\" data-medium-file=\"https:\/\/i0.wp.com\/agrund.com\/wp-content\/uploads\/sites\/6\/2022\/11\/agrund-spfw-n54-xama-2.jpeg?fit=250%2C300&amp;ssl=1\" data-large-file=\"https:\/\/i0.wp.com\/agrund.com\/wp-content\/uploads\/sites\/6\/2022\/11\/agrund-spfw-n54-xama-2.jpeg?fit=600%2C721&amp;ssl=1\" decoding=\"async\" loading=\"lazy\" width=\"600\" height=\"721\" src=\"https:\/\/i0.wp.com\/agrund.com\/wp-content\/uploads\/sites\/6\/2022\/11\/agrund-spfw-n54-xama-2.jpeg?resize=600%2C721&#038;ssl=1\" alt=\"\" class=\"wp-image-226297\" srcset=\"https:\/\/i0.wp.com\/agrund.com\/wp-content\/uploads\/sites\/6\/2022\/11\/agrund-spfw-n54-xama-2.jpeg?w=600&amp;ssl=1 600w, https:\/\/i0.wp.com\/agrund.com\/wp-content\/uploads\/sites\/6\/2022\/11\/agrund-spfw-n54-xama-2.jpeg?resize=250%2C300&amp;ssl=1 250w\" sizes=\"(max-width: 600px) 100vw, 600px\" data-recalc-dims=\"1\" \/><figcaption>SPFW N54 :: Xam\u00e3 comenta sua rela\u00e7\u00e3o com a moda<\/figcaption><\/figure><\/div>\n\n\n\n<div class=\"wp-block-image\"><figure class=\"aligncenter size-full\"><img data-attachment-id=\"226298\" data-permalink=\"https:\/\/agrund.com\/index.php\/spfw-n54-xama-comenta-sua-relacao-com-a-moda\/agrund-spfw-n54-xama-1\/\" data-orig-file=\"https:\/\/i0.wp.com\/agrund.com\/wp-content\/uploads\/sites\/6\/2022\/11\/agrund-spfw-n54-xama-1.jpeg?fit=600%2C802&amp;ssl=1\" data-orig-size=\"600,802\" data-comments-opened=\"1\" data-image-meta=\"{&quot;aperture&quot;:&quot;0&quot;,&quot;credit&quot;:&quot;&quot;,&quot;camera&quot;:&quot;&quot;,&quot;caption&quot;:&quot;&quot;,&quot;created_timestamp&quot;:&quot;0&quot;,&quot;copyright&quot;:&quot;&quot;,&quot;focal_length&quot;:&quot;0&quot;,&quot;iso&quot;:&quot;0&quot;,&quot;shutter_speed&quot;:&quot;0&quot;,&quot;title&quot;:&quot;&quot;,&quot;orientation&quot;:&quot;1&quot;}\" data-image-title=\"agrund-spfw-n54-xama-1\" data-image-description=\"\" data-image-caption=\"\" data-medium-file=\"https:\/\/i0.wp.com\/agrund.com\/wp-content\/uploads\/sites\/6\/2022\/11\/agrund-spfw-n54-xama-1.jpeg?fit=224%2C300&amp;ssl=1\" data-large-file=\"https:\/\/i0.wp.com\/agrund.com\/wp-content\/uploads\/sites\/6\/2022\/11\/agrund-spfw-n54-xama-1.jpeg?fit=600%2C802&amp;ssl=1\" decoding=\"async\" loading=\"lazy\" width=\"600\" height=\"802\" src=\"https:\/\/i0.wp.com\/agrund.com\/wp-content\/uploads\/sites\/6\/2022\/11\/agrund-spfw-n54-xama-1.jpeg?resize=600%2C802&#038;ssl=1\" alt=\"\" class=\"wp-image-226298\" srcset=\"https:\/\/i0.wp.com\/agrund.com\/wp-content\/uploads\/sites\/6\/2022\/11\/agrund-spfw-n54-xama-1.jpeg?w=600&amp;ssl=1 600w, https:\/\/i0.wp.com\/agrund.com\/wp-content\/uploads\/sites\/6\/2022\/11\/agrund-spfw-n54-xama-1.jpeg?resize=224%2C300&amp;ssl=1 224w\" sizes=\"(max-width: 600px) 100vw, 600px\" data-recalc-dims=\"1\" \/><figcaption>SPFW N54 :: Xam\u00e3 comenta sua rela\u00e7\u00e3o com a moda<\/figcaption><\/figure><\/div>\n\n\n\n<p>Fotos: Thay Sanqueta. <\/p>\n","protected":false},"excerpt":{"rendered":"<p>Entrevista por Thay Sanqueta Texto por Rafa Piovezani\u00a0 Nos \u00faltimos anos temos visto Xam\u00e3 estreitar la\u00e7os com o mundo da moda. Depois de estrear nas passarelas da SPFW na edi\u00e7\u00e3o passada, o cantor est\u00e1 de volta ao evento para mais um desfile de Wal\u00e9rio Ara\u00fajo.Minutos depois do fim da apresenta\u00e7\u00e3o, conversamos com ele para entender [&hellip;]<\/p>\n","protected":false},"author":8,"featured_media":226299,"comment_status":"open","ping_status":"open","sticky":false,"template":"","format":"standard","meta":{"jetpack_post_was_ever_published":false,"_jetpack_newsletter_access":"","jetpack_publicize_message":"","jetpack_is_tweetstorm":false,"jetpack_publicize_feature_enabled":true,"jetpack_social_post_already_shared":true,"jetpack_social_options":{"image_generator_settings":{"template":"highway","enabled":false}}},"categories":[2,18],"tags":[395,375,423,347,67,525,148,2835,140,424,862,3439,3440],"jetpack_publicize_connections":[],"jetpack_featured_media_url":"https:\/\/i0.wp.com\/agrund.com\/wp-content\/uploads\/sites\/6\/2022\/11\/s-28.jpg?fit=960%2C300&ssl=1","jetpack_sharing_enabled":true,"jetpack_shortlink":"https:\/\/wp.me\/p3Hz0n-WRW","jetpack_likes_enabled":true,"_links":{"self":[{"href":"https:\/\/agrund.com\/index.php\/wp-json\/wp\/v2\/posts\/226296"}],"collection":[{"href":"https:\/\/agrund.com\/index.php\/wp-json\/wp\/v2\/posts"}],"about":[{"href":"https:\/\/agrund.com\/index.php\/wp-json\/wp\/v2\/types\/post"}],"author":[{"embeddable":true,"href":"https:\/\/agrund.com\/index.php\/wp-json\/wp\/v2\/users\/8"}],"replies":[{"embeddable":true,"href":"https:\/\/agrund.com\/index.php\/wp-json\/wp\/v2\/comments?post=226296"}],"version-history":[{"count":1,"href":"https:\/\/agrund.com\/index.php\/wp-json\/wp\/v2\/posts\/226296\/revisions"}],"predecessor-version":[{"id":226300,"href":"https:\/\/agrund.com\/index.php\/wp-json\/wp\/v2\/posts\/226296\/revisions\/226300"}],"wp:featuredmedia":[{"embeddable":true,"href":"https:\/\/agrund.com\/index.php\/wp-json\/wp\/v2\/media\/226299"}],"wp:attachment":[{"href":"https:\/\/agrund.com\/index.php\/wp-json\/wp\/v2\/media?parent=226296"}],"wp:term":[{"taxonomy":"category","embeddable":true,"href":"https:\/\/agrund.com\/index.php\/wp-json\/wp\/v2\/categories?post=226296"},{"taxonomy":"post_tag","embeddable":true,"href":"https:\/\/agrund.com\/index.php\/wp-json\/wp\/v2\/tags?post=226296"}],"curies":[{"name":"wp","href":"https:\/\/api.w.org\/{rel}","templated":true}]}}