{"id":226291,"date":"2022-11-17T16:30:00","date_gmt":"2022-11-17T19:30:00","guid":{"rendered":"https:\/\/agrund.com\/?p=226291"},"modified":"2022-11-17T17:03:14","modified_gmt":"2022-11-17T20:03:14","slug":"spfw-n54-camila-queiroz-fala-sobre-sua-identificacao-com-angel","status":"publish","type":"post","link":"https:\/\/agrund.com\/index.php\/spfw-n54-camila-queiroz-fala-sobre-sua-identificacao-com-angel\/","title":{"rendered":"SPFW N54 :: Camila Queiroz fala sobre sua identifica\u00e7\u00e3o com Angel"},"content":{"rendered":"\n<p>Entrevista por Thay Sanqueta<\/p>\n\n\n\n<p>Texto por Rafa Piovezani<\/p>\n\n\n\n<p>Minutos antes de come\u00e7ar o desfile da Soul Basico, encontramos com Camila Queiroz sentada na primeira fila, pront\u00edssima para ver o marido, Klebber Toledo, fazer sua estreia na passarela da SPFW.<\/p>\n\n\n\n<p>&#8220;Na \u00faltima temporada eu estava na passarela e ele aqui assistindo. Hoje estou super feliz em prestigi\u00e1-lo&#8221;, comentou a atriz.<\/p>\n\n\n\n<p>Como j\u00e1 t\u00ednhamos escutado no backstage que Camila tamb\u00e9m desfilaria naquele dia, aproveitamos para perguntar se ela se inspirava em Angel quando entrava na passarela.<\/p>\n\n\n\n<p>&#8220;Na verdade a Angel tem muito da Camila e a Camila da Angel. \u00c9 uma fus\u00e3o, uma jun\u00e7\u00e3o das duas. Sempre digo que ela me trouxe muita for\u00e7a e poder. Eu me descobri muito com ela, ent\u00e3o acho que tem essa chavinha que vira quando eu entro na passarela, mas \u00e9 uma jun\u00e7\u00e3o das energias. A gente se empresta uma pra outra&#8221;, comentou ela.<\/p>\n\n\n\n<p>E a\u00ed, voc\u00ea tamb\u00e9m percebe como a Camila construiu uma personagem incr\u00edvel?&nbsp;<\/p>\n\n\n\n<div class=\"wp-block-image\"><figure class=\"aligncenter size-full\"><img data-attachment-id=\"226292\" data-permalink=\"https:\/\/agrund.com\/index.php\/spfw-n54-camila-queiroz-fala-sobre-sua-identificacao-com-angel\/agrund-camila-queiroz-spfw-n54\/\" data-orig-file=\"https:\/\/i0.wp.com\/agrund.com\/wp-content\/uploads\/sites\/6\/2022\/11\/agrund-camila-queiroz-spfw-n54.jpg?fit=600%2C792&amp;ssl=1\" data-orig-size=\"600,792\" data-comments-opened=\"1\" data-image-meta=\"{&quot;aperture&quot;:&quot;0&quot;,&quot;credit&quot;:&quot;&quot;,&quot;camera&quot;:&quot;&quot;,&quot;caption&quot;:&quot;&quot;,&quot;created_timestamp&quot;:&quot;0&quot;,&quot;copyright&quot;:&quot;&quot;,&quot;focal_length&quot;:&quot;0&quot;,&quot;iso&quot;:&quot;0&quot;,&quot;shutter_speed&quot;:&quot;0&quot;,&quot;title&quot;:&quot;&quot;,&quot;orientation&quot;:&quot;0&quot;}\" data-image-title=\"agrund-camila-queiroz-spfw-n54\" data-image-description=\"\" data-image-caption=\"\" data-medium-file=\"https:\/\/i0.wp.com\/agrund.com\/wp-content\/uploads\/sites\/6\/2022\/11\/agrund-camila-queiroz-spfw-n54.jpg?fit=227%2C300&amp;ssl=1\" data-large-file=\"https:\/\/i0.wp.com\/agrund.com\/wp-content\/uploads\/sites\/6\/2022\/11\/agrund-camila-queiroz-spfw-n54.jpg?fit=600%2C792&amp;ssl=1\" decoding=\"async\" loading=\"lazy\" width=\"600\" height=\"792\" src=\"https:\/\/i0.wp.com\/agrund.com\/wp-content\/uploads\/sites\/6\/2022\/11\/agrund-camila-queiroz-spfw-n54.jpg?resize=600%2C792&#038;ssl=1\" alt=\"\" class=\"wp-image-226292\" srcset=\"https:\/\/i0.wp.com\/agrund.com\/wp-content\/uploads\/sites\/6\/2022\/11\/agrund-camila-queiroz-spfw-n54.jpg?w=600&amp;ssl=1 600w, https:\/\/i0.wp.com\/agrund.com\/wp-content\/uploads\/sites\/6\/2022\/11\/agrund-camila-queiroz-spfw-n54.jpg?resize=227%2C300&amp;ssl=1 227w\" sizes=\"(max-width: 600px) 100vw, 600px\" data-recalc-dims=\"1\" \/><figcaption>SPFW N54 :: Camila Queiroz fala sobre sua identifica\u00e7\u00e3o com Angel<\/figcaption><\/figure><\/div>\n\n\n\n<p>Foto: Thay Sanqueta. <\/p>\n","protected":false},"excerpt":{"rendered":"<p>Entrevista por Thay Sanqueta Texto por Rafa Piovezani Minutos antes de come\u00e7ar o desfile da Soul Basico, encontramos com Camila Queiroz sentada na primeira fila, pront\u00edssima para ver o marido, Klebber Toledo, fazer sua estreia na passarela da SPFW. &#8220;Na \u00faltima temporada eu estava na passarela e ele aqui assistindo. Hoje estou super feliz em [&hellip;]<\/p>\n","protected":false},"author":8,"featured_media":226295,"comment_status":"open","ping_status":"open","sticky":false,"template":"","format":"standard","meta":{"jetpack_post_was_ever_published":false,"_jetpack_newsletter_access":"","jetpack_publicize_message":"","jetpack_is_tweetstorm":false,"jetpack_publicize_feature_enabled":true,"jetpack_social_post_already_shared":true,"jetpack_social_options":{"image_generator_settings":{"template":"highway","enabled":false}}},"categories":[2,18],"tags":[395,1938,375,1000,64,347,67,525,148,2835,140,424,3438,862],"jetpack_publicize_connections":[],"jetpack_featured_media_url":"https:\/\/i0.wp.com\/agrund.com\/wp-content\/uploads\/sites\/6\/2022\/11\/s-27.jpg?fit=960%2C300&ssl=1","jetpack_sharing_enabled":true,"jetpack_shortlink":"https:\/\/wp.me\/p3Hz0n-WRR","jetpack_likes_enabled":true,"_links":{"self":[{"href":"https:\/\/agrund.com\/index.php\/wp-json\/wp\/v2\/posts\/226291"}],"collection":[{"href":"https:\/\/agrund.com\/index.php\/wp-json\/wp\/v2\/posts"}],"about":[{"href":"https:\/\/agrund.com\/index.php\/wp-json\/wp\/v2\/types\/post"}],"author":[{"embeddable":true,"href":"https:\/\/agrund.com\/index.php\/wp-json\/wp\/v2\/users\/8"}],"replies":[{"embeddable":true,"href":"https:\/\/agrund.com\/index.php\/wp-json\/wp\/v2\/comments?post=226291"}],"version-history":[{"count":2,"href":"https:\/\/agrund.com\/index.php\/wp-json\/wp\/v2\/posts\/226291\/revisions"}],"predecessor-version":[{"id":226294,"href":"https:\/\/agrund.com\/index.php\/wp-json\/wp\/v2\/posts\/226291\/revisions\/226294"}],"wp:featuredmedia":[{"embeddable":true,"href":"https:\/\/agrund.com\/index.php\/wp-json\/wp\/v2\/media\/226295"}],"wp:attachment":[{"href":"https:\/\/agrund.com\/index.php\/wp-json\/wp\/v2\/media?parent=226291"}],"wp:term":[{"taxonomy":"category","embeddable":true,"href":"https:\/\/agrund.com\/index.php\/wp-json\/wp\/v2\/categories?post=226291"},{"taxonomy":"post_tag","embeddable":true,"href":"https:\/\/agrund.com\/index.php\/wp-json\/wp\/v2\/tags?post=226291"}],"curies":[{"name":"wp","href":"https:\/\/api.w.org\/{rel}","templated":true}]}}