{"id":226285,"date":"2022-11-17T15:30:00","date_gmt":"2022-11-17T18:30:00","guid":{"rendered":"https:\/\/agrund.com\/?p=226285"},"modified":"2022-11-17T15:05:58","modified_gmt":"2022-11-17T18:05:58","slug":"spfw-n54-deborah-secco-em-um-papo-sobre-beleza-e-moda-brasileira","status":"publish","type":"post","link":"https:\/\/agrund.com\/index.php\/spfw-n54-deborah-secco-em-um-papo-sobre-beleza-e-moda-brasileira\/","title":{"rendered":"SPFW N54 :: Deborah Secco em um papo sobre beleza e moda brasileira"},"content":{"rendered":"\n<p>Entrevista por Thay Sanqueta<\/p>\n\n\n\n<p>Texto por Rafa Piovezani<\/p>\n\n\n\n<p>No backstage do primeiro dia da SPFW, encontramos com Deborah Secco se preparando para entrar na passarela da marca baiana Meninos Rei.<\/p>\n\n\n\n<p>Em um papo descontra\u00eddo, relembramos o \u00faltimo encontro da nossa equipe com a atriz, l\u00e1 em 2018, quando ela apareceu no evento com os cabelos curt\u00edssimos. Agora, com as madeixas longas e castanhas, Deborah afirmou que as transforma\u00e7\u00f5es de visual fazem parte da vida dos atores, afinal, eles est\u00e3o dispon\u00edveis para dar vida a diferentes personagens.<\/p>\n\n\n\n<p>E quando o assunto \u00e9 moda e Meninos Rei, a atriz revelou que sua conex\u00e3o com a marca e os estilistas, C\u00e9u e Junior, aconteceu quando eles assinaram o vestido que ela usou no Baile da Vogue deste ano.<\/p>\n\n\n\n<p>&#8220;Ver esses meninos brilhando, t\u00e3o talentosos&#8230; Eu sou f\u00e3 deles! Estou aqui para aplaudir, fazer com que eles sejam cada vez mais vistos e celebrados. Espero estar conectada a eles pro resto da vida&#8221;, disse ela. &#8220;A moda brasileira \u00e9 muito incr\u00edvel, a moda nordestina \u00e9 incr\u00edvel. Eu tento sempre valorizar a moda brasileira nos eventos que eu vou, pensando em vestir estilistas nacionais&#8221;, completou ela.<\/p>\n\n\n\n<p>Confira alguns cliques da atriz com o look da passarela da Meninos Rei:\u00a0<\/p>\n\n\n\n<div class=\"wp-block-image\"><figure class=\"aligncenter size-full\"><img data-attachment-id=\"226287\" data-permalink=\"https:\/\/agrund.com\/index.php\/spfw-n54-deborah-secco-em-um-papo-sobre-beleza-e-moda-brasileira\/agrund-spfw-n54-meninos-rei-deborah-secco-1\/\" data-orig-file=\"https:\/\/i0.wp.com\/agrund.com\/wp-content\/uploads\/sites\/6\/2022\/11\/agrund-spfw-n54-meninos-rei-deborah-secco-1.jpeg?fit=600%2C802&amp;ssl=1\" data-orig-size=\"600,802\" data-comments-opened=\"1\" data-image-meta=\"{&quot;aperture&quot;:&quot;0&quot;,&quot;credit&quot;:&quot;&quot;,&quot;camera&quot;:&quot;&quot;,&quot;caption&quot;:&quot;&quot;,&quot;created_timestamp&quot;:&quot;0&quot;,&quot;copyright&quot;:&quot;&quot;,&quot;focal_length&quot;:&quot;0&quot;,&quot;iso&quot;:&quot;0&quot;,&quot;shutter_speed&quot;:&quot;0&quot;,&quot;title&quot;:&quot;&quot;,&quot;orientation&quot;:&quot;1&quot;}\" data-image-title=\"agrund-spfw-n54-meninos-rei-deborah-secco-1\" data-image-description=\"\" data-image-caption=\"\" data-medium-file=\"https:\/\/i0.wp.com\/agrund.com\/wp-content\/uploads\/sites\/6\/2022\/11\/agrund-spfw-n54-meninos-rei-deborah-secco-1.jpeg?fit=224%2C300&amp;ssl=1\" data-large-file=\"https:\/\/i0.wp.com\/agrund.com\/wp-content\/uploads\/sites\/6\/2022\/11\/agrund-spfw-n54-meninos-rei-deborah-secco-1.jpeg?fit=600%2C802&amp;ssl=1\" decoding=\"async\" loading=\"lazy\" width=\"600\" height=\"802\" src=\"https:\/\/i0.wp.com\/agrund.com\/wp-content\/uploads\/sites\/6\/2022\/11\/agrund-spfw-n54-meninos-rei-deborah-secco-1.jpeg?resize=600%2C802&#038;ssl=1\" alt=\"\" class=\"wp-image-226287\" srcset=\"https:\/\/i0.wp.com\/agrund.com\/wp-content\/uploads\/sites\/6\/2022\/11\/agrund-spfw-n54-meninos-rei-deborah-secco-1.jpeg?w=600&amp;ssl=1 600w, https:\/\/i0.wp.com\/agrund.com\/wp-content\/uploads\/sites\/6\/2022\/11\/agrund-spfw-n54-meninos-rei-deborah-secco-1.jpeg?resize=224%2C300&amp;ssl=1 224w\" sizes=\"(max-width: 600px) 100vw, 600px\" data-recalc-dims=\"1\" \/><figcaption>SPFW N54 :: Deborah Secco em um papo sobre beleza e moda brasileira<\/figcaption><\/figure><\/div>\n\n\n\n<div class=\"wp-block-image\"><figure class=\"aligncenter size-full\"><img data-attachment-id=\"226288\" data-permalink=\"https:\/\/agrund.com\/index.php\/spfw-n54-deborah-secco-em-um-papo-sobre-beleza-e-moda-brasileira\/agrund-spfw-n54-meninos-rei-deborah-secco-2\/\" data-orig-file=\"https:\/\/i0.wp.com\/agrund.com\/wp-content\/uploads\/sites\/6\/2022\/11\/agrund-spfw-n54-meninos-rei-deborah-secco-2.jpeg?fit=600%2C802&amp;ssl=1\" data-orig-size=\"600,802\" data-comments-opened=\"1\" data-image-meta=\"{&quot;aperture&quot;:&quot;0&quot;,&quot;credit&quot;:&quot;&quot;,&quot;camera&quot;:&quot;&quot;,&quot;caption&quot;:&quot;&quot;,&quot;created_timestamp&quot;:&quot;0&quot;,&quot;copyright&quot;:&quot;&quot;,&quot;focal_length&quot;:&quot;0&quot;,&quot;iso&quot;:&quot;0&quot;,&quot;shutter_speed&quot;:&quot;0&quot;,&quot;title&quot;:&quot;&quot;,&quot;orientation&quot;:&quot;1&quot;}\" data-image-title=\"agrund-spfw-n54-meninos-rei-deborah-secco-2\" data-image-description=\"\" data-image-caption=\"\" data-medium-file=\"https:\/\/i0.wp.com\/agrund.com\/wp-content\/uploads\/sites\/6\/2022\/11\/agrund-spfw-n54-meninos-rei-deborah-secco-2.jpeg?fit=224%2C300&amp;ssl=1\" data-large-file=\"https:\/\/i0.wp.com\/agrund.com\/wp-content\/uploads\/sites\/6\/2022\/11\/agrund-spfw-n54-meninos-rei-deborah-secco-2.jpeg?fit=600%2C802&amp;ssl=1\" decoding=\"async\" loading=\"lazy\" width=\"600\" height=\"802\" src=\"https:\/\/i0.wp.com\/agrund.com\/wp-content\/uploads\/sites\/6\/2022\/11\/agrund-spfw-n54-meninos-rei-deborah-secco-2.jpeg?resize=600%2C802&#038;ssl=1\" alt=\"\" class=\"wp-image-226288\" srcset=\"https:\/\/i0.wp.com\/agrund.com\/wp-content\/uploads\/sites\/6\/2022\/11\/agrund-spfw-n54-meninos-rei-deborah-secco-2.jpeg?w=600&amp;ssl=1 600w, https:\/\/i0.wp.com\/agrund.com\/wp-content\/uploads\/sites\/6\/2022\/11\/agrund-spfw-n54-meninos-rei-deborah-secco-2.jpeg?resize=224%2C300&amp;ssl=1 224w\" sizes=\"(max-width: 600px) 100vw, 600px\" data-recalc-dims=\"1\" \/><figcaption>SPFW N54 :: Deborah Secco em um papo sobre beleza e moda brasileira<\/figcaption><\/figure><\/div>\n\n\n\n<div class=\"wp-block-image\"><figure class=\"aligncenter size-full\"><img data-attachment-id=\"226289\" data-permalink=\"https:\/\/agrund.com\/index.php\/spfw-n54-deborah-secco-em-um-papo-sobre-beleza-e-moda-brasileira\/agrund-spfw-n54-meninos-rei-deborah-secco-3\/\" data-orig-file=\"https:\/\/i0.wp.com\/agrund.com\/wp-content\/uploads\/sites\/6\/2022\/11\/agrund-spfw-n54-meninos-rei-deborah-secco-3.jpeg?fit=600%2C786&amp;ssl=1\" data-orig-size=\"600,786\" data-comments-opened=\"1\" data-image-meta=\"{&quot;aperture&quot;:&quot;0&quot;,&quot;credit&quot;:&quot;&quot;,&quot;camera&quot;:&quot;&quot;,&quot;caption&quot;:&quot;&quot;,&quot;created_timestamp&quot;:&quot;0&quot;,&quot;copyright&quot;:&quot;&quot;,&quot;focal_length&quot;:&quot;0&quot;,&quot;iso&quot;:&quot;0&quot;,&quot;shutter_speed&quot;:&quot;0&quot;,&quot;title&quot;:&quot;&quot;,&quot;orientation&quot;:&quot;1&quot;}\" data-image-title=\"agrund-spfw-n54-meninos-rei-deborah-secco-3\" data-image-description=\"\" data-image-caption=\"\" data-medium-file=\"https:\/\/i0.wp.com\/agrund.com\/wp-content\/uploads\/sites\/6\/2022\/11\/agrund-spfw-n54-meninos-rei-deborah-secco-3.jpeg?fit=229%2C300&amp;ssl=1\" data-large-file=\"https:\/\/i0.wp.com\/agrund.com\/wp-content\/uploads\/sites\/6\/2022\/11\/agrund-spfw-n54-meninos-rei-deborah-secco-3.jpeg?fit=600%2C786&amp;ssl=1\" decoding=\"async\" loading=\"lazy\" width=\"600\" height=\"786\" src=\"https:\/\/i0.wp.com\/agrund.com\/wp-content\/uploads\/sites\/6\/2022\/11\/agrund-spfw-n54-meninos-rei-deborah-secco-3.jpeg?resize=600%2C786&#038;ssl=1\" alt=\"\" class=\"wp-image-226289\" srcset=\"https:\/\/i0.wp.com\/agrund.com\/wp-content\/uploads\/sites\/6\/2022\/11\/agrund-spfw-n54-meninos-rei-deborah-secco-3.jpeg?w=600&amp;ssl=1 600w, https:\/\/i0.wp.com\/agrund.com\/wp-content\/uploads\/sites\/6\/2022\/11\/agrund-spfw-n54-meninos-rei-deborah-secco-3.jpeg?resize=229%2C300&amp;ssl=1 229w\" sizes=\"(max-width: 600px) 100vw, 600px\" data-recalc-dims=\"1\" \/><figcaption>SPFW N54 :: Deborah Secco em um papo sobre beleza e moda brasileira<\/figcaption><\/figure><\/div>\n\n\n\n<p>Fotos: Thay Sanqueta \/ Amanda Souza. <\/p>\n","protected":false},"excerpt":{"rendered":"<p>Entrevista por Thay Sanqueta Texto por Rafa Piovezani No backstage do primeiro dia da SPFW, encontramos com Deborah Secco se preparando para entrar na passarela da marca baiana Meninos Rei. Em um papo descontra\u00eddo, relembramos o \u00faltimo encontro da nossa equipe com a atriz, l\u00e1 em 2018, quando ela apareceu no evento com os cabelos [&hellip;]<\/p>\n","protected":false},"author":8,"featured_media":226286,"comment_status":"open","ping_status":"open","sticky":false,"template":"","format":"standard","meta":{"jetpack_post_was_ever_published":false,"_jetpack_newsletter_access":"","jetpack_publicize_message":"","jetpack_is_tweetstorm":false,"jetpack_publicize_feature_enabled":true,"jetpack_social_post_already_shared":true,"jetpack_social_options":{"image_generator_settings":{"template":"highway","enabled":false}}},"categories":[2,18],"tags":[395,375,3435,64,309,423,347,2859,67,525,2835,140,424,862],"jetpack_publicize_connections":[],"jetpack_featured_media_url":"https:\/\/i0.wp.com\/agrund.com\/wp-content\/uploads\/sites\/6\/2022\/11\/s-26.jpg?fit=960%2C300&ssl=1","jetpack_sharing_enabled":true,"jetpack_shortlink":"https:\/\/wp.me\/p3Hz0n-WRL","jetpack_likes_enabled":true,"_links":{"self":[{"href":"https:\/\/agrund.com\/index.php\/wp-json\/wp\/v2\/posts\/226285"}],"collection":[{"href":"https:\/\/agrund.com\/index.php\/wp-json\/wp\/v2\/posts"}],"about":[{"href":"https:\/\/agrund.com\/index.php\/wp-json\/wp\/v2\/types\/post"}],"author":[{"embeddable":true,"href":"https:\/\/agrund.com\/index.php\/wp-json\/wp\/v2\/users\/8"}],"replies":[{"embeddable":true,"href":"https:\/\/agrund.com\/index.php\/wp-json\/wp\/v2\/comments?post=226285"}],"version-history":[{"count":1,"href":"https:\/\/agrund.com\/index.php\/wp-json\/wp\/v2\/posts\/226285\/revisions"}],"predecessor-version":[{"id":226290,"href":"https:\/\/agrund.com\/index.php\/wp-json\/wp\/v2\/posts\/226285\/revisions\/226290"}],"wp:featuredmedia":[{"embeddable":true,"href":"https:\/\/agrund.com\/index.php\/wp-json\/wp\/v2\/media\/226286"}],"wp:attachment":[{"href":"https:\/\/agrund.com\/index.php\/wp-json\/wp\/v2\/media?parent=226285"}],"wp:term":[{"taxonomy":"category","embeddable":true,"href":"https:\/\/agrund.com\/index.php\/wp-json\/wp\/v2\/categories?post=226285"},{"taxonomy":"post_tag","embeddable":true,"href":"https:\/\/agrund.com\/index.php\/wp-json\/wp\/v2\/tags?post=226285"}],"curies":[{"name":"wp","href":"https:\/\/api.w.org\/{rel}","templated":true}]}}