{"id":22627,"date":"2012-02-29T14:35:06","date_gmt":"2012-02-29T17:35:06","guid":{"rendered":"http:\/\/www.agrund.com\/blogs\/notas\/?p=22627"},"modified":"2012-02-29T14:35:06","modified_gmt":"2012-02-29T17:35:06","slug":"making-of-dumond","status":"publish","type":"post","link":"https:\/\/agrund.com\/index.php\/making-of-dumond\/","title":{"rendered":"Making Of Dumond"},"content":{"rendered":"<p>A nova campanha de inverno da marca de cal\u00e7ados Dumond, teve como ispira\u00e7\u00e3o os Len\u00e7\u00f3is Maranhenses. Um universo de cores, formas e texturas invadiram as lentes do fot\u00f3grafo F\u00e1bio Bartelt. Enquanto n\u00e3o vemos o resultado final, vamos ver algumas fotos?<\/p>\n<p style=\"text-align: center\"><img decoding=\"async\" loading=\"lazy\" class=\"aligncenter size-full wp-image-22629\" src=\"https:\/\/i0.wp.com\/www.agrund.com\/arquivo\/notas\/files\/2012\/02\/DUMOND-1.jpg?resize=442%2C295\" alt=\"\" width=\"442\" height=\"295\" data-recalc-dims=\"1\" \/><\/p>\n<p style=\"text-align: center\">\n<p style=\"text-align: center\"><img decoding=\"async\" loading=\"lazy\" class=\"aligncenter size-full wp-image-22630\" src=\"https:\/\/i0.wp.com\/www.agrund.com\/arquivo\/notas\/files\/2012\/02\/DUMOND-2.jpg?resize=442%2C295\" alt=\"\" width=\"442\" height=\"295\" data-recalc-dims=\"1\" \/><\/p>\n<p style=\"text-align: center\">\n<p style=\"text-align: center\"><img decoding=\"async\" loading=\"lazy\" class=\"aligncenter size-full wp-image-22631\" src=\"https:\/\/i0.wp.com\/www.agrund.com\/arquivo\/notas\/files\/2012\/02\/DUMOND-3.jpg?resize=442%2C295\" alt=\"\" width=\"442\" height=\"295\" data-recalc-dims=\"1\" \/><\/p>\n<p style=\"text-align: center\">\n<p style=\"text-align: center\"><img decoding=\"async\" loading=\"lazy\" class=\"aligncenter size-full wp-image-22632\" src=\"https:\/\/i0.wp.com\/www.agrund.com\/arquivo\/notas\/files\/2012\/02\/DUMOND-4.jpg?resize=473%2C316\" alt=\"\" width=\"473\" height=\"316\" data-recalc-dims=\"1\" \/><\/p>\n<p style=\"text-align: center\">\n<p style=\"text-align: left\">Imagem: Reprodu\u00e7\u00e3o<\/p>\n","protected":false},"excerpt":{"rendered":"<p>A nova campanha de inverno da marca de cal\u00e7ados Dumond, teve como ispira\u00e7\u00e3o os Len\u00e7\u00f3is Maranhenses. Um universo de cores, formas e texturas invadiram as lentes do fot\u00f3grafo F\u00e1bio Bartelt. Enquanto n\u00e3o vemos o resultado final, vamos ver algumas fotos? Imagem: Reprodu\u00e7\u00e3o<\/p>\n","protected":false},"author":8,"featured_media":22632,"comment_status":"open","ping_status":"open","sticky":false,"template":"","format":"standard","meta":{"jetpack_post_was_ever_published":false,"_jetpack_newsletter_access":"","jetpack_publicize_message":"","jetpack_is_tweetstorm":false,"jetpack_publicize_feature_enabled":true,"jetpack_social_post_already_shared":false,"jetpack_social_options":{"image_generator_settings":{"template":"highway","enabled":false}}},"categories":[2],"tags":[],"jetpack_publicize_connections":[],"jetpack_featured_media_url":"","jetpack_sharing_enabled":true,"jetpack_shortlink":"https:\/\/wp.me\/p3Hz0n-5SX","jetpack_likes_enabled":true,"_links":{"self":[{"href":"https:\/\/agrund.com\/index.php\/wp-json\/wp\/v2\/posts\/22627"}],"collection":[{"href":"https:\/\/agrund.com\/index.php\/wp-json\/wp\/v2\/posts"}],"about":[{"href":"https:\/\/agrund.com\/index.php\/wp-json\/wp\/v2\/types\/post"}],"author":[{"embeddable":true,"href":"https:\/\/agrund.com\/index.php\/wp-json\/wp\/v2\/users\/8"}],"replies":[{"embeddable":true,"href":"https:\/\/agrund.com\/index.php\/wp-json\/wp\/v2\/comments?post=22627"}],"version-history":[{"count":0,"href":"https:\/\/agrund.com\/index.php\/wp-json\/wp\/v2\/posts\/22627\/revisions"}],"wp:featuredmedia":[{"embeddable":true,"href":"https:\/\/agrund.com\/index.php\/wp-json\/"}],"wp:attachment":[{"href":"https:\/\/agrund.com\/index.php\/wp-json\/wp\/v2\/media?parent=22627"}],"wp:term":[{"taxonomy":"category","embeddable":true,"href":"https:\/\/agrund.com\/index.php\/wp-json\/wp\/v2\/categories?post=22627"},{"taxonomy":"post_tag","embeddable":true,"href":"https:\/\/agrund.com\/index.php\/wp-json\/wp\/v2\/tags?post=22627"}],"curies":[{"name":"wp","href":"https:\/\/api.w.org\/{rel}","templated":true}]}}