{"id":226163,"date":"2022-11-09T16:00:00","date_gmt":"2022-11-09T19:00:00","guid":{"rendered":"https:\/\/agrund.com\/?p=226163"},"modified":"2022-11-09T17:26:27","modified_gmt":"2022-11-09T20:26:27","slug":"minas-trend-28a-edicao-a-moda-inclusiva-da-pim","status":"publish","type":"post","link":"https:\/\/agrund.com\/index.php\/minas-trend-28a-edicao-a-moda-inclusiva-da-pim\/","title":{"rendered":"Minas Trend 28\u00aa edi\u00e7\u00e3o :: A moda inclusiva da Pim"},"content":{"rendered":"\n<p>Pelos corredores da 28\u00aa edi\u00e7\u00e3o do Minas Trend, o Agrund.com pode conhecer a Pim, marca mineira que d\u00e1 destaque \u00e0 inclus\u00e3o atrav\u00e9s de designs assinados pelo artista Augusto Corr\u00eaa.<\/p>\n\n\n\n<p>Para quem n\u00e3o conhece, Augusto \u00e9 um artista brasiliense de 20 anos. Ele tem S\u00edndrome de Down e desenvolveu um estilo \u00fanico de estampa atrav\u00e9s de suas combina\u00e7\u00f5es de bolinhas multicoloridas.<\/p>\n\n\n\n<p>De acordo com a marca, ele foi a fonte inspiradora para o projeto que visa dar mais visibilidade aos artistas que t\u00eam alguma defici\u00eancia, proporcionando empregabilidade.<\/p>\n\n\n\n<p>Com pouco mais de um ano, mas em crescimento acelerado, a Pim inicialmente chegou ao mercado vendendo apenas pare\u00f4s com as estampas de Augusto e hoje tem uma variedade de modelos e padronagens.<\/p>\n\n\n\n<p>\u201cViva a vida com leveza, gentileza, gratid\u00e3o e inclus\u00e3o\u201d, escreve a marca. Confira algumas das cria\u00e7\u00f5es:<\/p>\n\n\n\n<div class=\"wp-block-image\"><figure class=\"aligncenter size-large\"><img data-attachment-id=\"226164\" data-permalink=\"https:\/\/agrund.com\/index.php\/minas-trend-28a-edicao-a-moda-inclusiva-da-pim\/agrund-minas-trend-pim-1\/\" data-orig-file=\"https:\/\/i0.wp.com\/agrund.com\/wp-content\/uploads\/sites\/6\/2022\/11\/agrund-minas-trend-pim-1.jpeg?fit=600%2C1067&amp;ssl=1\" data-orig-size=\"600,1067\" data-comments-opened=\"1\" data-image-meta=\"{&quot;aperture&quot;:&quot;0&quot;,&quot;credit&quot;:&quot;&quot;,&quot;camera&quot;:&quot;&quot;,&quot;caption&quot;:&quot;&quot;,&quot;created_timestamp&quot;:&quot;0&quot;,&quot;copyright&quot;:&quot;&quot;,&quot;focal_length&quot;:&quot;0&quot;,&quot;iso&quot;:&quot;0&quot;,&quot;shutter_speed&quot;:&quot;0&quot;,&quot;title&quot;:&quot;&quot;,&quot;orientation&quot;:&quot;1&quot;}\" data-image-title=\"agrund-minas-trend-pim-1\" data-image-description=\"\" data-image-caption=\"\" data-medium-file=\"https:\/\/i0.wp.com\/agrund.com\/wp-content\/uploads\/sites\/6\/2022\/11\/agrund-minas-trend-pim-1.jpeg?fit=169%2C300&amp;ssl=1\" data-large-file=\"https:\/\/i0.wp.com\/agrund.com\/wp-content\/uploads\/sites\/6\/2022\/11\/agrund-minas-trend-pim-1.jpeg?fit=576%2C1024&amp;ssl=1\" decoding=\"async\" loading=\"lazy\" width=\"576\" height=\"1024\" src=\"https:\/\/i0.wp.com\/agrund.com\/wp-content\/uploads\/sites\/6\/2022\/11\/agrund-minas-trend-pim-1.jpeg?resize=576%2C1024&#038;ssl=1\" alt=\"\" class=\"wp-image-226164\" srcset=\"https:\/\/i0.wp.com\/agrund.com\/wp-content\/uploads\/sites\/6\/2022\/11\/agrund-minas-trend-pim-1.jpeg?resize=576%2C1024&amp;ssl=1 576w, https:\/\/i0.wp.com\/agrund.com\/wp-content\/uploads\/sites\/6\/2022\/11\/agrund-minas-trend-pim-1.jpeg?resize=169%2C300&amp;ssl=1 169w, https:\/\/i0.wp.com\/agrund.com\/wp-content\/uploads\/sites\/6\/2022\/11\/agrund-minas-trend-pim-1.jpeg?w=600&amp;ssl=1 600w\" sizes=\"(max-width: 576px) 100vw, 576px\" data-recalc-dims=\"1\" \/><figcaption>Minas Trend 28\u00aa edi\u00e7\u00e3o :: A moda inclusiva da Pim<\/figcaption><\/figure><\/div>\n\n\n\n<div class=\"wp-block-image\"><figure class=\"aligncenter size-large\"><img data-attachment-id=\"226165\" data-permalink=\"https:\/\/agrund.com\/index.php\/minas-trend-28a-edicao-a-moda-inclusiva-da-pim\/agrund-minas-trend-pim-2\/\" data-orig-file=\"https:\/\/i0.wp.com\/agrund.com\/wp-content\/uploads\/sites\/6\/2022\/11\/agrund-minas-trend-pim-2.jpeg?fit=600%2C1067&amp;ssl=1\" data-orig-size=\"600,1067\" data-comments-opened=\"1\" data-image-meta=\"{&quot;aperture&quot;:&quot;0&quot;,&quot;credit&quot;:&quot;&quot;,&quot;camera&quot;:&quot;&quot;,&quot;caption&quot;:&quot;&quot;,&quot;created_timestamp&quot;:&quot;0&quot;,&quot;copyright&quot;:&quot;&quot;,&quot;focal_length&quot;:&quot;0&quot;,&quot;iso&quot;:&quot;0&quot;,&quot;shutter_speed&quot;:&quot;0&quot;,&quot;title&quot;:&quot;&quot;,&quot;orientation&quot;:&quot;1&quot;}\" data-image-title=\"agrund-minas-trend-pim-2\" data-image-description=\"\" data-image-caption=\"\" data-medium-file=\"https:\/\/i0.wp.com\/agrund.com\/wp-content\/uploads\/sites\/6\/2022\/11\/agrund-minas-trend-pim-2.jpeg?fit=169%2C300&amp;ssl=1\" data-large-file=\"https:\/\/i0.wp.com\/agrund.com\/wp-content\/uploads\/sites\/6\/2022\/11\/agrund-minas-trend-pim-2.jpeg?fit=576%2C1024&amp;ssl=1\" decoding=\"async\" loading=\"lazy\" width=\"576\" height=\"1024\" src=\"https:\/\/i0.wp.com\/agrund.com\/wp-content\/uploads\/sites\/6\/2022\/11\/agrund-minas-trend-pim-2.jpeg?resize=576%2C1024&#038;ssl=1\" alt=\"\" class=\"wp-image-226165\" srcset=\"https:\/\/i0.wp.com\/agrund.com\/wp-content\/uploads\/sites\/6\/2022\/11\/agrund-minas-trend-pim-2.jpeg?resize=576%2C1024&amp;ssl=1 576w, https:\/\/i0.wp.com\/agrund.com\/wp-content\/uploads\/sites\/6\/2022\/11\/agrund-minas-trend-pim-2.jpeg?resize=169%2C300&amp;ssl=1 169w, https:\/\/i0.wp.com\/agrund.com\/wp-content\/uploads\/sites\/6\/2022\/11\/agrund-minas-trend-pim-2.jpeg?w=600&amp;ssl=1 600w\" sizes=\"(max-width: 576px) 100vw, 576px\" data-recalc-dims=\"1\" \/><figcaption>Minas Trend 28\u00aa edi\u00e7\u00e3o :: A moda inclusiva da Pim<\/figcaption><\/figure><\/div>\n\n\n\n<div class=\"wp-block-image\"><figure class=\"aligncenter size-large\"><img data-attachment-id=\"226166\" data-permalink=\"https:\/\/agrund.com\/index.php\/minas-trend-28a-edicao-a-moda-inclusiva-da-pim\/agrund-minas-trend-pim-3\/\" data-orig-file=\"https:\/\/i0.wp.com\/agrund.com\/wp-content\/uploads\/sites\/6\/2022\/11\/agrund-minas-trend-pim-3.jpeg?fit=600%2C1067&amp;ssl=1\" data-orig-size=\"600,1067\" data-comments-opened=\"1\" data-image-meta=\"{&quot;aperture&quot;:&quot;0&quot;,&quot;credit&quot;:&quot;&quot;,&quot;camera&quot;:&quot;&quot;,&quot;caption&quot;:&quot;&quot;,&quot;created_timestamp&quot;:&quot;0&quot;,&quot;copyright&quot;:&quot;&quot;,&quot;focal_length&quot;:&quot;0&quot;,&quot;iso&quot;:&quot;0&quot;,&quot;shutter_speed&quot;:&quot;0&quot;,&quot;title&quot;:&quot;&quot;,&quot;orientation&quot;:&quot;1&quot;}\" data-image-title=\"agrund-minas-trend-pim-3\" data-image-description=\"\" data-image-caption=\"\" data-medium-file=\"https:\/\/i0.wp.com\/agrund.com\/wp-content\/uploads\/sites\/6\/2022\/11\/agrund-minas-trend-pim-3.jpeg?fit=169%2C300&amp;ssl=1\" data-large-file=\"https:\/\/i0.wp.com\/agrund.com\/wp-content\/uploads\/sites\/6\/2022\/11\/agrund-minas-trend-pim-3.jpeg?fit=576%2C1024&amp;ssl=1\" decoding=\"async\" loading=\"lazy\" width=\"576\" height=\"1024\" src=\"https:\/\/i0.wp.com\/agrund.com\/wp-content\/uploads\/sites\/6\/2022\/11\/agrund-minas-trend-pim-3.jpeg?resize=576%2C1024&#038;ssl=1\" alt=\"\" class=\"wp-image-226166\" srcset=\"https:\/\/i0.wp.com\/agrund.com\/wp-content\/uploads\/sites\/6\/2022\/11\/agrund-minas-trend-pim-3.jpeg?resize=576%2C1024&amp;ssl=1 576w, https:\/\/i0.wp.com\/agrund.com\/wp-content\/uploads\/sites\/6\/2022\/11\/agrund-minas-trend-pim-3.jpeg?resize=169%2C300&amp;ssl=1 169w, https:\/\/i0.wp.com\/agrund.com\/wp-content\/uploads\/sites\/6\/2022\/11\/agrund-minas-trend-pim-3.jpeg?w=600&amp;ssl=1 600w\" sizes=\"(max-width: 576px) 100vw, 576px\" data-recalc-dims=\"1\" \/><figcaption>Minas Trend 28\u00aa edi\u00e7\u00e3o :: A moda inclusiva da Pim<\/figcaption><\/figure><\/div>\n\n\n\n<div class=\"wp-block-image\"><figure class=\"aligncenter size-full\"><img data-attachment-id=\"226167\" data-permalink=\"https:\/\/agrund.com\/index.php\/minas-trend-28a-edicao-a-moda-inclusiva-da-pim\/agrund-minas-trend-pim-4\/\" data-orig-file=\"https:\/\/i0.wp.com\/agrund.com\/wp-content\/uploads\/sites\/6\/2022\/11\/agrund-minas-trend-pim-4.jpeg?fit=600%2C594&amp;ssl=1\" data-orig-size=\"600,594\" data-comments-opened=\"1\" data-image-meta=\"{&quot;aperture&quot;:&quot;0&quot;,&quot;credit&quot;:&quot;&quot;,&quot;camera&quot;:&quot;&quot;,&quot;caption&quot;:&quot;&quot;,&quot;created_timestamp&quot;:&quot;0&quot;,&quot;copyright&quot;:&quot;&quot;,&quot;focal_length&quot;:&quot;0&quot;,&quot;iso&quot;:&quot;0&quot;,&quot;shutter_speed&quot;:&quot;0&quot;,&quot;title&quot;:&quot;&quot;,&quot;orientation&quot;:&quot;1&quot;}\" data-image-title=\"agrund-minas-trend-pim-4\" data-image-description=\"\" data-image-caption=\"\" data-medium-file=\"https:\/\/i0.wp.com\/agrund.com\/wp-content\/uploads\/sites\/6\/2022\/11\/agrund-minas-trend-pim-4.jpeg?fit=300%2C297&amp;ssl=1\" data-large-file=\"https:\/\/i0.wp.com\/agrund.com\/wp-content\/uploads\/sites\/6\/2022\/11\/agrund-minas-trend-pim-4.jpeg?fit=600%2C594&amp;ssl=1\" decoding=\"async\" loading=\"lazy\" width=\"600\" height=\"594\" src=\"https:\/\/i0.wp.com\/agrund.com\/wp-content\/uploads\/sites\/6\/2022\/11\/agrund-minas-trend-pim-4.jpeg?resize=600%2C594&#038;ssl=1\" alt=\"\" class=\"wp-image-226167\" srcset=\"https:\/\/i0.wp.com\/agrund.com\/wp-content\/uploads\/sites\/6\/2022\/11\/agrund-minas-trend-pim-4.jpeg?w=600&amp;ssl=1 600w, https:\/\/i0.wp.com\/agrund.com\/wp-content\/uploads\/sites\/6\/2022\/11\/agrund-minas-trend-pim-4.jpeg?resize=300%2C297&amp;ssl=1 300w, https:\/\/i0.wp.com\/agrund.com\/wp-content\/uploads\/sites\/6\/2022\/11\/agrund-minas-trend-pim-4.jpeg?resize=150%2C150&amp;ssl=1 150w\" sizes=\"(max-width: 600px) 100vw, 600px\" data-recalc-dims=\"1\" \/><figcaption>Minas Trend 28\u00aa edi\u00e7\u00e3o :: A moda inclusiva da Pim<\/figcaption><\/figure><\/div>\n\n\n\n<div class=\"wp-block-image\"><figure class=\"aligncenter size-full\"><img data-attachment-id=\"226168\" data-permalink=\"https:\/\/agrund.com\/index.php\/minas-trend-28a-edicao-a-moda-inclusiva-da-pim\/agrund-minas-trend-pim-5\/\" data-orig-file=\"https:\/\/i0.wp.com\/agrund.com\/wp-content\/uploads\/sites\/6\/2022\/11\/agrund-minas-trend-pim-5.jpeg?fit=600%2C583&amp;ssl=1\" data-orig-size=\"600,583\" data-comments-opened=\"1\" data-image-meta=\"{&quot;aperture&quot;:&quot;0&quot;,&quot;credit&quot;:&quot;&quot;,&quot;camera&quot;:&quot;&quot;,&quot;caption&quot;:&quot;&quot;,&quot;created_timestamp&quot;:&quot;0&quot;,&quot;copyright&quot;:&quot;&quot;,&quot;focal_length&quot;:&quot;0&quot;,&quot;iso&quot;:&quot;0&quot;,&quot;shutter_speed&quot;:&quot;0&quot;,&quot;title&quot;:&quot;&quot;,&quot;orientation&quot;:&quot;1&quot;}\" data-image-title=\"agrund-minas-trend-pim-5\" data-image-description=\"\" data-image-caption=\"\" data-medium-file=\"https:\/\/i0.wp.com\/agrund.com\/wp-content\/uploads\/sites\/6\/2022\/11\/agrund-minas-trend-pim-5.jpeg?fit=300%2C292&amp;ssl=1\" data-large-file=\"https:\/\/i0.wp.com\/agrund.com\/wp-content\/uploads\/sites\/6\/2022\/11\/agrund-minas-trend-pim-5.jpeg?fit=600%2C583&amp;ssl=1\" decoding=\"async\" loading=\"lazy\" width=\"600\" height=\"583\" src=\"https:\/\/i0.wp.com\/agrund.com\/wp-content\/uploads\/sites\/6\/2022\/11\/agrund-minas-trend-pim-5.jpeg?resize=600%2C583&#038;ssl=1\" alt=\"\" class=\"wp-image-226168\" srcset=\"https:\/\/i0.wp.com\/agrund.com\/wp-content\/uploads\/sites\/6\/2022\/11\/agrund-minas-trend-pim-5.jpeg?w=600&amp;ssl=1 600w, https:\/\/i0.wp.com\/agrund.com\/wp-content\/uploads\/sites\/6\/2022\/11\/agrund-minas-trend-pim-5.jpeg?resize=300%2C292&amp;ssl=1 300w\" sizes=\"(max-width: 600px) 100vw, 600px\" data-recalc-dims=\"1\" \/><figcaption>Minas Trend 28\u00aa edi\u00e7\u00e3o :: A moda inclusiva da Pim<\/figcaption><\/figure><\/div>\n\n\n\n<div class=\"wp-block-image\"><figure class=\"aligncenter size-full\"><img data-attachment-id=\"226169\" data-permalink=\"https:\/\/agrund.com\/index.php\/minas-trend-28a-edicao-a-moda-inclusiva-da-pim\/agrund-minas-trend-pim-6\/\" data-orig-file=\"https:\/\/i0.wp.com\/agrund.com\/wp-content\/uploads\/sites\/6\/2022\/11\/agrund-minas-trend-pim-6.jpeg?fit=600%2C596&amp;ssl=1\" data-orig-size=\"600,596\" data-comments-opened=\"1\" data-image-meta=\"{&quot;aperture&quot;:&quot;0&quot;,&quot;credit&quot;:&quot;&quot;,&quot;camera&quot;:&quot;&quot;,&quot;caption&quot;:&quot;&quot;,&quot;created_timestamp&quot;:&quot;0&quot;,&quot;copyright&quot;:&quot;&quot;,&quot;focal_length&quot;:&quot;0&quot;,&quot;iso&quot;:&quot;0&quot;,&quot;shutter_speed&quot;:&quot;0&quot;,&quot;title&quot;:&quot;&quot;,&quot;orientation&quot;:&quot;1&quot;}\" data-image-title=\"agrund-minas-trend-pim-6\" data-image-description=\"\" data-image-caption=\"\" data-medium-file=\"https:\/\/i0.wp.com\/agrund.com\/wp-content\/uploads\/sites\/6\/2022\/11\/agrund-minas-trend-pim-6.jpeg?fit=300%2C298&amp;ssl=1\" data-large-file=\"https:\/\/i0.wp.com\/agrund.com\/wp-content\/uploads\/sites\/6\/2022\/11\/agrund-minas-trend-pim-6.jpeg?fit=600%2C596&amp;ssl=1\" decoding=\"async\" loading=\"lazy\" width=\"600\" height=\"596\" src=\"https:\/\/i0.wp.com\/agrund.com\/wp-content\/uploads\/sites\/6\/2022\/11\/agrund-minas-trend-pim-6.jpeg?resize=600%2C596&#038;ssl=1\" alt=\"\" class=\"wp-image-226169\" srcset=\"https:\/\/i0.wp.com\/agrund.com\/wp-content\/uploads\/sites\/6\/2022\/11\/agrund-minas-trend-pim-6.jpeg?w=600&amp;ssl=1 600w, https:\/\/i0.wp.com\/agrund.com\/wp-content\/uploads\/sites\/6\/2022\/11\/agrund-minas-trend-pim-6.jpeg?resize=300%2C298&amp;ssl=1 300w, https:\/\/i0.wp.com\/agrund.com\/wp-content\/uploads\/sites\/6\/2022\/11\/agrund-minas-trend-pim-6.jpeg?resize=150%2C150&amp;ssl=1 150w\" sizes=\"(max-width: 600px) 100vw, 600px\" data-recalc-dims=\"1\" \/><figcaption>Minas Trend 28\u00aa edi\u00e7\u00e3o :: A moda inclusiva da Pim<\/figcaption><\/figure><\/div>\n\n\n\n<div class=\"wp-block-image\"><figure class=\"aligncenter size-full\"><img data-attachment-id=\"226170\" data-permalink=\"https:\/\/agrund.com\/index.php\/minas-trend-28a-edicao-a-moda-inclusiva-da-pim\/agrund-minas-trend-pim-7\/\" data-orig-file=\"https:\/\/i0.wp.com\/agrund.com\/wp-content\/uploads\/sites\/6\/2022\/11\/agrund-minas-trend-pim-7.jpeg?fit=600%2C667&amp;ssl=1\" data-orig-size=\"600,667\" data-comments-opened=\"1\" data-image-meta=\"{&quot;aperture&quot;:&quot;0&quot;,&quot;credit&quot;:&quot;&quot;,&quot;camera&quot;:&quot;&quot;,&quot;caption&quot;:&quot;&quot;,&quot;created_timestamp&quot;:&quot;0&quot;,&quot;copyright&quot;:&quot;&quot;,&quot;focal_length&quot;:&quot;0&quot;,&quot;iso&quot;:&quot;0&quot;,&quot;shutter_speed&quot;:&quot;0&quot;,&quot;title&quot;:&quot;&quot;,&quot;orientation&quot;:&quot;1&quot;}\" data-image-title=\"agrund-minas-trend-pim-7\" data-image-description=\"\" data-image-caption=\"\" data-medium-file=\"https:\/\/i0.wp.com\/agrund.com\/wp-content\/uploads\/sites\/6\/2022\/11\/agrund-minas-trend-pim-7.jpeg?fit=270%2C300&amp;ssl=1\" data-large-file=\"https:\/\/i0.wp.com\/agrund.com\/wp-content\/uploads\/sites\/6\/2022\/11\/agrund-minas-trend-pim-7.jpeg?fit=600%2C667&amp;ssl=1\" decoding=\"async\" loading=\"lazy\" width=\"600\" height=\"667\" src=\"https:\/\/i0.wp.com\/agrund.com\/wp-content\/uploads\/sites\/6\/2022\/11\/agrund-minas-trend-pim-7.jpeg?resize=600%2C667&#038;ssl=1\" alt=\"\" class=\"wp-image-226170\" srcset=\"https:\/\/i0.wp.com\/agrund.com\/wp-content\/uploads\/sites\/6\/2022\/11\/agrund-minas-trend-pim-7.jpeg?w=600&amp;ssl=1 600w, https:\/\/i0.wp.com\/agrund.com\/wp-content\/uploads\/sites\/6\/2022\/11\/agrund-minas-trend-pim-7.jpeg?resize=270%2C300&amp;ssl=1 270w\" sizes=\"(max-width: 600px) 100vw, 600px\" data-recalc-dims=\"1\" \/><figcaption>Minas Trend 28\u00aa edi\u00e7\u00e3o :: A moda inclusiva da Pim<\/figcaption><\/figure><\/div>\n\n\n\n<div class=\"wp-block-image\"><figure class=\"aligncenter size-full\"><img data-attachment-id=\"226171\" data-permalink=\"https:\/\/agrund.com\/index.php\/minas-trend-28a-edicao-a-moda-inclusiva-da-pim\/agrund-minas-trend-pim-8\/\" data-orig-file=\"https:\/\/i0.wp.com\/agrund.com\/wp-content\/uploads\/sites\/6\/2022\/11\/agrund-minas-trend-pim-8.jpeg?fit=600%2C593&amp;ssl=1\" data-orig-size=\"600,593\" data-comments-opened=\"1\" data-image-meta=\"{&quot;aperture&quot;:&quot;0&quot;,&quot;credit&quot;:&quot;&quot;,&quot;camera&quot;:&quot;&quot;,&quot;caption&quot;:&quot;&quot;,&quot;created_timestamp&quot;:&quot;0&quot;,&quot;copyright&quot;:&quot;&quot;,&quot;focal_length&quot;:&quot;0&quot;,&quot;iso&quot;:&quot;0&quot;,&quot;shutter_speed&quot;:&quot;0&quot;,&quot;title&quot;:&quot;&quot;,&quot;orientation&quot;:&quot;1&quot;}\" data-image-title=\"agrund-minas-trend-pim-8\" data-image-description=\"\" data-image-caption=\"\" data-medium-file=\"https:\/\/i0.wp.com\/agrund.com\/wp-content\/uploads\/sites\/6\/2022\/11\/agrund-minas-trend-pim-8.jpeg?fit=300%2C297&amp;ssl=1\" data-large-file=\"https:\/\/i0.wp.com\/agrund.com\/wp-content\/uploads\/sites\/6\/2022\/11\/agrund-minas-trend-pim-8.jpeg?fit=600%2C593&amp;ssl=1\" decoding=\"async\" loading=\"lazy\" width=\"600\" height=\"593\" src=\"https:\/\/i0.wp.com\/agrund.com\/wp-content\/uploads\/sites\/6\/2022\/11\/agrund-minas-trend-pim-8.jpeg?resize=600%2C593&#038;ssl=1\" alt=\"\" class=\"wp-image-226171\" srcset=\"https:\/\/i0.wp.com\/agrund.com\/wp-content\/uploads\/sites\/6\/2022\/11\/agrund-minas-trend-pim-8.jpeg?w=600&amp;ssl=1 600w, https:\/\/i0.wp.com\/agrund.com\/wp-content\/uploads\/sites\/6\/2022\/11\/agrund-minas-trend-pim-8.jpeg?resize=300%2C297&amp;ssl=1 300w\" sizes=\"(max-width: 600px) 100vw, 600px\" data-recalc-dims=\"1\" \/><figcaption>Minas Trend 28\u00aa edi\u00e7\u00e3o :: A moda inclusiva da Pim<\/figcaption><\/figure><\/div>\n\n\n\n<div class=\"wp-block-image\"><figure class=\"aligncenter size-full\"><img data-attachment-id=\"226172\" data-permalink=\"https:\/\/agrund.com\/index.php\/minas-trend-28a-edicao-a-moda-inclusiva-da-pim\/agrund-minas-trend-pim-9\/\" data-orig-file=\"https:\/\/i0.wp.com\/agrund.com\/wp-content\/uploads\/sites\/6\/2022\/11\/agrund-minas-trend-pim-9.jpeg?fit=600%2C671&amp;ssl=1\" data-orig-size=\"600,671\" data-comments-opened=\"1\" data-image-meta=\"{&quot;aperture&quot;:&quot;0&quot;,&quot;credit&quot;:&quot;&quot;,&quot;camera&quot;:&quot;&quot;,&quot;caption&quot;:&quot;&quot;,&quot;created_timestamp&quot;:&quot;0&quot;,&quot;copyright&quot;:&quot;&quot;,&quot;focal_length&quot;:&quot;0&quot;,&quot;iso&quot;:&quot;0&quot;,&quot;shutter_speed&quot;:&quot;0&quot;,&quot;title&quot;:&quot;&quot;,&quot;orientation&quot;:&quot;1&quot;}\" data-image-title=\"agrund-minas-trend-pim-9\" data-image-description=\"\" data-image-caption=\"\" data-medium-file=\"https:\/\/i0.wp.com\/agrund.com\/wp-content\/uploads\/sites\/6\/2022\/11\/agrund-minas-trend-pim-9.jpeg?fit=268%2C300&amp;ssl=1\" data-large-file=\"https:\/\/i0.wp.com\/agrund.com\/wp-content\/uploads\/sites\/6\/2022\/11\/agrund-minas-trend-pim-9.jpeg?fit=600%2C671&amp;ssl=1\" decoding=\"async\" loading=\"lazy\" width=\"600\" height=\"671\" src=\"https:\/\/i0.wp.com\/agrund.com\/wp-content\/uploads\/sites\/6\/2022\/11\/agrund-minas-trend-pim-9.jpeg?resize=600%2C671&#038;ssl=1\" alt=\"\" class=\"wp-image-226172\" srcset=\"https:\/\/i0.wp.com\/agrund.com\/wp-content\/uploads\/sites\/6\/2022\/11\/agrund-minas-trend-pim-9.jpeg?w=600&amp;ssl=1 600w, https:\/\/i0.wp.com\/agrund.com\/wp-content\/uploads\/sites\/6\/2022\/11\/agrund-minas-trend-pim-9.jpeg?resize=268%2C300&amp;ssl=1 268w\" sizes=\"(max-width: 600px) 100vw, 600px\" data-recalc-dims=\"1\" \/><figcaption>Minas Trend 28\u00aa edi\u00e7\u00e3o :: A moda inclusiva da Pim<\/figcaption><\/figure><\/div>\n\n\n\n<p>\u00a0\u00a0Fotos: Thay Sanqueta\/ Pim\/ Reprodu\u00e7\u00e3o. <\/p>\n","protected":false},"excerpt":{"rendered":"<p>Pelos corredores da 28\u00aa edi\u00e7\u00e3o do Minas Trend, o Agrund.com pode conhecer a Pim, marca mineira que d\u00e1 destaque \u00e0 inclus\u00e3o atrav\u00e9s de designs assinados pelo artista Augusto Corr\u00eaa. Para quem n\u00e3o conhece, Augusto \u00e9 um artista brasiliense de 20 anos. Ele tem S\u00edndrome de Down e desenvolveu um estilo \u00fanico de estampa atrav\u00e9s de [&hellip;]<\/p>\n","protected":false},"author":8,"featured_media":226173,"comment_status":"open","ping_status":"open","sticky":false,"template":"","format":"standard","meta":{"jetpack_post_was_ever_published":false,"_jetpack_newsletter_access":"","jetpack_publicize_message":"","jetpack_is_tweetstorm":false,"jetpack_publicize_feature_enabled":true,"jetpack_social_post_already_shared":true,"jetpack_social_options":{"image_generator_settings":{"template":"highway","enabled":false}}},"categories":[2],"tags":[395,375,3428,423,347,3259,77,67,525,3426,3427,424,862],"jetpack_publicize_connections":[],"jetpack_featured_media_url":"https:\/\/i0.wp.com\/agrund.com\/wp-content\/uploads\/sites\/6\/2022\/11\/s-13.jpg?fit=960%2C300&ssl=1","jetpack_sharing_enabled":true,"jetpack_shortlink":"https:\/\/wp.me\/p3Hz0n-WPN","jetpack_likes_enabled":true,"_links":{"self":[{"href":"https:\/\/agrund.com\/index.php\/wp-json\/wp\/v2\/posts\/226163"}],"collection":[{"href":"https:\/\/agrund.com\/index.php\/wp-json\/wp\/v2\/posts"}],"about":[{"href":"https:\/\/agrund.com\/index.php\/wp-json\/wp\/v2\/types\/post"}],"author":[{"embeddable":true,"href":"https:\/\/agrund.com\/index.php\/wp-json\/wp\/v2\/users\/8"}],"replies":[{"embeddable":true,"href":"https:\/\/agrund.com\/index.php\/wp-json\/wp\/v2\/comments?post=226163"}],"version-history":[{"count":1,"href":"https:\/\/agrund.com\/index.php\/wp-json\/wp\/v2\/posts\/226163\/revisions"}],"predecessor-version":[{"id":226174,"href":"https:\/\/agrund.com\/index.php\/wp-json\/wp\/v2\/posts\/226163\/revisions\/226174"}],"wp:featuredmedia":[{"embeddable":true,"href":"https:\/\/agrund.com\/index.php\/wp-json\/wp\/v2\/media\/226173"}],"wp:attachment":[{"href":"https:\/\/agrund.com\/index.php\/wp-json\/wp\/v2\/media?parent=226163"}],"wp:term":[{"taxonomy":"category","embeddable":true,"href":"https:\/\/agrund.com\/index.php\/wp-json\/wp\/v2\/categories?post=226163"},{"taxonomy":"post_tag","embeddable":true,"href":"https:\/\/agrund.com\/index.php\/wp-json\/wp\/v2\/tags?post=226163"}],"curies":[{"name":"wp","href":"https:\/\/api.w.org\/{rel}","templated":true}]}}