{"id":226104,"date":"2022-11-08T12:00:00","date_gmt":"2022-11-08T15:00:00","guid":{"rendered":"https:\/\/agrund.com\/?p=226104"},"modified":"2022-11-08T13:22:44","modified_gmt":"2022-11-08T16:22:44","slug":"minas-trend-28a-edicao-a-moda-no-centro","status":"publish","type":"post","link":"https:\/\/agrund.com\/index.php\/minas-trend-28a-edicao-a-moda-no-centro\/","title":{"rendered":"Minas Trend 28\u00aa edi\u00e7\u00e3o :: &#8220;A Moda no Centro&#8221;"},"content":{"rendered":"\n<p>Texto por Thay Sanqueta<\/p>\n\n\n\n<p>Edi\u00e7\u00e3o por Rafa Piovezani<\/p>\n\n\n\n<p>A 28\u00aa edi\u00e7\u00e3o do Minas Trend aconteceu entre os dias 02 e 04 de novembro e \u00e9 claro que o Agrund.com esteve por l\u00e1 acompanhando todas as novidades do mercado.\u00a0<\/p>\n\n\n\n<p>Comemorando seus 15 anos, o maior sal\u00e3o de neg\u00f3cios de moda da Am\u00e9rica Latina ganhou um novo formato, novos segmentos e tamb\u00e9m est\u00e1 de casa nova, o Minascentro, que foi inspira\u00e7\u00e3o para o mote dessa edi\u00e7\u00e3o: &#8220;A Moda no Centro&#8221;. Quem passou por l\u00e1 conferiu as cole\u00e7\u00f5es de 117 marcas, divididas em 4 setores, sendo 17 delas de lingeries, beachwear e sleepwear; 26 de vestu\u00e1rio; 34 de joias e bijuterias e 40 de bolsas e sapatos.\u00a0<\/p>\n\n\n\n<p>A programa\u00e7\u00e3o de palestras sobre o mercado da moda tamb\u00e9m continuou nessa edi\u00e7\u00e3o, assim como exposi\u00e7\u00f5es e mostras criativas para todos os visitantes. Acompanhe tudo nos pr\u00f3ximos posts!\u00a0<\/p>\n\n\n\n<div class=\"wp-block-image\"><figure class=\"aligncenter size-large\"><img data-attachment-id=\"226106\" data-permalink=\"https:\/\/agrund.com\/index.php\/minas-trend-28a-edicao-a-moda-no-centro\/agrund-minas-trend-28-2022-1\/\" data-orig-file=\"https:\/\/i0.wp.com\/agrund.com\/wp-content\/uploads\/sites\/6\/2022\/11\/agrund-minas-trend-28-2022-1.jpeg?fit=600%2C1067&amp;ssl=1\" data-orig-size=\"600,1067\" data-comments-opened=\"1\" data-image-meta=\"{&quot;aperture&quot;:&quot;0&quot;,&quot;credit&quot;:&quot;&quot;,&quot;camera&quot;:&quot;&quot;,&quot;caption&quot;:&quot;&quot;,&quot;created_timestamp&quot;:&quot;0&quot;,&quot;copyright&quot;:&quot;&quot;,&quot;focal_length&quot;:&quot;0&quot;,&quot;iso&quot;:&quot;0&quot;,&quot;shutter_speed&quot;:&quot;0&quot;,&quot;title&quot;:&quot;&quot;,&quot;orientation&quot;:&quot;1&quot;}\" data-image-title=\"agrund-minas-trend-28-2022-1\" data-image-description=\"\" data-image-caption=\"\" data-medium-file=\"https:\/\/i0.wp.com\/agrund.com\/wp-content\/uploads\/sites\/6\/2022\/11\/agrund-minas-trend-28-2022-1.jpeg?fit=169%2C300&amp;ssl=1\" data-large-file=\"https:\/\/i0.wp.com\/agrund.com\/wp-content\/uploads\/sites\/6\/2022\/11\/agrund-minas-trend-28-2022-1.jpeg?fit=576%2C1024&amp;ssl=1\" decoding=\"async\" loading=\"lazy\" width=\"576\" height=\"1024\" src=\"https:\/\/i0.wp.com\/agrund.com\/wp-content\/uploads\/sites\/6\/2022\/11\/agrund-minas-trend-28-2022-1.jpeg?resize=576%2C1024&#038;ssl=1\" alt=\"\" class=\"wp-image-226106\" srcset=\"https:\/\/i0.wp.com\/agrund.com\/wp-content\/uploads\/sites\/6\/2022\/11\/agrund-minas-trend-28-2022-1.jpeg?resize=576%2C1024&amp;ssl=1 576w, https:\/\/i0.wp.com\/agrund.com\/wp-content\/uploads\/sites\/6\/2022\/11\/agrund-minas-trend-28-2022-1.jpeg?resize=169%2C300&amp;ssl=1 169w, https:\/\/i0.wp.com\/agrund.com\/wp-content\/uploads\/sites\/6\/2022\/11\/agrund-minas-trend-28-2022-1.jpeg?w=600&amp;ssl=1 600w\" sizes=\"(max-width: 576px) 100vw, 576px\" data-recalc-dims=\"1\" \/><figcaption>Minas Trend 28\u00aa edi\u00e7\u00e3o :: &#8220;A Moda no Centro&#8221;<\/figcaption><\/figure><\/div>\n\n\n\n<div class=\"wp-block-image\"><figure class=\"aligncenter size-large\"><img data-attachment-id=\"226107\" data-permalink=\"https:\/\/agrund.com\/index.php\/minas-trend-28a-edicao-a-moda-no-centro\/agrund-minas-trend-28-2022-2\/\" data-orig-file=\"https:\/\/i0.wp.com\/agrund.com\/wp-content\/uploads\/sites\/6\/2022\/11\/agrund-minas-trend-28-2022-2.jpeg?fit=600%2C1067&amp;ssl=1\" data-orig-size=\"600,1067\" data-comments-opened=\"1\" data-image-meta=\"{&quot;aperture&quot;:&quot;0&quot;,&quot;credit&quot;:&quot;&quot;,&quot;camera&quot;:&quot;&quot;,&quot;caption&quot;:&quot;&quot;,&quot;created_timestamp&quot;:&quot;0&quot;,&quot;copyright&quot;:&quot;&quot;,&quot;focal_length&quot;:&quot;0&quot;,&quot;iso&quot;:&quot;0&quot;,&quot;shutter_speed&quot;:&quot;0&quot;,&quot;title&quot;:&quot;&quot;,&quot;orientation&quot;:&quot;1&quot;}\" data-image-title=\"agrund-minas-trend-28-2022-2\" data-image-description=\"\" data-image-caption=\"\" data-medium-file=\"https:\/\/i0.wp.com\/agrund.com\/wp-content\/uploads\/sites\/6\/2022\/11\/agrund-minas-trend-28-2022-2.jpeg?fit=169%2C300&amp;ssl=1\" data-large-file=\"https:\/\/i0.wp.com\/agrund.com\/wp-content\/uploads\/sites\/6\/2022\/11\/agrund-minas-trend-28-2022-2.jpeg?fit=576%2C1024&amp;ssl=1\" decoding=\"async\" loading=\"lazy\" width=\"576\" height=\"1024\" src=\"https:\/\/i0.wp.com\/agrund.com\/wp-content\/uploads\/sites\/6\/2022\/11\/agrund-minas-trend-28-2022-2.jpeg?resize=576%2C1024&#038;ssl=1\" alt=\"\" class=\"wp-image-226107\" srcset=\"https:\/\/i0.wp.com\/agrund.com\/wp-content\/uploads\/sites\/6\/2022\/11\/agrund-minas-trend-28-2022-2.jpeg?resize=576%2C1024&amp;ssl=1 576w, https:\/\/i0.wp.com\/agrund.com\/wp-content\/uploads\/sites\/6\/2022\/11\/agrund-minas-trend-28-2022-2.jpeg?resize=169%2C300&amp;ssl=1 169w, https:\/\/i0.wp.com\/agrund.com\/wp-content\/uploads\/sites\/6\/2022\/11\/agrund-minas-trend-28-2022-2.jpeg?w=600&amp;ssl=1 600w\" sizes=\"(max-width: 576px) 100vw, 576px\" data-recalc-dims=\"1\" \/><figcaption>Minas Trend 28\u00aa edi\u00e7\u00e3o :: &#8220;A Moda no Centro&#8221;<\/figcaption><\/figure><\/div>\n\n\n\n<div class=\"wp-block-image\"><figure class=\"aligncenter size-large\"><img data-attachment-id=\"226108\" data-permalink=\"https:\/\/agrund.com\/index.php\/minas-trend-28a-edicao-a-moda-no-centro\/agrund-minas-trend-28-2022-3\/\" data-orig-file=\"https:\/\/i0.wp.com\/agrund.com\/wp-content\/uploads\/sites\/6\/2022\/11\/agrund-minas-trend-28-2022-3.jpeg?fit=600%2C1067&amp;ssl=1\" data-orig-size=\"600,1067\" data-comments-opened=\"1\" data-image-meta=\"{&quot;aperture&quot;:&quot;0&quot;,&quot;credit&quot;:&quot;&quot;,&quot;camera&quot;:&quot;&quot;,&quot;caption&quot;:&quot;&quot;,&quot;created_timestamp&quot;:&quot;0&quot;,&quot;copyright&quot;:&quot;&quot;,&quot;focal_length&quot;:&quot;0&quot;,&quot;iso&quot;:&quot;0&quot;,&quot;shutter_speed&quot;:&quot;0&quot;,&quot;title&quot;:&quot;&quot;,&quot;orientation&quot;:&quot;1&quot;}\" data-image-title=\"agrund-minas-trend-28-2022-3\" data-image-description=\"\" data-image-caption=\"\" data-medium-file=\"https:\/\/i0.wp.com\/agrund.com\/wp-content\/uploads\/sites\/6\/2022\/11\/agrund-minas-trend-28-2022-3.jpeg?fit=169%2C300&amp;ssl=1\" data-large-file=\"https:\/\/i0.wp.com\/agrund.com\/wp-content\/uploads\/sites\/6\/2022\/11\/agrund-minas-trend-28-2022-3.jpeg?fit=576%2C1024&amp;ssl=1\" decoding=\"async\" loading=\"lazy\" width=\"576\" height=\"1024\" src=\"https:\/\/i0.wp.com\/agrund.com\/wp-content\/uploads\/sites\/6\/2022\/11\/agrund-minas-trend-28-2022-3.jpeg?resize=576%2C1024&#038;ssl=1\" alt=\"\" class=\"wp-image-226108\" srcset=\"https:\/\/i0.wp.com\/agrund.com\/wp-content\/uploads\/sites\/6\/2022\/11\/agrund-minas-trend-28-2022-3.jpeg?resize=576%2C1024&amp;ssl=1 576w, https:\/\/i0.wp.com\/agrund.com\/wp-content\/uploads\/sites\/6\/2022\/11\/agrund-minas-trend-28-2022-3.jpeg?resize=169%2C300&amp;ssl=1 169w, https:\/\/i0.wp.com\/agrund.com\/wp-content\/uploads\/sites\/6\/2022\/11\/agrund-minas-trend-28-2022-3.jpeg?w=600&amp;ssl=1 600w\" sizes=\"(max-width: 576px) 100vw, 576px\" data-recalc-dims=\"1\" \/><figcaption>Minas Trend 28\u00aa edi\u00e7\u00e3o :: &#8220;A Moda no Centro&#8221;<\/figcaption><\/figure><\/div>\n\n\n\n<div class=\"wp-block-image\"><figure class=\"aligncenter size-large\"><img data-attachment-id=\"226109\" data-permalink=\"https:\/\/agrund.com\/index.php\/minas-trend-28a-edicao-a-moda-no-centro\/agrund-minas-trend-28-2022-4\/\" data-orig-file=\"https:\/\/i0.wp.com\/agrund.com\/wp-content\/uploads\/sites\/6\/2022\/11\/agrund-minas-trend-28-2022-4.jpeg?fit=600%2C1067&amp;ssl=1\" data-orig-size=\"600,1067\" data-comments-opened=\"1\" data-image-meta=\"{&quot;aperture&quot;:&quot;0&quot;,&quot;credit&quot;:&quot;&quot;,&quot;camera&quot;:&quot;&quot;,&quot;caption&quot;:&quot;&quot;,&quot;created_timestamp&quot;:&quot;0&quot;,&quot;copyright&quot;:&quot;&quot;,&quot;focal_length&quot;:&quot;0&quot;,&quot;iso&quot;:&quot;0&quot;,&quot;shutter_speed&quot;:&quot;0&quot;,&quot;title&quot;:&quot;&quot;,&quot;orientation&quot;:&quot;1&quot;}\" data-image-title=\"agrund-minas-trend-28-2022-4\" data-image-description=\"\" data-image-caption=\"\" data-medium-file=\"https:\/\/i0.wp.com\/agrund.com\/wp-content\/uploads\/sites\/6\/2022\/11\/agrund-minas-trend-28-2022-4.jpeg?fit=169%2C300&amp;ssl=1\" data-large-file=\"https:\/\/i0.wp.com\/agrund.com\/wp-content\/uploads\/sites\/6\/2022\/11\/agrund-minas-trend-28-2022-4.jpeg?fit=576%2C1024&amp;ssl=1\" decoding=\"async\" loading=\"lazy\" width=\"576\" height=\"1024\" src=\"https:\/\/i0.wp.com\/agrund.com\/wp-content\/uploads\/sites\/6\/2022\/11\/agrund-minas-trend-28-2022-4.jpeg?resize=576%2C1024&#038;ssl=1\" alt=\"\" class=\"wp-image-226109\" srcset=\"https:\/\/i0.wp.com\/agrund.com\/wp-content\/uploads\/sites\/6\/2022\/11\/agrund-minas-trend-28-2022-4.jpeg?resize=576%2C1024&amp;ssl=1 576w, https:\/\/i0.wp.com\/agrund.com\/wp-content\/uploads\/sites\/6\/2022\/11\/agrund-minas-trend-28-2022-4.jpeg?resize=169%2C300&amp;ssl=1 169w, https:\/\/i0.wp.com\/agrund.com\/wp-content\/uploads\/sites\/6\/2022\/11\/agrund-minas-trend-28-2022-4.jpeg?w=600&amp;ssl=1 600w\" sizes=\"(max-width: 576px) 100vw, 576px\" data-recalc-dims=\"1\" \/><figcaption>Minas Trend 28\u00aa edi\u00e7\u00e3o :: &#8220;A Moda no Centro&#8221;<\/figcaption><\/figure><\/div>\n\n\n\n<div class=\"wp-block-image\"><figure class=\"aligncenter size-full\"><img data-attachment-id=\"226114\" data-permalink=\"https:\/\/agrund.com\/index.php\/minas-trend-28a-edicao-a-moda-no-centro\/agrund-minas-trend-28-2022-6-1\/\" data-orig-file=\"https:\/\/i0.wp.com\/agrund.com\/wp-content\/uploads\/sites\/6\/2022\/11\/agrund-minas-trend-28-2022-6-1.jpeg?fit=600%2C950&amp;ssl=1\" data-orig-size=\"600,950\" data-comments-opened=\"1\" data-image-meta=\"{&quot;aperture&quot;:&quot;0&quot;,&quot;credit&quot;:&quot;&quot;,&quot;camera&quot;:&quot;&quot;,&quot;caption&quot;:&quot;&quot;,&quot;created_timestamp&quot;:&quot;0&quot;,&quot;copyright&quot;:&quot;&quot;,&quot;focal_length&quot;:&quot;0&quot;,&quot;iso&quot;:&quot;0&quot;,&quot;shutter_speed&quot;:&quot;0&quot;,&quot;title&quot;:&quot;&quot;,&quot;orientation&quot;:&quot;1&quot;}\" data-image-title=\"agrund-minas-trend-28-2022-6-1\" data-image-description=\"\" data-image-caption=\"\" data-medium-file=\"https:\/\/i0.wp.com\/agrund.com\/wp-content\/uploads\/sites\/6\/2022\/11\/agrund-minas-trend-28-2022-6-1.jpeg?fit=189%2C300&amp;ssl=1\" data-large-file=\"https:\/\/i0.wp.com\/agrund.com\/wp-content\/uploads\/sites\/6\/2022\/11\/agrund-minas-trend-28-2022-6-1.jpeg?fit=600%2C950&amp;ssl=1\" decoding=\"async\" loading=\"lazy\" width=\"600\" height=\"950\" src=\"https:\/\/i0.wp.com\/agrund.com\/wp-content\/uploads\/sites\/6\/2022\/11\/agrund-minas-trend-28-2022-6-1.jpeg?resize=600%2C950&#038;ssl=1\" alt=\"\" class=\"wp-image-226114\" srcset=\"https:\/\/i0.wp.com\/agrund.com\/wp-content\/uploads\/sites\/6\/2022\/11\/agrund-minas-trend-28-2022-6-1.jpeg?w=600&amp;ssl=1 600w, https:\/\/i0.wp.com\/agrund.com\/wp-content\/uploads\/sites\/6\/2022\/11\/agrund-minas-trend-28-2022-6-1.jpeg?resize=189%2C300&amp;ssl=1 189w\" sizes=\"(max-width: 600px) 100vw, 600px\" data-recalc-dims=\"1\" \/><figcaption>Minas Trend 28\u00aa edi\u00e7\u00e3o :: &#8220;A Moda no Centro&#8221;<\/figcaption><\/figure><\/div>\n\n\n\n<div class=\"wp-block-image\"><figure class=\"aligncenter size-large\"><img data-attachment-id=\"226111\" data-permalink=\"https:\/\/agrund.com\/index.php\/minas-trend-28a-edicao-a-moda-no-centro\/agrund-minas-trend-28-2022-5\/\" data-orig-file=\"https:\/\/i0.wp.com\/agrund.com\/wp-content\/uploads\/sites\/6\/2022\/11\/agrund-minas-trend-28-2022-5.jpeg?fit=600%2C1067&amp;ssl=1\" data-orig-size=\"600,1067\" data-comments-opened=\"1\" data-image-meta=\"{&quot;aperture&quot;:&quot;0&quot;,&quot;credit&quot;:&quot;&quot;,&quot;camera&quot;:&quot;&quot;,&quot;caption&quot;:&quot;&quot;,&quot;created_timestamp&quot;:&quot;0&quot;,&quot;copyright&quot;:&quot;&quot;,&quot;focal_length&quot;:&quot;0&quot;,&quot;iso&quot;:&quot;0&quot;,&quot;shutter_speed&quot;:&quot;0&quot;,&quot;title&quot;:&quot;&quot;,&quot;orientation&quot;:&quot;1&quot;}\" data-image-title=\"agrund-minas-trend-28-2022-5\" data-image-description=\"\" data-image-caption=\"\" data-medium-file=\"https:\/\/i0.wp.com\/agrund.com\/wp-content\/uploads\/sites\/6\/2022\/11\/agrund-minas-trend-28-2022-5.jpeg?fit=169%2C300&amp;ssl=1\" data-large-file=\"https:\/\/i0.wp.com\/agrund.com\/wp-content\/uploads\/sites\/6\/2022\/11\/agrund-minas-trend-28-2022-5.jpeg?fit=576%2C1024&amp;ssl=1\" decoding=\"async\" loading=\"lazy\" width=\"576\" height=\"1024\" src=\"https:\/\/i0.wp.com\/agrund.com\/wp-content\/uploads\/sites\/6\/2022\/11\/agrund-minas-trend-28-2022-5.jpeg?resize=576%2C1024&#038;ssl=1\" alt=\"\" class=\"wp-image-226111\" srcset=\"https:\/\/i0.wp.com\/agrund.com\/wp-content\/uploads\/sites\/6\/2022\/11\/agrund-minas-trend-28-2022-5.jpeg?resize=576%2C1024&amp;ssl=1 576w, https:\/\/i0.wp.com\/agrund.com\/wp-content\/uploads\/sites\/6\/2022\/11\/agrund-minas-trend-28-2022-5.jpeg?resize=169%2C300&amp;ssl=1 169w, https:\/\/i0.wp.com\/agrund.com\/wp-content\/uploads\/sites\/6\/2022\/11\/agrund-minas-trend-28-2022-5.jpeg?w=600&amp;ssl=1 600w\" sizes=\"(max-width: 576px) 100vw, 576px\" data-recalc-dims=\"1\" \/><figcaption>Minas Trend 28\u00aa edi\u00e7\u00e3o :: &#8220;A Moda no Centro&#8221;<\/figcaption><\/figure><\/div>\n\n\n\n<div class=\"wp-block-image\"><figure class=\"aligncenter size-large\"><img data-attachment-id=\"226112\" data-permalink=\"https:\/\/agrund.com\/index.php\/minas-trend-28a-edicao-a-moda-no-centro\/agrund-minas-trend-28-2022-7\/\" data-orig-file=\"https:\/\/i0.wp.com\/agrund.com\/wp-content\/uploads\/sites\/6\/2022\/11\/agrund-minas-trend-28-2022-7.jpeg?fit=600%2C1067&amp;ssl=1\" data-orig-size=\"600,1067\" data-comments-opened=\"1\" data-image-meta=\"{&quot;aperture&quot;:&quot;0&quot;,&quot;credit&quot;:&quot;&quot;,&quot;camera&quot;:&quot;&quot;,&quot;caption&quot;:&quot;&quot;,&quot;created_timestamp&quot;:&quot;0&quot;,&quot;copyright&quot;:&quot;&quot;,&quot;focal_length&quot;:&quot;0&quot;,&quot;iso&quot;:&quot;0&quot;,&quot;shutter_speed&quot;:&quot;0&quot;,&quot;title&quot;:&quot;&quot;,&quot;orientation&quot;:&quot;1&quot;}\" data-image-title=\"agrund-minas-trend-28-2022-7\" data-image-description=\"\" data-image-caption=\"\" data-medium-file=\"https:\/\/i0.wp.com\/agrund.com\/wp-content\/uploads\/sites\/6\/2022\/11\/agrund-minas-trend-28-2022-7.jpeg?fit=169%2C300&amp;ssl=1\" data-large-file=\"https:\/\/i0.wp.com\/agrund.com\/wp-content\/uploads\/sites\/6\/2022\/11\/agrund-minas-trend-28-2022-7.jpeg?fit=576%2C1024&amp;ssl=1\" decoding=\"async\" loading=\"lazy\" width=\"576\" height=\"1024\" src=\"https:\/\/i0.wp.com\/agrund.com\/wp-content\/uploads\/sites\/6\/2022\/11\/agrund-minas-trend-28-2022-7.jpeg?resize=576%2C1024&#038;ssl=1\" alt=\"\" class=\"wp-image-226112\" srcset=\"https:\/\/i0.wp.com\/agrund.com\/wp-content\/uploads\/sites\/6\/2022\/11\/agrund-minas-trend-28-2022-7.jpeg?resize=576%2C1024&amp;ssl=1 576w, https:\/\/i0.wp.com\/agrund.com\/wp-content\/uploads\/sites\/6\/2022\/11\/agrund-minas-trend-28-2022-7.jpeg?resize=169%2C300&amp;ssl=1 169w, https:\/\/i0.wp.com\/agrund.com\/wp-content\/uploads\/sites\/6\/2022\/11\/agrund-minas-trend-28-2022-7.jpeg?w=600&amp;ssl=1 600w\" sizes=\"(max-width: 576px) 100vw, 576px\" data-recalc-dims=\"1\" \/><figcaption>Minas Trend 28\u00aa edi\u00e7\u00e3o :: &#8220;A Moda no Centro&#8221;<\/figcaption><\/figure><\/div>\n\n\n\n<div class=\"wp-block-image\"><figure class=\"aligncenter size-large\"><img data-attachment-id=\"226113\" data-permalink=\"https:\/\/agrund.com\/index.php\/minas-trend-28a-edicao-a-moda-no-centro\/agrund-minas-trend-28-2022-8\/\" data-orig-file=\"https:\/\/i0.wp.com\/agrund.com\/wp-content\/uploads\/sites\/6\/2022\/11\/agrund-minas-trend-28-2022-8.jpeg?fit=600%2C1067&amp;ssl=1\" data-orig-size=\"600,1067\" data-comments-opened=\"1\" data-image-meta=\"{&quot;aperture&quot;:&quot;0&quot;,&quot;credit&quot;:&quot;&quot;,&quot;camera&quot;:&quot;&quot;,&quot;caption&quot;:&quot;&quot;,&quot;created_timestamp&quot;:&quot;0&quot;,&quot;copyright&quot;:&quot;&quot;,&quot;focal_length&quot;:&quot;0&quot;,&quot;iso&quot;:&quot;0&quot;,&quot;shutter_speed&quot;:&quot;0&quot;,&quot;title&quot;:&quot;&quot;,&quot;orientation&quot;:&quot;1&quot;}\" data-image-title=\"agrund-minas-trend-28-2022-8\" data-image-description=\"\" data-image-caption=\"\" data-medium-file=\"https:\/\/i0.wp.com\/agrund.com\/wp-content\/uploads\/sites\/6\/2022\/11\/agrund-minas-trend-28-2022-8.jpeg?fit=169%2C300&amp;ssl=1\" data-large-file=\"https:\/\/i0.wp.com\/agrund.com\/wp-content\/uploads\/sites\/6\/2022\/11\/agrund-minas-trend-28-2022-8.jpeg?fit=576%2C1024&amp;ssl=1\" decoding=\"async\" loading=\"lazy\" width=\"576\" height=\"1024\" src=\"https:\/\/i0.wp.com\/agrund.com\/wp-content\/uploads\/sites\/6\/2022\/11\/agrund-minas-trend-28-2022-8.jpeg?resize=576%2C1024&#038;ssl=1\" alt=\"\" class=\"wp-image-226113\" srcset=\"https:\/\/i0.wp.com\/agrund.com\/wp-content\/uploads\/sites\/6\/2022\/11\/agrund-minas-trend-28-2022-8.jpeg?resize=576%2C1024&amp;ssl=1 576w, https:\/\/i0.wp.com\/agrund.com\/wp-content\/uploads\/sites\/6\/2022\/11\/agrund-minas-trend-28-2022-8.jpeg?resize=169%2C300&amp;ssl=1 169w, https:\/\/i0.wp.com\/agrund.com\/wp-content\/uploads\/sites\/6\/2022\/11\/agrund-minas-trend-28-2022-8.jpeg?w=600&amp;ssl=1 600w\" sizes=\"(max-width: 576px) 100vw, 576px\" data-recalc-dims=\"1\" \/><figcaption>Minas Trend 28\u00aa edi\u00e7\u00e3o :: &#8220;A Moda no Centro&#8221;<\/figcaption><\/figure><\/div>\n\n\n\n<p>Fotos: Thay Sanqueta. <\/p>\n","protected":false},"excerpt":{"rendered":"<p>Texto por Thay Sanqueta Edi\u00e7\u00e3o por Rafa Piovezani A 28\u00aa edi\u00e7\u00e3o do Minas Trend aconteceu entre os dias 02 e 04 de novembro e \u00e9 claro que o Agrund.com esteve por l\u00e1 acompanhando todas as novidades do mercado.\u00a0 Comemorando seus 15 anos, o maior sal\u00e3o de neg\u00f3cios de moda da Am\u00e9rica Latina ganhou um novo [&hellip;]<\/p>\n","protected":false},"author":8,"featured_media":226105,"comment_status":"open","ping_status":"open","sticky":false,"template":"","format":"standard","meta":{"jetpack_post_was_ever_published":false,"_jetpack_newsletter_access":"","jetpack_publicize_message":"","jetpack_is_tweetstorm":false,"jetpack_publicize_feature_enabled":true,"jetpack_social_post_already_shared":true,"jetpack_social_options":{"image_generator_settings":{"template":"highway","enabled":false}}},"categories":[2],"tags":[395,375,423,347,438,77,67,525,148,424,862],"jetpack_publicize_connections":[],"jetpack_featured_media_url":"https:\/\/i0.wp.com\/agrund.com\/wp-content\/uploads\/sites\/6\/2022\/11\/s-8.jpg?fit=960%2C300&ssl=1","jetpack_sharing_enabled":true,"jetpack_shortlink":"https:\/\/wp.me\/p3Hz0n-WOQ","jetpack_likes_enabled":true,"_links":{"self":[{"href":"https:\/\/agrund.com\/index.php\/wp-json\/wp\/v2\/posts\/226104"}],"collection":[{"href":"https:\/\/agrund.com\/index.php\/wp-json\/wp\/v2\/posts"}],"about":[{"href":"https:\/\/agrund.com\/index.php\/wp-json\/wp\/v2\/types\/post"}],"author":[{"embeddable":true,"href":"https:\/\/agrund.com\/index.php\/wp-json\/wp\/v2\/users\/8"}],"replies":[{"embeddable":true,"href":"https:\/\/agrund.com\/index.php\/wp-json\/wp\/v2\/comments?post=226104"}],"version-history":[{"count":1,"href":"https:\/\/agrund.com\/index.php\/wp-json\/wp\/v2\/posts\/226104\/revisions"}],"predecessor-version":[{"id":226115,"href":"https:\/\/agrund.com\/index.php\/wp-json\/wp\/v2\/posts\/226104\/revisions\/226115"}],"wp:featuredmedia":[{"embeddable":true,"href":"https:\/\/agrund.com\/index.php\/wp-json\/wp\/v2\/media\/226105"}],"wp:attachment":[{"href":"https:\/\/agrund.com\/index.php\/wp-json\/wp\/v2\/media?parent=226104"}],"wp:term":[{"taxonomy":"category","embeddable":true,"href":"https:\/\/agrund.com\/index.php\/wp-json\/wp\/v2\/categories?post=226104"},{"taxonomy":"post_tag","embeddable":true,"href":"https:\/\/agrund.com\/index.php\/wp-json\/wp\/v2\/tags?post=226104"}],"curies":[{"name":"wp","href":"https:\/\/api.w.org\/{rel}","templated":true}]}}