{"id":226088,"date":"2022-11-08T14:00:00","date_gmt":"2022-11-08T17:00:00","guid":{"rendered":"https:\/\/agrund.com\/?p=226088"},"modified":"2022-11-08T13:13:41","modified_gmt":"2022-11-08T16:13:41","slug":"minas-trend-28a-edicao-exposicao-o-papel-do-tempo","status":"publish","type":"post","link":"https:\/\/agrund.com\/index.php\/minas-trend-28a-edicao-exposicao-o-papel-do-tempo\/","title":{"rendered":"Minas Trend 28\u00aa edi\u00e7\u00e3o :: Exposi\u00e7\u00e3o \u201cO Papel do Tempo\u201d\u00a0"},"content":{"rendered":"\n<p>Texto por Thay Sanqueta<\/p>\n\n\n\n<p>Edi\u00e7\u00e3o por Rafa Piovezani\u00a0<\/p>\n\n\n\n<p>\u201cO Papel do Tempo\u201d foi a exposi\u00e7\u00e3o apresentada no sal\u00e3o de boas-vindas da 28\u00aa edi\u00e7\u00e3o do Minas trend. Com expografia da arquiteta Ana Clara Escuriato e curadoria de Mary Arantes, a mostra apresentou as cria\u00e7\u00f5es do estilista Luiz Cl\u00e1udio, todas feitas de papel.\u00a0<\/p>\n\n\n\n<p>A escolha do material nos convida a refletir sobre fragilidade, leveza, fugacidade e rapidez das mudan\u00e7as das tend\u00eancias que a moda traz a cada esta\u00e7\u00e3o. E, se poss\u00edvel, nos questionar tamb\u00e9m sobre o \u201cpapel\u201d que cada um de n\u00f3s exerce nos of\u00edcios ligados \u00e0 moda.\u00a0<\/p>\n\n\n\n<p>Os visitantes tamb\u00e9m puderam ver o painel de fitas de cadar\u00e7o em algod\u00e3o cru, que faz uma alus\u00e3o \u00e0s fitas do Senhor do Bonfim, com o nome de todas as marca que fizeram parte dos 15 anos do Minas Trend, mostrando a for\u00e7a, uni\u00e3o e coletivismo que \u00e9 participar do evento.\u00a0<\/p>\n\n\n\n<div class=\"wp-block-image\"><figure class=\"aligncenter size-large\"><img data-attachment-id=\"226089\" data-permalink=\"https:\/\/agrund.com\/index.php\/minas-trend-28a-edicao-exposicao-o-papel-do-tempo\/agrund-minas-trend-papel-tempo-1\/\" data-orig-file=\"https:\/\/i0.wp.com\/agrund.com\/wp-content\/uploads\/sites\/6\/2022\/11\/agrund-minas-trend-papel-tempo-1.jpeg?fit=600%2C1067&amp;ssl=1\" data-orig-size=\"600,1067\" data-comments-opened=\"1\" data-image-meta=\"{&quot;aperture&quot;:&quot;0&quot;,&quot;credit&quot;:&quot;&quot;,&quot;camera&quot;:&quot;&quot;,&quot;caption&quot;:&quot;&quot;,&quot;created_timestamp&quot;:&quot;0&quot;,&quot;copyright&quot;:&quot;&quot;,&quot;focal_length&quot;:&quot;0&quot;,&quot;iso&quot;:&quot;0&quot;,&quot;shutter_speed&quot;:&quot;0&quot;,&quot;title&quot;:&quot;&quot;,&quot;orientation&quot;:&quot;1&quot;}\" data-image-title=\"agrund-minas-trend-papel-tempo-1\" data-image-description=\"\" data-image-caption=\"\" data-medium-file=\"https:\/\/i0.wp.com\/agrund.com\/wp-content\/uploads\/sites\/6\/2022\/11\/agrund-minas-trend-papel-tempo-1.jpeg?fit=169%2C300&amp;ssl=1\" data-large-file=\"https:\/\/i0.wp.com\/agrund.com\/wp-content\/uploads\/sites\/6\/2022\/11\/agrund-minas-trend-papel-tempo-1.jpeg?fit=576%2C1024&amp;ssl=1\" decoding=\"async\" loading=\"lazy\" width=\"576\" height=\"1024\" src=\"https:\/\/i0.wp.com\/agrund.com\/wp-content\/uploads\/sites\/6\/2022\/11\/agrund-minas-trend-papel-tempo-1.jpeg?resize=576%2C1024&#038;ssl=1\" alt=\"\" class=\"wp-image-226089\" srcset=\"https:\/\/i0.wp.com\/agrund.com\/wp-content\/uploads\/sites\/6\/2022\/11\/agrund-minas-trend-papel-tempo-1.jpeg?resize=576%2C1024&amp;ssl=1 576w, https:\/\/i0.wp.com\/agrund.com\/wp-content\/uploads\/sites\/6\/2022\/11\/agrund-minas-trend-papel-tempo-1.jpeg?resize=169%2C300&amp;ssl=1 169w, https:\/\/i0.wp.com\/agrund.com\/wp-content\/uploads\/sites\/6\/2022\/11\/agrund-minas-trend-papel-tempo-1.jpeg?w=600&amp;ssl=1 600w\" sizes=\"(max-width: 576px) 100vw, 576px\" data-recalc-dims=\"1\" \/><figcaption>Minas Trend 28\u00aa edi\u00e7\u00e3o :: Exposi\u00e7\u00e3o \u201cO Papel do Tempo\u201d\u00a0<\/figcaption><\/figure><\/div>\n\n\n\n<div class=\"wp-block-image\"><figure class=\"aligncenter size-full\"><img data-attachment-id=\"226091\" data-permalink=\"https:\/\/agrund.com\/index.php\/minas-trend-28a-edicao-exposicao-o-papel-do-tempo\/agrund-minas-trend-papel-tempo-8\/\" data-orig-file=\"https:\/\/i0.wp.com\/agrund.com\/wp-content\/uploads\/sites\/6\/2022\/11\/agrund-minas-trend-papel-tempo-8.jpeg?fit=600%2C932&amp;ssl=1\" data-orig-size=\"600,932\" data-comments-opened=\"1\" data-image-meta=\"{&quot;aperture&quot;:&quot;0&quot;,&quot;credit&quot;:&quot;&quot;,&quot;camera&quot;:&quot;&quot;,&quot;caption&quot;:&quot;&quot;,&quot;created_timestamp&quot;:&quot;0&quot;,&quot;copyright&quot;:&quot;&quot;,&quot;focal_length&quot;:&quot;0&quot;,&quot;iso&quot;:&quot;0&quot;,&quot;shutter_speed&quot;:&quot;0&quot;,&quot;title&quot;:&quot;&quot;,&quot;orientation&quot;:&quot;1&quot;}\" data-image-title=\"agrund-minas-trend-papel-tempo-8\" data-image-description=\"\" data-image-caption=\"\" data-medium-file=\"https:\/\/i0.wp.com\/agrund.com\/wp-content\/uploads\/sites\/6\/2022\/11\/agrund-minas-trend-papel-tempo-8.jpeg?fit=193%2C300&amp;ssl=1\" data-large-file=\"https:\/\/i0.wp.com\/agrund.com\/wp-content\/uploads\/sites\/6\/2022\/11\/agrund-minas-trend-papel-tempo-8.jpeg?fit=600%2C932&amp;ssl=1\" decoding=\"async\" loading=\"lazy\" width=\"600\" height=\"932\" src=\"https:\/\/i0.wp.com\/agrund.com\/wp-content\/uploads\/sites\/6\/2022\/11\/agrund-minas-trend-papel-tempo-8.jpeg?resize=600%2C932&#038;ssl=1\" alt=\"\" class=\"wp-image-226091\" srcset=\"https:\/\/i0.wp.com\/agrund.com\/wp-content\/uploads\/sites\/6\/2022\/11\/agrund-minas-trend-papel-tempo-8.jpeg?w=600&amp;ssl=1 600w, https:\/\/i0.wp.com\/agrund.com\/wp-content\/uploads\/sites\/6\/2022\/11\/agrund-minas-trend-papel-tempo-8.jpeg?resize=193%2C300&amp;ssl=1 193w\" sizes=\"(max-width: 600px) 100vw, 600px\" data-recalc-dims=\"1\" \/><figcaption>Minas Trend 28\u00aa edi\u00e7\u00e3o :: Exposi\u00e7\u00e3o \u201cO Papel do Tempo\u201d\u00a0<\/figcaption><\/figure><\/div>\n\n\n\n<div class=\"wp-block-image\"><figure class=\"aligncenter size-large\"><img data-attachment-id=\"226092\" data-permalink=\"https:\/\/agrund.com\/index.php\/minas-trend-28a-edicao-exposicao-o-papel-do-tempo\/agrund-minas-trend-papel-tempo-7\/\" data-orig-file=\"https:\/\/i0.wp.com\/agrund.com\/wp-content\/uploads\/sites\/6\/2022\/11\/agrund-minas-trend-papel-tempo-7.jpeg?fit=600%2C1067&amp;ssl=1\" data-orig-size=\"600,1067\" data-comments-opened=\"1\" data-image-meta=\"{&quot;aperture&quot;:&quot;0&quot;,&quot;credit&quot;:&quot;&quot;,&quot;camera&quot;:&quot;&quot;,&quot;caption&quot;:&quot;&quot;,&quot;created_timestamp&quot;:&quot;0&quot;,&quot;copyright&quot;:&quot;&quot;,&quot;focal_length&quot;:&quot;0&quot;,&quot;iso&quot;:&quot;0&quot;,&quot;shutter_speed&quot;:&quot;0&quot;,&quot;title&quot;:&quot;&quot;,&quot;orientation&quot;:&quot;1&quot;}\" data-image-title=\"agrund-minas-trend-papel-tempo-7\" data-image-description=\"\" data-image-caption=\"\" data-medium-file=\"https:\/\/i0.wp.com\/agrund.com\/wp-content\/uploads\/sites\/6\/2022\/11\/agrund-minas-trend-papel-tempo-7.jpeg?fit=169%2C300&amp;ssl=1\" data-large-file=\"https:\/\/i0.wp.com\/agrund.com\/wp-content\/uploads\/sites\/6\/2022\/11\/agrund-minas-trend-papel-tempo-7.jpeg?fit=576%2C1024&amp;ssl=1\" decoding=\"async\" loading=\"lazy\" width=\"576\" height=\"1024\" src=\"https:\/\/i0.wp.com\/agrund.com\/wp-content\/uploads\/sites\/6\/2022\/11\/agrund-minas-trend-papel-tempo-7.jpeg?resize=576%2C1024&#038;ssl=1\" alt=\"\" class=\"wp-image-226092\" srcset=\"https:\/\/i0.wp.com\/agrund.com\/wp-content\/uploads\/sites\/6\/2022\/11\/agrund-minas-trend-papel-tempo-7.jpeg?resize=576%2C1024&amp;ssl=1 576w, https:\/\/i0.wp.com\/agrund.com\/wp-content\/uploads\/sites\/6\/2022\/11\/agrund-minas-trend-papel-tempo-7.jpeg?resize=169%2C300&amp;ssl=1 169w, https:\/\/i0.wp.com\/agrund.com\/wp-content\/uploads\/sites\/6\/2022\/11\/agrund-minas-trend-papel-tempo-7.jpeg?w=600&amp;ssl=1 600w\" sizes=\"(max-width: 576px) 100vw, 576px\" data-recalc-dims=\"1\" \/><figcaption>Minas Trend 28\u00aa edi\u00e7\u00e3o :: Exposi\u00e7\u00e3o \u201cO Papel do Tempo\u201d\u00a0<\/figcaption><\/figure><\/div>\n\n\n\n<div class=\"wp-block-image\"><figure class=\"aligncenter size-large\"><img data-attachment-id=\"226093\" data-permalink=\"https:\/\/agrund.com\/index.php\/minas-trend-28a-edicao-exposicao-o-papel-do-tempo\/agrund-minas-trend-papel-tempo-3-1\/\" data-orig-file=\"https:\/\/i0.wp.com\/agrund.com\/wp-content\/uploads\/sites\/6\/2022\/11\/agrund-minas-trend-papel-tempo-3-1.jpeg?fit=600%2C1067&amp;ssl=1\" data-orig-size=\"600,1067\" data-comments-opened=\"1\" data-image-meta=\"{&quot;aperture&quot;:&quot;0&quot;,&quot;credit&quot;:&quot;&quot;,&quot;camera&quot;:&quot;&quot;,&quot;caption&quot;:&quot;&quot;,&quot;created_timestamp&quot;:&quot;0&quot;,&quot;copyright&quot;:&quot;&quot;,&quot;focal_length&quot;:&quot;0&quot;,&quot;iso&quot;:&quot;0&quot;,&quot;shutter_speed&quot;:&quot;0&quot;,&quot;title&quot;:&quot;&quot;,&quot;orientation&quot;:&quot;1&quot;}\" data-image-title=\"agrund-minas-trend-papel-tempo-3-1\" data-image-description=\"\" data-image-caption=\"\" data-medium-file=\"https:\/\/i0.wp.com\/agrund.com\/wp-content\/uploads\/sites\/6\/2022\/11\/agrund-minas-trend-papel-tempo-3-1.jpeg?fit=169%2C300&amp;ssl=1\" data-large-file=\"https:\/\/i0.wp.com\/agrund.com\/wp-content\/uploads\/sites\/6\/2022\/11\/agrund-minas-trend-papel-tempo-3-1.jpeg?fit=576%2C1024&amp;ssl=1\" decoding=\"async\" loading=\"lazy\" width=\"576\" height=\"1024\" src=\"https:\/\/i0.wp.com\/agrund.com\/wp-content\/uploads\/sites\/6\/2022\/11\/agrund-minas-trend-papel-tempo-3-1.jpeg?resize=576%2C1024&#038;ssl=1\" alt=\"\" class=\"wp-image-226093\" srcset=\"https:\/\/i0.wp.com\/agrund.com\/wp-content\/uploads\/sites\/6\/2022\/11\/agrund-minas-trend-papel-tempo-3-1.jpeg?resize=576%2C1024&amp;ssl=1 576w, https:\/\/i0.wp.com\/agrund.com\/wp-content\/uploads\/sites\/6\/2022\/11\/agrund-minas-trend-papel-tempo-3-1.jpeg?resize=169%2C300&amp;ssl=1 169w, https:\/\/i0.wp.com\/agrund.com\/wp-content\/uploads\/sites\/6\/2022\/11\/agrund-minas-trend-papel-tempo-3-1.jpeg?w=600&amp;ssl=1 600w\" sizes=\"(max-width: 576px) 100vw, 576px\" data-recalc-dims=\"1\" \/><figcaption>Minas Trend 28\u00aa edi\u00e7\u00e3o :: Exposi\u00e7\u00e3o \u201cO Papel do Tempo\u201d\u00a0<\/figcaption><\/figure><\/div>\n\n\n\n<div class=\"wp-block-image\"><figure class=\"aligncenter size-large\"><img data-attachment-id=\"226094\" data-permalink=\"https:\/\/agrund.com\/index.php\/minas-trend-28a-edicao-exposicao-o-papel-do-tempo\/agrund-minas-trend-papel-tempo-2\/\" data-orig-file=\"https:\/\/i0.wp.com\/agrund.com\/wp-content\/uploads\/sites\/6\/2022\/11\/agrund-minas-trend-papel-tempo-2.jpeg?fit=600%2C1067&amp;ssl=1\" data-orig-size=\"600,1067\" data-comments-opened=\"1\" data-image-meta=\"{&quot;aperture&quot;:&quot;0&quot;,&quot;credit&quot;:&quot;&quot;,&quot;camera&quot;:&quot;&quot;,&quot;caption&quot;:&quot;&quot;,&quot;created_timestamp&quot;:&quot;0&quot;,&quot;copyright&quot;:&quot;&quot;,&quot;focal_length&quot;:&quot;0&quot;,&quot;iso&quot;:&quot;0&quot;,&quot;shutter_speed&quot;:&quot;0&quot;,&quot;title&quot;:&quot;&quot;,&quot;orientation&quot;:&quot;1&quot;}\" data-image-title=\"agrund-minas-trend-papel-tempo-2\" data-image-description=\"\" data-image-caption=\"\" data-medium-file=\"https:\/\/i0.wp.com\/agrund.com\/wp-content\/uploads\/sites\/6\/2022\/11\/agrund-minas-trend-papel-tempo-2.jpeg?fit=169%2C300&amp;ssl=1\" data-large-file=\"https:\/\/i0.wp.com\/agrund.com\/wp-content\/uploads\/sites\/6\/2022\/11\/agrund-minas-trend-papel-tempo-2.jpeg?fit=576%2C1024&amp;ssl=1\" decoding=\"async\" loading=\"lazy\" width=\"576\" height=\"1024\" src=\"https:\/\/i0.wp.com\/agrund.com\/wp-content\/uploads\/sites\/6\/2022\/11\/agrund-minas-trend-papel-tempo-2.jpeg?resize=576%2C1024&#038;ssl=1\" alt=\"\" class=\"wp-image-226094\" srcset=\"https:\/\/i0.wp.com\/agrund.com\/wp-content\/uploads\/sites\/6\/2022\/11\/agrund-minas-trend-papel-tempo-2.jpeg?resize=576%2C1024&amp;ssl=1 576w, https:\/\/i0.wp.com\/agrund.com\/wp-content\/uploads\/sites\/6\/2022\/11\/agrund-minas-trend-papel-tempo-2.jpeg?resize=169%2C300&amp;ssl=1 169w, https:\/\/i0.wp.com\/agrund.com\/wp-content\/uploads\/sites\/6\/2022\/11\/agrund-minas-trend-papel-tempo-2.jpeg?w=600&amp;ssl=1 600w\" sizes=\"(max-width: 576px) 100vw, 576px\" data-recalc-dims=\"1\" \/><figcaption>Minas Trend 28\u00aa edi\u00e7\u00e3o :: Exposi\u00e7\u00e3o \u201cO Papel do Tempo\u201d\u00a0<\/figcaption><\/figure><\/div>\n\n\n\n<div class=\"wp-block-image\"><figure class=\"aligncenter size-large\"><img data-attachment-id=\"226095\" data-permalink=\"https:\/\/agrund.com\/index.php\/minas-trend-28a-edicao-exposicao-o-papel-do-tempo\/agrund-minas-trend-papel-tempo-6\/\" data-orig-file=\"https:\/\/i0.wp.com\/agrund.com\/wp-content\/uploads\/sites\/6\/2022\/11\/agrund-minas-trend-papel-tempo-6.jpeg?fit=600%2C1067&amp;ssl=1\" data-orig-size=\"600,1067\" data-comments-opened=\"1\" data-image-meta=\"{&quot;aperture&quot;:&quot;0&quot;,&quot;credit&quot;:&quot;&quot;,&quot;camera&quot;:&quot;&quot;,&quot;caption&quot;:&quot;&quot;,&quot;created_timestamp&quot;:&quot;0&quot;,&quot;copyright&quot;:&quot;&quot;,&quot;focal_length&quot;:&quot;0&quot;,&quot;iso&quot;:&quot;0&quot;,&quot;shutter_speed&quot;:&quot;0&quot;,&quot;title&quot;:&quot;&quot;,&quot;orientation&quot;:&quot;1&quot;}\" data-image-title=\"agrund-minas-trend-papel-tempo-6\" data-image-description=\"\" data-image-caption=\"\" data-medium-file=\"https:\/\/i0.wp.com\/agrund.com\/wp-content\/uploads\/sites\/6\/2022\/11\/agrund-minas-trend-papel-tempo-6.jpeg?fit=169%2C300&amp;ssl=1\" data-large-file=\"https:\/\/i0.wp.com\/agrund.com\/wp-content\/uploads\/sites\/6\/2022\/11\/agrund-minas-trend-papel-tempo-6.jpeg?fit=576%2C1024&amp;ssl=1\" decoding=\"async\" loading=\"lazy\" width=\"576\" height=\"1024\" src=\"https:\/\/i0.wp.com\/agrund.com\/wp-content\/uploads\/sites\/6\/2022\/11\/agrund-minas-trend-papel-tempo-6.jpeg?resize=576%2C1024&#038;ssl=1\" alt=\"\" class=\"wp-image-226095\" srcset=\"https:\/\/i0.wp.com\/agrund.com\/wp-content\/uploads\/sites\/6\/2022\/11\/agrund-minas-trend-papel-tempo-6.jpeg?resize=576%2C1024&amp;ssl=1 576w, https:\/\/i0.wp.com\/agrund.com\/wp-content\/uploads\/sites\/6\/2022\/11\/agrund-minas-trend-papel-tempo-6.jpeg?resize=169%2C300&amp;ssl=1 169w, https:\/\/i0.wp.com\/agrund.com\/wp-content\/uploads\/sites\/6\/2022\/11\/agrund-minas-trend-papel-tempo-6.jpeg?w=600&amp;ssl=1 600w\" sizes=\"(max-width: 576px) 100vw, 576px\" data-recalc-dims=\"1\" \/><figcaption>Minas Trend 28\u00aa edi\u00e7\u00e3o :: Exposi\u00e7\u00e3o \u201cO Papel do Tempo\u201d\u00a0<\/figcaption><\/figure><\/div>\n\n\n\n<div class=\"wp-block-image\"><figure class=\"aligncenter size-large\"><img data-attachment-id=\"226096\" data-permalink=\"https:\/\/agrund.com\/index.php\/minas-trend-28a-edicao-exposicao-o-papel-do-tempo\/agrund-minas-trend-papel-tempo-4\/\" data-orig-file=\"https:\/\/i0.wp.com\/agrund.com\/wp-content\/uploads\/sites\/6\/2022\/11\/agrund-minas-trend-papel-tempo-4.jpeg?fit=600%2C1067&amp;ssl=1\" data-orig-size=\"600,1067\" data-comments-opened=\"1\" data-image-meta=\"{&quot;aperture&quot;:&quot;0&quot;,&quot;credit&quot;:&quot;&quot;,&quot;camera&quot;:&quot;&quot;,&quot;caption&quot;:&quot;&quot;,&quot;created_timestamp&quot;:&quot;0&quot;,&quot;copyright&quot;:&quot;&quot;,&quot;focal_length&quot;:&quot;0&quot;,&quot;iso&quot;:&quot;0&quot;,&quot;shutter_speed&quot;:&quot;0&quot;,&quot;title&quot;:&quot;&quot;,&quot;orientation&quot;:&quot;1&quot;}\" data-image-title=\"agrund-minas-trend-papel-tempo-4\" data-image-description=\"\" data-image-caption=\"\" data-medium-file=\"https:\/\/i0.wp.com\/agrund.com\/wp-content\/uploads\/sites\/6\/2022\/11\/agrund-minas-trend-papel-tempo-4.jpeg?fit=169%2C300&amp;ssl=1\" data-large-file=\"https:\/\/i0.wp.com\/agrund.com\/wp-content\/uploads\/sites\/6\/2022\/11\/agrund-minas-trend-papel-tempo-4.jpeg?fit=576%2C1024&amp;ssl=1\" decoding=\"async\" loading=\"lazy\" width=\"576\" height=\"1024\" src=\"https:\/\/i0.wp.com\/agrund.com\/wp-content\/uploads\/sites\/6\/2022\/11\/agrund-minas-trend-papel-tempo-4.jpeg?resize=576%2C1024&#038;ssl=1\" alt=\"\" class=\"wp-image-226096\" srcset=\"https:\/\/i0.wp.com\/agrund.com\/wp-content\/uploads\/sites\/6\/2022\/11\/agrund-minas-trend-papel-tempo-4.jpeg?resize=576%2C1024&amp;ssl=1 576w, https:\/\/i0.wp.com\/agrund.com\/wp-content\/uploads\/sites\/6\/2022\/11\/agrund-minas-trend-papel-tempo-4.jpeg?resize=169%2C300&amp;ssl=1 169w, https:\/\/i0.wp.com\/agrund.com\/wp-content\/uploads\/sites\/6\/2022\/11\/agrund-minas-trend-papel-tempo-4.jpeg?w=600&amp;ssl=1 600w\" sizes=\"(max-width: 576px) 100vw, 576px\" data-recalc-dims=\"1\" \/><figcaption>Minas Trend 28\u00aa edi\u00e7\u00e3o :: Exposi\u00e7\u00e3o \u201cO Papel do Tempo\u201d\u00a0<\/figcaption><\/figure><\/div>\n\n\n\n<div class=\"wp-block-image\"><figure class=\"aligncenter size-large\"><img data-attachment-id=\"226097\" data-permalink=\"https:\/\/agrund.com\/index.php\/minas-trend-28a-edicao-exposicao-o-papel-do-tempo\/agrund-minas-trend-papel-tempo-5\/\" data-orig-file=\"https:\/\/i0.wp.com\/agrund.com\/wp-content\/uploads\/sites\/6\/2022\/11\/agrund-minas-trend-papel-tempo-5.jpeg?fit=600%2C1067&amp;ssl=1\" data-orig-size=\"600,1067\" data-comments-opened=\"1\" data-image-meta=\"{&quot;aperture&quot;:&quot;0&quot;,&quot;credit&quot;:&quot;&quot;,&quot;camera&quot;:&quot;&quot;,&quot;caption&quot;:&quot;&quot;,&quot;created_timestamp&quot;:&quot;0&quot;,&quot;copyright&quot;:&quot;&quot;,&quot;focal_length&quot;:&quot;0&quot;,&quot;iso&quot;:&quot;0&quot;,&quot;shutter_speed&quot;:&quot;0&quot;,&quot;title&quot;:&quot;&quot;,&quot;orientation&quot;:&quot;1&quot;}\" data-image-title=\"agrund-minas-trend-papel-tempo-5\" data-image-description=\"\" data-image-caption=\"\" data-medium-file=\"https:\/\/i0.wp.com\/agrund.com\/wp-content\/uploads\/sites\/6\/2022\/11\/agrund-minas-trend-papel-tempo-5.jpeg?fit=169%2C300&amp;ssl=1\" data-large-file=\"https:\/\/i0.wp.com\/agrund.com\/wp-content\/uploads\/sites\/6\/2022\/11\/agrund-minas-trend-papel-tempo-5.jpeg?fit=576%2C1024&amp;ssl=1\" decoding=\"async\" loading=\"lazy\" width=\"576\" height=\"1024\" src=\"https:\/\/i0.wp.com\/agrund.com\/wp-content\/uploads\/sites\/6\/2022\/11\/agrund-minas-trend-papel-tempo-5.jpeg?resize=576%2C1024&#038;ssl=1\" alt=\"\" class=\"wp-image-226097\" srcset=\"https:\/\/i0.wp.com\/agrund.com\/wp-content\/uploads\/sites\/6\/2022\/11\/agrund-minas-trend-papel-tempo-5.jpeg?resize=576%2C1024&amp;ssl=1 576w, https:\/\/i0.wp.com\/agrund.com\/wp-content\/uploads\/sites\/6\/2022\/11\/agrund-minas-trend-papel-tempo-5.jpeg?resize=169%2C300&amp;ssl=1 169w, https:\/\/i0.wp.com\/agrund.com\/wp-content\/uploads\/sites\/6\/2022\/11\/agrund-minas-trend-papel-tempo-5.jpeg?w=600&amp;ssl=1 600w\" sizes=\"(max-width: 576px) 100vw, 576px\" data-recalc-dims=\"1\" \/><figcaption>Minas Trend 28\u00aa edi\u00e7\u00e3o :: Exposi\u00e7\u00e3o \u201cO Papel do Tempo\u201d\u00a0<\/figcaption><\/figure><\/div>\n\n\n\n<div class=\"wp-block-image\"><figure class=\"aligncenter size-large\"><img data-attachment-id=\"226098\" data-permalink=\"https:\/\/agrund.com\/index.php\/minas-trend-28a-edicao-exposicao-o-papel-do-tempo\/agrund-minas-trend-papel-tempo-11\/\" data-orig-file=\"https:\/\/i0.wp.com\/agrund.com\/wp-content\/uploads\/sites\/6\/2022\/11\/agrund-minas-trend-papel-tempo-11.jpeg?fit=600%2C1067&amp;ssl=1\" data-orig-size=\"600,1067\" data-comments-opened=\"1\" data-image-meta=\"{&quot;aperture&quot;:&quot;0&quot;,&quot;credit&quot;:&quot;&quot;,&quot;camera&quot;:&quot;&quot;,&quot;caption&quot;:&quot;&quot;,&quot;created_timestamp&quot;:&quot;0&quot;,&quot;copyright&quot;:&quot;&quot;,&quot;focal_length&quot;:&quot;0&quot;,&quot;iso&quot;:&quot;0&quot;,&quot;shutter_speed&quot;:&quot;0&quot;,&quot;title&quot;:&quot;&quot;,&quot;orientation&quot;:&quot;1&quot;}\" data-image-title=\"agrund-minas-trend-papel-tempo-11\" data-image-description=\"\" data-image-caption=\"\" data-medium-file=\"https:\/\/i0.wp.com\/agrund.com\/wp-content\/uploads\/sites\/6\/2022\/11\/agrund-minas-trend-papel-tempo-11.jpeg?fit=169%2C300&amp;ssl=1\" data-large-file=\"https:\/\/i0.wp.com\/agrund.com\/wp-content\/uploads\/sites\/6\/2022\/11\/agrund-minas-trend-papel-tempo-11.jpeg?fit=576%2C1024&amp;ssl=1\" decoding=\"async\" loading=\"lazy\" width=\"576\" height=\"1024\" src=\"https:\/\/i0.wp.com\/agrund.com\/wp-content\/uploads\/sites\/6\/2022\/11\/agrund-minas-trend-papel-tempo-11.jpeg?resize=576%2C1024&#038;ssl=1\" alt=\"\" class=\"wp-image-226098\" srcset=\"https:\/\/i0.wp.com\/agrund.com\/wp-content\/uploads\/sites\/6\/2022\/11\/agrund-minas-trend-papel-tempo-11.jpeg?resize=576%2C1024&amp;ssl=1 576w, https:\/\/i0.wp.com\/agrund.com\/wp-content\/uploads\/sites\/6\/2022\/11\/agrund-minas-trend-papel-tempo-11.jpeg?resize=169%2C300&amp;ssl=1 169w, https:\/\/i0.wp.com\/agrund.com\/wp-content\/uploads\/sites\/6\/2022\/11\/agrund-minas-trend-papel-tempo-11.jpeg?w=600&amp;ssl=1 600w\" sizes=\"(max-width: 576px) 100vw, 576px\" data-recalc-dims=\"1\" \/><figcaption>Minas Trend 28\u00aa edi\u00e7\u00e3o :: Exposi\u00e7\u00e3o \u201cO Papel do Tempo\u201d\u00a0<\/figcaption><\/figure><\/div>\n\n\n\n<div class=\"wp-block-image\"><figure class=\"aligncenter size-large\"><img data-attachment-id=\"226099\" data-permalink=\"https:\/\/agrund.com\/index.php\/minas-trend-28a-edicao-exposicao-o-papel-do-tempo\/10-507\/\" data-orig-file=\"https:\/\/i0.wp.com\/agrund.com\/wp-content\/uploads\/sites\/6\/2022\/11\/10.jpeg?fit=600%2C1067&amp;ssl=1\" data-orig-size=\"600,1067\" data-comments-opened=\"1\" data-image-meta=\"{&quot;aperture&quot;:&quot;0&quot;,&quot;credit&quot;:&quot;&quot;,&quot;camera&quot;:&quot;&quot;,&quot;caption&quot;:&quot;&quot;,&quot;created_timestamp&quot;:&quot;0&quot;,&quot;copyright&quot;:&quot;&quot;,&quot;focal_length&quot;:&quot;0&quot;,&quot;iso&quot;:&quot;0&quot;,&quot;shutter_speed&quot;:&quot;0&quot;,&quot;title&quot;:&quot;&quot;,&quot;orientation&quot;:&quot;1&quot;}\" data-image-title=\"10\" data-image-description=\"\" data-image-caption=\"\" data-medium-file=\"https:\/\/i0.wp.com\/agrund.com\/wp-content\/uploads\/sites\/6\/2022\/11\/10.jpeg?fit=169%2C300&amp;ssl=1\" data-large-file=\"https:\/\/i0.wp.com\/agrund.com\/wp-content\/uploads\/sites\/6\/2022\/11\/10.jpeg?fit=576%2C1024&amp;ssl=1\" decoding=\"async\" loading=\"lazy\" width=\"576\" height=\"1024\" src=\"https:\/\/i0.wp.com\/agrund.com\/wp-content\/uploads\/sites\/6\/2022\/11\/10.jpeg?resize=576%2C1024&#038;ssl=1\" alt=\"\" class=\"wp-image-226099\" srcset=\"https:\/\/i0.wp.com\/agrund.com\/wp-content\/uploads\/sites\/6\/2022\/11\/10.jpeg?resize=576%2C1024&amp;ssl=1 576w, https:\/\/i0.wp.com\/agrund.com\/wp-content\/uploads\/sites\/6\/2022\/11\/10.jpeg?resize=169%2C300&amp;ssl=1 169w, https:\/\/i0.wp.com\/agrund.com\/wp-content\/uploads\/sites\/6\/2022\/11\/10.jpeg?w=600&amp;ssl=1 600w\" sizes=\"(max-width: 576px) 100vw, 576px\" data-recalc-dims=\"1\" \/><figcaption>Minas Trend 28\u00aa edi\u00e7\u00e3o :: Exposi\u00e7\u00e3o \u201cO Papel do Tempo\u201d\u00a0<\/figcaption><\/figure><\/div>\n\n\n\n<div class=\"wp-block-image\"><figure class=\"aligncenter size-large\"><img data-attachment-id=\"226100\" data-permalink=\"https:\/\/agrund.com\/index.php\/minas-trend-28a-edicao-exposicao-o-papel-do-tempo\/agrund-minas-trend-papel-tempo-12\/\" data-orig-file=\"https:\/\/i0.wp.com\/agrund.com\/wp-content\/uploads\/sites\/6\/2022\/11\/agrund-minas-trend-papel-tempo-12.jpeg?fit=600%2C1067&amp;ssl=1\" data-orig-size=\"600,1067\" data-comments-opened=\"1\" data-image-meta=\"{&quot;aperture&quot;:&quot;0&quot;,&quot;credit&quot;:&quot;&quot;,&quot;camera&quot;:&quot;&quot;,&quot;caption&quot;:&quot;&quot;,&quot;created_timestamp&quot;:&quot;0&quot;,&quot;copyright&quot;:&quot;&quot;,&quot;focal_length&quot;:&quot;0&quot;,&quot;iso&quot;:&quot;0&quot;,&quot;shutter_speed&quot;:&quot;0&quot;,&quot;title&quot;:&quot;&quot;,&quot;orientation&quot;:&quot;1&quot;}\" data-image-title=\"agrund-minas-trend-papel-tempo-12\" data-image-description=\"\" data-image-caption=\"\" data-medium-file=\"https:\/\/i0.wp.com\/agrund.com\/wp-content\/uploads\/sites\/6\/2022\/11\/agrund-minas-trend-papel-tempo-12.jpeg?fit=169%2C300&amp;ssl=1\" data-large-file=\"https:\/\/i0.wp.com\/agrund.com\/wp-content\/uploads\/sites\/6\/2022\/11\/agrund-minas-trend-papel-tempo-12.jpeg?fit=576%2C1024&amp;ssl=1\" decoding=\"async\" loading=\"lazy\" width=\"576\" height=\"1024\" src=\"https:\/\/i0.wp.com\/agrund.com\/wp-content\/uploads\/sites\/6\/2022\/11\/agrund-minas-trend-papel-tempo-12.jpeg?resize=576%2C1024&#038;ssl=1\" alt=\"\" class=\"wp-image-226100\" srcset=\"https:\/\/i0.wp.com\/agrund.com\/wp-content\/uploads\/sites\/6\/2022\/11\/agrund-minas-trend-papel-tempo-12.jpeg?resize=576%2C1024&amp;ssl=1 576w, https:\/\/i0.wp.com\/agrund.com\/wp-content\/uploads\/sites\/6\/2022\/11\/agrund-minas-trend-papel-tempo-12.jpeg?resize=169%2C300&amp;ssl=1 169w, https:\/\/i0.wp.com\/agrund.com\/wp-content\/uploads\/sites\/6\/2022\/11\/agrund-minas-trend-papel-tempo-12.jpeg?w=600&amp;ssl=1 600w\" sizes=\"(max-width: 576px) 100vw, 576px\" data-recalc-dims=\"1\" \/><figcaption>Minas Trend 28\u00aa edi\u00e7\u00e3o :: Exposi\u00e7\u00e3o \u201cO Papel do Tempo\u201d\u00a0<\/figcaption><\/figure><\/div>\n\n\n\n<p>Fotos: Thay Sanqueta. <\/p>\n","protected":false},"excerpt":{"rendered":"<p>Texto por Thay Sanqueta Edi\u00e7\u00e3o por Rafa Piovezani\u00a0 \u201cO Papel do Tempo\u201d foi a exposi\u00e7\u00e3o apresentada no sal\u00e3o de boas-vindas da 28\u00aa edi\u00e7\u00e3o do Minas trend. Com expografia da arquiteta Ana Clara Escuriato e curadoria de Mary Arantes, a mostra apresentou as cria\u00e7\u00f5es do estilista Luiz Cl\u00e1udio, todas feitas de papel.\u00a0 A escolha do material [&hellip;]<\/p>\n","protected":false},"author":8,"featured_media":226102,"comment_status":"open","ping_status":"open","sticky":false,"template":"","format":"standard","meta":{"jetpack_post_was_ever_published":false,"_jetpack_newsletter_access":"","jetpack_publicize_message":"","jetpack_is_tweetstorm":false,"jetpack_publicize_feature_enabled":true,"jetpack_social_post_already_shared":true,"jetpack_social_options":{"image_generator_settings":{"template":"highway","enabled":false}}},"categories":[2],"tags":[395,375,423,3420,347,77,67,525,148,3419,3421,424,862],"jetpack_publicize_connections":[],"jetpack_featured_media_url":"https:\/\/i0.wp.com\/agrund.com\/wp-content\/uploads\/sites\/6\/2022\/11\/s-7.jpg?fit=960%2C300&ssl=1","jetpack_sharing_enabled":true,"jetpack_shortlink":"https:\/\/wp.me\/p3Hz0n-WOA","jetpack_likes_enabled":true,"_links":{"self":[{"href":"https:\/\/agrund.com\/index.php\/wp-json\/wp\/v2\/posts\/226088"}],"collection":[{"href":"https:\/\/agrund.com\/index.php\/wp-json\/wp\/v2\/posts"}],"about":[{"href":"https:\/\/agrund.com\/index.php\/wp-json\/wp\/v2\/types\/post"}],"author":[{"embeddable":true,"href":"https:\/\/agrund.com\/index.php\/wp-json\/wp\/v2\/users\/8"}],"replies":[{"embeddable":true,"href":"https:\/\/agrund.com\/index.php\/wp-json\/wp\/v2\/comments?post=226088"}],"version-history":[{"count":1,"href":"https:\/\/agrund.com\/index.php\/wp-json\/wp\/v2\/posts\/226088\/revisions"}],"predecessor-version":[{"id":226103,"href":"https:\/\/agrund.com\/index.php\/wp-json\/wp\/v2\/posts\/226088\/revisions\/226103"}],"wp:featuredmedia":[{"embeddable":true,"href":"https:\/\/agrund.com\/index.php\/wp-json\/wp\/v2\/media\/226102"}],"wp:attachment":[{"href":"https:\/\/agrund.com\/index.php\/wp-json\/wp\/v2\/media?parent=226088"}],"wp:term":[{"taxonomy":"category","embeddable":true,"href":"https:\/\/agrund.com\/index.php\/wp-json\/wp\/v2\/categories?post=226088"},{"taxonomy":"post_tag","embeddable":true,"href":"https:\/\/agrund.com\/index.php\/wp-json\/wp\/v2\/tags?post=226088"}],"curies":[{"name":"wp","href":"https:\/\/api.w.org\/{rel}","templated":true}]}}