{"id":226037,"date":"2022-11-03T18:00:00","date_gmt":"2022-11-03T21:00:00","guid":{"rendered":"https:\/\/agrund.com\/?p=226037"},"modified":"2022-11-03T18:18:42","modified_gmt":"2022-11-03T21:18:42","slug":"nos-pes-dos-torcedores-brasileiros","status":"publish","type":"post","link":"https:\/\/agrund.com\/index.php\/nos-pes-dos-torcedores-brasileiros\/","title":{"rendered":"Nos p\u00e9s dos torcedores brasileiros"},"content":{"rendered":"\n<p>Voc\u00ea j\u00e1 est\u00e1 \u00e0 procura do uniforme para torcer na Copa do Mundo? Pois a Converse vai te dar uma ajudinha nessa!<\/p>\n\n\n\n<p>O ic\u00f4nico t\u00eanis Chuck Taylor All Star acaba de ganhar uma nova vers\u00e3o pra l\u00e1 de brasileira inspirada no campeonato esportivo. A linha &#8216;Got Game&#8217; traz o modelo com um cabedal em lona preta e detalhes em verde, amarelo e azul.<\/p>\n\n\n\n<p>Nas laterais vemos o patch da estrela da marca j\u00e1 nas cores da nossa bandeira, assim como em alguns bordados laterais. Perfeito para torcer enquanto acompanha os jogos!<\/p>\n\n\n\n<p>Gostou? O Chuck Taylor All Star &#8216;Got Game&#8217; j\u00e1 est\u00e1 \u00e0 venda no e-commerce da Converse por R$349,90. Confira os detalhes aqui:\u00a0<\/p>\n\n\n\n<div class=\"wp-block-image\"><figure class=\"aligncenter size-full\"><img data-attachment-id=\"226038\" data-permalink=\"https:\/\/agrund.com\/index.php\/nos-pes-dos-torcedores-brasileiros\/agrund-converse-brasil-copa-do-mundo-3\/\" data-orig-file=\"https:\/\/i0.wp.com\/agrund.com\/wp-content\/uploads\/sites\/6\/2022\/11\/agrund-converse-brasil-copa-do-mundo-3.jpg?fit=600%2C751&amp;ssl=1\" data-orig-size=\"600,751\" data-comments-opened=\"1\" data-image-meta=\"{&quot;aperture&quot;:&quot;16&quot;,&quot;credit&quot;:&quot;Leticia Schuler&quot;,&quot;camera&quot;:&quot;Canon EOS 60D&quot;,&quot;caption&quot;:&quot;&quot;,&quot;created_timestamp&quot;:&quot;1654621198&quot;,&quot;copyright&quot;:&quot;&quot;,&quot;focal_length&quot;:&quot;135&quot;,&quot;iso&quot;:&quot;100&quot;,&quot;shutter_speed&quot;:&quot;0.00625&quot;,&quot;title&quot;:&quot;&quot;,&quot;orientation&quot;:&quot;1&quot;}\" data-image-title=\"agrund-converse-brasil-copa-do-mundo-3\" data-image-description=\"\" data-image-caption=\"\" data-medium-file=\"https:\/\/i0.wp.com\/agrund.com\/wp-content\/uploads\/sites\/6\/2022\/11\/agrund-converse-brasil-copa-do-mundo-3.jpg?fit=240%2C300&amp;ssl=1\" data-large-file=\"https:\/\/i0.wp.com\/agrund.com\/wp-content\/uploads\/sites\/6\/2022\/11\/agrund-converse-brasil-copa-do-mundo-3.jpg?fit=600%2C751&amp;ssl=1\" decoding=\"async\" loading=\"lazy\" width=\"600\" height=\"751\" src=\"https:\/\/i0.wp.com\/agrund.com\/wp-content\/uploads\/sites\/6\/2022\/11\/agrund-converse-brasil-copa-do-mundo-3.jpg?resize=600%2C751&#038;ssl=1\" alt=\"\" class=\"wp-image-226038\" srcset=\"https:\/\/i0.wp.com\/agrund.com\/wp-content\/uploads\/sites\/6\/2022\/11\/agrund-converse-brasil-copa-do-mundo-3.jpg?w=600&amp;ssl=1 600w, https:\/\/i0.wp.com\/agrund.com\/wp-content\/uploads\/sites\/6\/2022\/11\/agrund-converse-brasil-copa-do-mundo-3.jpg?resize=240%2C300&amp;ssl=1 240w\" sizes=\"(max-width: 600px) 100vw, 600px\" data-recalc-dims=\"1\" \/><figcaption>Nos p\u00e9s dos torcedores brasileiros<\/figcaption><\/figure><\/div>\n\n\n\n<div class=\"wp-block-image\"><figure class=\"aligncenter size-full\"><img data-attachment-id=\"226039\" data-permalink=\"https:\/\/agrund.com\/index.php\/nos-pes-dos-torcedores-brasileiros\/agrund-converse-brasil-copa-do-mundo-1\/\" data-orig-file=\"https:\/\/i0.wp.com\/agrund.com\/wp-content\/uploads\/sites\/6\/2022\/11\/agrund-converse-brasil-copa-do-mundo-1.jpg?fit=600%2C751&amp;ssl=1\" data-orig-size=\"600,751\" data-comments-opened=\"1\" data-image-meta=\"{&quot;aperture&quot;:&quot;16&quot;,&quot;credit&quot;:&quot;Leticia Schuler&quot;,&quot;camera&quot;:&quot;Canon EOS 60D&quot;,&quot;caption&quot;:&quot;&quot;,&quot;created_timestamp&quot;:&quot;1654621104&quot;,&quot;copyright&quot;:&quot;&quot;,&quot;focal_length&quot;:&quot;135&quot;,&quot;iso&quot;:&quot;100&quot;,&quot;shutter_speed&quot;:&quot;0.00625&quot;,&quot;title&quot;:&quot;&quot;,&quot;orientation&quot;:&quot;1&quot;}\" data-image-title=\"agrund-converse-brasil-copa-do-mundo-1\" data-image-description=\"\" data-image-caption=\"\" data-medium-file=\"https:\/\/i0.wp.com\/agrund.com\/wp-content\/uploads\/sites\/6\/2022\/11\/agrund-converse-brasil-copa-do-mundo-1.jpg?fit=240%2C300&amp;ssl=1\" data-large-file=\"https:\/\/i0.wp.com\/agrund.com\/wp-content\/uploads\/sites\/6\/2022\/11\/agrund-converse-brasil-copa-do-mundo-1.jpg?fit=600%2C751&amp;ssl=1\" decoding=\"async\" loading=\"lazy\" width=\"600\" height=\"751\" src=\"https:\/\/i0.wp.com\/agrund.com\/wp-content\/uploads\/sites\/6\/2022\/11\/agrund-converse-brasil-copa-do-mundo-1.jpg?resize=600%2C751&#038;ssl=1\" alt=\"\" class=\"wp-image-226039\" srcset=\"https:\/\/i0.wp.com\/agrund.com\/wp-content\/uploads\/sites\/6\/2022\/11\/agrund-converse-brasil-copa-do-mundo-1.jpg?w=600&amp;ssl=1 600w, https:\/\/i0.wp.com\/agrund.com\/wp-content\/uploads\/sites\/6\/2022\/11\/agrund-converse-brasil-copa-do-mundo-1.jpg?resize=240%2C300&amp;ssl=1 240w\" sizes=\"(max-width: 600px) 100vw, 600px\" data-recalc-dims=\"1\" \/><figcaption>Nos p\u00e9s dos torcedores brasileiros<\/figcaption><\/figure><\/div>\n\n\n\n<div class=\"wp-block-image\"><figure class=\"aligncenter size-full\"><img data-attachment-id=\"226040\" data-permalink=\"https:\/\/agrund.com\/index.php\/nos-pes-dos-torcedores-brasileiros\/agrund-converse-brasil-copa-do-mundo-2\/\" data-orig-file=\"https:\/\/i0.wp.com\/agrund.com\/wp-content\/uploads\/sites\/6\/2022\/11\/agrund-converse-brasil-copa-do-mundo-2.jpg?fit=600%2C751&amp;ssl=1\" data-orig-size=\"600,751\" data-comments-opened=\"1\" data-image-meta=\"{&quot;aperture&quot;:&quot;16&quot;,&quot;credit&quot;:&quot;Leticia Schuler&quot;,&quot;camera&quot;:&quot;Canon EOS 60D&quot;,&quot;caption&quot;:&quot;&quot;,&quot;created_timestamp&quot;:&quot;1654621164&quot;,&quot;copyright&quot;:&quot;&quot;,&quot;focal_length&quot;:&quot;135&quot;,&quot;iso&quot;:&quot;100&quot;,&quot;shutter_speed&quot;:&quot;0.00625&quot;,&quot;title&quot;:&quot;&quot;,&quot;orientation&quot;:&quot;1&quot;}\" data-image-title=\"agrund-converse-brasil-copa-do-mundo-2\" data-image-description=\"\" data-image-caption=\"\" data-medium-file=\"https:\/\/i0.wp.com\/agrund.com\/wp-content\/uploads\/sites\/6\/2022\/11\/agrund-converse-brasil-copa-do-mundo-2.jpg?fit=240%2C300&amp;ssl=1\" data-large-file=\"https:\/\/i0.wp.com\/agrund.com\/wp-content\/uploads\/sites\/6\/2022\/11\/agrund-converse-brasil-copa-do-mundo-2.jpg?fit=600%2C751&amp;ssl=1\" decoding=\"async\" loading=\"lazy\" width=\"600\" height=\"751\" src=\"https:\/\/i0.wp.com\/agrund.com\/wp-content\/uploads\/sites\/6\/2022\/11\/agrund-converse-brasil-copa-do-mundo-2.jpg?resize=600%2C751&#038;ssl=1\" alt=\"\" class=\"wp-image-226040\" srcset=\"https:\/\/i0.wp.com\/agrund.com\/wp-content\/uploads\/sites\/6\/2022\/11\/agrund-converse-brasil-copa-do-mundo-2.jpg?w=600&amp;ssl=1 600w, https:\/\/i0.wp.com\/agrund.com\/wp-content\/uploads\/sites\/6\/2022\/11\/agrund-converse-brasil-copa-do-mundo-2.jpg?resize=240%2C300&amp;ssl=1 240w\" sizes=\"(max-width: 600px) 100vw, 600px\" data-recalc-dims=\"1\" \/><figcaption>Nos p\u00e9s dos torcedores brasileiros<\/figcaption><\/figure><\/div>\n\n\n\n<div class=\"wp-block-image\"><figure class=\"aligncenter size-full\"><img data-attachment-id=\"226041\" data-permalink=\"https:\/\/agrund.com\/index.php\/nos-pes-dos-torcedores-brasileiros\/agrund-converse-brasil-copa-do-mundo-5\/\" data-orig-file=\"https:\/\/i0.wp.com\/agrund.com\/wp-content\/uploads\/sites\/6\/2022\/11\/agrund-converse-brasil-copa-do-mundo-5.jpg?fit=600%2C751&amp;ssl=1\" data-orig-size=\"600,751\" data-comments-opened=\"1\" data-image-meta=\"{&quot;aperture&quot;:&quot;16&quot;,&quot;credit&quot;:&quot;Leticia Schuler&quot;,&quot;camera&quot;:&quot;Canon EOS 60D&quot;,&quot;caption&quot;:&quot;&quot;,&quot;created_timestamp&quot;:&quot;1654700664&quot;,&quot;copyright&quot;:&quot;&quot;,&quot;focal_length&quot;:&quot;39&quot;,&quot;iso&quot;:&quot;100&quot;,&quot;shutter_speed&quot;:&quot;0.00625&quot;,&quot;title&quot;:&quot;&quot;,&quot;orientation&quot;:&quot;1&quot;}\" data-image-title=\"agrund-converse-brasil-copa-do-mundo-5\" data-image-description=\"\" data-image-caption=\"\" data-medium-file=\"https:\/\/i0.wp.com\/agrund.com\/wp-content\/uploads\/sites\/6\/2022\/11\/agrund-converse-brasil-copa-do-mundo-5.jpg?fit=240%2C300&amp;ssl=1\" data-large-file=\"https:\/\/i0.wp.com\/agrund.com\/wp-content\/uploads\/sites\/6\/2022\/11\/agrund-converse-brasil-copa-do-mundo-5.jpg?fit=600%2C751&amp;ssl=1\" decoding=\"async\" loading=\"lazy\" width=\"600\" height=\"751\" src=\"https:\/\/i0.wp.com\/agrund.com\/wp-content\/uploads\/sites\/6\/2022\/11\/agrund-converse-brasil-copa-do-mundo-5.jpg?resize=600%2C751&#038;ssl=1\" alt=\"\" class=\"wp-image-226041\" srcset=\"https:\/\/i0.wp.com\/agrund.com\/wp-content\/uploads\/sites\/6\/2022\/11\/agrund-converse-brasil-copa-do-mundo-5.jpg?w=600&amp;ssl=1 600w, https:\/\/i0.wp.com\/agrund.com\/wp-content\/uploads\/sites\/6\/2022\/11\/agrund-converse-brasil-copa-do-mundo-5.jpg?resize=240%2C300&amp;ssl=1 240w\" sizes=\"(max-width: 600px) 100vw, 600px\" data-recalc-dims=\"1\" \/><figcaption>Nos p\u00e9s dos torcedores brasileiros<\/figcaption><\/figure><\/div>\n\n\n\n<div class=\"wp-block-image\"><figure class=\"aligncenter size-full\"><img data-attachment-id=\"226044\" data-permalink=\"https:\/\/agrund.com\/index.php\/nos-pes-dos-torcedores-brasileiros\/agrund-converse-brasil-copa-do-mundo-3-1\/\" data-orig-file=\"https:\/\/i0.wp.com\/agrund.com\/wp-content\/uploads\/sites\/6\/2022\/11\/agrund-converse-brasil-copa-do-mundo-3-1.jpg?fit=600%2C751&amp;ssl=1\" data-orig-size=\"600,751\" data-comments-opened=\"1\" data-image-meta=\"{&quot;aperture&quot;:&quot;16&quot;,&quot;credit&quot;:&quot;Leticia Schuler&quot;,&quot;camera&quot;:&quot;Canon EOS 60D&quot;,&quot;caption&quot;:&quot;&quot;,&quot;created_timestamp&quot;:&quot;1654621198&quot;,&quot;copyright&quot;:&quot;&quot;,&quot;focal_length&quot;:&quot;135&quot;,&quot;iso&quot;:&quot;100&quot;,&quot;shutter_speed&quot;:&quot;0.00625&quot;,&quot;title&quot;:&quot;&quot;,&quot;orientation&quot;:&quot;1&quot;}\" data-image-title=\"agrund-converse-brasil-copa-do-mundo-3-1\" data-image-description=\"\" data-image-caption=\"\" data-medium-file=\"https:\/\/i0.wp.com\/agrund.com\/wp-content\/uploads\/sites\/6\/2022\/11\/agrund-converse-brasil-copa-do-mundo-3-1.jpg?fit=240%2C300&amp;ssl=1\" data-large-file=\"https:\/\/i0.wp.com\/agrund.com\/wp-content\/uploads\/sites\/6\/2022\/11\/agrund-converse-brasil-copa-do-mundo-3-1.jpg?fit=600%2C751&amp;ssl=1\" decoding=\"async\" loading=\"lazy\" width=\"600\" height=\"751\" src=\"https:\/\/i0.wp.com\/agrund.com\/wp-content\/uploads\/sites\/6\/2022\/11\/agrund-converse-brasil-copa-do-mundo-3-1.jpg?resize=600%2C751&#038;ssl=1\" alt=\"\" class=\"wp-image-226044\" srcset=\"https:\/\/i0.wp.com\/agrund.com\/wp-content\/uploads\/sites\/6\/2022\/11\/agrund-converse-brasil-copa-do-mundo-3-1.jpg?w=600&amp;ssl=1 600w, https:\/\/i0.wp.com\/agrund.com\/wp-content\/uploads\/sites\/6\/2022\/11\/agrund-converse-brasil-copa-do-mundo-3-1.jpg?resize=240%2C300&amp;ssl=1 240w\" sizes=\"(max-width: 600px) 100vw, 600px\" data-recalc-dims=\"1\" \/><figcaption>Nos p\u00e9s dos torcedores brasileiros<\/figcaption><\/figure><\/div>\n\n\n\n<div class=\"wp-block-image\"><figure class=\"aligncenter size-full\"><img data-attachment-id=\"226042\" data-permalink=\"https:\/\/agrund.com\/index.php\/nos-pes-dos-torcedores-brasileiros\/agrund-converse-brasil-copa-do-mundo-6\/\" data-orig-file=\"https:\/\/i0.wp.com\/agrund.com\/wp-content\/uploads\/sites\/6\/2022\/11\/agrund-converse-brasil-copa-do-mundo-6.jpg?fit=600%2C751&amp;ssl=1\" data-orig-size=\"600,751\" data-comments-opened=\"1\" data-image-meta=\"{&quot;aperture&quot;:&quot;16&quot;,&quot;credit&quot;:&quot;Leticia Schuler&quot;,&quot;camera&quot;:&quot;Canon EOS 60D&quot;,&quot;caption&quot;:&quot;&quot;,&quot;created_timestamp&quot;:&quot;1654700932&quot;,&quot;copyright&quot;:&quot;&quot;,&quot;focal_length&quot;:&quot;69&quot;,&quot;iso&quot;:&quot;100&quot;,&quot;shutter_speed&quot;:&quot;0.00625&quot;,&quot;title&quot;:&quot;&quot;,&quot;orientation&quot;:&quot;1&quot;}\" data-image-title=\"agrund-converse-brasil-copa-do-mundo-6\" data-image-description=\"\" data-image-caption=\"\" data-medium-file=\"https:\/\/i0.wp.com\/agrund.com\/wp-content\/uploads\/sites\/6\/2022\/11\/agrund-converse-brasil-copa-do-mundo-6.jpg?fit=240%2C300&amp;ssl=1\" data-large-file=\"https:\/\/i0.wp.com\/agrund.com\/wp-content\/uploads\/sites\/6\/2022\/11\/agrund-converse-brasil-copa-do-mundo-6.jpg?fit=600%2C751&amp;ssl=1\" decoding=\"async\" loading=\"lazy\" width=\"600\" height=\"751\" src=\"https:\/\/i0.wp.com\/agrund.com\/wp-content\/uploads\/sites\/6\/2022\/11\/agrund-converse-brasil-copa-do-mundo-6.jpg?resize=600%2C751&#038;ssl=1\" alt=\"\" class=\"wp-image-226042\" srcset=\"https:\/\/i0.wp.com\/agrund.com\/wp-content\/uploads\/sites\/6\/2022\/11\/agrund-converse-brasil-copa-do-mundo-6.jpg?w=600&amp;ssl=1 600w, https:\/\/i0.wp.com\/agrund.com\/wp-content\/uploads\/sites\/6\/2022\/11\/agrund-converse-brasil-copa-do-mundo-6.jpg?resize=240%2C300&amp;ssl=1 240w\" sizes=\"(max-width: 600px) 100vw, 600px\" data-recalc-dims=\"1\" \/><figcaption>Nos p\u00e9s dos torcedores brasileiros<\/figcaption><\/figure><\/div>\n\n\n\n<div class=\"wp-block-image\"><figure class=\"aligncenter size-full\"><img data-attachment-id=\"226043\" data-permalink=\"https:\/\/agrund.com\/index.php\/nos-pes-dos-torcedores-brasileiros\/agrund-converse-brasil-copa-do-mundo-4\/\" data-orig-file=\"https:\/\/i0.wp.com\/agrund.com\/wp-content\/uploads\/sites\/6\/2022\/11\/agrund-converse-brasil-copa-do-mundo-4.jpg?fit=600%2C751&amp;ssl=1\" data-orig-size=\"600,751\" data-comments-opened=\"1\" data-image-meta=\"{&quot;aperture&quot;:&quot;16&quot;,&quot;credit&quot;:&quot;Leticia Schuler&quot;,&quot;camera&quot;:&quot;Canon EOS 60D&quot;,&quot;caption&quot;:&quot;&quot;,&quot;created_timestamp&quot;:&quot;1654621268&quot;,&quot;copyright&quot;:&quot;&quot;,&quot;focal_length&quot;:&quot;135&quot;,&quot;iso&quot;:&quot;100&quot;,&quot;shutter_speed&quot;:&quot;0.00625&quot;,&quot;title&quot;:&quot;&quot;,&quot;orientation&quot;:&quot;1&quot;}\" data-image-title=\"agrund-converse-brasil-copa-do-mundo-4\" data-image-description=\"\" data-image-caption=\"\" data-medium-file=\"https:\/\/i0.wp.com\/agrund.com\/wp-content\/uploads\/sites\/6\/2022\/11\/agrund-converse-brasil-copa-do-mundo-4.jpg?fit=240%2C300&amp;ssl=1\" data-large-file=\"https:\/\/i0.wp.com\/agrund.com\/wp-content\/uploads\/sites\/6\/2022\/11\/agrund-converse-brasil-copa-do-mundo-4.jpg?fit=600%2C751&amp;ssl=1\" decoding=\"async\" loading=\"lazy\" width=\"600\" height=\"751\" src=\"https:\/\/i0.wp.com\/agrund.com\/wp-content\/uploads\/sites\/6\/2022\/11\/agrund-converse-brasil-copa-do-mundo-4.jpg?resize=600%2C751&#038;ssl=1\" alt=\"\" class=\"wp-image-226043\" srcset=\"https:\/\/i0.wp.com\/agrund.com\/wp-content\/uploads\/sites\/6\/2022\/11\/agrund-converse-brasil-copa-do-mundo-4.jpg?w=600&amp;ssl=1 600w, https:\/\/i0.wp.com\/agrund.com\/wp-content\/uploads\/sites\/6\/2022\/11\/agrund-converse-brasil-copa-do-mundo-4.jpg?resize=240%2C300&amp;ssl=1 240w\" sizes=\"(max-width: 600px) 100vw, 600px\" data-recalc-dims=\"1\" \/><figcaption>Nos p\u00e9s dos torcedores brasileiros<\/figcaption><\/figure><\/div>\n\n\n\n<p>Fotos: Divulga\u00e7\u00e3o\/ Converse. <\/p>\n","protected":false},"excerpt":{"rendered":"<p>Voc\u00ea j\u00e1 est\u00e1 \u00e0 procura do uniforme para torcer na Copa do Mundo? Pois a Converse vai te dar uma ajudinha nessa! O ic\u00f4nico t\u00eanis Chuck Taylor All Star acaba de ganhar uma nova vers\u00e3o pra l\u00e1 de brasileira inspirada no campeonato esportivo. A linha &#8216;Got Game&#8217; traz o modelo com um cabedal em lona [&hellip;]<\/p>\n","protected":false},"author":8,"featured_media":226045,"comment_status":"open","ping_status":"open","sticky":false,"template":"","format":"standard","meta":{"jetpack_post_was_ever_published":false,"_jetpack_newsletter_access":"","jetpack_publicize_message":"","jetpack_is_tweetstorm":false,"jetpack_publicize_feature_enabled":true,"jetpack_social_post_already_shared":true,"jetpack_social_options":{"image_generator_settings":{"template":"highway","enabled":false}}},"categories":[2],"tags":[395,375,1723,361,3403,423,347,67,525,148,424,862],"jetpack_publicize_connections":[],"jetpack_featured_media_url":"https:\/\/i0.wp.com\/agrund.com\/wp-content\/uploads\/sites\/6\/2022\/11\/s-3.jpg?fit=960%2C300&ssl=1","jetpack_sharing_enabled":true,"jetpack_shortlink":"https:\/\/wp.me\/p3Hz0n-WNL","jetpack_likes_enabled":true,"_links":{"self":[{"href":"https:\/\/agrund.com\/index.php\/wp-json\/wp\/v2\/posts\/226037"}],"collection":[{"href":"https:\/\/agrund.com\/index.php\/wp-json\/wp\/v2\/posts"}],"about":[{"href":"https:\/\/agrund.com\/index.php\/wp-json\/wp\/v2\/types\/post"}],"author":[{"embeddable":true,"href":"https:\/\/agrund.com\/index.php\/wp-json\/wp\/v2\/users\/8"}],"replies":[{"embeddable":true,"href":"https:\/\/agrund.com\/index.php\/wp-json\/wp\/v2\/comments?post=226037"}],"version-history":[{"count":1,"href":"https:\/\/agrund.com\/index.php\/wp-json\/wp\/v2\/posts\/226037\/revisions"}],"predecessor-version":[{"id":226046,"href":"https:\/\/agrund.com\/index.php\/wp-json\/wp\/v2\/posts\/226037\/revisions\/226046"}],"wp:featuredmedia":[{"embeddable":true,"href":"https:\/\/agrund.com\/index.php\/wp-json\/wp\/v2\/media\/226045"}],"wp:attachment":[{"href":"https:\/\/agrund.com\/index.php\/wp-json\/wp\/v2\/media?parent=226037"}],"wp:term":[{"taxonomy":"category","embeddable":true,"href":"https:\/\/agrund.com\/index.php\/wp-json\/wp\/v2\/categories?post=226037"},{"taxonomy":"post_tag","embeddable":true,"href":"https:\/\/agrund.com\/index.php\/wp-json\/wp\/v2\/tags?post=226037"}],"curies":[{"name":"wp","href":"https:\/\/api.w.org\/{rel}","templated":true}]}}