{"id":226024,"date":"2022-11-03T12:00:00","date_gmt":"2022-11-03T15:00:00","guid":{"rendered":"https:\/\/agrund.com\/?p=226024"},"modified":"2022-11-03T09:12:22","modified_gmt":"2022-11-03T12:12:22","slug":"balenciaga-x-adidas-os-detalhes-da-collab","status":"publish","type":"post","link":"https:\/\/agrund.com\/index.php\/balenciaga-x-adidas-os-detalhes-da-collab\/","title":{"rendered":"Balenciaga x Adidas: Os detalhes da collab"},"content":{"rendered":"\n<p>Depois de desfilar a collab no come\u00e7o do ano, Balenciaga e Adidas acabam de revelar a campanha oficial da cole\u00e7\u00e3o, com direito a abertura da pr\u00e9-venda internacional.<\/p>\n\n\n\n<p>A grife parisiense convidou alguns de seus embaixadores e amigos pr\u00f3ximos, como Bella Hadid, Han Sohee, Isabelle Huppert, Jermell Charlo, BCW e Khadim Sock para estrelarem as fotografias capturadas em um escrit\u00f3rio com decora\u00e7\u00e3o bem tradicional, o que criou um contraponto interessante com as pe\u00e7as streetwear da collab.<\/p>\n\n\n\n<p>O que vemos s\u00e3o agasalhos, moletons, jaquetas, cal\u00e7as, camisetas e bermudas com as ic\u00f4nicas tr\u00eas listras junto do logo da Balenciaga, al\u00e9m de acess\u00f3rios, como a nova vers\u00e3o da bolsa Hourglass, bon\u00e9s e joias e carteiras. Para completar, a parceria tamb\u00e9m apresenta\u00a0diferentes modelos de cal\u00e7ados, como Stan Smith, Triple- S, um modelo de t\u00eanis meia e at\u00e9 um scarpin que parece uma bota de cano alto.<\/p>\n\n\n\n<p>A cole\u00e7\u00e3o j\u00e1 est\u00e1 \u00e0 venda tanto no e-commerce da Adidas quanto no da Balenciaga. Confira alguns cliques da campanha:\u00a0<\/p>\n\n\n\n<div class=\"wp-block-image\"><figure class=\"aligncenter size-full\"><img data-attachment-id=\"226027\" data-permalink=\"https:\/\/agrund.com\/index.php\/balenciaga-x-adidas-os-detalhes-da-collab\/agrund-balenciaga-adidas-2022-2-2\/\" data-orig-file=\"https:\/\/i0.wp.com\/agrund.com\/wp-content\/uploads\/sites\/6\/2022\/11\/agrund-balenciaga-adidas-2022-2.jpg?fit=600%2C400&amp;ssl=1\" data-orig-size=\"600,400\" data-comments-opened=\"1\" data-image-meta=\"{&quot;aperture&quot;:&quot;0&quot;,&quot;credit&quot;:&quot;&quot;,&quot;camera&quot;:&quot;&quot;,&quot;caption&quot;:&quot;&quot;,&quot;created_timestamp&quot;:&quot;0&quot;,&quot;copyright&quot;:&quot;&quot;,&quot;focal_length&quot;:&quot;0&quot;,&quot;iso&quot;:&quot;0&quot;,&quot;shutter_speed&quot;:&quot;0&quot;,&quot;title&quot;:&quot;&quot;,&quot;orientation&quot;:&quot;1&quot;}\" data-image-title=\"agrund-balenciaga-adidas-2022-2\" data-image-description=\"\" data-image-caption=\"\" data-medium-file=\"https:\/\/i0.wp.com\/agrund.com\/wp-content\/uploads\/sites\/6\/2022\/11\/agrund-balenciaga-adidas-2022-2.jpg?fit=300%2C200&amp;ssl=1\" data-large-file=\"https:\/\/i0.wp.com\/agrund.com\/wp-content\/uploads\/sites\/6\/2022\/11\/agrund-balenciaga-adidas-2022-2.jpg?fit=600%2C400&amp;ssl=1\" decoding=\"async\" loading=\"lazy\" width=\"600\" height=\"400\" src=\"https:\/\/i0.wp.com\/agrund.com\/wp-content\/uploads\/sites\/6\/2022\/11\/agrund-balenciaga-adidas-2022-2.jpg?resize=600%2C400&#038;ssl=1\" alt=\"\" class=\"wp-image-226027\" srcset=\"https:\/\/i0.wp.com\/agrund.com\/wp-content\/uploads\/sites\/6\/2022\/11\/agrund-balenciaga-adidas-2022-2.jpg?w=600&amp;ssl=1 600w, https:\/\/i0.wp.com\/agrund.com\/wp-content\/uploads\/sites\/6\/2022\/11\/agrund-balenciaga-adidas-2022-2.jpg?resize=300%2C200&amp;ssl=1 300w\" sizes=\"(max-width: 600px) 100vw, 600px\" data-recalc-dims=\"1\" \/><figcaption>Balenciaga x Adidas: Os detalhes da collab<\/figcaption><\/figure><\/div>\n\n\n\n<div class=\"wp-block-image\"><figure class=\"aligncenter size-full\"><img data-attachment-id=\"226030\" data-permalink=\"https:\/\/agrund.com\/index.php\/balenciaga-x-adidas-os-detalhes-da-collab\/agrund-balenciaga-adidas-2022-4-2\/\" data-orig-file=\"https:\/\/i0.wp.com\/agrund.com\/wp-content\/uploads\/sites\/6\/2022\/11\/agrund-balenciaga-adidas-2022-4.jpg?fit=600%2C750&amp;ssl=1\" data-orig-size=\"600,750\" data-comments-opened=\"1\" data-image-meta=\"{&quot;aperture&quot;:&quot;0&quot;,&quot;credit&quot;:&quot;&quot;,&quot;camera&quot;:&quot;&quot;,&quot;caption&quot;:&quot;&quot;,&quot;created_timestamp&quot;:&quot;0&quot;,&quot;copyright&quot;:&quot;&quot;,&quot;focal_length&quot;:&quot;0&quot;,&quot;iso&quot;:&quot;0&quot;,&quot;shutter_speed&quot;:&quot;0&quot;,&quot;title&quot;:&quot;&quot;,&quot;orientation&quot;:&quot;1&quot;}\" data-image-title=\"agrund-balenciaga-adidas-2022-4\" data-image-description=\"\" data-image-caption=\"\" data-medium-file=\"https:\/\/i0.wp.com\/agrund.com\/wp-content\/uploads\/sites\/6\/2022\/11\/agrund-balenciaga-adidas-2022-4.jpg?fit=240%2C300&amp;ssl=1\" data-large-file=\"https:\/\/i0.wp.com\/agrund.com\/wp-content\/uploads\/sites\/6\/2022\/11\/agrund-balenciaga-adidas-2022-4.jpg?fit=600%2C750&amp;ssl=1\" decoding=\"async\" loading=\"lazy\" width=\"600\" height=\"750\" src=\"https:\/\/i0.wp.com\/agrund.com\/wp-content\/uploads\/sites\/6\/2022\/11\/agrund-balenciaga-adidas-2022-4.jpg?resize=600%2C750&#038;ssl=1\" alt=\"\" class=\"wp-image-226030\" srcset=\"https:\/\/i0.wp.com\/agrund.com\/wp-content\/uploads\/sites\/6\/2022\/11\/agrund-balenciaga-adidas-2022-4.jpg?w=600&amp;ssl=1 600w, https:\/\/i0.wp.com\/agrund.com\/wp-content\/uploads\/sites\/6\/2022\/11\/agrund-balenciaga-adidas-2022-4.jpg?resize=240%2C300&amp;ssl=1 240w\" sizes=\"(max-width: 600px) 100vw, 600px\" data-recalc-dims=\"1\" \/><figcaption>Balenciaga x Adidas: Os detalhes da collab<\/figcaption><\/figure><\/div>\n\n\n\n<div class=\"wp-block-image\"><figure class=\"aligncenter size-full\"><img data-attachment-id=\"226029\" data-permalink=\"https:\/\/agrund.com\/index.php\/balenciaga-x-adidas-os-detalhes-da-collab\/agrund-balenciaga-adidas-2022-5-2\/\" data-orig-file=\"https:\/\/i0.wp.com\/agrund.com\/wp-content\/uploads\/sites\/6\/2022\/11\/agrund-balenciaga-adidas-2022-5.jpg?fit=600%2C750&amp;ssl=1\" data-orig-size=\"600,750\" data-comments-opened=\"1\" data-image-meta=\"{&quot;aperture&quot;:&quot;0&quot;,&quot;credit&quot;:&quot;&quot;,&quot;camera&quot;:&quot;&quot;,&quot;caption&quot;:&quot;&quot;,&quot;created_timestamp&quot;:&quot;0&quot;,&quot;copyright&quot;:&quot;&quot;,&quot;focal_length&quot;:&quot;0&quot;,&quot;iso&quot;:&quot;0&quot;,&quot;shutter_speed&quot;:&quot;0&quot;,&quot;title&quot;:&quot;&quot;,&quot;orientation&quot;:&quot;1&quot;}\" data-image-title=\"agrund-balenciaga-adidas-2022-5\" data-image-description=\"\" data-image-caption=\"\" data-medium-file=\"https:\/\/i0.wp.com\/agrund.com\/wp-content\/uploads\/sites\/6\/2022\/11\/agrund-balenciaga-adidas-2022-5.jpg?fit=240%2C300&amp;ssl=1\" data-large-file=\"https:\/\/i0.wp.com\/agrund.com\/wp-content\/uploads\/sites\/6\/2022\/11\/agrund-balenciaga-adidas-2022-5.jpg?fit=600%2C750&amp;ssl=1\" decoding=\"async\" loading=\"lazy\" width=\"600\" height=\"750\" src=\"https:\/\/i0.wp.com\/agrund.com\/wp-content\/uploads\/sites\/6\/2022\/11\/agrund-balenciaga-adidas-2022-5.jpg?resize=600%2C750&#038;ssl=1\" alt=\"\" class=\"wp-image-226029\" srcset=\"https:\/\/i0.wp.com\/agrund.com\/wp-content\/uploads\/sites\/6\/2022\/11\/agrund-balenciaga-adidas-2022-5.jpg?w=600&amp;ssl=1 600w, https:\/\/i0.wp.com\/agrund.com\/wp-content\/uploads\/sites\/6\/2022\/11\/agrund-balenciaga-adidas-2022-5.jpg?resize=240%2C300&amp;ssl=1 240w\" sizes=\"(max-width: 600px) 100vw, 600px\" data-recalc-dims=\"1\" \/><figcaption>Balenciaga x Adidas: Os detalhes da collab<\/figcaption><\/figure><\/div>\n\n\n\n<div class=\"wp-block-image\"><figure class=\"aligncenter size-full\"><img data-attachment-id=\"226032\" data-permalink=\"https:\/\/agrund.com\/index.php\/balenciaga-x-adidas-os-detalhes-da-collab\/agrund-balenciaga-adidas-2022-6-2\/\" data-orig-file=\"https:\/\/i0.wp.com\/agrund.com\/wp-content\/uploads\/sites\/6\/2022\/11\/agrund-balenciaga-adidas-2022-6.jpg?fit=600%2C750&amp;ssl=1\" data-orig-size=\"600,750\" data-comments-opened=\"1\" data-image-meta=\"{&quot;aperture&quot;:&quot;0&quot;,&quot;credit&quot;:&quot;&quot;,&quot;camera&quot;:&quot;&quot;,&quot;caption&quot;:&quot;&quot;,&quot;created_timestamp&quot;:&quot;0&quot;,&quot;copyright&quot;:&quot;&quot;,&quot;focal_length&quot;:&quot;0&quot;,&quot;iso&quot;:&quot;0&quot;,&quot;shutter_speed&quot;:&quot;0&quot;,&quot;title&quot;:&quot;&quot;,&quot;orientation&quot;:&quot;1&quot;}\" data-image-title=\"agrund-balenciaga-adidas-2022-6\" data-image-description=\"\" data-image-caption=\"\" data-medium-file=\"https:\/\/i0.wp.com\/agrund.com\/wp-content\/uploads\/sites\/6\/2022\/11\/agrund-balenciaga-adidas-2022-6.jpg?fit=240%2C300&amp;ssl=1\" data-large-file=\"https:\/\/i0.wp.com\/agrund.com\/wp-content\/uploads\/sites\/6\/2022\/11\/agrund-balenciaga-adidas-2022-6.jpg?fit=600%2C750&amp;ssl=1\" decoding=\"async\" loading=\"lazy\" width=\"600\" height=\"750\" src=\"https:\/\/i0.wp.com\/agrund.com\/wp-content\/uploads\/sites\/6\/2022\/11\/agrund-balenciaga-adidas-2022-6.jpg?resize=600%2C750&#038;ssl=1\" alt=\"\" class=\"wp-image-226032\" srcset=\"https:\/\/i0.wp.com\/agrund.com\/wp-content\/uploads\/sites\/6\/2022\/11\/agrund-balenciaga-adidas-2022-6.jpg?w=600&amp;ssl=1 600w, https:\/\/i0.wp.com\/agrund.com\/wp-content\/uploads\/sites\/6\/2022\/11\/agrund-balenciaga-adidas-2022-6.jpg?resize=240%2C300&amp;ssl=1 240w\" sizes=\"(max-width: 600px) 100vw, 600px\" data-recalc-dims=\"1\" \/><figcaption>Balenciaga x Adidas: Os detalhes da collab<\/figcaption><\/figure><\/div>\n\n\n\n<div class=\"wp-block-image\"><figure class=\"aligncenter size-full\"><img data-attachment-id=\"226031\" data-permalink=\"https:\/\/agrund.com\/index.php\/balenciaga-x-adidas-os-detalhes-da-collab\/agrund-balenciaga-adidas-2022-1-1\/\" data-orig-file=\"https:\/\/i0.wp.com\/agrund.com\/wp-content\/uploads\/sites\/6\/2022\/11\/agrund-balenciaga-adidas-2022-1-1.jpeg?fit=600%2C750&amp;ssl=1\" data-orig-size=\"600,750\" data-comments-opened=\"1\" data-image-meta=\"{&quot;aperture&quot;:&quot;0&quot;,&quot;credit&quot;:&quot;Bright\\\/Smith&quot;,&quot;camera&quot;:&quot;&quot;,&quot;caption&quot;:&quot;&quot;,&quot;created_timestamp&quot;:&quot;0&quot;,&quot;copyright&quot;:&quot;Bright\\\/Smith&quot;,&quot;focal_length&quot;:&quot;0&quot;,&quot;iso&quot;:&quot;0&quot;,&quot;shutter_speed&quot;:&quot;0&quot;,&quot;title&quot;:&quot;&quot;,&quot;orientation&quot;:&quot;1&quot;}\" data-image-title=\"agrund-balenciaga-adidas-2022-1-1\" data-image-description=\"\" data-image-caption=\"\" data-medium-file=\"https:\/\/i0.wp.com\/agrund.com\/wp-content\/uploads\/sites\/6\/2022\/11\/agrund-balenciaga-adidas-2022-1-1.jpeg?fit=240%2C300&amp;ssl=1\" data-large-file=\"https:\/\/i0.wp.com\/agrund.com\/wp-content\/uploads\/sites\/6\/2022\/11\/agrund-balenciaga-adidas-2022-1-1.jpeg?fit=600%2C750&amp;ssl=1\" decoding=\"async\" loading=\"lazy\" width=\"600\" height=\"750\" src=\"https:\/\/i0.wp.com\/agrund.com\/wp-content\/uploads\/sites\/6\/2022\/11\/agrund-balenciaga-adidas-2022-1-1.jpeg?resize=600%2C750&#038;ssl=1\" alt=\"\" class=\"wp-image-226031\" srcset=\"https:\/\/i0.wp.com\/agrund.com\/wp-content\/uploads\/sites\/6\/2022\/11\/agrund-balenciaga-adidas-2022-1-1.jpeg?w=600&amp;ssl=1 600w, https:\/\/i0.wp.com\/agrund.com\/wp-content\/uploads\/sites\/6\/2022\/11\/agrund-balenciaga-adidas-2022-1-1.jpeg?resize=240%2C300&amp;ssl=1 240w\" sizes=\"(max-width: 600px) 100vw, 600px\" data-recalc-dims=\"1\" \/><figcaption>Balenciaga x Adidas: Os detalhes da collab<\/figcaption><\/figure><\/div>\n\n\n\n<div class=\"wp-block-image\"><figure class=\"aligncenter size-full\"><img data-attachment-id=\"226033\" data-permalink=\"https:\/\/agrund.com\/index.php\/balenciaga-x-adidas-os-detalhes-da-collab\/agrund-balenciaga-adidas-2022-8\/\" data-orig-file=\"https:\/\/i0.wp.com\/agrund.com\/wp-content\/uploads\/sites\/6\/2022\/11\/agrund-balenciaga-adidas-2022-8.jpg?fit=600%2C750&amp;ssl=1\" data-orig-size=\"600,750\" data-comments-opened=\"1\" data-image-meta=\"{&quot;aperture&quot;:&quot;0&quot;,&quot;credit&quot;:&quot;&quot;,&quot;camera&quot;:&quot;&quot;,&quot;caption&quot;:&quot;&quot;,&quot;created_timestamp&quot;:&quot;0&quot;,&quot;copyright&quot;:&quot;&quot;,&quot;focal_length&quot;:&quot;0&quot;,&quot;iso&quot;:&quot;0&quot;,&quot;shutter_speed&quot;:&quot;0&quot;,&quot;title&quot;:&quot;&quot;,&quot;orientation&quot;:&quot;1&quot;}\" data-image-title=\"agrund-balenciaga-adidas-2022-8\" data-image-description=\"\" data-image-caption=\"\" data-medium-file=\"https:\/\/i0.wp.com\/agrund.com\/wp-content\/uploads\/sites\/6\/2022\/11\/agrund-balenciaga-adidas-2022-8.jpg?fit=240%2C300&amp;ssl=1\" data-large-file=\"https:\/\/i0.wp.com\/agrund.com\/wp-content\/uploads\/sites\/6\/2022\/11\/agrund-balenciaga-adidas-2022-8.jpg?fit=600%2C750&amp;ssl=1\" decoding=\"async\" loading=\"lazy\" width=\"600\" height=\"750\" src=\"https:\/\/i0.wp.com\/agrund.com\/wp-content\/uploads\/sites\/6\/2022\/11\/agrund-balenciaga-adidas-2022-8.jpg?resize=600%2C750&#038;ssl=1\" alt=\"\" class=\"wp-image-226033\" srcset=\"https:\/\/i0.wp.com\/agrund.com\/wp-content\/uploads\/sites\/6\/2022\/11\/agrund-balenciaga-adidas-2022-8.jpg?w=600&amp;ssl=1 600w, https:\/\/i0.wp.com\/agrund.com\/wp-content\/uploads\/sites\/6\/2022\/11\/agrund-balenciaga-adidas-2022-8.jpg?resize=240%2C300&amp;ssl=1 240w\" sizes=\"(max-width: 600px) 100vw, 600px\" data-recalc-dims=\"1\" \/><figcaption>Balenciaga x Adidas: Os detalhes da collab<\/figcaption><\/figure><\/div>\n\n\n\n<div class=\"wp-block-image\"><figure class=\"aligncenter size-full\"><img data-attachment-id=\"226034\" data-permalink=\"https:\/\/agrund.com\/index.php\/balenciaga-x-adidas-os-detalhes-da-collab\/agrund-balenciaga-adidas-2022-3-2\/\" data-orig-file=\"https:\/\/i0.wp.com\/agrund.com\/wp-content\/uploads\/sites\/6\/2022\/11\/agrund-balenciaga-adidas-2022-3.jpg?fit=600%2C750&amp;ssl=1\" data-orig-size=\"600,750\" data-comments-opened=\"1\" data-image-meta=\"{&quot;aperture&quot;:&quot;0&quot;,&quot;credit&quot;:&quot;&quot;,&quot;camera&quot;:&quot;&quot;,&quot;caption&quot;:&quot;&quot;,&quot;created_timestamp&quot;:&quot;0&quot;,&quot;copyright&quot;:&quot;&quot;,&quot;focal_length&quot;:&quot;0&quot;,&quot;iso&quot;:&quot;0&quot;,&quot;shutter_speed&quot;:&quot;0&quot;,&quot;title&quot;:&quot;&quot;,&quot;orientation&quot;:&quot;1&quot;}\" data-image-title=\"agrund-balenciaga-adidas-2022-3\" data-image-description=\"\" data-image-caption=\"\" data-medium-file=\"https:\/\/i0.wp.com\/agrund.com\/wp-content\/uploads\/sites\/6\/2022\/11\/agrund-balenciaga-adidas-2022-3.jpg?fit=240%2C300&amp;ssl=1\" data-large-file=\"https:\/\/i0.wp.com\/agrund.com\/wp-content\/uploads\/sites\/6\/2022\/11\/agrund-balenciaga-adidas-2022-3.jpg?fit=600%2C750&amp;ssl=1\" decoding=\"async\" loading=\"lazy\" width=\"600\" height=\"750\" src=\"https:\/\/i0.wp.com\/agrund.com\/wp-content\/uploads\/sites\/6\/2022\/11\/agrund-balenciaga-adidas-2022-3.jpg?resize=600%2C750&#038;ssl=1\" alt=\"\" class=\"wp-image-226034\" srcset=\"https:\/\/i0.wp.com\/agrund.com\/wp-content\/uploads\/sites\/6\/2022\/11\/agrund-balenciaga-adidas-2022-3.jpg?w=600&amp;ssl=1 600w, https:\/\/i0.wp.com\/agrund.com\/wp-content\/uploads\/sites\/6\/2022\/11\/agrund-balenciaga-adidas-2022-3.jpg?resize=240%2C300&amp;ssl=1 240w\" sizes=\"(max-width: 600px) 100vw, 600px\" data-recalc-dims=\"1\" \/><figcaption>Balenciaga x Adidas: Os detalhes da collab<\/figcaption><\/figure><\/div>\n\n\n\n<div class=\"wp-block-image\"><figure class=\"aligncenter size-full\"><img data-attachment-id=\"226035\" data-permalink=\"https:\/\/agrund.com\/index.php\/balenciaga-x-adidas-os-detalhes-da-collab\/agrund-balenciaga-adidas-2022-7-2\/\" data-orig-file=\"https:\/\/i0.wp.com\/agrund.com\/wp-content\/uploads\/sites\/6\/2022\/11\/agrund-balenciaga-adidas-2022-7.jpg?fit=600%2C750&amp;ssl=1\" data-orig-size=\"600,750\" data-comments-opened=\"1\" data-image-meta=\"{&quot;aperture&quot;:&quot;0&quot;,&quot;credit&quot;:&quot;&quot;,&quot;camera&quot;:&quot;&quot;,&quot;caption&quot;:&quot;&quot;,&quot;created_timestamp&quot;:&quot;0&quot;,&quot;copyright&quot;:&quot;&quot;,&quot;focal_length&quot;:&quot;0&quot;,&quot;iso&quot;:&quot;0&quot;,&quot;shutter_speed&quot;:&quot;0&quot;,&quot;title&quot;:&quot;&quot;,&quot;orientation&quot;:&quot;1&quot;}\" data-image-title=\"agrund-balenciaga-adidas-2022-7\" data-image-description=\"\" data-image-caption=\"\" data-medium-file=\"https:\/\/i0.wp.com\/agrund.com\/wp-content\/uploads\/sites\/6\/2022\/11\/agrund-balenciaga-adidas-2022-7.jpg?fit=240%2C300&amp;ssl=1\" data-large-file=\"https:\/\/i0.wp.com\/agrund.com\/wp-content\/uploads\/sites\/6\/2022\/11\/agrund-balenciaga-adidas-2022-7.jpg?fit=600%2C750&amp;ssl=1\" decoding=\"async\" loading=\"lazy\" width=\"600\" height=\"750\" src=\"https:\/\/i0.wp.com\/agrund.com\/wp-content\/uploads\/sites\/6\/2022\/11\/agrund-balenciaga-adidas-2022-7.jpg?resize=600%2C750&#038;ssl=1\" alt=\"\" class=\"wp-image-226035\" srcset=\"https:\/\/i0.wp.com\/agrund.com\/wp-content\/uploads\/sites\/6\/2022\/11\/agrund-balenciaga-adidas-2022-7.jpg?w=600&amp;ssl=1 600w, https:\/\/i0.wp.com\/agrund.com\/wp-content\/uploads\/sites\/6\/2022\/11\/agrund-balenciaga-adidas-2022-7.jpg?resize=240%2C300&amp;ssl=1 240w\" sizes=\"(max-width: 600px) 100vw, 600px\" data-recalc-dims=\"1\" \/><figcaption>Balenciaga x Adidas: Os detalhes da collab<\/figcaption><\/figure><\/div>\n\n\n\n<p>Fotos: Reprodu\u00e7\u00e3o\/ Balencia x Adidas. <\/p>\n","protected":false},"excerpt":{"rendered":"<p>Depois de desfilar a collab no come\u00e7o do ano, Balenciaga e Adidas acabam de revelar a campanha oficial da cole\u00e7\u00e3o, com direito a abertura da pr\u00e9-venda internacional. A grife parisiense convidou alguns de seus embaixadores e amigos pr\u00f3ximos, como Bella Hadid, Han Sohee, Isabelle Huppert, Jermell Charlo, BCW e Khadim Sock para estrelarem as fotografias [&hellip;]<\/p>\n","protected":false},"author":8,"featured_media":226025,"comment_status":"open","ping_status":"open","sticky":false,"template":"","format":"standard","meta":{"jetpack_post_was_ever_published":false,"_jetpack_newsletter_access":"","jetpack_publicize_message":"","jetpack_is_tweetstorm":false,"jetpack_publicize_feature_enabled":true,"jetpack_social_post_already_shared":true,"jetpack_social_options":{"image_generator_settings":{"template":"highway","enabled":false}}},"categories":[2],"tags":[1088,395,449,241,364,3124,1225,962,525,148,365],"jetpack_publicize_connections":[],"jetpack_featured_media_url":"https:\/\/i0.wp.com\/agrund.com\/wp-content\/uploads\/sites\/6\/2022\/11\/S-2.jpg?fit=960%2C300&ssl=1","jetpack_sharing_enabled":true,"jetpack_shortlink":"https:\/\/wp.me\/p3Hz0n-WNy","jetpack_likes_enabled":true,"_links":{"self":[{"href":"https:\/\/agrund.com\/index.php\/wp-json\/wp\/v2\/posts\/226024"}],"collection":[{"href":"https:\/\/agrund.com\/index.php\/wp-json\/wp\/v2\/posts"}],"about":[{"href":"https:\/\/agrund.com\/index.php\/wp-json\/wp\/v2\/types\/post"}],"author":[{"embeddable":true,"href":"https:\/\/agrund.com\/index.php\/wp-json\/wp\/v2\/users\/8"}],"replies":[{"embeddable":true,"href":"https:\/\/agrund.com\/index.php\/wp-json\/wp\/v2\/comments?post=226024"}],"version-history":[{"count":2,"href":"https:\/\/agrund.com\/index.php\/wp-json\/wp\/v2\/posts\/226024\/revisions"}],"predecessor-version":[{"id":226036,"href":"https:\/\/agrund.com\/index.php\/wp-json\/wp\/v2\/posts\/226024\/revisions\/226036"}],"wp:featuredmedia":[{"embeddable":true,"href":"https:\/\/agrund.com\/index.php\/wp-json\/wp\/v2\/media\/226025"}],"wp:attachment":[{"href":"https:\/\/agrund.com\/index.php\/wp-json\/wp\/v2\/media?parent=226024"}],"wp:term":[{"taxonomy":"category","embeddable":true,"href":"https:\/\/agrund.com\/index.php\/wp-json\/wp\/v2\/categories?post=226024"},{"taxonomy":"post_tag","embeddable":true,"href":"https:\/\/agrund.com\/index.php\/wp-json\/wp\/v2\/tags?post=226024"}],"curies":[{"name":"wp","href":"https:\/\/api.w.org\/{rel}","templated":true}]}}