{"id":226004,"date":"2022-10-31T17:00:00","date_gmt":"2022-10-31T20:00:00","guid":{"rendered":"https:\/\/agrund.com\/?p=226004"},"modified":"2022-10-31T16:20:09","modified_gmt":"2022-10-31T19:20:09","slug":"maison-margiela-e-samsung-confirmam-parceria","status":"publish","type":"post","link":"https:\/\/agrund.com\/index.php\/maison-margiela-e-samsung-confirmam-parceria\/","title":{"rendered":"Maison Margiela e Samsung confirmam parceria\u00a0"},"content":{"rendered":"\n<p>A Samsung se uniu \u00e0 Maison Margiela para uma parceria inusitada e que promete se tornar um desejo ao redor do mundo.<\/p>\n\n\n\n<p>\u201cUma bela justaposi\u00e7\u00e3o de tecnologia de ponta e alta costura\u201d, revelou a legenda da foto postada hoje (31) no Instagram da Samsung. Conhecida por seu design minimalista e \u00fanico, a marca francesa foi convidada para reinterpretar um dos celulares do momento, o Galaxy Z Flip 4.\u00a0<\/p>\n\n\n\n<p>Na primeira imagem divulgada, temos a silhueta do Galaxy em uma textura de papel branco com o relevo da ic\u00f4nica sequ\u00eancia num\u00e9rica da grife.\u00a0<\/p>\n\n\n\n<p>Vale lembrar que esta n\u00e3o \u00e9 a primeira vez que a empresa de tecnologia se une a um nome da moda. Em 2020, por exemplo, Thom Browne assinou uma edi\u00e7\u00e3o limitada de um smartphone.<\/p>\n\n\n\n<p>A data do lan\u00e7amento ainda n\u00e3o foi confirmada, ent\u00e3o nos resta aguardar mais detalhes.<\/p>\n\n\n\n<div class=\"wp-block-image\"><figure class=\"aligncenter size-full\"><img data-attachment-id=\"226005\" data-permalink=\"https:\/\/agrund.com\/index.php\/maison-margiela-e-samsung-confirmam-parceria\/agrund-samsung-maison-margiela-1\/\" data-orig-file=\"https:\/\/i0.wp.com\/agrund.com\/wp-content\/uploads\/sites\/6\/2022\/10\/agrund-samsung-maison-margiela-1.jpg?fit=600%2C400&amp;ssl=1\" data-orig-size=\"600,400\" data-comments-opened=\"1\" data-image-meta=\"{&quot;aperture&quot;:&quot;0&quot;,&quot;credit&quot;:&quot;&quot;,&quot;camera&quot;:&quot;&quot;,&quot;caption&quot;:&quot;&quot;,&quot;created_timestamp&quot;:&quot;0&quot;,&quot;copyright&quot;:&quot;&quot;,&quot;focal_length&quot;:&quot;0&quot;,&quot;iso&quot;:&quot;0&quot;,&quot;shutter_speed&quot;:&quot;0&quot;,&quot;title&quot;:&quot;&quot;,&quot;orientation&quot;:&quot;1&quot;}\" data-image-title=\"agrund-samsung-maison-margiela-1\" data-image-description=\"\" data-image-caption=\"\" data-medium-file=\"https:\/\/i0.wp.com\/agrund.com\/wp-content\/uploads\/sites\/6\/2022\/10\/agrund-samsung-maison-margiela-1.jpg?fit=300%2C200&amp;ssl=1\" data-large-file=\"https:\/\/i0.wp.com\/agrund.com\/wp-content\/uploads\/sites\/6\/2022\/10\/agrund-samsung-maison-margiela-1.jpg?fit=600%2C400&amp;ssl=1\" decoding=\"async\" loading=\"lazy\" width=\"600\" height=\"400\" src=\"https:\/\/i0.wp.com\/agrund.com\/wp-content\/uploads\/sites\/6\/2022\/10\/agrund-samsung-maison-margiela-1.jpg?resize=600%2C400&#038;ssl=1\" alt=\"\" class=\"wp-image-226005\" srcset=\"https:\/\/i0.wp.com\/agrund.com\/wp-content\/uploads\/sites\/6\/2022\/10\/agrund-samsung-maison-margiela-1.jpg?w=600&amp;ssl=1 600w, https:\/\/i0.wp.com\/agrund.com\/wp-content\/uploads\/sites\/6\/2022\/10\/agrund-samsung-maison-margiela-1.jpg?resize=300%2C200&amp;ssl=1 300w\" sizes=\"(max-width: 600px) 100vw, 600px\" data-recalc-dims=\"1\" \/><figcaption>Maison Margiela e Samsung confirmam parceria\u00a0<\/figcaption><\/figure><\/div>\n\n\n\n<div class=\"wp-block-image\"><figure class=\"aligncenter size-full\"><img data-attachment-id=\"226006\" data-permalink=\"https:\/\/agrund.com\/index.php\/maison-margiela-e-samsung-confirmam-parceria\/agrund-samsung-maison-margiela-2\/\" data-orig-file=\"https:\/\/i0.wp.com\/agrund.com\/wp-content\/uploads\/sites\/6\/2022\/10\/agrund-samsung-maison-margiela-2.jpg?fit=600%2C400&amp;ssl=1\" data-orig-size=\"600,400\" data-comments-opened=\"1\" data-image-meta=\"{&quot;aperture&quot;:&quot;0&quot;,&quot;credit&quot;:&quot;&quot;,&quot;camera&quot;:&quot;&quot;,&quot;caption&quot;:&quot;&quot;,&quot;created_timestamp&quot;:&quot;0&quot;,&quot;copyright&quot;:&quot;&quot;,&quot;focal_length&quot;:&quot;0&quot;,&quot;iso&quot;:&quot;0&quot;,&quot;shutter_speed&quot;:&quot;0&quot;,&quot;title&quot;:&quot;&quot;,&quot;orientation&quot;:&quot;1&quot;}\" data-image-title=\"agrund-samsung-maison-margiela-2\" data-image-description=\"\" data-image-caption=\"\" data-medium-file=\"https:\/\/i0.wp.com\/agrund.com\/wp-content\/uploads\/sites\/6\/2022\/10\/agrund-samsung-maison-margiela-2.jpg?fit=300%2C200&amp;ssl=1\" data-large-file=\"https:\/\/i0.wp.com\/agrund.com\/wp-content\/uploads\/sites\/6\/2022\/10\/agrund-samsung-maison-margiela-2.jpg?fit=600%2C400&amp;ssl=1\" decoding=\"async\" loading=\"lazy\" width=\"600\" height=\"400\" src=\"https:\/\/i0.wp.com\/agrund.com\/wp-content\/uploads\/sites\/6\/2022\/10\/agrund-samsung-maison-margiela-2.jpg?resize=600%2C400&#038;ssl=1\" alt=\"\" class=\"wp-image-226006\" srcset=\"https:\/\/i0.wp.com\/agrund.com\/wp-content\/uploads\/sites\/6\/2022\/10\/agrund-samsung-maison-margiela-2.jpg?w=600&amp;ssl=1 600w, https:\/\/i0.wp.com\/agrund.com\/wp-content\/uploads\/sites\/6\/2022\/10\/agrund-samsung-maison-margiela-2.jpg?resize=300%2C200&amp;ssl=1 300w\" sizes=\"(max-width: 600px) 100vw, 600px\" data-recalc-dims=\"1\" \/><figcaption>Maison Margiela e Samsung confirmam parceria\u00a0<\/figcaption><\/figure><\/div>\n\n\n\n<p>Fotos: Reprodu\u00e7\u00e3o. <\/p>\n","protected":false},"excerpt":{"rendered":"<p>A Samsung se uniu \u00e0 Maison Margiela para uma parceria inusitada e que promete se tornar um desejo ao redor do mundo. \u201cUma bela justaposi\u00e7\u00e3o de tecnologia de ponta e alta costura\u201d, revelou a legenda da foto postada hoje (31) no Instagram da Samsung. Conhecida por seu design minimalista e \u00fanico, a marca francesa foi [&hellip;]<\/p>\n","protected":false},"author":8,"featured_media":226007,"comment_status":"open","ping_status":"open","sticky":false,"template":"","format":"standard","meta":{"jetpack_post_was_ever_published":false,"_jetpack_newsletter_access":"","jetpack_publicize_message":"","jetpack_is_tweetstorm":false,"jetpack_publicize_feature_enabled":true,"jetpack_social_post_already_shared":true,"jetpack_social_options":{"image_generator_settings":{"template":"highway","enabled":false}}},"categories":[2],"tags":[395,375,3409,3410,423,347,3411,1324,67,525,148,1403,424,862],"jetpack_publicize_connections":[],"jetpack_featured_media_url":"https:\/\/i0.wp.com\/agrund.com\/wp-content\/uploads\/sites\/6\/2022\/10\/S-30.jpg?fit=960%2C300&ssl=1","jetpack_sharing_enabled":true,"jetpack_shortlink":"https:\/\/wp.me\/p3Hz0n-WNe","jetpack_likes_enabled":true,"_links":{"self":[{"href":"https:\/\/agrund.com\/index.php\/wp-json\/wp\/v2\/posts\/226004"}],"collection":[{"href":"https:\/\/agrund.com\/index.php\/wp-json\/wp\/v2\/posts"}],"about":[{"href":"https:\/\/agrund.com\/index.php\/wp-json\/wp\/v2\/types\/post"}],"author":[{"embeddable":true,"href":"https:\/\/agrund.com\/index.php\/wp-json\/wp\/v2\/users\/8"}],"replies":[{"embeddable":true,"href":"https:\/\/agrund.com\/index.php\/wp-json\/wp\/v2\/comments?post=226004"}],"version-history":[{"count":1,"href":"https:\/\/agrund.com\/index.php\/wp-json\/wp\/v2\/posts\/226004\/revisions"}],"predecessor-version":[{"id":226008,"href":"https:\/\/agrund.com\/index.php\/wp-json\/wp\/v2\/posts\/226004\/revisions\/226008"}],"wp:featuredmedia":[{"embeddable":true,"href":"https:\/\/agrund.com\/index.php\/wp-json\/wp\/v2\/media\/226007"}],"wp:attachment":[{"href":"https:\/\/agrund.com\/index.php\/wp-json\/wp\/v2\/media?parent=226004"}],"wp:term":[{"taxonomy":"category","embeddable":true,"href":"https:\/\/agrund.com\/index.php\/wp-json\/wp\/v2\/categories?post=226004"},{"taxonomy":"post_tag","embeddable":true,"href":"https:\/\/agrund.com\/index.php\/wp-json\/wp\/v2\/tags?post=226004"}],"curies":[{"name":"wp","href":"https:\/\/api.w.org\/{rel}","templated":true}]}}