{"id":225980,"date":"2022-10-28T12:00:00","date_gmt":"2022-10-28T15:00:00","guid":{"rendered":"https:\/\/agrund.com\/?p=225980"},"modified":"2022-10-28T11:40:45","modified_gmt":"2022-10-28T14:40:45","slug":"copa-do-mundo-inspira-colecao-de-maquiagem","status":"publish","type":"post","link":"https:\/\/agrund.com\/index.php\/copa-do-mundo-inspira-colecao-de-maquiagem\/","title":{"rendered":"Copa do Mundo inspira cole\u00e7\u00e3o de maquiagem"},"content":{"rendered":"\n<p>A Quem Disse, Berenice? e a Guaran\u00e1 Antarctica se uniram para te ajudar a entrar no clima da Copa do Mundo. Juntas, elas mergulharam na tend\u00eancia do BrazilCore e cocriaram uma linha de maquiagens e esmaltes com muito verde, amarelo, azul e branco.<\/p>\n\n\n\n<p>O resultado s\u00e3o l\u00e1pis multifuncionais para olhos, rosto e corpo, al\u00e9m de p\u00f3 iluminador com part\u00edculas douradas e esmaltes para a torcida brasileira usar sua criatividade.\u00a0 E vale dizer que todos os produtos t\u00eam alta pigmenta\u00e7\u00e3o e performance, o que garante a dura\u00e7\u00e3o por toda a festa.<\/p>\n\n\n\n<p>\u201cEstamos muito animados com essa parceria com Guaran\u00e1. A irrever\u00eancia, o est\u00edmulo \u00e0 express\u00e3o individual e a vibra\u00e7\u00e3o de QDB tem tudo a ver com essa atmosfera que se cria nos momentos em que est\u00e3o todos torcendo juntos. As cores, texturas e possibilidades dessa edi\u00e7\u00e3o limitada combinam com esse estilo \u00fanico do brasileiro, que tem sido t\u00e3o procurado no mundo todo pelos moods Brazil Aesthetic e BrazilCore. \u00c9 o nosso jeito de fazer um esquenta cheio de boas vibra\u00e7\u00f5es e vestir a camisa\u201d, declarou Mirele Martinez, Diretora da Categoria de Maquiagens de Quem Disse, Berenice?.<\/p>\n\n\n\n<p>Gostou? A cole\u00e7\u00e3o \u00e9 uma edi\u00e7\u00e3o limitada e chega \u00e0s lojas no dia 31 de outubro, bem a tempo de garantir os produtos e j\u00e1 pensar nas inspira\u00e7\u00f5es de make para usar no jogo do Brasil.\u00a0<\/p>\n\n\n\n<div class=\"wp-block-image\"><figure class=\"aligncenter size-full\"><img data-attachment-id=\"225981\" data-permalink=\"https:\/\/agrund.com\/index.php\/copa-do-mundo-inspira-colecao-de-maquiagem\/agrund-quem-disse-berenice-guarana-antarctica-copa-do-mundo-1\/\" data-orig-file=\"https:\/\/i0.wp.com\/agrund.com\/wp-content\/uploads\/sites\/6\/2022\/10\/agrund-Quem-Disse-Berenice-Guarana-Antarctica-copa-do-mundo-1.jpg?fit=600%2C400&amp;ssl=1\" data-orig-size=\"600,400\" data-comments-opened=\"1\" data-image-meta=\"{&quot;aperture&quot;:&quot;0&quot;,&quot;credit&quot;:&quot;&quot;,&quot;camera&quot;:&quot;&quot;,&quot;caption&quot;:&quot;&quot;,&quot;created_timestamp&quot;:&quot;0&quot;,&quot;copyright&quot;:&quot;&quot;,&quot;focal_length&quot;:&quot;0&quot;,&quot;iso&quot;:&quot;0&quot;,&quot;shutter_speed&quot;:&quot;0&quot;,&quot;title&quot;:&quot;&quot;,&quot;orientation&quot;:&quot;1&quot;}\" data-image-title=\"agrund-Quem-Disse-Berenice-Guarana-Antarctica-copa-do-mundo-1\" data-image-description=\"\" data-image-caption=\"\" data-medium-file=\"https:\/\/i0.wp.com\/agrund.com\/wp-content\/uploads\/sites\/6\/2022\/10\/agrund-Quem-Disse-Berenice-Guarana-Antarctica-copa-do-mundo-1.jpg?fit=300%2C200&amp;ssl=1\" data-large-file=\"https:\/\/i0.wp.com\/agrund.com\/wp-content\/uploads\/sites\/6\/2022\/10\/agrund-Quem-Disse-Berenice-Guarana-Antarctica-copa-do-mundo-1.jpg?fit=600%2C400&amp;ssl=1\" decoding=\"async\" loading=\"lazy\" width=\"600\" height=\"400\" src=\"https:\/\/i0.wp.com\/agrund.com\/wp-content\/uploads\/sites\/6\/2022\/10\/agrund-Quem-Disse-Berenice-Guarana-Antarctica-copa-do-mundo-1.jpg?resize=600%2C400&#038;ssl=1\" alt=\"\" class=\"wp-image-225981\" srcset=\"https:\/\/i0.wp.com\/agrund.com\/wp-content\/uploads\/sites\/6\/2022\/10\/agrund-Quem-Disse-Berenice-Guarana-Antarctica-copa-do-mundo-1.jpg?w=600&amp;ssl=1 600w, https:\/\/i0.wp.com\/agrund.com\/wp-content\/uploads\/sites\/6\/2022\/10\/agrund-Quem-Disse-Berenice-Guarana-Antarctica-copa-do-mundo-1.jpg?resize=300%2C200&amp;ssl=1 300w\" sizes=\"(max-width: 600px) 100vw, 600px\" data-recalc-dims=\"1\" \/><figcaption>Copa do Mundo inspira cole\u00e7\u00e3o de maquiagem<\/figcaption><\/figure><\/div>\n\n\n\n<div class=\"wp-block-image\"><figure class=\"aligncenter size-full\"><img data-attachment-id=\"225986\" data-permalink=\"https:\/\/agrund.com\/index.php\/copa-do-mundo-inspira-colecao-de-maquiagem\/agrund-quem-disse-berenice-guarana-antarctica-copa-do-mundo-6\/\" data-orig-file=\"https:\/\/i0.wp.com\/agrund.com\/wp-content\/uploads\/sites\/6\/2022\/10\/agrund-Quem-Disse-Berenice-Guarana-Antarctica-copa-do-mundo-6.jpg?fit=600%2C837&amp;ssl=1\" data-orig-size=\"600,837\" data-comments-opened=\"1\" data-image-meta=\"{&quot;aperture&quot;:&quot;0&quot;,&quot;credit&quot;:&quot;&quot;,&quot;camera&quot;:&quot;&quot;,&quot;caption&quot;:&quot;&quot;,&quot;created_timestamp&quot;:&quot;0&quot;,&quot;copyright&quot;:&quot;&quot;,&quot;focal_length&quot;:&quot;0&quot;,&quot;iso&quot;:&quot;0&quot;,&quot;shutter_speed&quot;:&quot;0&quot;,&quot;title&quot;:&quot;&quot;,&quot;orientation&quot;:&quot;1&quot;}\" data-image-title=\"agrund-Quem-Disse-Berenice-Guarana-Antarctica-copa-do-mundo-6\" data-image-description=\"\" data-image-caption=\"\" data-medium-file=\"https:\/\/i0.wp.com\/agrund.com\/wp-content\/uploads\/sites\/6\/2022\/10\/agrund-Quem-Disse-Berenice-Guarana-Antarctica-copa-do-mundo-6.jpg?fit=215%2C300&amp;ssl=1\" data-large-file=\"https:\/\/i0.wp.com\/agrund.com\/wp-content\/uploads\/sites\/6\/2022\/10\/agrund-Quem-Disse-Berenice-Guarana-Antarctica-copa-do-mundo-6.jpg?fit=600%2C837&amp;ssl=1\" decoding=\"async\" loading=\"lazy\" width=\"600\" height=\"837\" src=\"https:\/\/i0.wp.com\/agrund.com\/wp-content\/uploads\/sites\/6\/2022\/10\/agrund-Quem-Disse-Berenice-Guarana-Antarctica-copa-do-mundo-6.jpg?resize=600%2C837&#038;ssl=1\" alt=\"\" class=\"wp-image-225986\" srcset=\"https:\/\/i0.wp.com\/agrund.com\/wp-content\/uploads\/sites\/6\/2022\/10\/agrund-Quem-Disse-Berenice-Guarana-Antarctica-copa-do-mundo-6.jpg?w=600&amp;ssl=1 600w, https:\/\/i0.wp.com\/agrund.com\/wp-content\/uploads\/sites\/6\/2022\/10\/agrund-Quem-Disse-Berenice-Guarana-Antarctica-copa-do-mundo-6.jpg?resize=215%2C300&amp;ssl=1 215w\" sizes=\"(max-width: 600px) 100vw, 600px\" data-recalc-dims=\"1\" \/><figcaption>Copa do Mundo inspira cole\u00e7\u00e3o de maquiagem<\/figcaption><\/figure><\/div>\n\n\n\n<div class=\"wp-block-image\"><figure class=\"aligncenter size-full\"><img data-attachment-id=\"225982\" data-permalink=\"https:\/\/agrund.com\/index.php\/copa-do-mundo-inspira-colecao-de-maquiagem\/agrund-quem-disse-berenice-guarana-antarctica-copa-do-mundo-2\/\" data-orig-file=\"https:\/\/i0.wp.com\/agrund.com\/wp-content\/uploads\/sites\/6\/2022\/10\/agrund-Quem-Disse-Berenice-Guarana-Antarctica-copa-do-mundo-2.jpg?fit=600%2C635&amp;ssl=1\" data-orig-size=\"600,635\" data-comments-opened=\"1\" data-image-meta=\"{&quot;aperture&quot;:&quot;0&quot;,&quot;credit&quot;:&quot;&quot;,&quot;camera&quot;:&quot;&quot;,&quot;caption&quot;:&quot;&quot;,&quot;created_timestamp&quot;:&quot;0&quot;,&quot;copyright&quot;:&quot;&quot;,&quot;focal_length&quot;:&quot;0&quot;,&quot;iso&quot;:&quot;0&quot;,&quot;shutter_speed&quot;:&quot;0&quot;,&quot;title&quot;:&quot;&quot;,&quot;orientation&quot;:&quot;1&quot;}\" data-image-title=\"agrund-Quem-Disse-Berenice-Guarana-Antarctica-copa-do-mundo-2\" data-image-description=\"\" data-image-caption=\"\" data-medium-file=\"https:\/\/i0.wp.com\/agrund.com\/wp-content\/uploads\/sites\/6\/2022\/10\/agrund-Quem-Disse-Berenice-Guarana-Antarctica-copa-do-mundo-2.jpg?fit=283%2C300&amp;ssl=1\" data-large-file=\"https:\/\/i0.wp.com\/agrund.com\/wp-content\/uploads\/sites\/6\/2022\/10\/agrund-Quem-Disse-Berenice-Guarana-Antarctica-copa-do-mundo-2.jpg?fit=600%2C635&amp;ssl=1\" decoding=\"async\" loading=\"lazy\" width=\"600\" height=\"635\" src=\"https:\/\/i0.wp.com\/agrund.com\/wp-content\/uploads\/sites\/6\/2022\/10\/agrund-Quem-Disse-Berenice-Guarana-Antarctica-copa-do-mundo-2.jpg?resize=600%2C635&#038;ssl=1\" alt=\"\" class=\"wp-image-225982\" srcset=\"https:\/\/i0.wp.com\/agrund.com\/wp-content\/uploads\/sites\/6\/2022\/10\/agrund-Quem-Disse-Berenice-Guarana-Antarctica-copa-do-mundo-2.jpg?w=600&amp;ssl=1 600w, https:\/\/i0.wp.com\/agrund.com\/wp-content\/uploads\/sites\/6\/2022\/10\/agrund-Quem-Disse-Berenice-Guarana-Antarctica-copa-do-mundo-2.jpg?resize=283%2C300&amp;ssl=1 283w\" sizes=\"(max-width: 600px) 100vw, 600px\" data-recalc-dims=\"1\" \/><figcaption>Copa do Mundo inspira cole\u00e7\u00e3o de maquiagem<\/figcaption><\/figure><\/div>\n\n\n\n<div class=\"wp-block-image\"><figure class=\"aligncenter size-full\"><img data-attachment-id=\"225983\" data-permalink=\"https:\/\/agrund.com\/index.php\/copa-do-mundo-inspira-colecao-de-maquiagem\/agrund-quem-disse-berenice-guarana-antarctica-copa-do-mundo-3\/\" data-orig-file=\"https:\/\/i0.wp.com\/agrund.com\/wp-content\/uploads\/sites\/6\/2022\/10\/agrund-Quem-Disse-Berenice-Guarana-Antarctica-copa-do-mundo-3.jpg?fit=600%2C619&amp;ssl=1\" data-orig-size=\"600,619\" data-comments-opened=\"1\" data-image-meta=\"{&quot;aperture&quot;:&quot;0&quot;,&quot;credit&quot;:&quot;&quot;,&quot;camera&quot;:&quot;&quot;,&quot;caption&quot;:&quot;&quot;,&quot;created_timestamp&quot;:&quot;0&quot;,&quot;copyright&quot;:&quot;&quot;,&quot;focal_length&quot;:&quot;0&quot;,&quot;iso&quot;:&quot;0&quot;,&quot;shutter_speed&quot;:&quot;0&quot;,&quot;title&quot;:&quot;&quot;,&quot;orientation&quot;:&quot;1&quot;}\" data-image-title=\"agrund-Quem-Disse-Berenice-Guarana-Antarctica-copa-do-mundo-3\" data-image-description=\"\" data-image-caption=\"\" data-medium-file=\"https:\/\/i0.wp.com\/agrund.com\/wp-content\/uploads\/sites\/6\/2022\/10\/agrund-Quem-Disse-Berenice-Guarana-Antarctica-copa-do-mundo-3.jpg?fit=291%2C300&amp;ssl=1\" data-large-file=\"https:\/\/i0.wp.com\/agrund.com\/wp-content\/uploads\/sites\/6\/2022\/10\/agrund-Quem-Disse-Berenice-Guarana-Antarctica-copa-do-mundo-3.jpg?fit=600%2C619&amp;ssl=1\" decoding=\"async\" loading=\"lazy\" width=\"600\" height=\"619\" src=\"https:\/\/i0.wp.com\/agrund.com\/wp-content\/uploads\/sites\/6\/2022\/10\/agrund-Quem-Disse-Berenice-Guarana-Antarctica-copa-do-mundo-3.jpg?resize=600%2C619&#038;ssl=1\" alt=\"\" class=\"wp-image-225983\" srcset=\"https:\/\/i0.wp.com\/agrund.com\/wp-content\/uploads\/sites\/6\/2022\/10\/agrund-Quem-Disse-Berenice-Guarana-Antarctica-copa-do-mundo-3.jpg?w=600&amp;ssl=1 600w, https:\/\/i0.wp.com\/agrund.com\/wp-content\/uploads\/sites\/6\/2022\/10\/agrund-Quem-Disse-Berenice-Guarana-Antarctica-copa-do-mundo-3.jpg?resize=291%2C300&amp;ssl=1 291w\" sizes=\"(max-width: 600px) 100vw, 600px\" data-recalc-dims=\"1\" \/><figcaption>Copa do Mundo inspira cole\u00e7\u00e3o de maquiagem<\/figcaption><\/figure><\/div>\n\n\n\n<div class=\"wp-block-image\"><figure class=\"aligncenter size-full\"><img data-attachment-id=\"225984\" data-permalink=\"https:\/\/agrund.com\/index.php\/copa-do-mundo-inspira-colecao-de-maquiagem\/agrund-quem-disse-berenice-guarana-antarctica-copa-do-mundo-4\/\" data-orig-file=\"https:\/\/i0.wp.com\/agrund.com\/wp-content\/uploads\/sites\/6\/2022\/10\/agrund-Quem-Disse-Berenice-Guarana-Antarctica-copa-do-mundo-4.jpg?fit=600%2C401&amp;ssl=1\" data-orig-size=\"600,401\" data-comments-opened=\"1\" data-image-meta=\"{&quot;aperture&quot;:&quot;0&quot;,&quot;credit&quot;:&quot;&quot;,&quot;camera&quot;:&quot;&quot;,&quot;caption&quot;:&quot;&quot;,&quot;created_timestamp&quot;:&quot;0&quot;,&quot;copyright&quot;:&quot;&quot;,&quot;focal_length&quot;:&quot;0&quot;,&quot;iso&quot;:&quot;0&quot;,&quot;shutter_speed&quot;:&quot;0&quot;,&quot;title&quot;:&quot;&quot;,&quot;orientation&quot;:&quot;1&quot;}\" data-image-title=\"agrund-Quem-Disse-Berenice-Guarana-Antarctica-copa-do-mundo-4\" data-image-description=\"\" data-image-caption=\"\" data-medium-file=\"https:\/\/i0.wp.com\/agrund.com\/wp-content\/uploads\/sites\/6\/2022\/10\/agrund-Quem-Disse-Berenice-Guarana-Antarctica-copa-do-mundo-4.jpg?fit=300%2C201&amp;ssl=1\" data-large-file=\"https:\/\/i0.wp.com\/agrund.com\/wp-content\/uploads\/sites\/6\/2022\/10\/agrund-Quem-Disse-Berenice-Guarana-Antarctica-copa-do-mundo-4.jpg?fit=600%2C401&amp;ssl=1\" decoding=\"async\" loading=\"lazy\" width=\"600\" height=\"401\" src=\"https:\/\/i0.wp.com\/agrund.com\/wp-content\/uploads\/sites\/6\/2022\/10\/agrund-Quem-Disse-Berenice-Guarana-Antarctica-copa-do-mundo-4.jpg?resize=600%2C401&#038;ssl=1\" alt=\"\" class=\"wp-image-225984\" srcset=\"https:\/\/i0.wp.com\/agrund.com\/wp-content\/uploads\/sites\/6\/2022\/10\/agrund-Quem-Disse-Berenice-Guarana-Antarctica-copa-do-mundo-4.jpg?w=600&amp;ssl=1 600w, https:\/\/i0.wp.com\/agrund.com\/wp-content\/uploads\/sites\/6\/2022\/10\/agrund-Quem-Disse-Berenice-Guarana-Antarctica-copa-do-mundo-4.jpg?resize=300%2C201&amp;ssl=1 300w\" sizes=\"(max-width: 600px) 100vw, 600px\" data-recalc-dims=\"1\" \/><figcaption>Copa do Mundo inspira cole\u00e7\u00e3o de maquiagem<\/figcaption><\/figure><\/div>\n\n\n\n<div class=\"wp-block-image\"><figure class=\"aligncenter size-full\"><img data-attachment-id=\"225985\" data-permalink=\"https:\/\/agrund.com\/index.php\/copa-do-mundo-inspira-colecao-de-maquiagem\/agrund-quem-disse-berenice-guarana-antarctica-copa-do-mundo-5\/\" data-orig-file=\"https:\/\/i0.wp.com\/agrund.com\/wp-content\/uploads\/sites\/6\/2022\/10\/agrund-Quem-Disse-Berenice-Guarana-Antarctica-copa-do-mundo-5.jpg?fit=600%2C600&amp;ssl=1\" data-orig-size=\"600,600\" data-comments-opened=\"1\" data-image-meta=\"{&quot;aperture&quot;:&quot;0&quot;,&quot;credit&quot;:&quot;&quot;,&quot;camera&quot;:&quot;&quot;,&quot;caption&quot;:&quot;&quot;,&quot;created_timestamp&quot;:&quot;0&quot;,&quot;copyright&quot;:&quot;&quot;,&quot;focal_length&quot;:&quot;0&quot;,&quot;iso&quot;:&quot;0&quot;,&quot;shutter_speed&quot;:&quot;0&quot;,&quot;title&quot;:&quot;&quot;,&quot;orientation&quot;:&quot;1&quot;}\" data-image-title=\"agrund-Quem-Disse-Berenice-Guarana-Antarctica-copa-do-mundo-5\" data-image-description=\"\" data-image-caption=\"\" data-medium-file=\"https:\/\/i0.wp.com\/agrund.com\/wp-content\/uploads\/sites\/6\/2022\/10\/agrund-Quem-Disse-Berenice-Guarana-Antarctica-copa-do-mundo-5.jpg?fit=300%2C300&amp;ssl=1\" data-large-file=\"https:\/\/i0.wp.com\/agrund.com\/wp-content\/uploads\/sites\/6\/2022\/10\/agrund-Quem-Disse-Berenice-Guarana-Antarctica-copa-do-mundo-5.jpg?fit=600%2C600&amp;ssl=1\" decoding=\"async\" loading=\"lazy\" width=\"600\" height=\"600\" src=\"https:\/\/i0.wp.com\/agrund.com\/wp-content\/uploads\/sites\/6\/2022\/10\/agrund-Quem-Disse-Berenice-Guarana-Antarctica-copa-do-mundo-5.jpg?resize=600%2C600&#038;ssl=1\" alt=\"\" class=\"wp-image-225985\" srcset=\"https:\/\/i0.wp.com\/agrund.com\/wp-content\/uploads\/sites\/6\/2022\/10\/agrund-Quem-Disse-Berenice-Guarana-Antarctica-copa-do-mundo-5.jpg?w=600&amp;ssl=1 600w, https:\/\/i0.wp.com\/agrund.com\/wp-content\/uploads\/sites\/6\/2022\/10\/agrund-Quem-Disse-Berenice-Guarana-Antarctica-copa-do-mundo-5.jpg?resize=300%2C300&amp;ssl=1 300w, https:\/\/i0.wp.com\/agrund.com\/wp-content\/uploads\/sites\/6\/2022\/10\/agrund-Quem-Disse-Berenice-Guarana-Antarctica-copa-do-mundo-5.jpg?resize=150%2C150&amp;ssl=1 150w\" sizes=\"(max-width: 600px) 100vw, 600px\" data-recalc-dims=\"1\" \/><figcaption>Copa do Mundo inspira cole\u00e7\u00e3o de maquiagem<\/figcaption><\/figure><\/div>\n\n\n\n<p>Fotos: Divulga\u00e7\u00e3o. <\/p>\n","protected":false},"excerpt":{"rendered":"<p>A Quem Disse, Berenice? e a Guaran\u00e1 Antarctica se uniram para te ajudar a entrar no clima da Copa do Mundo. Juntas, elas mergulharam na tend\u00eancia do BrazilCore e cocriaram uma linha de maquiagens e esmaltes com muito verde, amarelo, azul e branco. O resultado s\u00e3o l\u00e1pis multifuncionais para olhos, rosto e corpo, al\u00e9m de [&hellip;]<\/p>\n","protected":false},"author":8,"featured_media":225987,"comment_status":"open","ping_status":"open","sticky":false,"template":"","format":"standard","meta":{"jetpack_post_was_ever_published":false,"_jetpack_newsletter_access":"","jetpack_publicize_message":"","jetpack_is_tweetstorm":false,"jetpack_publicize_feature_enabled":true,"jetpack_social_post_already_shared":true,"jetpack_social_options":{"image_generator_settings":{"template":"highway","enabled":false}}},"categories":[2],"tags":[395,375,3403,423,347,3405,3406,692,371,372,67,525,148,3404,424,862],"jetpack_publicize_connections":[],"jetpack_featured_media_url":"https:\/\/i0.wp.com\/agrund.com\/wp-content\/uploads\/sites\/6\/2022\/10\/s-27.jpg?fit=960%2C300&ssl=1","jetpack_sharing_enabled":true,"jetpack_shortlink":"https:\/\/wp.me\/p3Hz0n-WMQ","jetpack_likes_enabled":true,"_links":{"self":[{"href":"https:\/\/agrund.com\/index.php\/wp-json\/wp\/v2\/posts\/225980"}],"collection":[{"href":"https:\/\/agrund.com\/index.php\/wp-json\/wp\/v2\/posts"}],"about":[{"href":"https:\/\/agrund.com\/index.php\/wp-json\/wp\/v2\/types\/post"}],"author":[{"embeddable":true,"href":"https:\/\/agrund.com\/index.php\/wp-json\/wp\/v2\/users\/8"}],"replies":[{"embeddable":true,"href":"https:\/\/agrund.com\/index.php\/wp-json\/wp\/v2\/comments?post=225980"}],"version-history":[{"count":1,"href":"https:\/\/agrund.com\/index.php\/wp-json\/wp\/v2\/posts\/225980\/revisions"}],"predecessor-version":[{"id":225988,"href":"https:\/\/agrund.com\/index.php\/wp-json\/wp\/v2\/posts\/225980\/revisions\/225988"}],"wp:featuredmedia":[{"embeddable":true,"href":"https:\/\/agrund.com\/index.php\/wp-json\/wp\/v2\/media\/225987"}],"wp:attachment":[{"href":"https:\/\/agrund.com\/index.php\/wp-json\/wp\/v2\/media?parent=225980"}],"wp:term":[{"taxonomy":"category","embeddable":true,"href":"https:\/\/agrund.com\/index.php\/wp-json\/wp\/v2\/categories?post=225980"},{"taxonomy":"post_tag","embeddable":true,"href":"https:\/\/agrund.com\/index.php\/wp-json\/wp\/v2\/tags?post=225980"}],"curies":[{"name":"wp","href":"https:\/\/api.w.org\/{rel}","templated":true}]}}