{"id":225959,"date":"2022-10-25T18:00:00","date_gmt":"2022-10-25T21:00:00","guid":{"rendered":"https:\/\/agrund.com\/?p=225959"},"modified":"2022-10-25T18:30:50","modified_gmt":"2022-10-25T21:30:50","slug":"adidas-e-balenciaga-anunciam-o-fim-das-parcerias-com-kanye-west","status":"publish","type":"post","link":"https:\/\/agrund.com\/index.php\/adidas-e-balenciaga-anunciam-o-fim-das-parcerias-com-kanye-west\/","title":{"rendered":"Adidas e Balenciaga anunciam o fim das parcerias com Kanye West"},"content":{"rendered":"\n<p>Depois de Kanye West ser respons\u00e1vel por muitas pol\u00eamicas nas \u00faltimas semanas, incluindo o uso de uma camiseta com a frase &#8220;White Lives Matter&#8221;, na Semana de Moda de Paris, cr\u00edticas e ofensas \u00e0 editora da Vogue Gabriela Karefa-Johnson e declara\u00e7\u00f5es antissemitas, a Adidas e a Balenciaga confirmaram que suas parcerias com o artista chegaram ao fim.<\/p>\n\n\n\n<p>\u201cA Adidas n\u00e3o tolera antissemitismo e qualquer outro tipo de discurso de \u00f3dio. Os coment\u00e1rios e a\u00e7\u00f5es recentes de Ye foram inaceit\u00e1veis, odiosos e perigosos, e violam os valores da empresa de diversidade e inclus\u00e3o, respeito m\u00fatuo e justi\u00e7a\u201d, escreveu a Adidas em um comunicado oficial.<\/p>\n\n\n\n<p>A marca afirmou que a collab foi encerrada imediatamente, assim como toda a produ\u00e7\u00e3o da marca Yeezy, que era assinada por Kanye.<\/p>\n\n\n\n<p>Do outro lado temos a Balenciaga, outra parceira de longa data de Ye, que embora n\u00e3o tenha emitido um comunicado oficial, j\u00e1 removeu a cole\u00e7\u00e3o &#8216;Yeezy Gap Engineered By Balenciaga&#8217; de seu site e lojas f\u00edsicas. O grupo Kering, detentor da Balenciaga, respondeu ao portal &#8216;WWD&#8217; que a &#8220;Balenciaga n\u00e3o tem mais nenhum relacionamento nem planos para projetos futuros relacionados a este artista\u201d.<\/p>\n\n\n\n<p>Apesar de serem atitudes \u00f3bvias, frente \u00e0s a\u00e7\u00f5es absurdas de Kanye, \u00e9 sempre importante quando grandes marcas se posicionam da maneira correta. Vamos aguardar as pr\u00f3ximas not\u00edcias.\u00a0<\/p>\n\n\n\n<div class=\"wp-block-image\"><figure class=\"aligncenter size-full\"><img data-attachment-id=\"225960\" data-permalink=\"https:\/\/agrund.com\/index.php\/adidas-e-balenciaga-anunciam-o-fim-das-parcerias-com-kanye-west\/agrund-kanye-west-adidas-balenciaga\/\" data-orig-file=\"https:\/\/i0.wp.com\/agrund.com\/wp-content\/uploads\/sites\/6\/2022\/10\/agrund-kanye-west-adidas-balenciaga.jpg?fit=600%2C400&amp;ssl=1\" data-orig-size=\"600,400\" data-comments-opened=\"1\" data-image-meta=\"{&quot;aperture&quot;:&quot;0&quot;,&quot;credit&quot;:&quot;&quot;,&quot;camera&quot;:&quot;&quot;,&quot;caption&quot;:&quot;&quot;,&quot;created_timestamp&quot;:&quot;0&quot;,&quot;copyright&quot;:&quot;&quot;,&quot;focal_length&quot;:&quot;0&quot;,&quot;iso&quot;:&quot;0&quot;,&quot;shutter_speed&quot;:&quot;0&quot;,&quot;title&quot;:&quot;&quot;,&quot;orientation&quot;:&quot;0&quot;}\" data-image-title=\"agrund-kanye-west-adidas-balenciaga\" data-image-description=\"\" data-image-caption=\"\" data-medium-file=\"https:\/\/i0.wp.com\/agrund.com\/wp-content\/uploads\/sites\/6\/2022\/10\/agrund-kanye-west-adidas-balenciaga.jpg?fit=300%2C200&amp;ssl=1\" data-large-file=\"https:\/\/i0.wp.com\/agrund.com\/wp-content\/uploads\/sites\/6\/2022\/10\/agrund-kanye-west-adidas-balenciaga.jpg?fit=600%2C400&amp;ssl=1\" decoding=\"async\" loading=\"lazy\" width=\"600\" height=\"400\" src=\"https:\/\/i0.wp.com\/agrund.com\/wp-content\/uploads\/sites\/6\/2022\/10\/agrund-kanye-west-adidas-balenciaga.jpg?resize=600%2C400&#038;ssl=1\" alt=\"\" class=\"wp-image-225960\" srcset=\"https:\/\/i0.wp.com\/agrund.com\/wp-content\/uploads\/sites\/6\/2022\/10\/agrund-kanye-west-adidas-balenciaga.jpg?w=600&amp;ssl=1 600w, https:\/\/i0.wp.com\/agrund.com\/wp-content\/uploads\/sites\/6\/2022\/10\/agrund-kanye-west-adidas-balenciaga.jpg?resize=300%2C200&amp;ssl=1 300w\" sizes=\"(max-width: 600px) 100vw, 600px\" data-recalc-dims=\"1\" \/><figcaption>Adidas e Balenciaga anunciam o fim das parcerias com Kanye West<\/figcaption><\/figure><\/div>\n\n\n\n<p>Fotos: Reprodu\u00e7\u00e3o. <\/p>\n","protected":false},"excerpt":{"rendered":"<p>Depois de Kanye West ser respons\u00e1vel por muitas pol\u00eamicas nas \u00faltimas semanas, incluindo o uso de uma camiseta com a frase &#8220;White Lives Matter&#8221;, na Semana de Moda de Paris, cr\u00edticas e ofensas \u00e0 editora da Vogue Gabriela Karefa-Johnson e declara\u00e7\u00f5es antissemitas, a Adidas e a Balenciaga confirmaram que suas parcerias com o artista chegaram [&hellip;]<\/p>\n","protected":false},"author":8,"featured_media":225961,"comment_status":"open","ping_status":"open","sticky":false,"template":"","format":"standard","meta":{"jetpack_post_was_ever_published":false,"_jetpack_newsletter_access":"","jetpack_publicize_message":"","jetpack_is_tweetstorm":false,"jetpack_publicize_feature_enabled":true,"jetpack_social_post_already_shared":true,"jetpack_social_options":{"image_generator_settings":{"template":"highway","enabled":false}}},"categories":[2],"tags":[1088,395,375,241,423,347,257,67,525,148,424,862,1936],"jetpack_publicize_connections":[],"jetpack_featured_media_url":"https:\/\/i0.wp.com\/agrund.com\/wp-content\/uploads\/sites\/6\/2022\/10\/agrund-kanye-west-adidas-balenciaga-1.jpg?fit=600%2C400&ssl=1","jetpack_sharing_enabled":true,"jetpack_shortlink":"https:\/\/wp.me\/p3Hz0n-WMv","jetpack_likes_enabled":true,"_links":{"self":[{"href":"https:\/\/agrund.com\/index.php\/wp-json\/wp\/v2\/posts\/225959"}],"collection":[{"href":"https:\/\/agrund.com\/index.php\/wp-json\/wp\/v2\/posts"}],"about":[{"href":"https:\/\/agrund.com\/index.php\/wp-json\/wp\/v2\/types\/post"}],"author":[{"embeddable":true,"href":"https:\/\/agrund.com\/index.php\/wp-json\/wp\/v2\/users\/8"}],"replies":[{"embeddable":true,"href":"https:\/\/agrund.com\/index.php\/wp-json\/wp\/v2\/comments?post=225959"}],"version-history":[{"count":1,"href":"https:\/\/agrund.com\/index.php\/wp-json\/wp\/v2\/posts\/225959\/revisions"}],"predecessor-version":[{"id":225962,"href":"https:\/\/agrund.com\/index.php\/wp-json\/wp\/v2\/posts\/225959\/revisions\/225962"}],"wp:featuredmedia":[{"embeddable":true,"href":"https:\/\/agrund.com\/index.php\/wp-json\/wp\/v2\/media\/225961"}],"wp:attachment":[{"href":"https:\/\/agrund.com\/index.php\/wp-json\/wp\/v2\/media?parent=225959"}],"wp:term":[{"taxonomy":"category","embeddable":true,"href":"https:\/\/agrund.com\/index.php\/wp-json\/wp\/v2\/categories?post=225959"},{"taxonomy":"post_tag","embeddable":true,"href":"https:\/\/agrund.com\/index.php\/wp-json\/wp\/v2\/tags?post=225959"}],"curies":[{"name":"wp","href":"https:\/\/api.w.org\/{rel}","templated":true}]}}