{"id":225919,"date":"2022-10-21T17:00:00","date_gmt":"2022-10-21T20:00:00","guid":{"rendered":"https:\/\/agrund.com\/?p=225919"},"modified":"2022-10-21T10:03:47","modified_gmt":"2022-10-21T13:03:47","slug":"ferreira-comemora-50-anos-de-arte","status":"publish","type":"post","link":"https:\/\/agrund.com\/index.php\/ferreira-comemora-50-anos-de-arte\/","title":{"rendered":"Agenda :: Ferreira comemora 50 anos de arte"},"content":{"rendered":"\n<p>A exposi\u00e7\u00e3o &#8217;50 Anos Ferreira de Arte&#8217; do pintor, escultor, ceramista e vitralista pernambucano Jos\u00e9 Ferreira de Carvalho acaba de abrir as portas na Galeria Janete Costa (Parque Dona Lindu), no Recife.<\/p>\n\n\n\n<p>Em comemora\u00e7\u00e3o ao meio s\u00e9culo do grande amor dele pelas artes pl\u00e1sticas, a mostra re\u00fane mais de 200 trabalhos, passando por seis per\u00edodos estil\u00edsticos de Ferreira, representados por uma s\u00e9rie: Naif; Eu e os Mestres; Cer\u00e2micas; Satye, Abstrata e Amaz\u00f4nia.<\/p>\n\n\n\n<p>O intuito do projeto \u00e9 dividir com o grande p\u00fablico um pouco do processo criativo do artista. A exposi\u00e7\u00e3o est\u00e1 sendo realizada por meio do Sistema de Incentivo a Cultura da Cidade do Recife, Funda\u00e7\u00e3o de Cultura Cidade do Recife, Secretaria de Cultura da Cidade do Recife e Prefeitura do Recife.<\/p>\n\n\n\n<p>Jos\u00e9 Ferreira de Carvalho come\u00e7ou a pintar a pedido do seu pai, que, doente, e vendo o filho dedicar muito tempo da sua vida a ele, o orientou a comprar uma tela e tinta para pintar e passar o tempo. A partir da\u00ed ele se apaixonou pelas artes pl\u00e1sticas, morou e exp\u00f4s na Fran\u00e7a e voltou ao Brasil.<\/p>\n\n\n\n<p>Hoje, o artista mant\u00e9m um ateli\u00ea no bairro de Campo Grande, um espa\u00e7o com rico acervo com telas, pain\u00e9is, esculturas em cer\u00e2mica e ferro, lou\u00e7as em cer\u00e2mica, camisas e sand\u00e1lias.<\/p>\n\n\n\n<p>N\u00e3o deixe de visitar a exposi\u00e7\u00e3o!<\/p>\n\n\n\n<p><strong>Servi\u00e7o<\/strong><\/p>\n\n\n\n<p>Exposi\u00e7\u00e3o: 50 Anos Ferreira de Arte<\/p>\n\n\n\n<p>Visita\u00e7\u00e3o: 21 de outubro de 2022 a 15 de janeiro de 2022<\/p>\n\n\n\n<p>Quarta a domingo &#8211; 15h \u00e0s 19h<\/p>\n\n\n\n<p>Local: Galeria Janete Costa (Parque Dona Lindu \u2013 Rua Set\u00fabal, 1023, Boa Viagem, Recife\/PE)<\/p>\n\n\n\n<p>Entrada Gratuita<\/p>\n\n\n\n<div class=\"wp-block-image\"><figure class=\"aligncenter size-full\"><img data-attachment-id=\"225920\" data-permalink=\"https:\/\/agrund.com\/index.php\/ferreira-comemora-50-anos-de-arte\/agrund-exposic%cc%a7a%cc%83o-ferreira-1\/\" data-orig-file=\"https:\/\/i0.wp.com\/agrund.com\/wp-content\/uploads\/sites\/6\/2022\/10\/agrund-exposic\u0327a\u0303o-ferreira-1.jpg?fit=600%2C402&amp;ssl=1\" data-orig-size=\"600,402\" data-comments-opened=\"1\" data-image-meta=\"{&quot;aperture&quot;:&quot;0&quot;,&quot;credit&quot;:&quot;&quot;,&quot;camera&quot;:&quot;&quot;,&quot;caption&quot;:&quot;&quot;,&quot;created_timestamp&quot;:&quot;0&quot;,&quot;copyright&quot;:&quot;&quot;,&quot;focal_length&quot;:&quot;0&quot;,&quot;iso&quot;:&quot;0&quot;,&quot;shutter_speed&quot;:&quot;0&quot;,&quot;title&quot;:&quot;&quot;,&quot;orientation&quot;:&quot;1&quot;}\" data-image-title=\"agrund-exposic\u0327a\u0303o-ferreira-1\" data-image-description=\"\" data-image-caption=\"\" data-medium-file=\"https:\/\/i0.wp.com\/agrund.com\/wp-content\/uploads\/sites\/6\/2022\/10\/agrund-exposic\u0327a\u0303o-ferreira-1.jpg?fit=300%2C201&amp;ssl=1\" data-large-file=\"https:\/\/i0.wp.com\/agrund.com\/wp-content\/uploads\/sites\/6\/2022\/10\/agrund-exposic\u0327a\u0303o-ferreira-1.jpg?fit=600%2C402&amp;ssl=1\" decoding=\"async\" loading=\"lazy\" width=\"600\" height=\"402\" src=\"https:\/\/i0.wp.com\/agrund.com\/wp-content\/uploads\/sites\/6\/2022\/10\/agrund-exposic\u0327a\u0303o-ferreira-1.jpg?resize=600%2C402&#038;ssl=1\" alt=\"\" class=\"wp-image-225920\" srcset=\"https:\/\/i0.wp.com\/agrund.com\/wp-content\/uploads\/sites\/6\/2022\/10\/agrund-exposic\u0327a\u0303o-ferreira-1.jpg?w=600&amp;ssl=1 600w, https:\/\/i0.wp.com\/agrund.com\/wp-content\/uploads\/sites\/6\/2022\/10\/agrund-exposic\u0327a\u0303o-ferreira-1.jpg?resize=300%2C201&amp;ssl=1 300w\" sizes=\"(max-width: 600px) 100vw, 600px\" data-recalc-dims=\"1\" \/><figcaption>Ferreira comemora 50 anos de arte<\/figcaption><\/figure><\/div>\n\n\n\n<div class=\"wp-block-image\"><figure class=\"aligncenter size-full\"><img data-attachment-id=\"225921\" data-permalink=\"https:\/\/agrund.com\/index.php\/ferreira-comemora-50-anos-de-arte\/agrund-exposic%cc%a7a%cc%83o-ferreira-2\/\" data-orig-file=\"https:\/\/i0.wp.com\/agrund.com\/wp-content\/uploads\/sites\/6\/2022\/10\/agrund-exposic\u0327a\u0303o-ferreira-2.jpg?fit=600%2C338&amp;ssl=1\" data-orig-size=\"600,338\" data-comments-opened=\"1\" data-image-meta=\"{&quot;aperture&quot;:&quot;0&quot;,&quot;credit&quot;:&quot;&quot;,&quot;camera&quot;:&quot;&quot;,&quot;caption&quot;:&quot;&quot;,&quot;created_timestamp&quot;:&quot;0&quot;,&quot;copyright&quot;:&quot;&quot;,&quot;focal_length&quot;:&quot;0&quot;,&quot;iso&quot;:&quot;0&quot;,&quot;shutter_speed&quot;:&quot;0&quot;,&quot;title&quot;:&quot;&quot;,&quot;orientation&quot;:&quot;1&quot;}\" data-image-title=\"agrund-exposic\u0327a\u0303o-ferreira-2\" data-image-description=\"\" data-image-caption=\"\" data-medium-file=\"https:\/\/i0.wp.com\/agrund.com\/wp-content\/uploads\/sites\/6\/2022\/10\/agrund-exposic\u0327a\u0303o-ferreira-2.jpg?fit=300%2C169&amp;ssl=1\" data-large-file=\"https:\/\/i0.wp.com\/agrund.com\/wp-content\/uploads\/sites\/6\/2022\/10\/agrund-exposic\u0327a\u0303o-ferreira-2.jpg?fit=600%2C338&amp;ssl=1\" decoding=\"async\" loading=\"lazy\" width=\"600\" height=\"338\" src=\"https:\/\/i0.wp.com\/agrund.com\/wp-content\/uploads\/sites\/6\/2022\/10\/agrund-exposic\u0327a\u0303o-ferreira-2.jpg?resize=600%2C338&#038;ssl=1\" alt=\"\" class=\"wp-image-225921\" srcset=\"https:\/\/i0.wp.com\/agrund.com\/wp-content\/uploads\/sites\/6\/2022\/10\/agrund-exposic\u0327a\u0303o-ferreira-2.jpg?w=600&amp;ssl=1 600w, https:\/\/i0.wp.com\/agrund.com\/wp-content\/uploads\/sites\/6\/2022\/10\/agrund-exposic\u0327a\u0303o-ferreira-2.jpg?resize=300%2C169&amp;ssl=1 300w\" sizes=\"(max-width: 600px) 100vw, 600px\" data-recalc-dims=\"1\" \/><figcaption>Ferreira comemora 50 anos de arte<\/figcaption><\/figure><\/div>\n\n\n\n<p>Fotos: Divulga\u00e7\u00e3o. <\/p>\n","protected":false},"excerpt":{"rendered":"<p>A exposi\u00e7\u00e3o &#8217;50 Anos Ferreira de Arte&#8217; do pintor, escultor, ceramista e vitralista pernambucano Jos\u00e9 Ferreira de Carvalho acaba de abrir as portas na Galeria Janete Costa (Parque Dona Lindu), no Recife. Em comemora\u00e7\u00e3o ao meio s\u00e9culo do grande amor dele pelas artes pl\u00e1sticas, a mostra re\u00fane mais de 200 trabalhos, passando por seis per\u00edodos [&hellip;]<\/p>\n","protected":false},"author":8,"featured_media":225922,"comment_status":"open","ping_status":"open","sticky":false,"template":"","format":"standard","meta":{"jetpack_post_was_ever_published":false,"_jetpack_newsletter_access":"","jetpack_publicize_message":"","jetpack_is_tweetstorm":false,"jetpack_publicize_feature_enabled":true,"jetpack_social_post_already_shared":true,"jetpack_social_options":{"image_generator_settings":{"template":"highway","enabled":false}}},"categories":[2],"tags":[395,375,760,423,399,347,67,424],"jetpack_publicize_connections":[],"jetpack_featured_media_url":"https:\/\/i0.wp.com\/agrund.com\/wp-content\/uploads\/sites\/6\/2022\/10\/ss-3.jpg?fit=960%2C300&ssl=1","jetpack_sharing_enabled":true,"jetpack_shortlink":"https:\/\/wp.me\/p3Hz0n-WLR","jetpack_likes_enabled":true,"_links":{"self":[{"href":"https:\/\/agrund.com\/index.php\/wp-json\/wp\/v2\/posts\/225919"}],"collection":[{"href":"https:\/\/agrund.com\/index.php\/wp-json\/wp\/v2\/posts"}],"about":[{"href":"https:\/\/agrund.com\/index.php\/wp-json\/wp\/v2\/types\/post"}],"author":[{"embeddable":true,"href":"https:\/\/agrund.com\/index.php\/wp-json\/wp\/v2\/users\/8"}],"replies":[{"embeddable":true,"href":"https:\/\/agrund.com\/index.php\/wp-json\/wp\/v2\/comments?post=225919"}],"version-history":[{"count":3,"href":"https:\/\/agrund.com\/index.php\/wp-json\/wp\/v2\/posts\/225919\/revisions"}],"predecessor-version":[{"id":225925,"href":"https:\/\/agrund.com\/index.php\/wp-json\/wp\/v2\/posts\/225919\/revisions\/225925"}],"wp:featuredmedia":[{"embeddable":true,"href":"https:\/\/agrund.com\/index.php\/wp-json\/wp\/v2\/media\/225922"}],"wp:attachment":[{"href":"https:\/\/agrund.com\/index.php\/wp-json\/wp\/v2\/media?parent=225919"}],"wp:term":[{"taxonomy":"category","embeddable":true,"href":"https:\/\/agrund.com\/index.php\/wp-json\/wp\/v2\/categories?post=225919"},{"taxonomy":"post_tag","embeddable":true,"href":"https:\/\/agrund.com\/index.php\/wp-json\/wp\/v2\/tags?post=225919"}],"curies":[{"name":"wp","href":"https:\/\/api.w.org\/{rel}","templated":true}]}}