{"id":225910,"date":"2022-10-21T12:00:00","date_gmt":"2022-10-21T15:00:00","guid":{"rendered":"https:\/\/agrund.com\/?p=225910"},"modified":"2022-10-21T09:03:52","modified_gmt":"2022-10-21T12:03:52","slug":"hailey-bieber-estrela-campanha-global-da-fila","status":"publish","type":"post","link":"https:\/\/agrund.com\/index.php\/hailey-bieber-estrela-campanha-global-da-fila\/","title":{"rendered":"Hailey Bieber estrela campanha global da Fila"},"content":{"rendered":"\n<p>A Fila uniu for\u00e7as com uma das modelos de maior nome atualmente: Hailey Bieber. \u00cdcone de estilo da Gera\u00e7\u00e3o Z, a modelo se tornou o rosto da nova campanha global da marca, mas a collab n\u00e3o para por a\u00ed.<\/p>\n\n\n\n<p>Hailey foi a respons\u00e1vel pelo styling de seus looks e com isso\u00a0pode\u00a0montar as produ\u00e7\u00f5es a partir do seu estilo pessoal, combinando pe\u00e7as da nova cole\u00e7\u00e3o com itens do arquivo da marca. Quem ama ver os looks de street style da modelo j\u00e1 pode adicionar mais alguns na lista de inspira\u00e7\u00f5es.<\/p>\n\n\n\n<p>\u201cMeu estilo est\u00e1 em constante evolu\u00e7\u00e3o e os designs da Fila s\u00e3o atemporais, o complemento perfeito para meu guarda-roupa di\u00e1rio. Sou grata pela oportunidade de trabalhar em colabora\u00e7\u00e3o com a marca para lan\u00e7ar essas pe\u00e7as ic\u00f4nicas e apresent\u00e1-las de uma maneira que pare\u00e7a um verdadeiro reflexo do meu estilo pessoal\u201d, revelou Hailey.<\/p>\n\n\n\n<p>Inspirada nos anos 90, a campanha tem um toque retr\u00f4 e apresenta pe\u00e7as que j\u00e1 fazem parte do guarda-roupa de Bieber, como moletons, puffer jackets, coletes, cal\u00e7a cargo, cropped e o bucket hat.<\/p>\n\n\n\n<p>\u201cHailey tem um estilo invej\u00e1vel e muitas vezes imitado, e ela rapidamente se tornou um \u00edcone da moda para esta gera\u00e7\u00e3o. Como marca, sempre celebramos a individualidade e a vontade de arriscar no design. Hailey \u00e9 destemida em suas escolhas de moda, com versatilidade, autenticidade e originalidade na express\u00e3o de seu estilo. A Fila se tornou organicamente parte do arm\u00e1rio de Hailey e foi natural trabalharmos juntos nesta nova campanha\u201d, declarou o presidente global da marca.<\/p>\n\n\n\n<p>A fotografia \u00e9 de Renell Medrano e voc\u00ea confere aqui:<\/p>\n\n\n\n<div class=\"wp-block-image\"><figure class=\"aligncenter size-full\"><img data-attachment-id=\"225911\" data-permalink=\"https:\/\/agrund.com\/index.php\/hailey-bieber-estrela-campanha-global-da-fila\/agrund-fila-hailey-bieber-2022-1\/\" data-orig-file=\"https:\/\/i0.wp.com\/agrund.com\/wp-content\/uploads\/sites\/6\/2022\/10\/agrund-fila-hailey-bieber-2022-1.jpg?fit=600%2C400&amp;ssl=1\" data-orig-size=\"600,400\" data-comments-opened=\"1\" data-image-meta=\"{&quot;aperture&quot;:&quot;0&quot;,&quot;credit&quot;:&quot;&quot;,&quot;camera&quot;:&quot;&quot;,&quot;caption&quot;:&quot;&quot;,&quot;created_timestamp&quot;:&quot;0&quot;,&quot;copyright&quot;:&quot;&quot;,&quot;focal_length&quot;:&quot;0&quot;,&quot;iso&quot;:&quot;0&quot;,&quot;shutter_speed&quot;:&quot;0&quot;,&quot;title&quot;:&quot;&quot;,&quot;orientation&quot;:&quot;1&quot;}\" data-image-title=\"agrund-fila-hailey-bieber-2022-1\" data-image-description=\"\" data-image-caption=\"\" data-medium-file=\"https:\/\/i0.wp.com\/agrund.com\/wp-content\/uploads\/sites\/6\/2022\/10\/agrund-fila-hailey-bieber-2022-1.jpg?fit=300%2C200&amp;ssl=1\" data-large-file=\"https:\/\/i0.wp.com\/agrund.com\/wp-content\/uploads\/sites\/6\/2022\/10\/agrund-fila-hailey-bieber-2022-1.jpg?fit=600%2C400&amp;ssl=1\" decoding=\"async\" loading=\"lazy\" width=\"600\" height=\"400\" src=\"https:\/\/i0.wp.com\/agrund.com\/wp-content\/uploads\/sites\/6\/2022\/10\/agrund-fila-hailey-bieber-2022-1.jpg?resize=600%2C400&#038;ssl=1\" alt=\"\" class=\"wp-image-225911\" srcset=\"https:\/\/i0.wp.com\/agrund.com\/wp-content\/uploads\/sites\/6\/2022\/10\/agrund-fila-hailey-bieber-2022-1.jpg?w=600&amp;ssl=1 600w, https:\/\/i0.wp.com\/agrund.com\/wp-content\/uploads\/sites\/6\/2022\/10\/agrund-fila-hailey-bieber-2022-1.jpg?resize=300%2C200&amp;ssl=1 300w\" sizes=\"(max-width: 600px) 100vw, 600px\" data-recalc-dims=\"1\" \/><figcaption>Hailey Bieber estrela campanha global da Fila<\/figcaption><\/figure><\/div>\n\n\n\n<div class=\"wp-block-image\"><figure class=\"aligncenter size-full\"><img data-attachment-id=\"225916\" data-permalink=\"https:\/\/agrund.com\/index.php\/hailey-bieber-estrela-campanha-global-da-fila\/agrund-fila-hailey-bieber-2022-5\/\" data-orig-file=\"https:\/\/i0.wp.com\/agrund.com\/wp-content\/uploads\/sites\/6\/2022\/10\/agrund-fila-hailey-bieber-2022-5.jpg?fit=600%2C400&amp;ssl=1\" data-orig-size=\"600,400\" data-comments-opened=\"1\" data-image-meta=\"{&quot;aperture&quot;:&quot;0&quot;,&quot;credit&quot;:&quot;&quot;,&quot;camera&quot;:&quot;&quot;,&quot;caption&quot;:&quot;&quot;,&quot;created_timestamp&quot;:&quot;0&quot;,&quot;copyright&quot;:&quot;&quot;,&quot;focal_length&quot;:&quot;0&quot;,&quot;iso&quot;:&quot;0&quot;,&quot;shutter_speed&quot;:&quot;0&quot;,&quot;title&quot;:&quot;&quot;,&quot;orientation&quot;:&quot;1&quot;}\" data-image-title=\"agrund-fila-hailey-bieber-2022-5\" data-image-description=\"\" data-image-caption=\"\" data-medium-file=\"https:\/\/i0.wp.com\/agrund.com\/wp-content\/uploads\/sites\/6\/2022\/10\/agrund-fila-hailey-bieber-2022-5.jpg?fit=300%2C200&amp;ssl=1\" data-large-file=\"https:\/\/i0.wp.com\/agrund.com\/wp-content\/uploads\/sites\/6\/2022\/10\/agrund-fila-hailey-bieber-2022-5.jpg?fit=600%2C400&amp;ssl=1\" decoding=\"async\" loading=\"lazy\" width=\"600\" height=\"400\" src=\"https:\/\/i0.wp.com\/agrund.com\/wp-content\/uploads\/sites\/6\/2022\/10\/agrund-fila-hailey-bieber-2022-5.jpg?resize=600%2C400&#038;ssl=1\" alt=\"\" class=\"wp-image-225916\" srcset=\"https:\/\/i0.wp.com\/agrund.com\/wp-content\/uploads\/sites\/6\/2022\/10\/agrund-fila-hailey-bieber-2022-5.jpg?w=600&amp;ssl=1 600w, https:\/\/i0.wp.com\/agrund.com\/wp-content\/uploads\/sites\/6\/2022\/10\/agrund-fila-hailey-bieber-2022-5.jpg?resize=300%2C200&amp;ssl=1 300w\" sizes=\"(max-width: 600px) 100vw, 600px\" data-recalc-dims=\"1\" \/><figcaption>Hailey Bieber estrela campanha global da Fila<\/figcaption><\/figure><\/div>\n\n\n\n<div class=\"wp-block-image\"><figure class=\"aligncenter size-full\"><img data-attachment-id=\"225912\" data-permalink=\"https:\/\/agrund.com\/index.php\/hailey-bieber-estrela-campanha-global-da-fila\/agrund-fila-hailey-bieber-2022-2\/\" data-orig-file=\"https:\/\/i0.wp.com\/agrund.com\/wp-content\/uploads\/sites\/6\/2022\/10\/agrund-fila-hailey-bieber-2022-2.jpg?fit=600%2C400&amp;ssl=1\" data-orig-size=\"600,400\" data-comments-opened=\"1\" data-image-meta=\"{&quot;aperture&quot;:&quot;0&quot;,&quot;credit&quot;:&quot;&quot;,&quot;camera&quot;:&quot;&quot;,&quot;caption&quot;:&quot;&quot;,&quot;created_timestamp&quot;:&quot;0&quot;,&quot;copyright&quot;:&quot;&quot;,&quot;focal_length&quot;:&quot;0&quot;,&quot;iso&quot;:&quot;0&quot;,&quot;shutter_speed&quot;:&quot;0&quot;,&quot;title&quot;:&quot;&quot;,&quot;orientation&quot;:&quot;1&quot;}\" data-image-title=\"agrund-fila-hailey-bieber-2022-2\" data-image-description=\"\" data-image-caption=\"\" data-medium-file=\"https:\/\/i0.wp.com\/agrund.com\/wp-content\/uploads\/sites\/6\/2022\/10\/agrund-fila-hailey-bieber-2022-2.jpg?fit=300%2C200&amp;ssl=1\" data-large-file=\"https:\/\/i0.wp.com\/agrund.com\/wp-content\/uploads\/sites\/6\/2022\/10\/agrund-fila-hailey-bieber-2022-2.jpg?fit=600%2C400&amp;ssl=1\" decoding=\"async\" loading=\"lazy\" width=\"600\" height=\"400\" src=\"https:\/\/i0.wp.com\/agrund.com\/wp-content\/uploads\/sites\/6\/2022\/10\/agrund-fila-hailey-bieber-2022-2.jpg?resize=600%2C400&#038;ssl=1\" alt=\"\" class=\"wp-image-225912\" srcset=\"https:\/\/i0.wp.com\/agrund.com\/wp-content\/uploads\/sites\/6\/2022\/10\/agrund-fila-hailey-bieber-2022-2.jpg?w=600&amp;ssl=1 600w, https:\/\/i0.wp.com\/agrund.com\/wp-content\/uploads\/sites\/6\/2022\/10\/agrund-fila-hailey-bieber-2022-2.jpg?resize=300%2C200&amp;ssl=1 300w\" sizes=\"(max-width: 600px) 100vw, 600px\" data-recalc-dims=\"1\" \/><figcaption>Hailey Bieber estrela campanha global da Fila<\/figcaption><\/figure><\/div>\n\n\n\n<div class=\"wp-block-image\"><figure class=\"aligncenter size-full\"><img data-attachment-id=\"225913\" data-permalink=\"https:\/\/agrund.com\/index.php\/hailey-bieber-estrela-campanha-global-da-fila\/agrund-fila-hailey-bieber-2022-3\/\" data-orig-file=\"https:\/\/i0.wp.com\/agrund.com\/wp-content\/uploads\/sites\/6\/2022\/10\/agrund-fila-hailey-bieber-2022-3.jpg?fit=600%2C400&amp;ssl=1\" data-orig-size=\"600,400\" data-comments-opened=\"1\" data-image-meta=\"{&quot;aperture&quot;:&quot;0&quot;,&quot;credit&quot;:&quot;&quot;,&quot;camera&quot;:&quot;&quot;,&quot;caption&quot;:&quot;&quot;,&quot;created_timestamp&quot;:&quot;0&quot;,&quot;copyright&quot;:&quot;&quot;,&quot;focal_length&quot;:&quot;0&quot;,&quot;iso&quot;:&quot;0&quot;,&quot;shutter_speed&quot;:&quot;0&quot;,&quot;title&quot;:&quot;&quot;,&quot;orientation&quot;:&quot;1&quot;}\" data-image-title=\"agrund-fila-hailey-bieber-2022-3\" data-image-description=\"\" data-image-caption=\"\" data-medium-file=\"https:\/\/i0.wp.com\/agrund.com\/wp-content\/uploads\/sites\/6\/2022\/10\/agrund-fila-hailey-bieber-2022-3.jpg?fit=300%2C200&amp;ssl=1\" data-large-file=\"https:\/\/i0.wp.com\/agrund.com\/wp-content\/uploads\/sites\/6\/2022\/10\/agrund-fila-hailey-bieber-2022-3.jpg?fit=600%2C400&amp;ssl=1\" decoding=\"async\" loading=\"lazy\" width=\"600\" height=\"400\" src=\"https:\/\/i0.wp.com\/agrund.com\/wp-content\/uploads\/sites\/6\/2022\/10\/agrund-fila-hailey-bieber-2022-3.jpg?resize=600%2C400&#038;ssl=1\" alt=\"\" class=\"wp-image-225913\" srcset=\"https:\/\/i0.wp.com\/agrund.com\/wp-content\/uploads\/sites\/6\/2022\/10\/agrund-fila-hailey-bieber-2022-3.jpg?w=600&amp;ssl=1 600w, https:\/\/i0.wp.com\/agrund.com\/wp-content\/uploads\/sites\/6\/2022\/10\/agrund-fila-hailey-bieber-2022-3.jpg?resize=300%2C200&amp;ssl=1 300w\" sizes=\"(max-width: 600px) 100vw, 600px\" data-recalc-dims=\"1\" \/><figcaption>Hailey Bieber estrela campanha global da Fila<\/figcaption><\/figure><\/div>\n\n\n\n<div class=\"wp-block-image\"><figure class=\"aligncenter size-full\"><img data-attachment-id=\"225915\" data-permalink=\"https:\/\/agrund.com\/index.php\/hailey-bieber-estrela-campanha-global-da-fila\/agrund-fila-hailey-bieber-2022-6\/\" data-orig-file=\"https:\/\/i0.wp.com\/agrund.com\/wp-content\/uploads\/sites\/6\/2022\/10\/agrund-fila-hailey-bieber-2022-6.jpg?fit=600%2C400&amp;ssl=1\" data-orig-size=\"600,400\" data-comments-opened=\"1\" data-image-meta=\"{&quot;aperture&quot;:&quot;0&quot;,&quot;credit&quot;:&quot;&quot;,&quot;camera&quot;:&quot;&quot;,&quot;caption&quot;:&quot;&quot;,&quot;created_timestamp&quot;:&quot;0&quot;,&quot;copyright&quot;:&quot;&quot;,&quot;focal_length&quot;:&quot;0&quot;,&quot;iso&quot;:&quot;0&quot;,&quot;shutter_speed&quot;:&quot;0&quot;,&quot;title&quot;:&quot;&quot;,&quot;orientation&quot;:&quot;1&quot;}\" data-image-title=\"agrund-fila-hailey-bieber-2022-6\" data-image-description=\"\" data-image-caption=\"\" data-medium-file=\"https:\/\/i0.wp.com\/agrund.com\/wp-content\/uploads\/sites\/6\/2022\/10\/agrund-fila-hailey-bieber-2022-6.jpg?fit=300%2C200&amp;ssl=1\" data-large-file=\"https:\/\/i0.wp.com\/agrund.com\/wp-content\/uploads\/sites\/6\/2022\/10\/agrund-fila-hailey-bieber-2022-6.jpg?fit=600%2C400&amp;ssl=1\" decoding=\"async\" loading=\"lazy\" width=\"600\" height=\"400\" src=\"https:\/\/i0.wp.com\/agrund.com\/wp-content\/uploads\/sites\/6\/2022\/10\/agrund-fila-hailey-bieber-2022-6.jpg?resize=600%2C400&#038;ssl=1\" alt=\"\" class=\"wp-image-225915\" srcset=\"https:\/\/i0.wp.com\/agrund.com\/wp-content\/uploads\/sites\/6\/2022\/10\/agrund-fila-hailey-bieber-2022-6.jpg?w=600&amp;ssl=1 600w, https:\/\/i0.wp.com\/agrund.com\/wp-content\/uploads\/sites\/6\/2022\/10\/agrund-fila-hailey-bieber-2022-6.jpg?resize=300%2C200&amp;ssl=1 300w\" sizes=\"(max-width: 600px) 100vw, 600px\" data-recalc-dims=\"1\" \/><figcaption>Hailey Bieber estrela campanha global da Fila<\/figcaption><\/figure><\/div>\n\n\n\n<div class=\"wp-block-image\"><figure class=\"aligncenter size-full\"><img data-attachment-id=\"225914\" data-permalink=\"https:\/\/agrund.com\/index.php\/hailey-bieber-estrela-campanha-global-da-fila\/agrund-fila-hailey-bieber-2022-4\/\" data-orig-file=\"https:\/\/i0.wp.com\/agrund.com\/wp-content\/uploads\/sites\/6\/2022\/10\/agrund-fila-hailey-bieber-2022-4.jpg?fit=600%2C400&amp;ssl=1\" data-orig-size=\"600,400\" data-comments-opened=\"1\" data-image-meta=\"{&quot;aperture&quot;:&quot;0&quot;,&quot;credit&quot;:&quot;&quot;,&quot;camera&quot;:&quot;&quot;,&quot;caption&quot;:&quot;&quot;,&quot;created_timestamp&quot;:&quot;0&quot;,&quot;copyright&quot;:&quot;&quot;,&quot;focal_length&quot;:&quot;0&quot;,&quot;iso&quot;:&quot;0&quot;,&quot;shutter_speed&quot;:&quot;0&quot;,&quot;title&quot;:&quot;&quot;,&quot;orientation&quot;:&quot;1&quot;}\" data-image-title=\"agrund-fila-hailey-bieber-2022-4\" data-image-description=\"\" data-image-caption=\"\" data-medium-file=\"https:\/\/i0.wp.com\/agrund.com\/wp-content\/uploads\/sites\/6\/2022\/10\/agrund-fila-hailey-bieber-2022-4.jpg?fit=300%2C200&amp;ssl=1\" data-large-file=\"https:\/\/i0.wp.com\/agrund.com\/wp-content\/uploads\/sites\/6\/2022\/10\/agrund-fila-hailey-bieber-2022-4.jpg?fit=600%2C400&amp;ssl=1\" decoding=\"async\" loading=\"lazy\" width=\"600\" height=\"400\" src=\"https:\/\/i0.wp.com\/agrund.com\/wp-content\/uploads\/sites\/6\/2022\/10\/agrund-fila-hailey-bieber-2022-4.jpg?resize=600%2C400&#038;ssl=1\" alt=\"\" class=\"wp-image-225914\" srcset=\"https:\/\/i0.wp.com\/agrund.com\/wp-content\/uploads\/sites\/6\/2022\/10\/agrund-fila-hailey-bieber-2022-4.jpg?w=600&amp;ssl=1 600w, https:\/\/i0.wp.com\/agrund.com\/wp-content\/uploads\/sites\/6\/2022\/10\/agrund-fila-hailey-bieber-2022-4.jpg?resize=300%2C200&amp;ssl=1 300w\" sizes=\"(max-width: 600px) 100vw, 600px\" data-recalc-dims=\"1\" \/><figcaption>Hailey Bieber estrela campanha global da Fila<\/figcaption><\/figure><\/div>\n\n\n\n<p>Fotos: Reprodu\u00e7\u00e3o\/ Fila. <\/p>\n","protected":false},"excerpt":{"rendered":"<p>A Fila uniu for\u00e7as com uma das modelos de maior nome atualmente: Hailey Bieber. \u00cdcone de estilo da Gera\u00e7\u00e3o Z, a modelo se tornou o rosto da nova campanha global da marca, mas a collab n\u00e3o para por a\u00ed. Hailey foi a respons\u00e1vel pelo styling de seus looks e com isso\u00a0pode\u00a0montar as produ\u00e7\u00f5es a partir [&hellip;]<\/p>\n","protected":false},"author":8,"featured_media":225917,"comment_status":"open","ping_status":"open","sticky":false,"template":"","format":"standard","meta":{"jetpack_post_was_ever_published":false,"_jetpack_newsletter_access":"","jetpack_publicize_message":"","jetpack_is_tweetstorm":false,"jetpack_publicize_feature_enabled":true,"jetpack_social_post_already_shared":true,"jetpack_social_options":{"image_generator_settings":{"template":"highway","enabled":false}}},"categories":[2],"tags":[395,375,390,423,347,2758,940,67,525,148,424,862],"jetpack_publicize_connections":[],"jetpack_featured_media_url":"https:\/\/i0.wp.com\/agrund.com\/wp-content\/uploads\/sites\/6\/2022\/10\/s-21.jpg?fit=960%2C300&ssl=1","jetpack_sharing_enabled":true,"jetpack_shortlink":"https:\/\/wp.me\/p3Hz0n-WLI","jetpack_likes_enabled":true,"_links":{"self":[{"href":"https:\/\/agrund.com\/index.php\/wp-json\/wp\/v2\/posts\/225910"}],"collection":[{"href":"https:\/\/agrund.com\/index.php\/wp-json\/wp\/v2\/posts"}],"about":[{"href":"https:\/\/agrund.com\/index.php\/wp-json\/wp\/v2\/types\/post"}],"author":[{"embeddable":true,"href":"https:\/\/agrund.com\/index.php\/wp-json\/wp\/v2\/users\/8"}],"replies":[{"embeddable":true,"href":"https:\/\/agrund.com\/index.php\/wp-json\/wp\/v2\/comments?post=225910"}],"version-history":[{"count":1,"href":"https:\/\/agrund.com\/index.php\/wp-json\/wp\/v2\/posts\/225910\/revisions"}],"predecessor-version":[{"id":225918,"href":"https:\/\/agrund.com\/index.php\/wp-json\/wp\/v2\/posts\/225910\/revisions\/225918"}],"wp:featuredmedia":[{"embeddable":true,"href":"https:\/\/agrund.com\/index.php\/wp-json\/wp\/v2\/media\/225917"}],"wp:attachment":[{"href":"https:\/\/agrund.com\/index.php\/wp-json\/wp\/v2\/media?parent=225910"}],"wp:term":[{"taxonomy":"category","embeddable":true,"href":"https:\/\/agrund.com\/index.php\/wp-json\/wp\/v2\/categories?post=225910"},{"taxonomy":"post_tag","embeddable":true,"href":"https:\/\/agrund.com\/index.php\/wp-json\/wp\/v2\/tags?post=225910"}],"curies":[{"name":"wp","href":"https:\/\/api.w.org\/{rel}","templated":true}]}}