{"id":225872,"date":"2022-10-19T12:00:00","date_gmt":"2022-10-19T15:00:00","guid":{"rendered":"https:\/\/agrund.com\/?p=225872"},"modified":"2022-10-19T12:05:50","modified_gmt":"2022-10-19T15:05:50","slug":"ferragamo-reinaugura-sua-maior-loja-no-brasil","status":"publish","type":"post","link":"https:\/\/agrund.com\/index.php\/ferragamo-reinaugura-sua-maior-loja-no-brasil\/","title":{"rendered":"Ferragamo reinaugura sua maior loja no Brasil"},"content":{"rendered":"\n<p>Na \u00faltima semana, a Ferragamo reabriu as portas de sua loja no Shopping Iguatemi S\u00e3o Paulo, que agora tem 288m\u00b2, se tornando a maior do Brasil.\u00a0<\/p>\n\n\n\n<p>O conceito do design da flagship se baseou nas curvas retil\u00edneas e traz uma composi\u00e7\u00e3o de texturas e cores harmoniosas, que remetem \u00e0 sensa\u00e7\u00e3o calorosa do ver\u00e3o na Toscana. Entre os materiais que vemos na decora\u00e7\u00e3o est\u00e3o pedras nobres, como m\u00e1rmores travertino, etrusco e rosa. J\u00e1 o mobili\u00e1rio e ilumina\u00e7\u00e3o foram desenvolvidos em parceria com a equipe de design sediada na It\u00e1lia.\u00a0<\/p>\n\n\n\n<p>Tudo na boutique foi pensado para traduzir, representar e refor\u00e7ar os valores da Ferragamo, al\u00e9m de oferecer uma experi\u00eancia personalizada 360 graus para surpreender os clientes.\u00a0<\/p>\n\n\n\n<p>A loja j\u00e1 est\u00e1 funcionando e est\u00e1 localizada no Piso Superior do shopping.\u00a0<\/p>\n\n\n\n<div class=\"wp-block-image\"><figure class=\"aligncenter size-full\"><img data-attachment-id=\"225873\" data-permalink=\"https:\/\/agrund.com\/index.php\/ferragamo-reinaugura-sua-maior-loja-no-brasil\/agrund-salvatore-ferragamo-iguatemi-sp-1\/\" data-orig-file=\"https:\/\/i0.wp.com\/agrund.com\/wp-content\/uploads\/sites\/6\/2022\/10\/agrund-salvatore-ferragamo-iguatemi-sp-1.jpg?fit=600%2C400&amp;ssl=1\" data-orig-size=\"600,400\" data-comments-opened=\"1\" data-image-meta=\"{&quot;aperture&quot;:&quot;8&quot;,&quot;credit&quot;:&quot;LUPREZIA&quot;,&quot;camera&quot;:&quot;NIKON D750&quot;,&quot;caption&quot;:&quot;&quot;,&quot;created_timestamp&quot;:&quot;1665654144&quot;,&quot;copyright&quot;:&quot;LUPREZIA&quot;,&quot;focal_length&quot;:&quot;34&quot;,&quot;iso&quot;:&quot;1600&quot;,&quot;shutter_speed&quot;:&quot;0.005&quot;,&quot;title&quot;:&quot;&quot;,&quot;orientation&quot;:&quot;1&quot;}\" data-image-title=\"agrund-salvatore-ferragamo-iguatemi-sp-1\" data-image-description=\"\" data-image-caption=\"\" data-medium-file=\"https:\/\/i0.wp.com\/agrund.com\/wp-content\/uploads\/sites\/6\/2022\/10\/agrund-salvatore-ferragamo-iguatemi-sp-1.jpg?fit=300%2C200&amp;ssl=1\" data-large-file=\"https:\/\/i0.wp.com\/agrund.com\/wp-content\/uploads\/sites\/6\/2022\/10\/agrund-salvatore-ferragamo-iguatemi-sp-1.jpg?fit=600%2C400&amp;ssl=1\" decoding=\"async\" loading=\"lazy\" width=\"600\" height=\"400\" src=\"https:\/\/i0.wp.com\/agrund.com\/wp-content\/uploads\/sites\/6\/2022\/10\/agrund-salvatore-ferragamo-iguatemi-sp-1.jpg?resize=600%2C400&#038;ssl=1\" alt=\"\" class=\"wp-image-225873\" srcset=\"https:\/\/i0.wp.com\/agrund.com\/wp-content\/uploads\/sites\/6\/2022\/10\/agrund-salvatore-ferragamo-iguatemi-sp-1.jpg?w=600&amp;ssl=1 600w, https:\/\/i0.wp.com\/agrund.com\/wp-content\/uploads\/sites\/6\/2022\/10\/agrund-salvatore-ferragamo-iguatemi-sp-1.jpg?resize=300%2C200&amp;ssl=1 300w\" sizes=\"(max-width: 600px) 100vw, 600px\" data-recalc-dims=\"1\" \/><figcaption>Ferragamo reinaugura sua maior loja no Brasil<\/figcaption><\/figure><\/div>\n\n\n\n<div class=\"wp-block-image\"><figure class=\"aligncenter size-full\"><img data-attachment-id=\"225874\" data-permalink=\"https:\/\/agrund.com\/index.php\/ferragamo-reinaugura-sua-maior-loja-no-brasil\/agrund-salvatore-ferragamo-iguatemi-sp-2\/\" data-orig-file=\"https:\/\/i0.wp.com\/agrund.com\/wp-content\/uploads\/sites\/6\/2022\/10\/agrund-salvatore-ferragamo-iguatemi-sp-2.jpg?fit=600%2C400&amp;ssl=1\" data-orig-size=\"600,400\" data-comments-opened=\"1\" data-image-meta=\"{&quot;aperture&quot;:&quot;5.6&quot;,&quot;credit&quot;:&quot;LUPREZIA&quot;,&quot;camera&quot;:&quot;NIKON D750&quot;,&quot;caption&quot;:&quot;&quot;,&quot;created_timestamp&quot;:&quot;1665654222&quot;,&quot;copyright&quot;:&quot;LUPREZIA&quot;,&quot;focal_length&quot;:&quot;29&quot;,&quot;iso&quot;:&quot;1600&quot;,&quot;shutter_speed&quot;:&quot;0.003125&quot;,&quot;title&quot;:&quot;&quot;,&quot;orientation&quot;:&quot;1&quot;}\" data-image-title=\"agrund-salvatore-ferragamo-iguatemi-sp-2\" data-image-description=\"\" data-image-caption=\"\" data-medium-file=\"https:\/\/i0.wp.com\/agrund.com\/wp-content\/uploads\/sites\/6\/2022\/10\/agrund-salvatore-ferragamo-iguatemi-sp-2.jpg?fit=300%2C200&amp;ssl=1\" data-large-file=\"https:\/\/i0.wp.com\/agrund.com\/wp-content\/uploads\/sites\/6\/2022\/10\/agrund-salvatore-ferragamo-iguatemi-sp-2.jpg?fit=600%2C400&amp;ssl=1\" decoding=\"async\" loading=\"lazy\" width=\"600\" height=\"400\" src=\"https:\/\/i0.wp.com\/agrund.com\/wp-content\/uploads\/sites\/6\/2022\/10\/agrund-salvatore-ferragamo-iguatemi-sp-2.jpg?resize=600%2C400&#038;ssl=1\" alt=\"\" class=\"wp-image-225874\" srcset=\"https:\/\/i0.wp.com\/agrund.com\/wp-content\/uploads\/sites\/6\/2022\/10\/agrund-salvatore-ferragamo-iguatemi-sp-2.jpg?w=600&amp;ssl=1 600w, https:\/\/i0.wp.com\/agrund.com\/wp-content\/uploads\/sites\/6\/2022\/10\/agrund-salvatore-ferragamo-iguatemi-sp-2.jpg?resize=300%2C200&amp;ssl=1 300w\" sizes=\"(max-width: 600px) 100vw, 600px\" data-recalc-dims=\"1\" \/><figcaption>Ferragamo reinaugura sua maior loja no Brasil<\/figcaption><\/figure><\/div>\n\n\n\n<div class=\"wp-block-image\"><figure class=\"aligncenter size-full\"><img data-attachment-id=\"225875\" data-permalink=\"https:\/\/agrund.com\/index.php\/ferragamo-reinaugura-sua-maior-loja-no-brasil\/agrund-salvatore-ferragamo-iguatemi-sp-3\/\" data-orig-file=\"https:\/\/i0.wp.com\/agrund.com\/wp-content\/uploads\/sites\/6\/2022\/10\/agrund-salvatore-ferragamo-iguatemi-sp-3.jpg?fit=600%2C400&amp;ssl=1\" data-orig-size=\"600,400\" data-comments-opened=\"1\" data-image-meta=\"{&quot;aperture&quot;:&quot;5.6&quot;,&quot;credit&quot;:&quot;LUPREZIA&quot;,&quot;camera&quot;:&quot;NIKON D750&quot;,&quot;caption&quot;:&quot;&quot;,&quot;created_timestamp&quot;:&quot;1665654282&quot;,&quot;copyright&quot;:&quot;LUPREZIA&quot;,&quot;focal_length&quot;:&quot;24&quot;,&quot;iso&quot;:&quot;1600&quot;,&quot;shutter_speed&quot;:&quot;0.0025&quot;,&quot;title&quot;:&quot;&quot;,&quot;orientation&quot;:&quot;1&quot;}\" data-image-title=\"agrund-salvatore-ferragamo-iguatemi-sp-3\" data-image-description=\"\" data-image-caption=\"\" data-medium-file=\"https:\/\/i0.wp.com\/agrund.com\/wp-content\/uploads\/sites\/6\/2022\/10\/agrund-salvatore-ferragamo-iguatemi-sp-3.jpg?fit=300%2C200&amp;ssl=1\" data-large-file=\"https:\/\/i0.wp.com\/agrund.com\/wp-content\/uploads\/sites\/6\/2022\/10\/agrund-salvatore-ferragamo-iguatemi-sp-3.jpg?fit=600%2C400&amp;ssl=1\" decoding=\"async\" loading=\"lazy\" width=\"600\" height=\"400\" src=\"https:\/\/i0.wp.com\/agrund.com\/wp-content\/uploads\/sites\/6\/2022\/10\/agrund-salvatore-ferragamo-iguatemi-sp-3.jpg?resize=600%2C400&#038;ssl=1\" alt=\"\" class=\"wp-image-225875\" srcset=\"https:\/\/i0.wp.com\/agrund.com\/wp-content\/uploads\/sites\/6\/2022\/10\/agrund-salvatore-ferragamo-iguatemi-sp-3.jpg?w=600&amp;ssl=1 600w, https:\/\/i0.wp.com\/agrund.com\/wp-content\/uploads\/sites\/6\/2022\/10\/agrund-salvatore-ferragamo-iguatemi-sp-3.jpg?resize=300%2C200&amp;ssl=1 300w\" sizes=\"(max-width: 600px) 100vw, 600px\" data-recalc-dims=\"1\" \/><figcaption>Ferragamo reinaugura sua maior loja no Brasil<\/figcaption><\/figure><\/div>\n\n\n\n<div class=\"wp-block-image\"><figure class=\"aligncenter size-full\"><img data-attachment-id=\"225876\" data-permalink=\"https:\/\/agrund.com\/index.php\/ferragamo-reinaugura-sua-maior-loja-no-brasil\/agrund-salvatore-ferragamo-iguatemi-sp-4\/\" data-orig-file=\"https:\/\/i0.wp.com\/agrund.com\/wp-content\/uploads\/sites\/6\/2022\/10\/agrund-salvatore-ferragamo-iguatemi-sp-4.jpg?fit=600%2C400&amp;ssl=1\" data-orig-size=\"600,400\" data-comments-opened=\"1\" data-image-meta=\"{&quot;aperture&quot;:&quot;5.6&quot;,&quot;credit&quot;:&quot;LUPREZIA&quot;,&quot;camera&quot;:&quot;NIKON D750&quot;,&quot;caption&quot;:&quot;&quot;,&quot;created_timestamp&quot;:&quot;1665654360&quot;,&quot;copyright&quot;:&quot;LUPREZIA&quot;,&quot;focal_length&quot;:&quot;29&quot;,&quot;iso&quot;:&quot;1600&quot;,&quot;shutter_speed&quot;:&quot;0.0025&quot;,&quot;title&quot;:&quot;&quot;,&quot;orientation&quot;:&quot;1&quot;}\" data-image-title=\"agrund-salvatore-ferragamo-iguatemi-sp-4\" data-image-description=\"\" data-image-caption=\"\" data-medium-file=\"https:\/\/i0.wp.com\/agrund.com\/wp-content\/uploads\/sites\/6\/2022\/10\/agrund-salvatore-ferragamo-iguatemi-sp-4.jpg?fit=300%2C200&amp;ssl=1\" data-large-file=\"https:\/\/i0.wp.com\/agrund.com\/wp-content\/uploads\/sites\/6\/2022\/10\/agrund-salvatore-ferragamo-iguatemi-sp-4.jpg?fit=600%2C400&amp;ssl=1\" decoding=\"async\" loading=\"lazy\" width=\"600\" height=\"400\" src=\"https:\/\/i0.wp.com\/agrund.com\/wp-content\/uploads\/sites\/6\/2022\/10\/agrund-salvatore-ferragamo-iguatemi-sp-4.jpg?resize=600%2C400&#038;ssl=1\" alt=\"\" class=\"wp-image-225876\" srcset=\"https:\/\/i0.wp.com\/agrund.com\/wp-content\/uploads\/sites\/6\/2022\/10\/agrund-salvatore-ferragamo-iguatemi-sp-4.jpg?w=600&amp;ssl=1 600w, https:\/\/i0.wp.com\/agrund.com\/wp-content\/uploads\/sites\/6\/2022\/10\/agrund-salvatore-ferragamo-iguatemi-sp-4.jpg?resize=300%2C200&amp;ssl=1 300w\" sizes=\"(max-width: 600px) 100vw, 600px\" data-recalc-dims=\"1\" \/><figcaption>Ferragamo reinaugura sua maior loja no Brasil<\/figcaption><\/figure><\/div>\n\n\n\n<div class=\"wp-block-image\"><figure class=\"aligncenter size-full\"><img data-attachment-id=\"225877\" data-permalink=\"https:\/\/agrund.com\/index.php\/ferragamo-reinaugura-sua-maior-loja-no-brasil\/agrund-salvatore-ferragamo-iguatemi-sp-5\/\" data-orig-file=\"https:\/\/i0.wp.com\/agrund.com\/wp-content\/uploads\/sites\/6\/2022\/10\/agrund-salvatore-ferragamo-iguatemi-sp-5.jpg?fit=600%2C400&amp;ssl=1\" data-orig-size=\"600,400\" data-comments-opened=\"1\" data-image-meta=\"{&quot;aperture&quot;:&quot;5.6&quot;,&quot;credit&quot;:&quot;LUPREZIA&quot;,&quot;camera&quot;:&quot;NIKON D750&quot;,&quot;caption&quot;:&quot;&quot;,&quot;created_timestamp&quot;:&quot;1665654403&quot;,&quot;copyright&quot;:&quot;LUPREZIA&quot;,&quot;focal_length&quot;:&quot;29&quot;,&quot;iso&quot;:&quot;1600&quot;,&quot;shutter_speed&quot;:&quot;0.003125&quot;,&quot;title&quot;:&quot;&quot;,&quot;orientation&quot;:&quot;1&quot;}\" data-image-title=\"agrund-salvatore-ferragamo-iguatemi-sp-5\" data-image-description=\"\" data-image-caption=\"\" data-medium-file=\"https:\/\/i0.wp.com\/agrund.com\/wp-content\/uploads\/sites\/6\/2022\/10\/agrund-salvatore-ferragamo-iguatemi-sp-5.jpg?fit=300%2C200&amp;ssl=1\" data-large-file=\"https:\/\/i0.wp.com\/agrund.com\/wp-content\/uploads\/sites\/6\/2022\/10\/agrund-salvatore-ferragamo-iguatemi-sp-5.jpg?fit=600%2C400&amp;ssl=1\" decoding=\"async\" loading=\"lazy\" width=\"600\" height=\"400\" src=\"https:\/\/i0.wp.com\/agrund.com\/wp-content\/uploads\/sites\/6\/2022\/10\/agrund-salvatore-ferragamo-iguatemi-sp-5.jpg?resize=600%2C400&#038;ssl=1\" alt=\"\" class=\"wp-image-225877\" srcset=\"https:\/\/i0.wp.com\/agrund.com\/wp-content\/uploads\/sites\/6\/2022\/10\/agrund-salvatore-ferragamo-iguatemi-sp-5.jpg?w=600&amp;ssl=1 600w, https:\/\/i0.wp.com\/agrund.com\/wp-content\/uploads\/sites\/6\/2022\/10\/agrund-salvatore-ferragamo-iguatemi-sp-5.jpg?resize=300%2C200&amp;ssl=1 300w\" sizes=\"(max-width: 600px) 100vw, 600px\" data-recalc-dims=\"1\" \/><figcaption>Ferragamo reinaugura sua maior loja no Brasil<\/figcaption><\/figure><\/div>\n\n\n\n<div class=\"wp-block-image\"><figure class=\"aligncenter size-full\"><img data-attachment-id=\"225878\" data-permalink=\"https:\/\/agrund.com\/index.php\/ferragamo-reinaugura-sua-maior-loja-no-brasil\/agrund-salvatore-ferragamo-iguatemi-sp-6\/\" data-orig-file=\"https:\/\/i0.wp.com\/agrund.com\/wp-content\/uploads\/sites\/6\/2022\/10\/agrund-salvatore-ferragamo-iguatemi-sp-6.jpg?fit=600%2C400&amp;ssl=1\" data-orig-size=\"600,400\" data-comments-opened=\"1\" data-image-meta=\"{&quot;aperture&quot;:&quot;5.6&quot;,&quot;credit&quot;:&quot;LUPREZIA&quot;,&quot;camera&quot;:&quot;NIKON D750&quot;,&quot;caption&quot;:&quot;&quot;,&quot;created_timestamp&quot;:&quot;1665654582&quot;,&quot;copyright&quot;:&quot;LUPREZIA&quot;,&quot;focal_length&quot;:&quot;27&quot;,&quot;iso&quot;:&quot;1600&quot;,&quot;shutter_speed&quot;:&quot;0.0025&quot;,&quot;title&quot;:&quot;&quot;,&quot;orientation&quot;:&quot;1&quot;}\" data-image-title=\"agrund-salvatore-ferragamo-iguatemi-sp-6\" data-image-description=\"\" data-image-caption=\"\" data-medium-file=\"https:\/\/i0.wp.com\/agrund.com\/wp-content\/uploads\/sites\/6\/2022\/10\/agrund-salvatore-ferragamo-iguatemi-sp-6.jpg?fit=300%2C200&amp;ssl=1\" data-large-file=\"https:\/\/i0.wp.com\/agrund.com\/wp-content\/uploads\/sites\/6\/2022\/10\/agrund-salvatore-ferragamo-iguatemi-sp-6.jpg?fit=600%2C400&amp;ssl=1\" decoding=\"async\" loading=\"lazy\" width=\"600\" height=\"400\" src=\"https:\/\/i0.wp.com\/agrund.com\/wp-content\/uploads\/sites\/6\/2022\/10\/agrund-salvatore-ferragamo-iguatemi-sp-6.jpg?resize=600%2C400&#038;ssl=1\" alt=\"\" class=\"wp-image-225878\" srcset=\"https:\/\/i0.wp.com\/agrund.com\/wp-content\/uploads\/sites\/6\/2022\/10\/agrund-salvatore-ferragamo-iguatemi-sp-6.jpg?w=600&amp;ssl=1 600w, https:\/\/i0.wp.com\/agrund.com\/wp-content\/uploads\/sites\/6\/2022\/10\/agrund-salvatore-ferragamo-iguatemi-sp-6.jpg?resize=300%2C200&amp;ssl=1 300w\" sizes=\"(max-width: 600px) 100vw, 600px\" data-recalc-dims=\"1\" \/><figcaption>Ferragamo reinaugura sua maior loja no Brasil<\/figcaption><\/figure><\/div>\n\n\n\n<div class=\"wp-block-image\"><figure class=\"aligncenter size-full\"><img data-attachment-id=\"225879\" data-permalink=\"https:\/\/agrund.com\/index.php\/ferragamo-reinaugura-sua-maior-loja-no-brasil\/agrund-salvatore-ferragamo-iguatemi-sp-7\/\" data-orig-file=\"https:\/\/i0.wp.com\/agrund.com\/wp-content\/uploads\/sites\/6\/2022\/10\/agrund-salvatore-ferragamo-iguatemi-sp-7.jpg?fit=600%2C400&amp;ssl=1\" data-orig-size=\"600,400\" data-comments-opened=\"1\" data-image-meta=\"{&quot;aperture&quot;:&quot;5.6&quot;,&quot;credit&quot;:&quot;LUPREZIA&quot;,&quot;camera&quot;:&quot;NIKON D750&quot;,&quot;caption&quot;:&quot;&quot;,&quot;created_timestamp&quot;:&quot;1665654631&quot;,&quot;copyright&quot;:&quot;LUPREZIA&quot;,&quot;focal_length&quot;:&quot;26&quot;,&quot;iso&quot;:&quot;1600&quot;,&quot;shutter_speed&quot;:&quot;0.0025&quot;,&quot;title&quot;:&quot;&quot;,&quot;orientation&quot;:&quot;1&quot;}\" data-image-title=\"agrund-salvatore-ferragamo-iguatemi-sp-7\" data-image-description=\"\" data-image-caption=\"\" data-medium-file=\"https:\/\/i0.wp.com\/agrund.com\/wp-content\/uploads\/sites\/6\/2022\/10\/agrund-salvatore-ferragamo-iguatemi-sp-7.jpg?fit=300%2C200&amp;ssl=1\" data-large-file=\"https:\/\/i0.wp.com\/agrund.com\/wp-content\/uploads\/sites\/6\/2022\/10\/agrund-salvatore-ferragamo-iguatemi-sp-7.jpg?fit=600%2C400&amp;ssl=1\" decoding=\"async\" loading=\"lazy\" width=\"600\" height=\"400\" src=\"https:\/\/i0.wp.com\/agrund.com\/wp-content\/uploads\/sites\/6\/2022\/10\/agrund-salvatore-ferragamo-iguatemi-sp-7.jpg?resize=600%2C400&#038;ssl=1\" alt=\"\" class=\"wp-image-225879\" srcset=\"https:\/\/i0.wp.com\/agrund.com\/wp-content\/uploads\/sites\/6\/2022\/10\/agrund-salvatore-ferragamo-iguatemi-sp-7.jpg?w=600&amp;ssl=1 600w, https:\/\/i0.wp.com\/agrund.com\/wp-content\/uploads\/sites\/6\/2022\/10\/agrund-salvatore-ferragamo-iguatemi-sp-7.jpg?resize=300%2C200&amp;ssl=1 300w\" sizes=\"(max-width: 600px) 100vw, 600px\" data-recalc-dims=\"1\" \/><figcaption>Ferragamo reinaugura sua maior loja no Brasil<\/figcaption><\/figure><\/div>\n\n\n\n<div class=\"wp-block-image\"><figure class=\"aligncenter size-full\"><img data-attachment-id=\"225880\" data-permalink=\"https:\/\/agrund.com\/index.php\/ferragamo-reinaugura-sua-maior-loja-no-brasil\/agrund-salvatore-ferragamo-iguatemi-sp-8\/\" data-orig-file=\"https:\/\/i0.wp.com\/agrund.com\/wp-content\/uploads\/sites\/6\/2022\/10\/agrund-salvatore-ferragamo-iguatemi-sp-8.jpg?fit=600%2C400&amp;ssl=1\" data-orig-size=\"600,400\" data-comments-opened=\"1\" data-image-meta=\"{&quot;aperture&quot;:&quot;5.6&quot;,&quot;credit&quot;:&quot;LUPREZIA&quot;,&quot;camera&quot;:&quot;NIKON D750&quot;,&quot;caption&quot;:&quot;&quot;,&quot;created_timestamp&quot;:&quot;1665654862&quot;,&quot;copyright&quot;:&quot;LUPREZIA&quot;,&quot;focal_length&quot;:&quot;24&quot;,&quot;iso&quot;:&quot;1600&quot;,&quot;shutter_speed&quot;:&quot;0.0025&quot;,&quot;title&quot;:&quot;&quot;,&quot;orientation&quot;:&quot;1&quot;}\" data-image-title=\"agrund-salvatore-ferragamo-iguatemi-sp-8\" data-image-description=\"\" data-image-caption=\"\" data-medium-file=\"https:\/\/i0.wp.com\/agrund.com\/wp-content\/uploads\/sites\/6\/2022\/10\/agrund-salvatore-ferragamo-iguatemi-sp-8.jpg?fit=300%2C200&amp;ssl=1\" data-large-file=\"https:\/\/i0.wp.com\/agrund.com\/wp-content\/uploads\/sites\/6\/2022\/10\/agrund-salvatore-ferragamo-iguatemi-sp-8.jpg?fit=600%2C400&amp;ssl=1\" decoding=\"async\" loading=\"lazy\" width=\"600\" height=\"400\" src=\"https:\/\/i0.wp.com\/agrund.com\/wp-content\/uploads\/sites\/6\/2022\/10\/agrund-salvatore-ferragamo-iguatemi-sp-8.jpg?resize=600%2C400&#038;ssl=1\" alt=\"\" class=\"wp-image-225880\" srcset=\"https:\/\/i0.wp.com\/agrund.com\/wp-content\/uploads\/sites\/6\/2022\/10\/agrund-salvatore-ferragamo-iguatemi-sp-8.jpg?w=600&amp;ssl=1 600w, https:\/\/i0.wp.com\/agrund.com\/wp-content\/uploads\/sites\/6\/2022\/10\/agrund-salvatore-ferragamo-iguatemi-sp-8.jpg?resize=300%2C200&amp;ssl=1 300w\" sizes=\"(max-width: 600px) 100vw, 600px\" data-recalc-dims=\"1\" \/><figcaption>Ferragamo reinaugura sua maior loja no Brasil<\/figcaption><\/figure><\/div>\n\n\n\n<p>Fotos: Divulga\u00e7\u00e3o\/ Lu Prezia.\u00a0<\/p>\n","protected":false},"excerpt":{"rendered":"<p>Na \u00faltima semana, a Ferragamo reabriu as portas de sua loja no Shopping Iguatemi S\u00e3o Paulo, que agora tem 288m\u00b2, se tornando a maior do Brasil.\u00a0 O conceito do design da flagship se baseou nas curvas retil\u00edneas e traz uma composi\u00e7\u00e3o de texturas e cores harmoniosas, que remetem \u00e0 sensa\u00e7\u00e3o calorosa do ver\u00e3o na Toscana. [&hellip;]<\/p>\n","protected":false},"author":8,"featured_media":225881,"comment_status":"open","ping_status":"open","sticky":false,"template":"","format":"standard","meta":{"jetpack_post_was_ever_published":false,"_jetpack_newsletter_access":"","jetpack_publicize_message":"","jetpack_is_tweetstorm":false,"jetpack_publicize_feature_enabled":true,"jetpack_social_post_already_shared":true,"jetpack_social_options":{"image_generator_settings":{"template":"highway","enabled":false}}},"categories":[2],"tags":[395,375,423,347,2195,67,525,148,1256,424,862],"jetpack_publicize_connections":[],"jetpack_featured_media_url":"https:\/\/i0.wp.com\/agrund.com\/wp-content\/uploads\/sites\/6\/2022\/10\/s-18.jpg?fit=960%2C300&ssl=1","jetpack_sharing_enabled":true,"jetpack_shortlink":"https:\/\/wp.me\/p3Hz0n-WL6","jetpack_likes_enabled":true,"_links":{"self":[{"href":"https:\/\/agrund.com\/index.php\/wp-json\/wp\/v2\/posts\/225872"}],"collection":[{"href":"https:\/\/agrund.com\/index.php\/wp-json\/wp\/v2\/posts"}],"about":[{"href":"https:\/\/agrund.com\/index.php\/wp-json\/wp\/v2\/types\/post"}],"author":[{"embeddable":true,"href":"https:\/\/agrund.com\/index.php\/wp-json\/wp\/v2\/users\/8"}],"replies":[{"embeddable":true,"href":"https:\/\/agrund.com\/index.php\/wp-json\/wp\/v2\/comments?post=225872"}],"version-history":[{"count":1,"href":"https:\/\/agrund.com\/index.php\/wp-json\/wp\/v2\/posts\/225872\/revisions"}],"predecessor-version":[{"id":225882,"href":"https:\/\/agrund.com\/index.php\/wp-json\/wp\/v2\/posts\/225872\/revisions\/225882"}],"wp:featuredmedia":[{"embeddable":true,"href":"https:\/\/agrund.com\/index.php\/wp-json\/wp\/v2\/media\/225881"}],"wp:attachment":[{"href":"https:\/\/agrund.com\/index.php\/wp-json\/wp\/v2\/media?parent=225872"}],"wp:term":[{"taxonomy":"category","embeddable":true,"href":"https:\/\/agrund.com\/index.php\/wp-json\/wp\/v2\/categories?post=225872"},{"taxonomy":"post_tag","embeddable":true,"href":"https:\/\/agrund.com\/index.php\/wp-json\/wp\/v2\/tags?post=225872"}],"curies":[{"name":"wp","href":"https:\/\/api.w.org\/{rel}","templated":true}]}}