{"id":225703,"date":"2022-10-04T19:00:00","date_gmt":"2022-10-04T22:00:00","guid":{"rendered":"https:\/\/agrund.com\/?p=225703"},"modified":"2022-10-04T18:29:46","modified_gmt":"2022-10-04T21:29:46","slug":"mfw-verao-2023-ferragamo-por-maximilian-davis","status":"publish","type":"post","link":"https:\/\/agrund.com\/index.php\/mfw-verao-2023-ferragamo-por-maximilian-davis\/","title":{"rendered":"MFW Ver\u00e3o 2023 :: Ferragamo por Maximilian Davis"},"content":{"rendered":"\n<p>Por Arlindo Grund<\/p>\n\n\n\n<p>Para a temporada primavera 2023 a Ferragamo mostra que a monocromia est\u00e1 mais em alta do que nunca. O estilista Maximilian Davis trouxe o frescor que a marca est\u00e1 propondo. Um olhar diferente, ousado, confort\u00e1vel mas, ao mesmo tempo, com um olhar contempor\u00e2neo. A fluidez de alguns tecidos se contrapunham \u00e0 transpar\u00eancia e a rigidez das formas em alfaiataria. Aqui, mais do que conceito, o novo diretor criativo busca em sua ess\u00eancia uma conex\u00e3o direta com a marca italiana. E mudan\u00e7as est\u00e3o acontecendo a olhos vistos. Mudan\u00e7a na logomarca, no nome, uma busca por uma parcela de consumidores que gostam de informa\u00e7\u00e3o de moda e personalidade em suas produ\u00e7\u00f5es est\u00e1 na mira da marca que agora atende somente por Ferragamo.<\/p>\n\n\n\n<p>A adapta\u00e7\u00e3o aos novos tempos mostra que o estilista est\u00e1 empenhado em colocar a casa italiana em patamares diferentes do classicismo e da tradi\u00e7\u00e3o. Acompanhar as mudan\u00e7as de tempo tamb\u00e9m \u00e9 um grande desafio para os profissionais de moda. O fato \u00e9 que Davis est\u00e1 aprimorando mais ainda o seu olhar diante de tantas informa\u00e7\u00f5es que est\u00e3o dispon\u00edveis para ele. Uma cole\u00e7\u00e3o que promete deixar o estilista ocupando essa vaga seguramente. Mas como na moda tudo muda, s\u00f3 nos resta aplaudir Maximilian Davis e aguardar o resultado comercial de suas cria\u00e7\u00f5es. Fant\u00e1stica apresenta\u00e7\u00e3o!<\/p>\n\n\n\n<div class=\"wp-block-image\"><figure class=\"aligncenter size-full\"><img data-attachment-id=\"225705\" data-permalink=\"https:\/\/agrund.com\/index.php\/mfw-verao-2023-ferragamo-por-maximilian-davis\/agrund-semana-moda-mila%cc%83o-ferragamo-1\/\" data-orig-file=\"https:\/\/i0.wp.com\/agrund.com\/wp-content\/uploads\/sites\/6\/2022\/10\/agrund-semana-moda-mila\u0303o-ferragamo-1.jpg?fit=600%2C904&amp;ssl=1\" data-orig-size=\"600,904\" data-comments-opened=\"1\" data-image-meta=\"{&quot;aperture&quot;:&quot;0&quot;,&quot;credit&quot;:&quot;&quot;,&quot;camera&quot;:&quot;&quot;,&quot;caption&quot;:&quot;&quot;,&quot;created_timestamp&quot;:&quot;0&quot;,&quot;copyright&quot;:&quot;&quot;,&quot;focal_length&quot;:&quot;0&quot;,&quot;iso&quot;:&quot;0&quot;,&quot;shutter_speed&quot;:&quot;0&quot;,&quot;title&quot;:&quot;&quot;,&quot;orientation&quot;:&quot;0&quot;}\" data-image-title=\"agrund-semana-moda-mila\u0303o-ferragamo-1\" data-image-description=\"\" data-image-caption=\"\" data-medium-file=\"https:\/\/i0.wp.com\/agrund.com\/wp-content\/uploads\/sites\/6\/2022\/10\/agrund-semana-moda-mila\u0303o-ferragamo-1.jpg?fit=199%2C300&amp;ssl=1\" data-large-file=\"https:\/\/i0.wp.com\/agrund.com\/wp-content\/uploads\/sites\/6\/2022\/10\/agrund-semana-moda-mila\u0303o-ferragamo-1.jpg?fit=600%2C904&amp;ssl=1\" decoding=\"async\" loading=\"lazy\" width=\"600\" height=\"904\" src=\"https:\/\/i0.wp.com\/agrund.com\/wp-content\/uploads\/sites\/6\/2022\/10\/agrund-semana-moda-mila\u0303o-ferragamo-1.jpg?resize=600%2C904&#038;ssl=1\" alt=\"\" class=\"wp-image-225705\" srcset=\"https:\/\/i0.wp.com\/agrund.com\/wp-content\/uploads\/sites\/6\/2022\/10\/agrund-semana-moda-mila\u0303o-ferragamo-1.jpg?w=600&amp;ssl=1 600w, https:\/\/i0.wp.com\/agrund.com\/wp-content\/uploads\/sites\/6\/2022\/10\/agrund-semana-moda-mila\u0303o-ferragamo-1.jpg?resize=199%2C300&amp;ssl=1 199w\" sizes=\"(max-width: 600px) 100vw, 600px\" data-recalc-dims=\"1\" \/><figcaption>MFW Ver\u00e3o 2023 :: Ferragamo por Maximilian Davis<\/figcaption><\/figure><\/div>\n\n\n\n<div class=\"wp-block-image\"><figure class=\"aligncenter size-full\"><img data-attachment-id=\"225706\" data-permalink=\"https:\/\/agrund.com\/index.php\/mfw-verao-2023-ferragamo-por-maximilian-davis\/agrund-semana-moda-mila%cc%83o-ferragamo-2\/\" data-orig-file=\"https:\/\/i0.wp.com\/agrund.com\/wp-content\/uploads\/sites\/6\/2022\/10\/agrund-semana-moda-mila\u0303o-ferragamo-2.jpg?fit=600%2C901&amp;ssl=1\" data-orig-size=\"600,901\" data-comments-opened=\"1\" data-image-meta=\"{&quot;aperture&quot;:&quot;0&quot;,&quot;credit&quot;:&quot;&quot;,&quot;camera&quot;:&quot;&quot;,&quot;caption&quot;:&quot;&quot;,&quot;created_timestamp&quot;:&quot;0&quot;,&quot;copyright&quot;:&quot;&quot;,&quot;focal_length&quot;:&quot;0&quot;,&quot;iso&quot;:&quot;0&quot;,&quot;shutter_speed&quot;:&quot;0&quot;,&quot;title&quot;:&quot;&quot;,&quot;orientation&quot;:&quot;0&quot;}\" data-image-title=\"agrund-semana-moda-mila\u0303o-ferragamo-2\" data-image-description=\"\" data-image-caption=\"\" data-medium-file=\"https:\/\/i0.wp.com\/agrund.com\/wp-content\/uploads\/sites\/6\/2022\/10\/agrund-semana-moda-mila\u0303o-ferragamo-2.jpg?fit=200%2C300&amp;ssl=1\" data-large-file=\"https:\/\/i0.wp.com\/agrund.com\/wp-content\/uploads\/sites\/6\/2022\/10\/agrund-semana-moda-mila\u0303o-ferragamo-2.jpg?fit=600%2C901&amp;ssl=1\" decoding=\"async\" loading=\"lazy\" width=\"600\" height=\"901\" src=\"https:\/\/i0.wp.com\/agrund.com\/wp-content\/uploads\/sites\/6\/2022\/10\/agrund-semana-moda-mila\u0303o-ferragamo-2.jpg?resize=600%2C901&#038;ssl=1\" alt=\"\" class=\"wp-image-225706\" srcset=\"https:\/\/i0.wp.com\/agrund.com\/wp-content\/uploads\/sites\/6\/2022\/10\/agrund-semana-moda-mila\u0303o-ferragamo-2.jpg?w=600&amp;ssl=1 600w, https:\/\/i0.wp.com\/agrund.com\/wp-content\/uploads\/sites\/6\/2022\/10\/agrund-semana-moda-mila\u0303o-ferragamo-2.jpg?resize=200%2C300&amp;ssl=1 200w\" sizes=\"(max-width: 600px) 100vw, 600px\" data-recalc-dims=\"1\" \/><figcaption>MFW Ver\u00e3o 2023 :: Ferragamo por Maximilian Davis<\/figcaption><\/figure><\/div>\n\n\n\n<div class=\"wp-block-image\"><figure class=\"aligncenter size-full\"><img data-attachment-id=\"225707\" data-permalink=\"https:\/\/agrund.com\/index.php\/mfw-verao-2023-ferragamo-por-maximilian-davis\/agrund-semana-moda-mila%cc%83o-ferragamo-3\/\" data-orig-file=\"https:\/\/i0.wp.com\/agrund.com\/wp-content\/uploads\/sites\/6\/2022\/10\/agrund-semana-moda-mila\u0303o-ferragamo-3.jpg?fit=600%2C898&amp;ssl=1\" data-orig-size=\"600,898\" data-comments-opened=\"1\" data-image-meta=\"{&quot;aperture&quot;:&quot;0&quot;,&quot;credit&quot;:&quot;&quot;,&quot;camera&quot;:&quot;&quot;,&quot;caption&quot;:&quot;&quot;,&quot;created_timestamp&quot;:&quot;0&quot;,&quot;copyright&quot;:&quot;&quot;,&quot;focal_length&quot;:&quot;0&quot;,&quot;iso&quot;:&quot;0&quot;,&quot;shutter_speed&quot;:&quot;0&quot;,&quot;title&quot;:&quot;&quot;,&quot;orientation&quot;:&quot;0&quot;}\" data-image-title=\"agrund-semana-moda-mila\u0303o-ferragamo-3\" data-image-description=\"\" data-image-caption=\"\" data-medium-file=\"https:\/\/i0.wp.com\/agrund.com\/wp-content\/uploads\/sites\/6\/2022\/10\/agrund-semana-moda-mila\u0303o-ferragamo-3.jpg?fit=200%2C300&amp;ssl=1\" data-large-file=\"https:\/\/i0.wp.com\/agrund.com\/wp-content\/uploads\/sites\/6\/2022\/10\/agrund-semana-moda-mila\u0303o-ferragamo-3.jpg?fit=600%2C898&amp;ssl=1\" decoding=\"async\" loading=\"lazy\" width=\"600\" height=\"898\" src=\"https:\/\/i0.wp.com\/agrund.com\/wp-content\/uploads\/sites\/6\/2022\/10\/agrund-semana-moda-mila\u0303o-ferragamo-3.jpg?resize=600%2C898&#038;ssl=1\" alt=\"\" class=\"wp-image-225707\" srcset=\"https:\/\/i0.wp.com\/agrund.com\/wp-content\/uploads\/sites\/6\/2022\/10\/agrund-semana-moda-mila\u0303o-ferragamo-3.jpg?w=600&amp;ssl=1 600w, https:\/\/i0.wp.com\/agrund.com\/wp-content\/uploads\/sites\/6\/2022\/10\/agrund-semana-moda-mila\u0303o-ferragamo-3.jpg?resize=200%2C300&amp;ssl=1 200w\" sizes=\"(max-width: 600px) 100vw, 600px\" data-recalc-dims=\"1\" \/><figcaption>MFW Ver\u00e3o 2023 :: Ferragamo por Maximilian Davis<\/figcaption><\/figure><\/div>\n\n\n\n<div class=\"wp-block-image\"><figure class=\"aligncenter size-full\"><img data-attachment-id=\"225708\" data-permalink=\"https:\/\/agrund.com\/index.php\/mfw-verao-2023-ferragamo-por-maximilian-davis\/agrund-semana-moda-mila%cc%83o-ferragamo-4\/\" data-orig-file=\"https:\/\/i0.wp.com\/agrund.com\/wp-content\/uploads\/sites\/6\/2022\/10\/agrund-semana-moda-mila\u0303o-ferragamo-4.jpg?fit=600%2C901&amp;ssl=1\" data-orig-size=\"600,901\" data-comments-opened=\"1\" data-image-meta=\"{&quot;aperture&quot;:&quot;0&quot;,&quot;credit&quot;:&quot;&quot;,&quot;camera&quot;:&quot;&quot;,&quot;caption&quot;:&quot;&quot;,&quot;created_timestamp&quot;:&quot;0&quot;,&quot;copyright&quot;:&quot;&quot;,&quot;focal_length&quot;:&quot;0&quot;,&quot;iso&quot;:&quot;0&quot;,&quot;shutter_speed&quot;:&quot;0&quot;,&quot;title&quot;:&quot;&quot;,&quot;orientation&quot;:&quot;0&quot;}\" data-image-title=\"agrund-semana-moda-mila\u0303o-ferragamo-4\" data-image-description=\"\" data-image-caption=\"\" data-medium-file=\"https:\/\/i0.wp.com\/agrund.com\/wp-content\/uploads\/sites\/6\/2022\/10\/agrund-semana-moda-mila\u0303o-ferragamo-4.jpg?fit=200%2C300&amp;ssl=1\" data-large-file=\"https:\/\/i0.wp.com\/agrund.com\/wp-content\/uploads\/sites\/6\/2022\/10\/agrund-semana-moda-mila\u0303o-ferragamo-4.jpg?fit=600%2C901&amp;ssl=1\" decoding=\"async\" loading=\"lazy\" width=\"600\" height=\"901\" src=\"https:\/\/i0.wp.com\/agrund.com\/wp-content\/uploads\/sites\/6\/2022\/10\/agrund-semana-moda-mila\u0303o-ferragamo-4.jpg?resize=600%2C901&#038;ssl=1\" alt=\"\" class=\"wp-image-225708\" srcset=\"https:\/\/i0.wp.com\/agrund.com\/wp-content\/uploads\/sites\/6\/2022\/10\/agrund-semana-moda-mila\u0303o-ferragamo-4.jpg?w=600&amp;ssl=1 600w, https:\/\/i0.wp.com\/agrund.com\/wp-content\/uploads\/sites\/6\/2022\/10\/agrund-semana-moda-mila\u0303o-ferragamo-4.jpg?resize=200%2C300&amp;ssl=1 200w\" sizes=\"(max-width: 600px) 100vw, 600px\" data-recalc-dims=\"1\" \/><figcaption>MFW Ver\u00e3o 2023 :: Ferragamo por Maximilian Davis<\/figcaption><\/figure><\/div>\n\n\n\n<div class=\"wp-block-image\"><figure class=\"aligncenter size-full\"><img data-attachment-id=\"225709\" data-permalink=\"https:\/\/agrund.com\/index.php\/mfw-verao-2023-ferragamo-por-maximilian-davis\/agrund-semana-moda-mila%cc%83o-ferragamo-5\/\" data-orig-file=\"https:\/\/i0.wp.com\/agrund.com\/wp-content\/uploads\/sites\/6\/2022\/10\/agrund-semana-moda-mila\u0303o-ferragamo-5.jpg?fit=600%2C901&amp;ssl=1\" data-orig-size=\"600,901\" data-comments-opened=\"1\" data-image-meta=\"{&quot;aperture&quot;:&quot;0&quot;,&quot;credit&quot;:&quot;&quot;,&quot;camera&quot;:&quot;&quot;,&quot;caption&quot;:&quot;&quot;,&quot;created_timestamp&quot;:&quot;0&quot;,&quot;copyright&quot;:&quot;&quot;,&quot;focal_length&quot;:&quot;0&quot;,&quot;iso&quot;:&quot;0&quot;,&quot;shutter_speed&quot;:&quot;0&quot;,&quot;title&quot;:&quot;&quot;,&quot;orientation&quot;:&quot;0&quot;}\" data-image-title=\"agrund-semana-moda-mila\u0303o-ferragamo-5\" data-image-description=\"\" data-image-caption=\"\" data-medium-file=\"https:\/\/i0.wp.com\/agrund.com\/wp-content\/uploads\/sites\/6\/2022\/10\/agrund-semana-moda-mila\u0303o-ferragamo-5.jpg?fit=200%2C300&amp;ssl=1\" data-large-file=\"https:\/\/i0.wp.com\/agrund.com\/wp-content\/uploads\/sites\/6\/2022\/10\/agrund-semana-moda-mila\u0303o-ferragamo-5.jpg?fit=600%2C901&amp;ssl=1\" decoding=\"async\" loading=\"lazy\" width=\"600\" height=\"901\" src=\"https:\/\/i0.wp.com\/agrund.com\/wp-content\/uploads\/sites\/6\/2022\/10\/agrund-semana-moda-mila\u0303o-ferragamo-5.jpg?resize=600%2C901&#038;ssl=1\" alt=\"\" class=\"wp-image-225709\" srcset=\"https:\/\/i0.wp.com\/agrund.com\/wp-content\/uploads\/sites\/6\/2022\/10\/agrund-semana-moda-mila\u0303o-ferragamo-5.jpg?w=600&amp;ssl=1 600w, https:\/\/i0.wp.com\/agrund.com\/wp-content\/uploads\/sites\/6\/2022\/10\/agrund-semana-moda-mila\u0303o-ferragamo-5.jpg?resize=200%2C300&amp;ssl=1 200w\" sizes=\"(max-width: 600px) 100vw, 600px\" data-recalc-dims=\"1\" \/><figcaption>MFW Ver\u00e3o 2023 :: Ferragamo por Maximilian Davis<\/figcaption><\/figure><\/div>\n\n\n\n<div class=\"wp-block-image\"><figure class=\"aligncenter size-full\"><img data-attachment-id=\"225710\" data-permalink=\"https:\/\/agrund.com\/index.php\/mfw-verao-2023-ferragamo-por-maximilian-davis\/agrund-semana-moda-mila%cc%83o-ferragamo-6\/\" data-orig-file=\"https:\/\/i0.wp.com\/agrund.com\/wp-content\/uploads\/sites\/6\/2022\/10\/agrund-semana-moda-mila\u0303o-ferragamo-6.jpg?fit=600%2C894&amp;ssl=1\" data-orig-size=\"600,894\" data-comments-opened=\"1\" data-image-meta=\"{&quot;aperture&quot;:&quot;0&quot;,&quot;credit&quot;:&quot;&quot;,&quot;camera&quot;:&quot;&quot;,&quot;caption&quot;:&quot;&quot;,&quot;created_timestamp&quot;:&quot;0&quot;,&quot;copyright&quot;:&quot;&quot;,&quot;focal_length&quot;:&quot;0&quot;,&quot;iso&quot;:&quot;0&quot;,&quot;shutter_speed&quot;:&quot;0&quot;,&quot;title&quot;:&quot;&quot;,&quot;orientation&quot;:&quot;0&quot;}\" data-image-title=\"agrund-semana-moda-mila\u0303o-ferragamo-6\" data-image-description=\"\" data-image-caption=\"\" data-medium-file=\"https:\/\/i0.wp.com\/agrund.com\/wp-content\/uploads\/sites\/6\/2022\/10\/agrund-semana-moda-mila\u0303o-ferragamo-6.jpg?fit=201%2C300&amp;ssl=1\" data-large-file=\"https:\/\/i0.wp.com\/agrund.com\/wp-content\/uploads\/sites\/6\/2022\/10\/agrund-semana-moda-mila\u0303o-ferragamo-6.jpg?fit=600%2C894&amp;ssl=1\" decoding=\"async\" loading=\"lazy\" width=\"600\" height=\"894\" src=\"https:\/\/i0.wp.com\/agrund.com\/wp-content\/uploads\/sites\/6\/2022\/10\/agrund-semana-moda-mila\u0303o-ferragamo-6.jpg?resize=600%2C894&#038;ssl=1\" alt=\"\" class=\"wp-image-225710\" srcset=\"https:\/\/i0.wp.com\/agrund.com\/wp-content\/uploads\/sites\/6\/2022\/10\/agrund-semana-moda-mila\u0303o-ferragamo-6.jpg?w=600&amp;ssl=1 600w, https:\/\/i0.wp.com\/agrund.com\/wp-content\/uploads\/sites\/6\/2022\/10\/agrund-semana-moda-mila\u0303o-ferragamo-6.jpg?resize=201%2C300&amp;ssl=1 201w\" sizes=\"(max-width: 600px) 100vw, 600px\" data-recalc-dims=\"1\" \/><figcaption>MFW Ver\u00e3o 2023 :: Ferragamo por Maximilian Davis<\/figcaption><\/figure><\/div>\n\n\n\n<div class=\"wp-block-image\"><figure class=\"aligncenter size-full\"><img data-attachment-id=\"225711\" data-permalink=\"https:\/\/agrund.com\/index.php\/mfw-verao-2023-ferragamo-por-maximilian-davis\/agrund-semana-moda-mila%cc%83o-ferragamo-7\/\" data-orig-file=\"https:\/\/i0.wp.com\/agrund.com\/wp-content\/uploads\/sites\/6\/2022\/10\/agrund-semana-moda-mila\u0303o-ferragamo-7.jpg?fit=600%2C896&amp;ssl=1\" data-orig-size=\"600,896\" data-comments-opened=\"1\" data-image-meta=\"{&quot;aperture&quot;:&quot;0&quot;,&quot;credit&quot;:&quot;&quot;,&quot;camera&quot;:&quot;&quot;,&quot;caption&quot;:&quot;&quot;,&quot;created_timestamp&quot;:&quot;0&quot;,&quot;copyright&quot;:&quot;&quot;,&quot;focal_length&quot;:&quot;0&quot;,&quot;iso&quot;:&quot;0&quot;,&quot;shutter_speed&quot;:&quot;0&quot;,&quot;title&quot;:&quot;&quot;,&quot;orientation&quot;:&quot;0&quot;}\" data-image-title=\"agrund-semana-moda-mila\u0303o-ferragamo-7\" data-image-description=\"\" data-image-caption=\"\" data-medium-file=\"https:\/\/i0.wp.com\/agrund.com\/wp-content\/uploads\/sites\/6\/2022\/10\/agrund-semana-moda-mila\u0303o-ferragamo-7.jpg?fit=201%2C300&amp;ssl=1\" data-large-file=\"https:\/\/i0.wp.com\/agrund.com\/wp-content\/uploads\/sites\/6\/2022\/10\/agrund-semana-moda-mila\u0303o-ferragamo-7.jpg?fit=600%2C896&amp;ssl=1\" decoding=\"async\" loading=\"lazy\" width=\"600\" height=\"896\" src=\"https:\/\/i0.wp.com\/agrund.com\/wp-content\/uploads\/sites\/6\/2022\/10\/agrund-semana-moda-mila\u0303o-ferragamo-7.jpg?resize=600%2C896&#038;ssl=1\" alt=\"\" class=\"wp-image-225711\" srcset=\"https:\/\/i0.wp.com\/agrund.com\/wp-content\/uploads\/sites\/6\/2022\/10\/agrund-semana-moda-mila\u0303o-ferragamo-7.jpg?w=600&amp;ssl=1 600w, https:\/\/i0.wp.com\/agrund.com\/wp-content\/uploads\/sites\/6\/2022\/10\/agrund-semana-moda-mila\u0303o-ferragamo-7.jpg?resize=201%2C300&amp;ssl=1 201w\" sizes=\"(max-width: 600px) 100vw, 600px\" data-recalc-dims=\"1\" \/><figcaption>MFW Ver\u00e3o 2023 :: Ferragamo por Maximilian Davis<\/figcaption><\/figure><\/div>\n\n\n\n<div class=\"wp-block-image\"><figure class=\"aligncenter size-full\"><img data-attachment-id=\"225712\" data-permalink=\"https:\/\/agrund.com\/index.php\/mfw-verao-2023-ferragamo-por-maximilian-davis\/agrund-semana-moda-mila%cc%83o-ferragamo-8\/\" data-orig-file=\"https:\/\/i0.wp.com\/agrund.com\/wp-content\/uploads\/sites\/6\/2022\/10\/agrund-semana-moda-mila\u0303o-ferragamo-8.jpg?fit=600%2C896&amp;ssl=1\" data-orig-size=\"600,896\" data-comments-opened=\"1\" data-image-meta=\"{&quot;aperture&quot;:&quot;0&quot;,&quot;credit&quot;:&quot;&quot;,&quot;camera&quot;:&quot;&quot;,&quot;caption&quot;:&quot;&quot;,&quot;created_timestamp&quot;:&quot;0&quot;,&quot;copyright&quot;:&quot;&quot;,&quot;focal_length&quot;:&quot;0&quot;,&quot;iso&quot;:&quot;0&quot;,&quot;shutter_speed&quot;:&quot;0&quot;,&quot;title&quot;:&quot;&quot;,&quot;orientation&quot;:&quot;0&quot;}\" data-image-title=\"agrund-semana-moda-mila\u0303o-ferragamo-8\" data-image-description=\"\" data-image-caption=\"\" data-medium-file=\"https:\/\/i0.wp.com\/agrund.com\/wp-content\/uploads\/sites\/6\/2022\/10\/agrund-semana-moda-mila\u0303o-ferragamo-8.jpg?fit=201%2C300&amp;ssl=1\" data-large-file=\"https:\/\/i0.wp.com\/agrund.com\/wp-content\/uploads\/sites\/6\/2022\/10\/agrund-semana-moda-mila\u0303o-ferragamo-8.jpg?fit=600%2C896&amp;ssl=1\" decoding=\"async\" loading=\"lazy\" width=\"600\" height=\"896\" src=\"https:\/\/i0.wp.com\/agrund.com\/wp-content\/uploads\/sites\/6\/2022\/10\/agrund-semana-moda-mila\u0303o-ferragamo-8.jpg?resize=600%2C896&#038;ssl=1\" alt=\"\" class=\"wp-image-225712\" srcset=\"https:\/\/i0.wp.com\/agrund.com\/wp-content\/uploads\/sites\/6\/2022\/10\/agrund-semana-moda-mila\u0303o-ferragamo-8.jpg?w=600&amp;ssl=1 600w, https:\/\/i0.wp.com\/agrund.com\/wp-content\/uploads\/sites\/6\/2022\/10\/agrund-semana-moda-mila\u0303o-ferragamo-8.jpg?resize=201%2C300&amp;ssl=1 201w\" sizes=\"(max-width: 600px) 100vw, 600px\" data-recalc-dims=\"1\" \/><figcaption>MFW Ver\u00e3o 2023 :: Ferragamo por Maximilian Davis<\/figcaption><\/figure><\/div>\n\n\n\n<div class=\"wp-block-image\"><figure class=\"aligncenter size-full\"><img data-attachment-id=\"225713\" data-permalink=\"https:\/\/agrund.com\/index.php\/mfw-verao-2023-ferragamo-por-maximilian-davis\/agrund-semana-moda-mila%cc%83o-ferragamo-9\/\" data-orig-file=\"https:\/\/i0.wp.com\/agrund.com\/wp-content\/uploads\/sites\/6\/2022\/10\/agrund-semana-moda-mila\u0303o-ferragamo-9.jpg?fit=600%2C908&amp;ssl=1\" data-orig-size=\"600,908\" data-comments-opened=\"1\" data-image-meta=\"{&quot;aperture&quot;:&quot;0&quot;,&quot;credit&quot;:&quot;&quot;,&quot;camera&quot;:&quot;&quot;,&quot;caption&quot;:&quot;&quot;,&quot;created_timestamp&quot;:&quot;0&quot;,&quot;copyright&quot;:&quot;&quot;,&quot;focal_length&quot;:&quot;0&quot;,&quot;iso&quot;:&quot;0&quot;,&quot;shutter_speed&quot;:&quot;0&quot;,&quot;title&quot;:&quot;&quot;,&quot;orientation&quot;:&quot;0&quot;}\" data-image-title=\"agrund-semana-moda-mila\u0303o-ferragamo-9\" data-image-description=\"\" data-image-caption=\"\" data-medium-file=\"https:\/\/i0.wp.com\/agrund.com\/wp-content\/uploads\/sites\/6\/2022\/10\/agrund-semana-moda-mila\u0303o-ferragamo-9.jpg?fit=198%2C300&amp;ssl=1\" data-large-file=\"https:\/\/i0.wp.com\/agrund.com\/wp-content\/uploads\/sites\/6\/2022\/10\/agrund-semana-moda-mila\u0303o-ferragamo-9.jpg?fit=600%2C908&amp;ssl=1\" decoding=\"async\" loading=\"lazy\" width=\"600\" height=\"908\" src=\"https:\/\/i0.wp.com\/agrund.com\/wp-content\/uploads\/sites\/6\/2022\/10\/agrund-semana-moda-mila\u0303o-ferragamo-9.jpg?resize=600%2C908&#038;ssl=1\" alt=\"\" class=\"wp-image-225713\" srcset=\"https:\/\/i0.wp.com\/agrund.com\/wp-content\/uploads\/sites\/6\/2022\/10\/agrund-semana-moda-mila\u0303o-ferragamo-9.jpg?w=600&amp;ssl=1 600w, https:\/\/i0.wp.com\/agrund.com\/wp-content\/uploads\/sites\/6\/2022\/10\/agrund-semana-moda-mila\u0303o-ferragamo-9.jpg?resize=198%2C300&amp;ssl=1 198w\" sizes=\"(max-width: 600px) 100vw, 600px\" data-recalc-dims=\"1\" \/><figcaption>MFW Ver\u00e3o 2023 :: Ferragamo por Maximilian Davis<\/figcaption><\/figure><\/div>\n\n\n\n<div class=\"wp-block-image\"><figure class=\"aligncenter size-full\"><img data-attachment-id=\"225714\" data-permalink=\"https:\/\/agrund.com\/index.php\/mfw-verao-2023-ferragamo-por-maximilian-davis\/agrund-semana-moda-mila%cc%83o-ferragamo-10\/\" data-orig-file=\"https:\/\/i0.wp.com\/agrund.com\/wp-content\/uploads\/sites\/6\/2022\/10\/agrund-semana-moda-mila\u0303o-ferragamo-10.jpg?fit=600%2C904&amp;ssl=1\" data-orig-size=\"600,904\" data-comments-opened=\"1\" data-image-meta=\"{&quot;aperture&quot;:&quot;0&quot;,&quot;credit&quot;:&quot;&quot;,&quot;camera&quot;:&quot;&quot;,&quot;caption&quot;:&quot;&quot;,&quot;created_timestamp&quot;:&quot;0&quot;,&quot;copyright&quot;:&quot;&quot;,&quot;focal_length&quot;:&quot;0&quot;,&quot;iso&quot;:&quot;0&quot;,&quot;shutter_speed&quot;:&quot;0&quot;,&quot;title&quot;:&quot;&quot;,&quot;orientation&quot;:&quot;0&quot;}\" data-image-title=\"agrund-semana-moda-mila\u0303o-ferragamo-10\" data-image-description=\"\" data-image-caption=\"\" data-medium-file=\"https:\/\/i0.wp.com\/agrund.com\/wp-content\/uploads\/sites\/6\/2022\/10\/agrund-semana-moda-mila\u0303o-ferragamo-10.jpg?fit=199%2C300&amp;ssl=1\" data-large-file=\"https:\/\/i0.wp.com\/agrund.com\/wp-content\/uploads\/sites\/6\/2022\/10\/agrund-semana-moda-mila\u0303o-ferragamo-10.jpg?fit=600%2C904&amp;ssl=1\" decoding=\"async\" loading=\"lazy\" width=\"600\" height=\"904\" src=\"https:\/\/i0.wp.com\/agrund.com\/wp-content\/uploads\/sites\/6\/2022\/10\/agrund-semana-moda-mila\u0303o-ferragamo-10.jpg?resize=600%2C904&#038;ssl=1\" alt=\"\" class=\"wp-image-225714\" srcset=\"https:\/\/i0.wp.com\/agrund.com\/wp-content\/uploads\/sites\/6\/2022\/10\/agrund-semana-moda-mila\u0303o-ferragamo-10.jpg?w=600&amp;ssl=1 600w, https:\/\/i0.wp.com\/agrund.com\/wp-content\/uploads\/sites\/6\/2022\/10\/agrund-semana-moda-mila\u0303o-ferragamo-10.jpg?resize=199%2C300&amp;ssl=1 199w\" sizes=\"(max-width: 600px) 100vw, 600px\" data-recalc-dims=\"1\" \/><figcaption>MFW Ver\u00e3o 2023 :: Ferragamo por Maximilian Davis<\/figcaption><\/figure><\/div>\n\n\n\n<div class=\"wp-block-image\"><figure class=\"aligncenter size-full\"><img data-attachment-id=\"225715\" data-permalink=\"https:\/\/agrund.com\/index.php\/mfw-verao-2023-ferragamo-por-maximilian-davis\/agrund-semana-moda-mila%cc%83o-ferragamo-11\/\" data-orig-file=\"https:\/\/i0.wp.com\/agrund.com\/wp-content\/uploads\/sites\/6\/2022\/10\/agrund-semana-moda-mila\u0303o-ferragamo-11.jpg?fit=600%2C891&amp;ssl=1\" data-orig-size=\"600,891\" data-comments-opened=\"1\" data-image-meta=\"{&quot;aperture&quot;:&quot;0&quot;,&quot;credit&quot;:&quot;&quot;,&quot;camera&quot;:&quot;&quot;,&quot;caption&quot;:&quot;&quot;,&quot;created_timestamp&quot;:&quot;0&quot;,&quot;copyright&quot;:&quot;&quot;,&quot;focal_length&quot;:&quot;0&quot;,&quot;iso&quot;:&quot;0&quot;,&quot;shutter_speed&quot;:&quot;0&quot;,&quot;title&quot;:&quot;&quot;,&quot;orientation&quot;:&quot;0&quot;}\" data-image-title=\"agrund-semana-moda-mila\u0303o-ferragamo-11\" data-image-description=\"\" data-image-caption=\"\" data-medium-file=\"https:\/\/i0.wp.com\/agrund.com\/wp-content\/uploads\/sites\/6\/2022\/10\/agrund-semana-moda-mila\u0303o-ferragamo-11.jpg?fit=202%2C300&amp;ssl=1\" data-large-file=\"https:\/\/i0.wp.com\/agrund.com\/wp-content\/uploads\/sites\/6\/2022\/10\/agrund-semana-moda-mila\u0303o-ferragamo-11.jpg?fit=600%2C891&amp;ssl=1\" decoding=\"async\" loading=\"lazy\" width=\"600\" height=\"891\" src=\"https:\/\/i0.wp.com\/agrund.com\/wp-content\/uploads\/sites\/6\/2022\/10\/agrund-semana-moda-mila\u0303o-ferragamo-11.jpg?resize=600%2C891&#038;ssl=1\" alt=\"\" class=\"wp-image-225715\" srcset=\"https:\/\/i0.wp.com\/agrund.com\/wp-content\/uploads\/sites\/6\/2022\/10\/agrund-semana-moda-mila\u0303o-ferragamo-11.jpg?w=600&amp;ssl=1 600w, https:\/\/i0.wp.com\/agrund.com\/wp-content\/uploads\/sites\/6\/2022\/10\/agrund-semana-moda-mila\u0303o-ferragamo-11.jpg?resize=202%2C300&amp;ssl=1 202w\" sizes=\"(max-width: 600px) 100vw, 600px\" data-recalc-dims=\"1\" \/><figcaption>MFW Ver\u00e3o 2023 :: Ferragamo por Maximilian Davis<\/figcaption><\/figure><\/div>\n\n\n\n<p>Imagens: Reprodu\u00e7\u00e3o \/ Filippo Fior\/ Gorunway.com.<\/p>\n","protected":false},"excerpt":{"rendered":"<p>Por Arlindo Grund Para a temporada primavera 2023 a Ferragamo mostra que a monocromia est\u00e1 mais em alta do que nunca. O estilista Maximilian Davis trouxe o frescor que a marca est\u00e1 propondo. Um olhar diferente, ousado, confort\u00e1vel mas, ao mesmo tempo, com um olhar contempor\u00e2neo. A fluidez de alguns tecidos se contrapunham \u00e0 transpar\u00eancia [&hellip;]<\/p>\n","protected":false},"author":8,"featured_media":225704,"comment_status":"open","ping_status":"open","sticky":false,"template":"","format":"standard","meta":{"jetpack_post_was_ever_published":false,"_jetpack_newsletter_access":"","jetpack_publicize_message":"","jetpack_is_tweetstorm":false,"jetpack_publicize_feature_enabled":true,"jetpack_social_post_already_shared":true,"jetpack_social_options":{"image_generator_settings":{"template":"highway","enabled":false}}},"categories":[21,2],"tags":[395,375,423,347,542,2195,543,67,525,148,455,968,424,862],"jetpack_publicize_connections":[],"jetpack_featured_media_url":"https:\/\/i0.wp.com\/agrund.com\/wp-content\/uploads\/sites\/6\/2022\/10\/s-4.jpg?fit=960%2C300&ssl=1","jetpack_sharing_enabled":true,"jetpack_shortlink":"https:\/\/wp.me\/p3Hz0n-WIn","jetpack_likes_enabled":true,"_links":{"self":[{"href":"https:\/\/agrund.com\/index.php\/wp-json\/wp\/v2\/posts\/225703"}],"collection":[{"href":"https:\/\/agrund.com\/index.php\/wp-json\/wp\/v2\/posts"}],"about":[{"href":"https:\/\/agrund.com\/index.php\/wp-json\/wp\/v2\/types\/post"}],"author":[{"embeddable":true,"href":"https:\/\/agrund.com\/index.php\/wp-json\/wp\/v2\/users\/8"}],"replies":[{"embeddable":true,"href":"https:\/\/agrund.com\/index.php\/wp-json\/wp\/v2\/comments?post=225703"}],"version-history":[{"count":1,"href":"https:\/\/agrund.com\/index.php\/wp-json\/wp\/v2\/posts\/225703\/revisions"}],"predecessor-version":[{"id":225716,"href":"https:\/\/agrund.com\/index.php\/wp-json\/wp\/v2\/posts\/225703\/revisions\/225716"}],"wp:featuredmedia":[{"embeddable":true,"href":"https:\/\/agrund.com\/index.php\/wp-json\/wp\/v2\/media\/225704"}],"wp:attachment":[{"href":"https:\/\/agrund.com\/index.php\/wp-json\/wp\/v2\/media?parent=225703"}],"wp:term":[{"taxonomy":"category","embeddable":true,"href":"https:\/\/agrund.com\/index.php\/wp-json\/wp\/v2\/categories?post=225703"},{"taxonomy":"post_tag","embeddable":true,"href":"https:\/\/agrund.com\/index.php\/wp-json\/wp\/v2\/tags?post=225703"}],"curies":[{"name":"wp","href":"https:\/\/api.w.org\/{rel}","templated":true}]}}