{"id":225676,"date":"2022-10-04T14:00:00","date_gmt":"2022-10-04T17:00:00","guid":{"rendered":"https:\/\/agrund.com\/?p=225676"},"modified":"2022-10-04T11:34:16","modified_gmt":"2022-10-04T14:34:16","slug":"mfw-verao-2023-uma-nova-etapa-na-etro","status":"publish","type":"post","link":"https:\/\/agrund.com\/index.php\/mfw-verao-2023-uma-nova-etapa-na-etro\/","title":{"rendered":"MFW Ver\u00e3o 2023 :: Uma nova etapa na ETRO"},"content":{"rendered":"\n<p>Por Arlindo Grund<\/p>\n\n\n\n<p>A apresenta\u00e7\u00e3o da ETRO em Mil\u00e3o foi surpreendente.\u00a0 O diretor criativo da linha, Marco Vincenzo, quebrou os padr\u00f5es da marca e assumiu o comando antes orquestrado pela fam\u00edlia. E como todo bom estilista, seu mergulho foi nos arquivos da marca. De l\u00e1 ele trouxe inspira\u00e7\u00e3o para o novo e ao mesmo tempo para equilibrar com seu olhar. A est\u00e9tica boho chic da ETRO \u00e9 muito forte e n\u00e3o pode deixar de ser a costura principal entre as roupas. Franjas, cores, texturas, tudo estava ali na passarela que respirava feminilidade. A pegada masculina nas camisas e shorts usados pelas modelos trouxe uma sensualidade para essa cole\u00e7\u00e3o. A tradicional estampa de Paisley estava tamb\u00e9m no desfile, mas sem muitos holofotes. No fim, o que a gente observou foi que a influ\u00eancia \u00e9tnica e um perfume cigano ainda rondam a marca, j\u00e1 que suas ra\u00edzes s\u00e3o inspiradas nesses estilos. Uma apresenta\u00e7\u00e3o interessante e ao mesmo tempo com uma veia comercial bem forte.<\/p>\n\n\n\n<div class=\"wp-block-image\"><figure class=\"aligncenter size-full\"><img data-attachment-id=\"225677\" data-permalink=\"https:\/\/agrund.com\/index.php\/mfw-verao-2023-uma-nova-etapa-na-etro\/agrund-semana-moda-mila%cc%83o-etro-1\/\" data-orig-file=\"https:\/\/i0.wp.com\/agrund.com\/wp-content\/uploads\/sites\/6\/2022\/10\/agrund-semana-moda-mila\u0303o-etro-1.jpg?fit=600%2C904&amp;ssl=1\" data-orig-size=\"600,904\" data-comments-opened=\"1\" data-image-meta=\"{&quot;aperture&quot;:&quot;0&quot;,&quot;credit&quot;:&quot;&quot;,&quot;camera&quot;:&quot;&quot;,&quot;caption&quot;:&quot;&quot;,&quot;created_timestamp&quot;:&quot;0&quot;,&quot;copyright&quot;:&quot;&quot;,&quot;focal_length&quot;:&quot;0&quot;,&quot;iso&quot;:&quot;0&quot;,&quot;shutter_speed&quot;:&quot;0&quot;,&quot;title&quot;:&quot;&quot;,&quot;orientation&quot;:&quot;0&quot;}\" data-image-title=\"agrund-semana-moda-mila\u0303o-etro-1\" data-image-description=\"\" data-image-caption=\"\" data-medium-file=\"https:\/\/i0.wp.com\/agrund.com\/wp-content\/uploads\/sites\/6\/2022\/10\/agrund-semana-moda-mila\u0303o-etro-1.jpg?fit=199%2C300&amp;ssl=1\" data-large-file=\"https:\/\/i0.wp.com\/agrund.com\/wp-content\/uploads\/sites\/6\/2022\/10\/agrund-semana-moda-mila\u0303o-etro-1.jpg?fit=600%2C904&amp;ssl=1\" decoding=\"async\" loading=\"lazy\" width=\"600\" height=\"904\" src=\"https:\/\/i0.wp.com\/agrund.com\/wp-content\/uploads\/sites\/6\/2022\/10\/agrund-semana-moda-mila\u0303o-etro-1.jpg?resize=600%2C904&#038;ssl=1\" alt=\"\" class=\"wp-image-225677\" srcset=\"https:\/\/i0.wp.com\/agrund.com\/wp-content\/uploads\/sites\/6\/2022\/10\/agrund-semana-moda-mila\u0303o-etro-1.jpg?w=600&amp;ssl=1 600w, https:\/\/i0.wp.com\/agrund.com\/wp-content\/uploads\/sites\/6\/2022\/10\/agrund-semana-moda-mila\u0303o-etro-1.jpg?resize=199%2C300&amp;ssl=1 199w\" sizes=\"(max-width: 600px) 100vw, 600px\" data-recalc-dims=\"1\" \/><figcaption>MFW Ver\u00e3o 2023 :: Uma nova etapa na ETRO<\/figcaption><\/figure><\/div>\n\n\n\n<div class=\"wp-block-image\"><figure class=\"aligncenter size-full\"><img data-attachment-id=\"225678\" data-permalink=\"https:\/\/agrund.com\/index.php\/mfw-verao-2023-uma-nova-etapa-na-etro\/agrund-semana-moda-mila%cc%83o-etro-2\/\" data-orig-file=\"https:\/\/i0.wp.com\/agrund.com\/wp-content\/uploads\/sites\/6\/2022\/10\/agrund-semana-moda-mila\u0303o-etro-2.jpg?fit=600%2C908&amp;ssl=1\" data-orig-size=\"600,908\" data-comments-opened=\"1\" data-image-meta=\"{&quot;aperture&quot;:&quot;0&quot;,&quot;credit&quot;:&quot;&quot;,&quot;camera&quot;:&quot;&quot;,&quot;caption&quot;:&quot;&quot;,&quot;created_timestamp&quot;:&quot;0&quot;,&quot;copyright&quot;:&quot;&quot;,&quot;focal_length&quot;:&quot;0&quot;,&quot;iso&quot;:&quot;0&quot;,&quot;shutter_speed&quot;:&quot;0&quot;,&quot;title&quot;:&quot;&quot;,&quot;orientation&quot;:&quot;0&quot;}\" data-image-title=\"agrund-semana-moda-mila\u0303o-etro-2\" data-image-description=\"\" data-image-caption=\"\" data-medium-file=\"https:\/\/i0.wp.com\/agrund.com\/wp-content\/uploads\/sites\/6\/2022\/10\/agrund-semana-moda-mila\u0303o-etro-2.jpg?fit=198%2C300&amp;ssl=1\" data-large-file=\"https:\/\/i0.wp.com\/agrund.com\/wp-content\/uploads\/sites\/6\/2022\/10\/agrund-semana-moda-mila\u0303o-etro-2.jpg?fit=600%2C908&amp;ssl=1\" decoding=\"async\" loading=\"lazy\" width=\"600\" height=\"908\" src=\"https:\/\/i0.wp.com\/agrund.com\/wp-content\/uploads\/sites\/6\/2022\/10\/agrund-semana-moda-mila\u0303o-etro-2.jpg?resize=600%2C908&#038;ssl=1\" alt=\"\" class=\"wp-image-225678\" srcset=\"https:\/\/i0.wp.com\/agrund.com\/wp-content\/uploads\/sites\/6\/2022\/10\/agrund-semana-moda-mila\u0303o-etro-2.jpg?w=600&amp;ssl=1 600w, https:\/\/i0.wp.com\/agrund.com\/wp-content\/uploads\/sites\/6\/2022\/10\/agrund-semana-moda-mila\u0303o-etro-2.jpg?resize=198%2C300&amp;ssl=1 198w\" sizes=\"(max-width: 600px) 100vw, 600px\" data-recalc-dims=\"1\" \/><figcaption>MFW Ver\u00e3o 2023 :: Uma nova etapa na ETRO<\/figcaption><\/figure><\/div>\n\n\n\n<div class=\"wp-block-image\"><figure class=\"aligncenter size-full\"><img data-attachment-id=\"225679\" data-permalink=\"https:\/\/agrund.com\/index.php\/mfw-verao-2023-uma-nova-etapa-na-etro\/agrund-semana-moda-mila%cc%83o-etro-3\/\" data-orig-file=\"https:\/\/i0.wp.com\/agrund.com\/wp-content\/uploads\/sites\/6\/2022\/10\/agrund-semana-moda-mila\u0303o-etro-3.jpg?fit=600%2C907&amp;ssl=1\" data-orig-size=\"600,907\" data-comments-opened=\"1\" data-image-meta=\"{&quot;aperture&quot;:&quot;0&quot;,&quot;credit&quot;:&quot;&quot;,&quot;camera&quot;:&quot;&quot;,&quot;caption&quot;:&quot;&quot;,&quot;created_timestamp&quot;:&quot;0&quot;,&quot;copyright&quot;:&quot;&quot;,&quot;focal_length&quot;:&quot;0&quot;,&quot;iso&quot;:&quot;0&quot;,&quot;shutter_speed&quot;:&quot;0&quot;,&quot;title&quot;:&quot;&quot;,&quot;orientation&quot;:&quot;0&quot;}\" data-image-title=\"agrund-semana-moda-mila\u0303o-etro-3\" data-image-description=\"\" data-image-caption=\"\" data-medium-file=\"https:\/\/i0.wp.com\/agrund.com\/wp-content\/uploads\/sites\/6\/2022\/10\/agrund-semana-moda-mila\u0303o-etro-3.jpg?fit=198%2C300&amp;ssl=1\" data-large-file=\"https:\/\/i0.wp.com\/agrund.com\/wp-content\/uploads\/sites\/6\/2022\/10\/agrund-semana-moda-mila\u0303o-etro-3.jpg?fit=600%2C907&amp;ssl=1\" decoding=\"async\" loading=\"lazy\" width=\"600\" height=\"907\" src=\"https:\/\/i0.wp.com\/agrund.com\/wp-content\/uploads\/sites\/6\/2022\/10\/agrund-semana-moda-mila\u0303o-etro-3.jpg?resize=600%2C907&#038;ssl=1\" alt=\"\" class=\"wp-image-225679\" srcset=\"https:\/\/i0.wp.com\/agrund.com\/wp-content\/uploads\/sites\/6\/2022\/10\/agrund-semana-moda-mila\u0303o-etro-3.jpg?w=600&amp;ssl=1 600w, https:\/\/i0.wp.com\/agrund.com\/wp-content\/uploads\/sites\/6\/2022\/10\/agrund-semana-moda-mila\u0303o-etro-3.jpg?resize=198%2C300&amp;ssl=1 198w\" sizes=\"(max-width: 600px) 100vw, 600px\" data-recalc-dims=\"1\" \/><figcaption>MFW Ver\u00e3o 2023 :: Uma nova etapa na ETRO<\/figcaption><\/figure><\/div>\n\n\n\n<div class=\"wp-block-image\"><figure class=\"aligncenter size-full\"><img data-attachment-id=\"225680\" data-permalink=\"https:\/\/agrund.com\/index.php\/mfw-verao-2023-uma-nova-etapa-na-etro\/agrund-semana-moda-mila%cc%83o-etro-4\/\" data-orig-file=\"https:\/\/i0.wp.com\/agrund.com\/wp-content\/uploads\/sites\/6\/2022\/10\/agrund-semana-moda-mila\u0303o-etro-4.jpg?fit=600%2C905&amp;ssl=1\" data-orig-size=\"600,905\" data-comments-opened=\"1\" data-image-meta=\"{&quot;aperture&quot;:&quot;0&quot;,&quot;credit&quot;:&quot;&quot;,&quot;camera&quot;:&quot;&quot;,&quot;caption&quot;:&quot;&quot;,&quot;created_timestamp&quot;:&quot;0&quot;,&quot;copyright&quot;:&quot;&quot;,&quot;focal_length&quot;:&quot;0&quot;,&quot;iso&quot;:&quot;0&quot;,&quot;shutter_speed&quot;:&quot;0&quot;,&quot;title&quot;:&quot;&quot;,&quot;orientation&quot;:&quot;0&quot;}\" data-image-title=\"agrund-semana-moda-mila\u0303o-etro-4\" data-image-description=\"\" data-image-caption=\"\" data-medium-file=\"https:\/\/i0.wp.com\/agrund.com\/wp-content\/uploads\/sites\/6\/2022\/10\/agrund-semana-moda-mila\u0303o-etro-4.jpg?fit=199%2C300&amp;ssl=1\" data-large-file=\"https:\/\/i0.wp.com\/agrund.com\/wp-content\/uploads\/sites\/6\/2022\/10\/agrund-semana-moda-mila\u0303o-etro-4.jpg?fit=600%2C905&amp;ssl=1\" decoding=\"async\" loading=\"lazy\" width=\"600\" height=\"905\" src=\"https:\/\/i0.wp.com\/agrund.com\/wp-content\/uploads\/sites\/6\/2022\/10\/agrund-semana-moda-mila\u0303o-etro-4.jpg?resize=600%2C905&#038;ssl=1\" alt=\"\" class=\"wp-image-225680\" srcset=\"https:\/\/i0.wp.com\/agrund.com\/wp-content\/uploads\/sites\/6\/2022\/10\/agrund-semana-moda-mila\u0303o-etro-4.jpg?w=600&amp;ssl=1 600w, https:\/\/i0.wp.com\/agrund.com\/wp-content\/uploads\/sites\/6\/2022\/10\/agrund-semana-moda-mila\u0303o-etro-4.jpg?resize=199%2C300&amp;ssl=1 199w\" sizes=\"(max-width: 600px) 100vw, 600px\" data-recalc-dims=\"1\" \/><figcaption>MFW Ver\u00e3o 2023 :: Uma nova etapa na ETRO<\/figcaption><\/figure><\/div>\n\n\n\n<div class=\"wp-block-image\"><figure class=\"aligncenter size-full\"><img data-attachment-id=\"225681\" data-permalink=\"https:\/\/agrund.com\/index.php\/mfw-verao-2023-uma-nova-etapa-na-etro\/agrund-semana-moda-mila%cc%83o-etro-5\/\" data-orig-file=\"https:\/\/i0.wp.com\/agrund.com\/wp-content\/uploads\/sites\/6\/2022\/10\/agrund-semana-moda-mila\u0303o-etro-5.jpg?fit=600%2C908&amp;ssl=1\" data-orig-size=\"600,908\" data-comments-opened=\"1\" data-image-meta=\"{&quot;aperture&quot;:&quot;0&quot;,&quot;credit&quot;:&quot;&quot;,&quot;camera&quot;:&quot;&quot;,&quot;caption&quot;:&quot;&quot;,&quot;created_timestamp&quot;:&quot;0&quot;,&quot;copyright&quot;:&quot;&quot;,&quot;focal_length&quot;:&quot;0&quot;,&quot;iso&quot;:&quot;0&quot;,&quot;shutter_speed&quot;:&quot;0&quot;,&quot;title&quot;:&quot;&quot;,&quot;orientation&quot;:&quot;0&quot;}\" data-image-title=\"agrund-semana-moda-mila\u0303o-etro-5\" data-image-description=\"\" data-image-caption=\"\" data-medium-file=\"https:\/\/i0.wp.com\/agrund.com\/wp-content\/uploads\/sites\/6\/2022\/10\/agrund-semana-moda-mila\u0303o-etro-5.jpg?fit=198%2C300&amp;ssl=1\" data-large-file=\"https:\/\/i0.wp.com\/agrund.com\/wp-content\/uploads\/sites\/6\/2022\/10\/agrund-semana-moda-mila\u0303o-etro-5.jpg?fit=600%2C908&amp;ssl=1\" decoding=\"async\" loading=\"lazy\" width=\"600\" height=\"908\" src=\"https:\/\/i0.wp.com\/agrund.com\/wp-content\/uploads\/sites\/6\/2022\/10\/agrund-semana-moda-mila\u0303o-etro-5.jpg?resize=600%2C908&#038;ssl=1\" alt=\"\" class=\"wp-image-225681\" srcset=\"https:\/\/i0.wp.com\/agrund.com\/wp-content\/uploads\/sites\/6\/2022\/10\/agrund-semana-moda-mila\u0303o-etro-5.jpg?w=600&amp;ssl=1 600w, https:\/\/i0.wp.com\/agrund.com\/wp-content\/uploads\/sites\/6\/2022\/10\/agrund-semana-moda-mila\u0303o-etro-5.jpg?resize=198%2C300&amp;ssl=1 198w\" sizes=\"(max-width: 600px) 100vw, 600px\" data-recalc-dims=\"1\" \/><figcaption>MFW Ver\u00e3o 2023 :: Uma nova etapa na ETRO<\/figcaption><\/figure><\/div>\n\n\n\n<div class=\"wp-block-image\"><figure class=\"aligncenter size-full\"><img data-attachment-id=\"225682\" data-permalink=\"https:\/\/agrund.com\/index.php\/mfw-verao-2023-uma-nova-etapa-na-etro\/agrund-semana-moda-mila%cc%83o-etro-6\/\" data-orig-file=\"https:\/\/i0.wp.com\/agrund.com\/wp-content\/uploads\/sites\/6\/2022\/10\/agrund-semana-moda-mila\u0303o-etro-6.jpg?fit=600%2C910&amp;ssl=1\" data-orig-size=\"600,910\" data-comments-opened=\"1\" data-image-meta=\"{&quot;aperture&quot;:&quot;0&quot;,&quot;credit&quot;:&quot;&quot;,&quot;camera&quot;:&quot;&quot;,&quot;caption&quot;:&quot;&quot;,&quot;created_timestamp&quot;:&quot;0&quot;,&quot;copyright&quot;:&quot;&quot;,&quot;focal_length&quot;:&quot;0&quot;,&quot;iso&quot;:&quot;0&quot;,&quot;shutter_speed&quot;:&quot;0&quot;,&quot;title&quot;:&quot;&quot;,&quot;orientation&quot;:&quot;0&quot;}\" data-image-title=\"agrund-semana-moda-mila\u0303o-etro-6\" data-image-description=\"\" data-image-caption=\"\" data-medium-file=\"https:\/\/i0.wp.com\/agrund.com\/wp-content\/uploads\/sites\/6\/2022\/10\/agrund-semana-moda-mila\u0303o-etro-6.jpg?fit=198%2C300&amp;ssl=1\" data-large-file=\"https:\/\/i0.wp.com\/agrund.com\/wp-content\/uploads\/sites\/6\/2022\/10\/agrund-semana-moda-mila\u0303o-etro-6.jpg?fit=600%2C910&amp;ssl=1\" decoding=\"async\" loading=\"lazy\" width=\"600\" height=\"910\" src=\"https:\/\/i0.wp.com\/agrund.com\/wp-content\/uploads\/sites\/6\/2022\/10\/agrund-semana-moda-mila\u0303o-etro-6.jpg?resize=600%2C910&#038;ssl=1\" alt=\"\" class=\"wp-image-225682\" srcset=\"https:\/\/i0.wp.com\/agrund.com\/wp-content\/uploads\/sites\/6\/2022\/10\/agrund-semana-moda-mila\u0303o-etro-6.jpg?w=600&amp;ssl=1 600w, https:\/\/i0.wp.com\/agrund.com\/wp-content\/uploads\/sites\/6\/2022\/10\/agrund-semana-moda-mila\u0303o-etro-6.jpg?resize=198%2C300&amp;ssl=1 198w\" sizes=\"(max-width: 600px) 100vw, 600px\" data-recalc-dims=\"1\" \/><figcaption>MFW Ver\u00e3o 2023 :: Uma nova etapa na ETRO<\/figcaption><\/figure><\/div>\n\n\n\n<div class=\"wp-block-image\"><figure class=\"aligncenter size-full\"><img data-attachment-id=\"225683\" data-permalink=\"https:\/\/agrund.com\/index.php\/mfw-verao-2023-uma-nova-etapa-na-etro\/agrund-semana-moda-mila%cc%83o-etro-7\/\" data-orig-file=\"https:\/\/i0.wp.com\/agrund.com\/wp-content\/uploads\/sites\/6\/2022\/10\/agrund-semana-moda-mila\u0303o-etro-7.jpg?fit=600%2C905&amp;ssl=1\" data-orig-size=\"600,905\" data-comments-opened=\"1\" data-image-meta=\"{&quot;aperture&quot;:&quot;0&quot;,&quot;credit&quot;:&quot;&quot;,&quot;camera&quot;:&quot;&quot;,&quot;caption&quot;:&quot;&quot;,&quot;created_timestamp&quot;:&quot;0&quot;,&quot;copyright&quot;:&quot;&quot;,&quot;focal_length&quot;:&quot;0&quot;,&quot;iso&quot;:&quot;0&quot;,&quot;shutter_speed&quot;:&quot;0&quot;,&quot;title&quot;:&quot;&quot;,&quot;orientation&quot;:&quot;0&quot;}\" data-image-title=\"agrund-semana-moda-mila\u0303o-etro-7\" data-image-description=\"\" data-image-caption=\"\" data-medium-file=\"https:\/\/i0.wp.com\/agrund.com\/wp-content\/uploads\/sites\/6\/2022\/10\/agrund-semana-moda-mila\u0303o-etro-7.jpg?fit=199%2C300&amp;ssl=1\" data-large-file=\"https:\/\/i0.wp.com\/agrund.com\/wp-content\/uploads\/sites\/6\/2022\/10\/agrund-semana-moda-mila\u0303o-etro-7.jpg?fit=600%2C905&amp;ssl=1\" decoding=\"async\" loading=\"lazy\" width=\"600\" height=\"905\" src=\"https:\/\/i0.wp.com\/agrund.com\/wp-content\/uploads\/sites\/6\/2022\/10\/agrund-semana-moda-mila\u0303o-etro-7.jpg?resize=600%2C905&#038;ssl=1\" alt=\"\" class=\"wp-image-225683\" srcset=\"https:\/\/i0.wp.com\/agrund.com\/wp-content\/uploads\/sites\/6\/2022\/10\/agrund-semana-moda-mila\u0303o-etro-7.jpg?w=600&amp;ssl=1 600w, https:\/\/i0.wp.com\/agrund.com\/wp-content\/uploads\/sites\/6\/2022\/10\/agrund-semana-moda-mila\u0303o-etro-7.jpg?resize=199%2C300&amp;ssl=1 199w\" sizes=\"(max-width: 600px) 100vw, 600px\" data-recalc-dims=\"1\" \/><figcaption>MFW Ver\u00e3o 2023 :: Uma nova etapa na ETRO<\/figcaption><\/figure><\/div>\n\n\n\n<div class=\"wp-block-image\"><figure class=\"aligncenter size-full\"><img data-attachment-id=\"225684\" data-permalink=\"https:\/\/agrund.com\/index.php\/mfw-verao-2023-uma-nova-etapa-na-etro\/agrund-semana-moda-mila%cc%83o-etro-8\/\" data-orig-file=\"https:\/\/i0.wp.com\/agrund.com\/wp-content\/uploads\/sites\/6\/2022\/10\/agrund-semana-moda-mila\u0303o-etro-8.jpg?fit=600%2C907&amp;ssl=1\" data-orig-size=\"600,907\" data-comments-opened=\"1\" data-image-meta=\"{&quot;aperture&quot;:&quot;0&quot;,&quot;credit&quot;:&quot;&quot;,&quot;camera&quot;:&quot;&quot;,&quot;caption&quot;:&quot;&quot;,&quot;created_timestamp&quot;:&quot;0&quot;,&quot;copyright&quot;:&quot;&quot;,&quot;focal_length&quot;:&quot;0&quot;,&quot;iso&quot;:&quot;0&quot;,&quot;shutter_speed&quot;:&quot;0&quot;,&quot;title&quot;:&quot;&quot;,&quot;orientation&quot;:&quot;0&quot;}\" data-image-title=\"agrund-semana-moda-mila\u0303o-etro-8\" data-image-description=\"\" data-image-caption=\"\" data-medium-file=\"https:\/\/i0.wp.com\/agrund.com\/wp-content\/uploads\/sites\/6\/2022\/10\/agrund-semana-moda-mila\u0303o-etro-8.jpg?fit=198%2C300&amp;ssl=1\" data-large-file=\"https:\/\/i0.wp.com\/agrund.com\/wp-content\/uploads\/sites\/6\/2022\/10\/agrund-semana-moda-mila\u0303o-etro-8.jpg?fit=600%2C907&amp;ssl=1\" decoding=\"async\" loading=\"lazy\" width=\"600\" height=\"907\" src=\"https:\/\/i0.wp.com\/agrund.com\/wp-content\/uploads\/sites\/6\/2022\/10\/agrund-semana-moda-mila\u0303o-etro-8.jpg?resize=600%2C907&#038;ssl=1\" alt=\"\" class=\"wp-image-225684\" srcset=\"https:\/\/i0.wp.com\/agrund.com\/wp-content\/uploads\/sites\/6\/2022\/10\/agrund-semana-moda-mila\u0303o-etro-8.jpg?w=600&amp;ssl=1 600w, https:\/\/i0.wp.com\/agrund.com\/wp-content\/uploads\/sites\/6\/2022\/10\/agrund-semana-moda-mila\u0303o-etro-8.jpg?resize=198%2C300&amp;ssl=1 198w\" sizes=\"(max-width: 600px) 100vw, 600px\" data-recalc-dims=\"1\" \/><figcaption>MFW Ver\u00e3o 2023 :: Uma nova etapa na ETRO<\/figcaption><\/figure><\/div>\n\n\n\n<div class=\"wp-block-image\"><figure class=\"aligncenter size-full\"><img data-attachment-id=\"225685\" data-permalink=\"https:\/\/agrund.com\/index.php\/mfw-verao-2023-uma-nova-etapa-na-etro\/agrund-semana-moda-mila%cc%83o-etro-9\/\" data-orig-file=\"https:\/\/i0.wp.com\/agrund.com\/wp-content\/uploads\/sites\/6\/2022\/10\/agrund-semana-moda-mila\u0303o-etro-9.jpg?fit=600%2C909&amp;ssl=1\" data-orig-size=\"600,909\" data-comments-opened=\"1\" data-image-meta=\"{&quot;aperture&quot;:&quot;0&quot;,&quot;credit&quot;:&quot;&quot;,&quot;camera&quot;:&quot;&quot;,&quot;caption&quot;:&quot;&quot;,&quot;created_timestamp&quot;:&quot;0&quot;,&quot;copyright&quot;:&quot;&quot;,&quot;focal_length&quot;:&quot;0&quot;,&quot;iso&quot;:&quot;0&quot;,&quot;shutter_speed&quot;:&quot;0&quot;,&quot;title&quot;:&quot;&quot;,&quot;orientation&quot;:&quot;0&quot;}\" data-image-title=\"agrund-semana-moda-mila\u0303o-etro-9\" data-image-description=\"\" data-image-caption=\"\" data-medium-file=\"https:\/\/i0.wp.com\/agrund.com\/wp-content\/uploads\/sites\/6\/2022\/10\/agrund-semana-moda-mila\u0303o-etro-9.jpg?fit=198%2C300&amp;ssl=1\" data-large-file=\"https:\/\/i0.wp.com\/agrund.com\/wp-content\/uploads\/sites\/6\/2022\/10\/agrund-semana-moda-mila\u0303o-etro-9.jpg?fit=600%2C909&amp;ssl=1\" decoding=\"async\" loading=\"lazy\" width=\"600\" height=\"909\" src=\"https:\/\/i0.wp.com\/agrund.com\/wp-content\/uploads\/sites\/6\/2022\/10\/agrund-semana-moda-mila\u0303o-etro-9.jpg?resize=600%2C909&#038;ssl=1\" alt=\"\" class=\"wp-image-225685\" srcset=\"https:\/\/i0.wp.com\/agrund.com\/wp-content\/uploads\/sites\/6\/2022\/10\/agrund-semana-moda-mila\u0303o-etro-9.jpg?w=600&amp;ssl=1 600w, https:\/\/i0.wp.com\/agrund.com\/wp-content\/uploads\/sites\/6\/2022\/10\/agrund-semana-moda-mila\u0303o-etro-9.jpg?resize=198%2C300&amp;ssl=1 198w\" sizes=\"(max-width: 600px) 100vw, 600px\" data-recalc-dims=\"1\" \/><figcaption>MFW Ver\u00e3o 2023 :: Uma nova etapa na ETRO<\/figcaption><\/figure><\/div>\n\n\n\n<p>Imagens: Reprodu\u00e7\u00e3o \/ Daniele Oberrauch\/ Gorunway.com.<\/p>\n","protected":false},"excerpt":{"rendered":"<p>Por Arlindo Grund A apresenta\u00e7\u00e3o da ETRO em Mil\u00e3o foi surpreendente.\u00a0 O diretor criativo da linha, Marco Vincenzo, quebrou os padr\u00f5es da marca e assumiu o comando antes orquestrado pela fam\u00edlia. E como todo bom estilista, seu mergulho foi nos arquivos da marca. De l\u00e1 ele trouxe inspira\u00e7\u00e3o para o novo e ao mesmo tempo [&hellip;]<\/p>\n","protected":false},"author":8,"featured_media":225686,"comment_status":"open","ping_status":"open","sticky":false,"template":"","format":"standard","meta":{"jetpack_post_was_ever_published":false,"_jetpack_newsletter_access":"","jetpack_publicize_message":"","jetpack_is_tweetstorm":false,"jetpack_publicize_feature_enabled":true,"jetpack_social_post_already_shared":true,"jetpack_social_options":{"image_generator_settings":{"template":"highway","enabled":false}}},"categories":[21,2],"tags":[395,375,64,423,347,543,67,525,455,968,424,862],"jetpack_publicize_connections":[],"jetpack_featured_media_url":"https:\/\/i0.wp.com\/agrund.com\/wp-content\/uploads\/sites\/6\/2022\/10\/s-2.jpg?fit=960%2C300&ssl=1","jetpack_sharing_enabled":true,"jetpack_shortlink":"https:\/\/wp.me\/p3Hz0n-WHW","jetpack_likes_enabled":true,"_links":{"self":[{"href":"https:\/\/agrund.com\/index.php\/wp-json\/wp\/v2\/posts\/225676"}],"collection":[{"href":"https:\/\/agrund.com\/index.php\/wp-json\/wp\/v2\/posts"}],"about":[{"href":"https:\/\/agrund.com\/index.php\/wp-json\/wp\/v2\/types\/post"}],"author":[{"embeddable":true,"href":"https:\/\/agrund.com\/index.php\/wp-json\/wp\/v2\/users\/8"}],"replies":[{"embeddable":true,"href":"https:\/\/agrund.com\/index.php\/wp-json\/wp\/v2\/comments?post=225676"}],"version-history":[{"count":1,"href":"https:\/\/agrund.com\/index.php\/wp-json\/wp\/v2\/posts\/225676\/revisions"}],"predecessor-version":[{"id":225687,"href":"https:\/\/agrund.com\/index.php\/wp-json\/wp\/v2\/posts\/225676\/revisions\/225687"}],"wp:featuredmedia":[{"embeddable":true,"href":"https:\/\/agrund.com\/index.php\/wp-json\/wp\/v2\/media\/225686"}],"wp:attachment":[{"href":"https:\/\/agrund.com\/index.php\/wp-json\/wp\/v2\/media?parent=225676"}],"wp:term":[{"taxonomy":"category","embeddable":true,"href":"https:\/\/agrund.com\/index.php\/wp-json\/wp\/v2\/categories?post=225676"},{"taxonomy":"post_tag","embeddable":true,"href":"https:\/\/agrund.com\/index.php\/wp-json\/wp\/v2\/tags?post=225676"}],"curies":[{"name":"wp","href":"https:\/\/api.w.org\/{rel}","templated":true}]}}