{"id":225663,"date":"2022-10-04T12:00:00","date_gmt":"2022-10-04T15:00:00","guid":{"rendered":"https:\/\/agrund.com\/?p=225663"},"modified":"2022-10-04T11:16:02","modified_gmt":"2022-10-04T14:16:02","slug":"mfw-verao-2023-o-coracao-de-jeremy-scott-para-moschino","status":"publish","type":"post","link":"https:\/\/agrund.com\/index.php\/mfw-verao-2023-o-coracao-de-jeremy-scott-para-moschino\/","title":{"rendered":"MFW Ver\u00e3o 2023 :: O cora\u00e7\u00e3o de Jeremy Scott para Moschino"},"content":{"rendered":"\n<p>Por Arlindo Grund<\/p>\n\n\n\n<p>O mais divertido de todos. Ele parece encarar a moda de maneira mais descompromissada, sem r\u00f3tulos ou vertentes. Jeremy Scott empresta seu poder criativo para a cole\u00e7\u00e3o ver\u00e3o 2023 da Moschino e mostra mais uma vez em Mil\u00e3o desenhos literalmente animados na passarela.<\/p>\n\n\n\n<p>Para dar o ponto de irrever\u00eancia, vestidos e conjuntos com cara de divas dos anos 50 apareceram com apliques infl\u00e1veis, tipo b\u00f3ia mesmo. Alguns cora\u00e7\u00f5es \u2013 criados por Franco Moschino &#8211; foram inflados em roupas, formas arredondadas e at\u00e9 mesmo o peixe que j\u00e1 havia aparecido na semana de moda de Londres. Surrealismo de maneira engra\u00e7ada e provocativa.<\/p>\n\n\n\n<p>Um mix de l\u00fadico com provoca\u00e7\u00e3o e ao mesmo tempo um experimento de moda. No fim, um laborat\u00f3rio pra todo mundo se jogar. E se n\u00e3o souber nadar, \u00e9 s\u00f3 pegar uma boia e pronto. Jeremy Scott sempre salvo!<\/p>\n\n\n\n<div class=\"wp-block-image\"><figure class=\"aligncenter size-full\"><img data-attachment-id=\"225665\" data-permalink=\"https:\/\/agrund.com\/index.php\/mfw-verao-2023-o-coracao-de-jeremy-scott-para-moschino\/agrund-semana-moda-mila%cc%83o-moschino-1\/\" data-orig-file=\"https:\/\/i0.wp.com\/agrund.com\/wp-content\/uploads\/sites\/6\/2022\/10\/agrund-semana-moda-mila\u0303o-moschino-1.jpg?fit=600%2C904&amp;ssl=1\" data-orig-size=\"600,904\" data-comments-opened=\"1\" data-image-meta=\"{&quot;aperture&quot;:&quot;0&quot;,&quot;credit&quot;:&quot;&quot;,&quot;camera&quot;:&quot;&quot;,&quot;caption&quot;:&quot;&quot;,&quot;created_timestamp&quot;:&quot;0&quot;,&quot;copyright&quot;:&quot;&quot;,&quot;focal_length&quot;:&quot;0&quot;,&quot;iso&quot;:&quot;0&quot;,&quot;shutter_speed&quot;:&quot;0&quot;,&quot;title&quot;:&quot;&quot;,&quot;orientation&quot;:&quot;0&quot;}\" data-image-title=\"agrund-semana-moda-mila\u0303o-moschino-1\" data-image-description=\"\" data-image-caption=\"\" data-medium-file=\"https:\/\/i0.wp.com\/agrund.com\/wp-content\/uploads\/sites\/6\/2022\/10\/agrund-semana-moda-mila\u0303o-moschino-1.jpg?fit=199%2C300&amp;ssl=1\" data-large-file=\"https:\/\/i0.wp.com\/agrund.com\/wp-content\/uploads\/sites\/6\/2022\/10\/agrund-semana-moda-mila\u0303o-moschino-1.jpg?fit=600%2C904&amp;ssl=1\" decoding=\"async\" loading=\"lazy\" width=\"600\" height=\"904\" src=\"https:\/\/i0.wp.com\/agrund.com\/wp-content\/uploads\/sites\/6\/2022\/10\/agrund-semana-moda-mila\u0303o-moschino-1.jpg?resize=600%2C904&#038;ssl=1\" alt=\"\" class=\"wp-image-225665\" srcset=\"https:\/\/i0.wp.com\/agrund.com\/wp-content\/uploads\/sites\/6\/2022\/10\/agrund-semana-moda-mila\u0303o-moschino-1.jpg?w=600&amp;ssl=1 600w, https:\/\/i0.wp.com\/agrund.com\/wp-content\/uploads\/sites\/6\/2022\/10\/agrund-semana-moda-mila\u0303o-moschino-1.jpg?resize=199%2C300&amp;ssl=1 199w\" sizes=\"(max-width: 600px) 100vw, 600px\" data-recalc-dims=\"1\" \/><figcaption>MFW Ver\u00e3o 2023 :: O cora\u00e7\u00e3o de Jeremy Scott para Moschino<\/figcaption><\/figure><\/div>\n\n\n\n<div class=\"wp-block-image\"><figure class=\"aligncenter size-full\"><img data-attachment-id=\"225666\" data-permalink=\"https:\/\/agrund.com\/index.php\/mfw-verao-2023-o-coracao-de-jeremy-scott-para-moschino\/agrund-semana-moda-mila%cc%83o-moschino-2\/\" data-orig-file=\"https:\/\/i0.wp.com\/agrund.com\/wp-content\/uploads\/sites\/6\/2022\/10\/agrund-semana-moda-mila\u0303o-moschino-2.jpg?fit=600%2C906&amp;ssl=1\" data-orig-size=\"600,906\" data-comments-opened=\"1\" data-image-meta=\"{&quot;aperture&quot;:&quot;0&quot;,&quot;credit&quot;:&quot;&quot;,&quot;camera&quot;:&quot;&quot;,&quot;caption&quot;:&quot;&quot;,&quot;created_timestamp&quot;:&quot;0&quot;,&quot;copyright&quot;:&quot;&quot;,&quot;focal_length&quot;:&quot;0&quot;,&quot;iso&quot;:&quot;0&quot;,&quot;shutter_speed&quot;:&quot;0&quot;,&quot;title&quot;:&quot;&quot;,&quot;orientation&quot;:&quot;0&quot;}\" data-image-title=\"agrund-semana-moda-mila\u0303o-moschino-2\" data-image-description=\"\" data-image-caption=\"\" data-medium-file=\"https:\/\/i0.wp.com\/agrund.com\/wp-content\/uploads\/sites\/6\/2022\/10\/agrund-semana-moda-mila\u0303o-moschino-2.jpg?fit=199%2C300&amp;ssl=1\" data-large-file=\"https:\/\/i0.wp.com\/agrund.com\/wp-content\/uploads\/sites\/6\/2022\/10\/agrund-semana-moda-mila\u0303o-moschino-2.jpg?fit=600%2C906&amp;ssl=1\" decoding=\"async\" loading=\"lazy\" width=\"600\" height=\"906\" src=\"https:\/\/i0.wp.com\/agrund.com\/wp-content\/uploads\/sites\/6\/2022\/10\/agrund-semana-moda-mila\u0303o-moschino-2.jpg?resize=600%2C906&#038;ssl=1\" alt=\"\" class=\"wp-image-225666\" srcset=\"https:\/\/i0.wp.com\/agrund.com\/wp-content\/uploads\/sites\/6\/2022\/10\/agrund-semana-moda-mila\u0303o-moschino-2.jpg?w=600&amp;ssl=1 600w, https:\/\/i0.wp.com\/agrund.com\/wp-content\/uploads\/sites\/6\/2022\/10\/agrund-semana-moda-mila\u0303o-moschino-2.jpg?resize=199%2C300&amp;ssl=1 199w\" sizes=\"(max-width: 600px) 100vw, 600px\" data-recalc-dims=\"1\" \/><figcaption>MFW Ver\u00e3o 2023 :: O cora\u00e7\u00e3o de Jeremy Scott para Moschino<\/figcaption><\/figure><\/div>\n\n\n\n<div class=\"wp-block-image\"><figure class=\"aligncenter size-full\"><img data-attachment-id=\"225667\" data-permalink=\"https:\/\/agrund.com\/index.php\/mfw-verao-2023-o-coracao-de-jeremy-scott-para-moschino\/agrund-semana-moda-mila%cc%83o-moschino-3\/\" data-orig-file=\"https:\/\/i0.wp.com\/agrund.com\/wp-content\/uploads\/sites\/6\/2022\/10\/agrund-semana-moda-mila\u0303o-moschino-3.jpg?fit=600%2C907&amp;ssl=1\" data-orig-size=\"600,907\" data-comments-opened=\"1\" data-image-meta=\"{&quot;aperture&quot;:&quot;0&quot;,&quot;credit&quot;:&quot;&quot;,&quot;camera&quot;:&quot;&quot;,&quot;caption&quot;:&quot;&quot;,&quot;created_timestamp&quot;:&quot;0&quot;,&quot;copyright&quot;:&quot;&quot;,&quot;focal_length&quot;:&quot;0&quot;,&quot;iso&quot;:&quot;0&quot;,&quot;shutter_speed&quot;:&quot;0&quot;,&quot;title&quot;:&quot;&quot;,&quot;orientation&quot;:&quot;0&quot;}\" data-image-title=\"agrund-semana-moda-mila\u0303o-moschino-3\" data-image-description=\"\" data-image-caption=\"\" data-medium-file=\"https:\/\/i0.wp.com\/agrund.com\/wp-content\/uploads\/sites\/6\/2022\/10\/agrund-semana-moda-mila\u0303o-moschino-3.jpg?fit=198%2C300&amp;ssl=1\" data-large-file=\"https:\/\/i0.wp.com\/agrund.com\/wp-content\/uploads\/sites\/6\/2022\/10\/agrund-semana-moda-mila\u0303o-moschino-3.jpg?fit=600%2C907&amp;ssl=1\" decoding=\"async\" loading=\"lazy\" width=\"600\" height=\"907\" src=\"https:\/\/i0.wp.com\/agrund.com\/wp-content\/uploads\/sites\/6\/2022\/10\/agrund-semana-moda-mila\u0303o-moschino-3.jpg?resize=600%2C907&#038;ssl=1\" alt=\"\" class=\"wp-image-225667\" srcset=\"https:\/\/i0.wp.com\/agrund.com\/wp-content\/uploads\/sites\/6\/2022\/10\/agrund-semana-moda-mila\u0303o-moschino-3.jpg?w=600&amp;ssl=1 600w, https:\/\/i0.wp.com\/agrund.com\/wp-content\/uploads\/sites\/6\/2022\/10\/agrund-semana-moda-mila\u0303o-moschino-3.jpg?resize=198%2C300&amp;ssl=1 198w\" sizes=\"(max-width: 600px) 100vw, 600px\" data-recalc-dims=\"1\" \/><figcaption>MFW Ver\u00e3o 2023 :: O cora\u00e7\u00e3o de Jeremy Scott para Moschino<\/figcaption><\/figure><\/div>\n\n\n\n<div class=\"wp-block-image\"><figure class=\"aligncenter size-full\"><img data-attachment-id=\"225668\" data-permalink=\"https:\/\/agrund.com\/index.php\/mfw-verao-2023-o-coracao-de-jeremy-scott-para-moschino\/agrund-semana-moda-mila%cc%83o-moschino-4\/\" data-orig-file=\"https:\/\/i0.wp.com\/agrund.com\/wp-content\/uploads\/sites\/6\/2022\/10\/agrund-semana-moda-mila\u0303o-moschino-4.jpg?fit=600%2C907&amp;ssl=1\" data-orig-size=\"600,907\" data-comments-opened=\"1\" data-image-meta=\"{&quot;aperture&quot;:&quot;0&quot;,&quot;credit&quot;:&quot;&quot;,&quot;camera&quot;:&quot;&quot;,&quot;caption&quot;:&quot;&quot;,&quot;created_timestamp&quot;:&quot;0&quot;,&quot;copyright&quot;:&quot;&quot;,&quot;focal_length&quot;:&quot;0&quot;,&quot;iso&quot;:&quot;0&quot;,&quot;shutter_speed&quot;:&quot;0&quot;,&quot;title&quot;:&quot;&quot;,&quot;orientation&quot;:&quot;0&quot;}\" data-image-title=\"agrund-semana-moda-mila\u0303o-moschino-4\" data-image-description=\"\" data-image-caption=\"\" data-medium-file=\"https:\/\/i0.wp.com\/agrund.com\/wp-content\/uploads\/sites\/6\/2022\/10\/agrund-semana-moda-mila\u0303o-moschino-4.jpg?fit=198%2C300&amp;ssl=1\" data-large-file=\"https:\/\/i0.wp.com\/agrund.com\/wp-content\/uploads\/sites\/6\/2022\/10\/agrund-semana-moda-mila\u0303o-moschino-4.jpg?fit=600%2C907&amp;ssl=1\" decoding=\"async\" loading=\"lazy\" width=\"600\" height=\"907\" src=\"https:\/\/i0.wp.com\/agrund.com\/wp-content\/uploads\/sites\/6\/2022\/10\/agrund-semana-moda-mila\u0303o-moschino-4.jpg?resize=600%2C907&#038;ssl=1\" alt=\"\" class=\"wp-image-225668\" srcset=\"https:\/\/i0.wp.com\/agrund.com\/wp-content\/uploads\/sites\/6\/2022\/10\/agrund-semana-moda-mila\u0303o-moschino-4.jpg?w=600&amp;ssl=1 600w, https:\/\/i0.wp.com\/agrund.com\/wp-content\/uploads\/sites\/6\/2022\/10\/agrund-semana-moda-mila\u0303o-moschino-4.jpg?resize=198%2C300&amp;ssl=1 198w\" sizes=\"(max-width: 600px) 100vw, 600px\" data-recalc-dims=\"1\" \/><figcaption>MFW Ver\u00e3o 2023 :: O cora\u00e7\u00e3o de Jeremy Scott para Moschino<\/figcaption><\/figure><\/div>\n\n\n\n<div class=\"wp-block-image\"><figure class=\"aligncenter size-full\"><img data-attachment-id=\"225669\" data-permalink=\"https:\/\/agrund.com\/index.php\/mfw-verao-2023-o-coracao-de-jeremy-scott-para-moschino\/agrund-semana-moda-mila%cc%83o-moschino-5\/\" data-orig-file=\"https:\/\/i0.wp.com\/agrund.com\/wp-content\/uploads\/sites\/6\/2022\/10\/agrund-semana-moda-mila\u0303o-moschino-5.jpg?fit=600%2C905&amp;ssl=1\" data-orig-size=\"600,905\" data-comments-opened=\"1\" data-image-meta=\"{&quot;aperture&quot;:&quot;0&quot;,&quot;credit&quot;:&quot;&quot;,&quot;camera&quot;:&quot;&quot;,&quot;caption&quot;:&quot;&quot;,&quot;created_timestamp&quot;:&quot;0&quot;,&quot;copyright&quot;:&quot;&quot;,&quot;focal_length&quot;:&quot;0&quot;,&quot;iso&quot;:&quot;0&quot;,&quot;shutter_speed&quot;:&quot;0&quot;,&quot;title&quot;:&quot;&quot;,&quot;orientation&quot;:&quot;0&quot;}\" data-image-title=\"agrund-semana-moda-mila\u0303o-moschino-5\" data-image-description=\"\" data-image-caption=\"\" data-medium-file=\"https:\/\/i0.wp.com\/agrund.com\/wp-content\/uploads\/sites\/6\/2022\/10\/agrund-semana-moda-mila\u0303o-moschino-5.jpg?fit=199%2C300&amp;ssl=1\" data-large-file=\"https:\/\/i0.wp.com\/agrund.com\/wp-content\/uploads\/sites\/6\/2022\/10\/agrund-semana-moda-mila\u0303o-moschino-5.jpg?fit=600%2C905&amp;ssl=1\" decoding=\"async\" loading=\"lazy\" width=\"600\" height=\"905\" src=\"https:\/\/i0.wp.com\/agrund.com\/wp-content\/uploads\/sites\/6\/2022\/10\/agrund-semana-moda-mila\u0303o-moschino-5.jpg?resize=600%2C905&#038;ssl=1\" alt=\"\" class=\"wp-image-225669\" srcset=\"https:\/\/i0.wp.com\/agrund.com\/wp-content\/uploads\/sites\/6\/2022\/10\/agrund-semana-moda-mila\u0303o-moschino-5.jpg?w=600&amp;ssl=1 600w, https:\/\/i0.wp.com\/agrund.com\/wp-content\/uploads\/sites\/6\/2022\/10\/agrund-semana-moda-mila\u0303o-moschino-5.jpg?resize=199%2C300&amp;ssl=1 199w\" sizes=\"(max-width: 600px) 100vw, 600px\" data-recalc-dims=\"1\" \/><figcaption>MFW Ver\u00e3o 2023 :: O cora\u00e7\u00e3o de Jeremy Scott para Moschino<\/figcaption><\/figure><\/div>\n\n\n\n<div class=\"wp-block-image\"><figure class=\"aligncenter size-full\"><img data-attachment-id=\"225670\" data-permalink=\"https:\/\/agrund.com\/index.php\/mfw-verao-2023-o-coracao-de-jeremy-scott-para-moschino\/agrund-semana-moda-mila%cc%83o-moschino-6\/\" data-orig-file=\"https:\/\/i0.wp.com\/agrund.com\/wp-content\/uploads\/sites\/6\/2022\/10\/agrund-semana-moda-mila\u0303o-moschino-6.jpg?fit=600%2C900&amp;ssl=1\" data-orig-size=\"600,900\" data-comments-opened=\"1\" data-image-meta=\"{&quot;aperture&quot;:&quot;0&quot;,&quot;credit&quot;:&quot;&quot;,&quot;camera&quot;:&quot;&quot;,&quot;caption&quot;:&quot;&quot;,&quot;created_timestamp&quot;:&quot;0&quot;,&quot;copyright&quot;:&quot;&quot;,&quot;focal_length&quot;:&quot;0&quot;,&quot;iso&quot;:&quot;0&quot;,&quot;shutter_speed&quot;:&quot;0&quot;,&quot;title&quot;:&quot;&quot;,&quot;orientation&quot;:&quot;0&quot;}\" data-image-title=\"agrund-semana-moda-mila\u0303o-moschino-6\" data-image-description=\"\" data-image-caption=\"\" data-medium-file=\"https:\/\/i0.wp.com\/agrund.com\/wp-content\/uploads\/sites\/6\/2022\/10\/agrund-semana-moda-mila\u0303o-moschino-6.jpg?fit=200%2C300&amp;ssl=1\" data-large-file=\"https:\/\/i0.wp.com\/agrund.com\/wp-content\/uploads\/sites\/6\/2022\/10\/agrund-semana-moda-mila\u0303o-moschino-6.jpg?fit=600%2C900&amp;ssl=1\" decoding=\"async\" loading=\"lazy\" width=\"600\" height=\"900\" src=\"https:\/\/i0.wp.com\/agrund.com\/wp-content\/uploads\/sites\/6\/2022\/10\/agrund-semana-moda-mila\u0303o-moschino-6.jpg?resize=600%2C900&#038;ssl=1\" alt=\"\" class=\"wp-image-225670\" srcset=\"https:\/\/i0.wp.com\/agrund.com\/wp-content\/uploads\/sites\/6\/2022\/10\/agrund-semana-moda-mila\u0303o-moschino-6.jpg?w=600&amp;ssl=1 600w, https:\/\/i0.wp.com\/agrund.com\/wp-content\/uploads\/sites\/6\/2022\/10\/agrund-semana-moda-mila\u0303o-moschino-6.jpg?resize=200%2C300&amp;ssl=1 200w\" sizes=\"(max-width: 600px) 100vw, 600px\" data-recalc-dims=\"1\" \/><figcaption>MFW Ver\u00e3o 2023 :: O cora\u00e7\u00e3o de Jeremy Scott para Moschino<\/figcaption><\/figure><\/div>\n\n\n\n<div class=\"wp-block-image\"><figure class=\"aligncenter size-full\"><img data-attachment-id=\"225671\" data-permalink=\"https:\/\/agrund.com\/index.php\/mfw-verao-2023-o-coracao-de-jeremy-scott-para-moschino\/agrund-semana-moda-mila%cc%83o-moschino-7\/\" data-orig-file=\"https:\/\/i0.wp.com\/agrund.com\/wp-content\/uploads\/sites\/6\/2022\/10\/agrund-semana-moda-mila\u0303o-moschino-7.jpg?fit=600%2C907&amp;ssl=1\" data-orig-size=\"600,907\" data-comments-opened=\"1\" data-image-meta=\"{&quot;aperture&quot;:&quot;0&quot;,&quot;credit&quot;:&quot;&quot;,&quot;camera&quot;:&quot;&quot;,&quot;caption&quot;:&quot;&quot;,&quot;created_timestamp&quot;:&quot;0&quot;,&quot;copyright&quot;:&quot;&quot;,&quot;focal_length&quot;:&quot;0&quot;,&quot;iso&quot;:&quot;0&quot;,&quot;shutter_speed&quot;:&quot;0&quot;,&quot;title&quot;:&quot;&quot;,&quot;orientation&quot;:&quot;0&quot;}\" data-image-title=\"agrund-semana-moda-mila\u0303o-moschino-7\" data-image-description=\"\" data-image-caption=\"\" data-medium-file=\"https:\/\/i0.wp.com\/agrund.com\/wp-content\/uploads\/sites\/6\/2022\/10\/agrund-semana-moda-mila\u0303o-moschino-7.jpg?fit=198%2C300&amp;ssl=1\" data-large-file=\"https:\/\/i0.wp.com\/agrund.com\/wp-content\/uploads\/sites\/6\/2022\/10\/agrund-semana-moda-mila\u0303o-moschino-7.jpg?fit=600%2C907&amp;ssl=1\" decoding=\"async\" loading=\"lazy\" width=\"600\" height=\"907\" src=\"https:\/\/i0.wp.com\/agrund.com\/wp-content\/uploads\/sites\/6\/2022\/10\/agrund-semana-moda-mila\u0303o-moschino-7.jpg?resize=600%2C907&#038;ssl=1\" alt=\"\" class=\"wp-image-225671\" srcset=\"https:\/\/i0.wp.com\/agrund.com\/wp-content\/uploads\/sites\/6\/2022\/10\/agrund-semana-moda-mila\u0303o-moschino-7.jpg?w=600&amp;ssl=1 600w, https:\/\/i0.wp.com\/agrund.com\/wp-content\/uploads\/sites\/6\/2022\/10\/agrund-semana-moda-mila\u0303o-moschino-7.jpg?resize=198%2C300&amp;ssl=1 198w\" sizes=\"(max-width: 600px) 100vw, 600px\" data-recalc-dims=\"1\" \/><figcaption>MFW Ver\u00e3o 2023 :: O cora\u00e7\u00e3o de Jeremy Scott para Moschino<\/figcaption><\/figure><\/div>\n\n\n\n<div class=\"wp-block-image\"><figure class=\"aligncenter size-full\"><img data-attachment-id=\"225672\" data-permalink=\"https:\/\/agrund.com\/index.php\/mfw-verao-2023-o-coracao-de-jeremy-scott-para-moschino\/agrund-semana-moda-mila%cc%83o-moschino-8\/\" data-orig-file=\"https:\/\/i0.wp.com\/agrund.com\/wp-content\/uploads\/sites\/6\/2022\/10\/agrund-semana-moda-mila\u0303o-moschino-8.jpg?fit=600%2C907&amp;ssl=1\" data-orig-size=\"600,907\" data-comments-opened=\"1\" data-image-meta=\"{&quot;aperture&quot;:&quot;0&quot;,&quot;credit&quot;:&quot;&quot;,&quot;camera&quot;:&quot;&quot;,&quot;caption&quot;:&quot;&quot;,&quot;created_timestamp&quot;:&quot;0&quot;,&quot;copyright&quot;:&quot;&quot;,&quot;focal_length&quot;:&quot;0&quot;,&quot;iso&quot;:&quot;0&quot;,&quot;shutter_speed&quot;:&quot;0&quot;,&quot;title&quot;:&quot;&quot;,&quot;orientation&quot;:&quot;0&quot;}\" data-image-title=\"agrund-semana-moda-mila\u0303o-moschino-8\" data-image-description=\"\" data-image-caption=\"\" data-medium-file=\"https:\/\/i0.wp.com\/agrund.com\/wp-content\/uploads\/sites\/6\/2022\/10\/agrund-semana-moda-mila\u0303o-moschino-8.jpg?fit=198%2C300&amp;ssl=1\" data-large-file=\"https:\/\/i0.wp.com\/agrund.com\/wp-content\/uploads\/sites\/6\/2022\/10\/agrund-semana-moda-mila\u0303o-moschino-8.jpg?fit=600%2C907&amp;ssl=1\" decoding=\"async\" loading=\"lazy\" width=\"600\" height=\"907\" src=\"https:\/\/i0.wp.com\/agrund.com\/wp-content\/uploads\/sites\/6\/2022\/10\/agrund-semana-moda-mila\u0303o-moschino-8.jpg?resize=600%2C907&#038;ssl=1\" alt=\"\" class=\"wp-image-225672\" srcset=\"https:\/\/i0.wp.com\/agrund.com\/wp-content\/uploads\/sites\/6\/2022\/10\/agrund-semana-moda-mila\u0303o-moschino-8.jpg?w=600&amp;ssl=1 600w, https:\/\/i0.wp.com\/agrund.com\/wp-content\/uploads\/sites\/6\/2022\/10\/agrund-semana-moda-mila\u0303o-moschino-8.jpg?resize=198%2C300&amp;ssl=1 198w\" sizes=\"(max-width: 600px) 100vw, 600px\" data-recalc-dims=\"1\" \/><figcaption>MFW Ver\u00e3o 2023 :: O cora\u00e7\u00e3o de Jeremy Scott para Moschino<\/figcaption><\/figure><\/div>\n\n\n\n<div class=\"wp-block-image\"><figure class=\"aligncenter size-full\"><img data-attachment-id=\"225673\" data-permalink=\"https:\/\/agrund.com\/index.php\/mfw-verao-2023-o-coracao-de-jeremy-scott-para-moschino\/agrund-semana-moda-mila%cc%83o-moschino-9\/\" data-orig-file=\"https:\/\/i0.wp.com\/agrund.com\/wp-content\/uploads\/sites\/6\/2022\/10\/agrund-semana-moda-mila\u0303o-moschino-9.jpg?fit=600%2C903&amp;ssl=1\" data-orig-size=\"600,903\" data-comments-opened=\"1\" data-image-meta=\"{&quot;aperture&quot;:&quot;0&quot;,&quot;credit&quot;:&quot;&quot;,&quot;camera&quot;:&quot;&quot;,&quot;caption&quot;:&quot;&quot;,&quot;created_timestamp&quot;:&quot;0&quot;,&quot;copyright&quot;:&quot;&quot;,&quot;focal_length&quot;:&quot;0&quot;,&quot;iso&quot;:&quot;0&quot;,&quot;shutter_speed&quot;:&quot;0&quot;,&quot;title&quot;:&quot;&quot;,&quot;orientation&quot;:&quot;0&quot;}\" data-image-title=\"agrund-semana-moda-mila\u0303o-moschino-9\" data-image-description=\"\" data-image-caption=\"\" data-medium-file=\"https:\/\/i0.wp.com\/agrund.com\/wp-content\/uploads\/sites\/6\/2022\/10\/agrund-semana-moda-mila\u0303o-moschino-9.jpg?fit=199%2C300&amp;ssl=1\" data-large-file=\"https:\/\/i0.wp.com\/agrund.com\/wp-content\/uploads\/sites\/6\/2022\/10\/agrund-semana-moda-mila\u0303o-moschino-9.jpg?fit=600%2C903&amp;ssl=1\" decoding=\"async\" loading=\"lazy\" width=\"600\" height=\"903\" src=\"https:\/\/i0.wp.com\/agrund.com\/wp-content\/uploads\/sites\/6\/2022\/10\/agrund-semana-moda-mila\u0303o-moschino-9.jpg?resize=600%2C903&#038;ssl=1\" alt=\"\" class=\"wp-image-225673\" srcset=\"https:\/\/i0.wp.com\/agrund.com\/wp-content\/uploads\/sites\/6\/2022\/10\/agrund-semana-moda-mila\u0303o-moschino-9.jpg?w=600&amp;ssl=1 600w, https:\/\/i0.wp.com\/agrund.com\/wp-content\/uploads\/sites\/6\/2022\/10\/agrund-semana-moda-mila\u0303o-moschino-9.jpg?resize=199%2C300&amp;ssl=1 199w\" sizes=\"(max-width: 600px) 100vw, 600px\" data-recalc-dims=\"1\" \/><figcaption>MFW Ver\u00e3o 2023 :: O cora\u00e7\u00e3o de Jeremy Scott para Moschino<\/figcaption><\/figure><\/div>\n\n\n\n<p>Imagens: Reprodu\u00e7\u00e3o \/ Isidore Montag\/ Gorunway.com.<\/p>\n","protected":false},"excerpt":{"rendered":"<p>Por Arlindo Grund O mais divertido de todos. Ele parece encarar a moda de maneira mais descompromissada, sem r\u00f3tulos ou vertentes. Jeremy Scott empresta seu poder criativo para a cole\u00e7\u00e3o ver\u00e3o 2023 da Moschino e mostra mais uma vez em Mil\u00e3o desenhos literalmente animados na passarela. Para dar o ponto de irrever\u00eancia, vestidos e conjuntos [&hellip;]<\/p>\n","protected":false},"author":8,"featured_media":225664,"comment_status":"open","ping_status":"open","sticky":false,"template":"","format":"standard","meta":{"jetpack_post_was_ever_published":false,"_jetpack_newsletter_access":"","jetpack_publicize_message":"","jetpack_is_tweetstorm":false,"jetpack_publicize_feature_enabled":true,"jetpack_social_post_already_shared":true,"jetpack_social_options":{"image_generator_settings":{"template":"highway","enabled":false}}},"categories":[21,2],"tags":[395,375,423,347,1253,543,67,525,455,968,424,862],"jetpack_publicize_connections":[],"jetpack_featured_media_url":"https:\/\/i0.wp.com\/agrund.com\/wp-content\/uploads\/sites\/6\/2022\/10\/s-1.jpg?fit=960%2C300&ssl=1","jetpack_sharing_enabled":true,"jetpack_shortlink":"https:\/\/wp.me\/p3Hz0n-WHJ","jetpack_likes_enabled":true,"_links":{"self":[{"href":"https:\/\/agrund.com\/index.php\/wp-json\/wp\/v2\/posts\/225663"}],"collection":[{"href":"https:\/\/agrund.com\/index.php\/wp-json\/wp\/v2\/posts"}],"about":[{"href":"https:\/\/agrund.com\/index.php\/wp-json\/wp\/v2\/types\/post"}],"author":[{"embeddable":true,"href":"https:\/\/agrund.com\/index.php\/wp-json\/wp\/v2\/users\/8"}],"replies":[{"embeddable":true,"href":"https:\/\/agrund.com\/index.php\/wp-json\/wp\/v2\/comments?post=225663"}],"version-history":[{"count":1,"href":"https:\/\/agrund.com\/index.php\/wp-json\/wp\/v2\/posts\/225663\/revisions"}],"predecessor-version":[{"id":225675,"href":"https:\/\/agrund.com\/index.php\/wp-json\/wp\/v2\/posts\/225663\/revisions\/225675"}],"wp:featuredmedia":[{"embeddable":true,"href":"https:\/\/agrund.com\/index.php\/wp-json\/wp\/v2\/media\/225664"}],"wp:attachment":[{"href":"https:\/\/agrund.com\/index.php\/wp-json\/wp\/v2\/media?parent=225663"}],"wp:term":[{"taxonomy":"category","embeddable":true,"href":"https:\/\/agrund.com\/index.php\/wp-json\/wp\/v2\/categories?post=225663"},{"taxonomy":"post_tag","embeddable":true,"href":"https:\/\/agrund.com\/index.php\/wp-json\/wp\/v2\/tags?post=225663"}],"curies":[{"name":"wp","href":"https:\/\/api.w.org\/{rel}","templated":true}]}}