{"id":225643,"date":"2022-09-30T12:00:00","date_gmt":"2022-09-30T15:00:00","guid":{"rendered":"https:\/\/agrund.com\/?p=225643"},"modified":"2022-09-30T11:17:38","modified_gmt":"2022-09-30T14:17:38","slug":"karl-lagerfeld-sera-tema-do-met-gala-2023","status":"publish","type":"post","link":"https:\/\/agrund.com\/index.php\/karl-lagerfeld-sera-tema-do-met-gala-2023\/","title":{"rendered":"Karl Lagerfeld ser\u00e1 o homenageado do Met Gala 2023"},"content":{"rendered":"\n<p>Foi revelado nesta manh\u00e3 que o tema da exposi\u00e7\u00e3o 2023 do Metropolitan Museum of Art in New York, assim como do Met Gala, ser\u00e1 Karl Lagerfeld. A mostra ser\u00e1 constru\u00edda a partir de uma linha do tempo dos trabalhos do designer, desde Balmain, Patou e Chlo\u00e9 \u00e0 Fendi, Chanel e sua marca hom\u00f4nima.<\/p>\n\n\n\n<p>Intitulada \u201cKarl Lagerfeld: A Line of Beauty&#8221;, ela ter\u00e1 curadoria de Andrew Bolton e Wendy Yu, al\u00e9m de ser projetada por Tadao Ando, um dos arquitetos favoritos de Karl.<\/p>\n\n\n\n<p>Os f\u00e3s poder\u00e3o ver de perto mais de 150 cria\u00e7\u00f5es de Lagerfeld, junto de desenhos e esbo\u00e7os ic\u00f4nicos que representam o processo criativo do estilista, come\u00e7ando pela d\u00e9cada de 1950, quando ele chegou a Paris pela primeira vez.<\/p>\n\n\n\n<p>J\u00e1 estamos curiosos para ver o resultado! O Met Gala 2023 acontecer\u00e1 no dia 1\u00ba de maio.<\/p>\n\n\n\n<div class=\"wp-block-image\"><figure class=\"aligncenter size-full\"><img data-attachment-id=\"225645\" data-permalink=\"https:\/\/agrund.com\/index.php\/karl-lagerfeld-sera-tema-do-met-gala-2023\/agrund-karl-lagerfeld-met-gala-2023\/\" data-orig-file=\"https:\/\/i0.wp.com\/agrund.com\/wp-content\/uploads\/sites\/6\/2022\/09\/agrund-karl-lagerfeld-met-gala-2023.jpg?fit=600%2C750&amp;ssl=1\" data-orig-size=\"600,750\" data-comments-opened=\"1\" data-image-meta=\"{&quot;aperture&quot;:&quot;0&quot;,&quot;credit&quot;:&quot;&quot;,&quot;camera&quot;:&quot;&quot;,&quot;caption&quot;:&quot;&quot;,&quot;created_timestamp&quot;:&quot;0&quot;,&quot;copyright&quot;:&quot;&quot;,&quot;focal_length&quot;:&quot;0&quot;,&quot;iso&quot;:&quot;0&quot;,&quot;shutter_speed&quot;:&quot;0&quot;,&quot;title&quot;:&quot;&quot;,&quot;orientation&quot;:&quot;0&quot;}\" data-image-title=\"agrund-karl-lagerfeld-met-gala-2023\" data-image-description=\"\" data-image-caption=\"\" data-medium-file=\"https:\/\/i0.wp.com\/agrund.com\/wp-content\/uploads\/sites\/6\/2022\/09\/agrund-karl-lagerfeld-met-gala-2023.jpg?fit=240%2C300&amp;ssl=1\" data-large-file=\"https:\/\/i0.wp.com\/agrund.com\/wp-content\/uploads\/sites\/6\/2022\/09\/agrund-karl-lagerfeld-met-gala-2023.jpg?fit=600%2C750&amp;ssl=1\" decoding=\"async\" loading=\"lazy\" width=\"600\" height=\"750\" src=\"https:\/\/i0.wp.com\/agrund.com\/wp-content\/uploads\/sites\/6\/2022\/09\/agrund-karl-lagerfeld-met-gala-2023.jpg?resize=600%2C750&#038;ssl=1\" alt=\"\" class=\"wp-image-225645\" srcset=\"https:\/\/i0.wp.com\/agrund.com\/wp-content\/uploads\/sites\/6\/2022\/09\/agrund-karl-lagerfeld-met-gala-2023.jpg?w=600&amp;ssl=1 600w, https:\/\/i0.wp.com\/agrund.com\/wp-content\/uploads\/sites\/6\/2022\/09\/agrund-karl-lagerfeld-met-gala-2023.jpg?resize=240%2C300&amp;ssl=1 240w\" sizes=\"(max-width: 600px) 100vw, 600px\" data-recalc-dims=\"1\" \/><figcaption>Karl Lagerfeld ser\u00e1 o homenageado do Met Gala 2023<\/figcaption><\/figure><\/div>\n\n\n\n<p>Foto: Reprodu\u00e7\u00e3o. <\/p>\n","protected":false},"excerpt":{"rendered":"<p>Foi revelado nesta manh\u00e3 que o tema da exposi\u00e7\u00e3o 2023 do Metropolitan Museum of Art in New York, assim como do Met Gala, ser\u00e1 Karl Lagerfeld. A mostra ser\u00e1 constru\u00edda a partir de uma linha do tempo dos trabalhos do designer, desde Balmain, Patou e Chlo\u00e9 \u00e0 Fendi, Chanel e sua marca hom\u00f4nima. Intitulada \u201cKarl [&hellip;]<\/p>\n","protected":false},"author":8,"featured_media":225644,"comment_status":"open","ping_status":"open","sticky":false,"template":"","format":"standard","meta":{"jetpack_post_was_ever_published":false,"_jetpack_newsletter_access":"","jetpack_publicize_message":"","jetpack_is_tweetstorm":false,"jetpack_publicize_feature_enabled":true,"jetpack_social_post_already_shared":true,"jetpack_social_options":{"image_generator_settings":{"template":"highway","enabled":false}}},"categories":[2],"tags":[395,375,423,347,3379,592,593,3378,67,525,148,424,862],"jetpack_publicize_connections":[],"jetpack_featured_media_url":"https:\/\/i0.wp.com\/agrund.com\/wp-content\/uploads\/sites\/6\/2022\/09\/s-40.jpg?fit=960%2C300&ssl=1","jetpack_sharing_enabled":true,"jetpack_shortlink":"https:\/\/wp.me\/p3Hz0n-WHp","jetpack_likes_enabled":true,"_links":{"self":[{"href":"https:\/\/agrund.com\/index.php\/wp-json\/wp\/v2\/posts\/225643"}],"collection":[{"href":"https:\/\/agrund.com\/index.php\/wp-json\/wp\/v2\/posts"}],"about":[{"href":"https:\/\/agrund.com\/index.php\/wp-json\/wp\/v2\/types\/post"}],"author":[{"embeddable":true,"href":"https:\/\/agrund.com\/index.php\/wp-json\/wp\/v2\/users\/8"}],"replies":[{"embeddable":true,"href":"https:\/\/agrund.com\/index.php\/wp-json\/wp\/v2\/comments?post=225643"}],"version-history":[{"count":3,"href":"https:\/\/agrund.com\/index.php\/wp-json\/wp\/v2\/posts\/225643\/revisions"}],"predecessor-version":[{"id":225648,"href":"https:\/\/agrund.com\/index.php\/wp-json\/wp\/v2\/posts\/225643\/revisions\/225648"}],"wp:featuredmedia":[{"embeddable":true,"href":"https:\/\/agrund.com\/index.php\/wp-json\/wp\/v2\/media\/225644"}],"wp:attachment":[{"href":"https:\/\/agrund.com\/index.php\/wp-json\/wp\/v2\/media?parent=225643"}],"wp:term":[{"taxonomy":"category","embeddable":true,"href":"https:\/\/agrund.com\/index.php\/wp-json\/wp\/v2\/categories?post=225643"},{"taxonomy":"post_tag","embeddable":true,"href":"https:\/\/agrund.com\/index.php\/wp-json\/wp\/v2\/tags?post=225643"}],"curies":[{"name":"wp","href":"https:\/\/api.w.org\/{rel}","templated":true}]}}