{"id":225608,"date":"2022-09-28T15:00:00","date_gmt":"2022-09-28T18:00:00","guid":{"rendered":"https:\/\/agrund.com\/?p=225608"},"modified":"2022-09-28T11:53:01","modified_gmt":"2022-09-28T14:53:01","slug":"mfw-verao-2023-o-encontro-de-miuccia-prada-e-raf-simons","status":"publish","type":"post","link":"https:\/\/agrund.com\/index.php\/mfw-verao-2023-o-encontro-de-miuccia-prada-e-raf-simons\/","title":{"rendered":"MFW Ver\u00e3o 2023 :: O encontro de Miuccia Prada e Raf Simons"},"content":{"rendered":"\n<p>Por Arlindo Grund<\/p>\n\n\n\n<p>Seguindo literalmente a linha desde que uniram for\u00e7as criativas, Miuccia Prada e Raf Simons\u00a0 mostram mais uma etapa dessa parceria na semana de moda de Mil\u00e3o, ver\u00e3o 2023. A alfaiataria com sua precis\u00e3o fez o contraponto a vestidos extremamente sensuais com tecidos fluidos e leves. T\u00e3o finos que pareciam camadas sobre o corpo. A explora\u00e7\u00e3o do hedonismo e do corpo refor\u00e7a a via sensual que a moda tamb\u00e9m tem seguido. Os vestidos tipo camisolas com rendas mostram que essa maneira de olhar para o homewear ou para o loungewear come\u00e7a tomar outra forma: o caminho do urbano. Com uma cartela de cores s\u00f3bria e concisa com pontos de lima, as aplica\u00e7\u00f5es de flores grandes tipo broches tamb\u00e9m assumiram o posto nessa temporada. As flores feitas em tecidos ganham formas maiores. No fim, um destaque para os acess\u00f3rios que norteiam o estilo da Prada e fazem dela objeto de desejo e consumo.<\/p>\n\n\n\n<div class=\"wp-block-image\"><figure class=\"aligncenter size-full\"><img data-attachment-id=\"225610\" data-permalink=\"https:\/\/agrund.com\/index.php\/mfw-verao-2023-o-encontro-de-miuccia-prada-e-raf-simons\/agrund-semana-moda-mila%cc%83o-prada-1\/\" data-orig-file=\"https:\/\/i0.wp.com\/agrund.com\/wp-content\/uploads\/sites\/6\/2022\/09\/agrund-semana-moda-mila\u0303o-prada-1.jpg?fit=600%2C903&amp;ssl=1\" data-orig-size=\"600,903\" data-comments-opened=\"1\" data-image-meta=\"{&quot;aperture&quot;:&quot;0&quot;,&quot;credit&quot;:&quot;&quot;,&quot;camera&quot;:&quot;&quot;,&quot;caption&quot;:&quot;&quot;,&quot;created_timestamp&quot;:&quot;0&quot;,&quot;copyright&quot;:&quot;&quot;,&quot;focal_length&quot;:&quot;0&quot;,&quot;iso&quot;:&quot;0&quot;,&quot;shutter_speed&quot;:&quot;0&quot;,&quot;title&quot;:&quot;&quot;,&quot;orientation&quot;:&quot;0&quot;}\" data-image-title=\"agrund-semana-moda-mila\u0303o-prada-1\" data-image-description=\"\" data-image-caption=\"\" data-medium-file=\"https:\/\/i0.wp.com\/agrund.com\/wp-content\/uploads\/sites\/6\/2022\/09\/agrund-semana-moda-mila\u0303o-prada-1.jpg?fit=199%2C300&amp;ssl=1\" data-large-file=\"https:\/\/i0.wp.com\/agrund.com\/wp-content\/uploads\/sites\/6\/2022\/09\/agrund-semana-moda-mila\u0303o-prada-1.jpg?fit=600%2C903&amp;ssl=1\" decoding=\"async\" loading=\"lazy\" width=\"600\" height=\"903\" src=\"https:\/\/i0.wp.com\/agrund.com\/wp-content\/uploads\/sites\/6\/2022\/09\/agrund-semana-moda-mila\u0303o-prada-1.jpg?resize=600%2C903&#038;ssl=1\" alt=\"\" class=\"wp-image-225610\" srcset=\"https:\/\/i0.wp.com\/agrund.com\/wp-content\/uploads\/sites\/6\/2022\/09\/agrund-semana-moda-mila\u0303o-prada-1.jpg?w=600&amp;ssl=1 600w, https:\/\/i0.wp.com\/agrund.com\/wp-content\/uploads\/sites\/6\/2022\/09\/agrund-semana-moda-mila\u0303o-prada-1.jpg?resize=199%2C300&amp;ssl=1 199w\" sizes=\"(max-width: 600px) 100vw, 600px\" data-recalc-dims=\"1\" \/><figcaption>MFW Ver\u00e3o 2023 :: O encontro de Miuccia Prada e Raf Simons<\/figcaption><\/figure><\/div>\n\n\n\n<div class=\"wp-block-image\"><figure class=\"aligncenter size-full\"><img data-attachment-id=\"225611\" data-permalink=\"https:\/\/agrund.com\/index.php\/mfw-verao-2023-o-encontro-de-miuccia-prada-e-raf-simons\/agrund-semana-moda-mila%cc%83o-prada-2\/\" data-orig-file=\"https:\/\/i0.wp.com\/agrund.com\/wp-content\/uploads\/sites\/6\/2022\/09\/agrund-semana-moda-mila\u0303o-prada-2.jpg?fit=600%2C904&amp;ssl=1\" data-orig-size=\"600,904\" data-comments-opened=\"1\" data-image-meta=\"{&quot;aperture&quot;:&quot;0&quot;,&quot;credit&quot;:&quot;&quot;,&quot;camera&quot;:&quot;&quot;,&quot;caption&quot;:&quot;&quot;,&quot;created_timestamp&quot;:&quot;0&quot;,&quot;copyright&quot;:&quot;&quot;,&quot;focal_length&quot;:&quot;0&quot;,&quot;iso&quot;:&quot;0&quot;,&quot;shutter_speed&quot;:&quot;0&quot;,&quot;title&quot;:&quot;&quot;,&quot;orientation&quot;:&quot;0&quot;}\" data-image-title=\"agrund-semana-moda-mila\u0303o-prada-2\" data-image-description=\"\" data-image-caption=\"\" data-medium-file=\"https:\/\/i0.wp.com\/agrund.com\/wp-content\/uploads\/sites\/6\/2022\/09\/agrund-semana-moda-mila\u0303o-prada-2.jpg?fit=199%2C300&amp;ssl=1\" data-large-file=\"https:\/\/i0.wp.com\/agrund.com\/wp-content\/uploads\/sites\/6\/2022\/09\/agrund-semana-moda-mila\u0303o-prada-2.jpg?fit=600%2C904&amp;ssl=1\" decoding=\"async\" loading=\"lazy\" width=\"600\" height=\"904\" src=\"https:\/\/i0.wp.com\/agrund.com\/wp-content\/uploads\/sites\/6\/2022\/09\/agrund-semana-moda-mila\u0303o-prada-2.jpg?resize=600%2C904&#038;ssl=1\" alt=\"\" class=\"wp-image-225611\" srcset=\"https:\/\/i0.wp.com\/agrund.com\/wp-content\/uploads\/sites\/6\/2022\/09\/agrund-semana-moda-mila\u0303o-prada-2.jpg?w=600&amp;ssl=1 600w, https:\/\/i0.wp.com\/agrund.com\/wp-content\/uploads\/sites\/6\/2022\/09\/agrund-semana-moda-mila\u0303o-prada-2.jpg?resize=199%2C300&amp;ssl=1 199w\" sizes=\"(max-width: 600px) 100vw, 600px\" data-recalc-dims=\"1\" \/><figcaption>MFW Ver\u00e3o 2023 :: O encontro de Miuccia Prada e Raf Simons<\/figcaption><\/figure><\/div>\n\n\n\n<div class=\"wp-block-image\"><figure class=\"aligncenter size-full\"><img data-attachment-id=\"225612\" data-permalink=\"https:\/\/agrund.com\/index.php\/mfw-verao-2023-o-encontro-de-miuccia-prada-e-raf-simons\/agrund-semana-moda-mila%cc%83o-prada-3\/\" data-orig-file=\"https:\/\/i0.wp.com\/agrund.com\/wp-content\/uploads\/sites\/6\/2022\/09\/agrund-semana-moda-mila\u0303o-prada-3.jpg?fit=600%2C907&amp;ssl=1\" data-orig-size=\"600,907\" data-comments-opened=\"1\" data-image-meta=\"{&quot;aperture&quot;:&quot;0&quot;,&quot;credit&quot;:&quot;&quot;,&quot;camera&quot;:&quot;&quot;,&quot;caption&quot;:&quot;&quot;,&quot;created_timestamp&quot;:&quot;0&quot;,&quot;copyright&quot;:&quot;&quot;,&quot;focal_length&quot;:&quot;0&quot;,&quot;iso&quot;:&quot;0&quot;,&quot;shutter_speed&quot;:&quot;0&quot;,&quot;title&quot;:&quot;&quot;,&quot;orientation&quot;:&quot;0&quot;}\" data-image-title=\"agrund-semana-moda-mila\u0303o-prada-3\" data-image-description=\"\" data-image-caption=\"\" data-medium-file=\"https:\/\/i0.wp.com\/agrund.com\/wp-content\/uploads\/sites\/6\/2022\/09\/agrund-semana-moda-mila\u0303o-prada-3.jpg?fit=198%2C300&amp;ssl=1\" data-large-file=\"https:\/\/i0.wp.com\/agrund.com\/wp-content\/uploads\/sites\/6\/2022\/09\/agrund-semana-moda-mila\u0303o-prada-3.jpg?fit=600%2C907&amp;ssl=1\" decoding=\"async\" loading=\"lazy\" width=\"600\" height=\"907\" src=\"https:\/\/i0.wp.com\/agrund.com\/wp-content\/uploads\/sites\/6\/2022\/09\/agrund-semana-moda-mila\u0303o-prada-3.jpg?resize=600%2C907&#038;ssl=1\" alt=\"\" class=\"wp-image-225612\" srcset=\"https:\/\/i0.wp.com\/agrund.com\/wp-content\/uploads\/sites\/6\/2022\/09\/agrund-semana-moda-mila\u0303o-prada-3.jpg?w=600&amp;ssl=1 600w, https:\/\/i0.wp.com\/agrund.com\/wp-content\/uploads\/sites\/6\/2022\/09\/agrund-semana-moda-mila\u0303o-prada-3.jpg?resize=198%2C300&amp;ssl=1 198w\" sizes=\"(max-width: 600px) 100vw, 600px\" data-recalc-dims=\"1\" \/><figcaption>MFW Ver\u00e3o 2023 :: O encontro de Miuccia Prada e Raf Simons<\/figcaption><\/figure><\/div>\n\n\n\n<div class=\"wp-block-image\"><figure class=\"aligncenter size-full\"><img data-attachment-id=\"225613\" data-permalink=\"https:\/\/agrund.com\/index.php\/mfw-verao-2023-o-encontro-de-miuccia-prada-e-raf-simons\/agrund-semana-moda-mila%cc%83o-prada-4\/\" data-orig-file=\"https:\/\/i0.wp.com\/agrund.com\/wp-content\/uploads\/sites\/6\/2022\/09\/agrund-semana-moda-mila\u0303o-prada-4.jpg?fit=600%2C902&amp;ssl=1\" data-orig-size=\"600,902\" data-comments-opened=\"1\" data-image-meta=\"{&quot;aperture&quot;:&quot;0&quot;,&quot;credit&quot;:&quot;&quot;,&quot;camera&quot;:&quot;&quot;,&quot;caption&quot;:&quot;&quot;,&quot;created_timestamp&quot;:&quot;0&quot;,&quot;copyright&quot;:&quot;&quot;,&quot;focal_length&quot;:&quot;0&quot;,&quot;iso&quot;:&quot;0&quot;,&quot;shutter_speed&quot;:&quot;0&quot;,&quot;title&quot;:&quot;&quot;,&quot;orientation&quot;:&quot;0&quot;}\" data-image-title=\"agrund-semana-moda-mila\u0303o-prada-4\" data-image-description=\"\" data-image-caption=\"\" data-medium-file=\"https:\/\/i0.wp.com\/agrund.com\/wp-content\/uploads\/sites\/6\/2022\/09\/agrund-semana-moda-mila\u0303o-prada-4.jpg?fit=200%2C300&amp;ssl=1\" data-large-file=\"https:\/\/i0.wp.com\/agrund.com\/wp-content\/uploads\/sites\/6\/2022\/09\/agrund-semana-moda-mila\u0303o-prada-4.jpg?fit=600%2C902&amp;ssl=1\" decoding=\"async\" loading=\"lazy\" width=\"600\" height=\"902\" src=\"https:\/\/i0.wp.com\/agrund.com\/wp-content\/uploads\/sites\/6\/2022\/09\/agrund-semana-moda-mila\u0303o-prada-4.jpg?resize=600%2C902&#038;ssl=1\" alt=\"\" class=\"wp-image-225613\" srcset=\"https:\/\/i0.wp.com\/agrund.com\/wp-content\/uploads\/sites\/6\/2022\/09\/agrund-semana-moda-mila\u0303o-prada-4.jpg?w=600&amp;ssl=1 600w, https:\/\/i0.wp.com\/agrund.com\/wp-content\/uploads\/sites\/6\/2022\/09\/agrund-semana-moda-mila\u0303o-prada-4.jpg?resize=200%2C300&amp;ssl=1 200w\" sizes=\"(max-width: 600px) 100vw, 600px\" data-recalc-dims=\"1\" \/><figcaption>MFW Ver\u00e3o 2023 :: O encontro de Miuccia Prada e Raf Simons<\/figcaption><\/figure><\/div>\n\n\n\n<div class=\"wp-block-image\"><figure class=\"aligncenter size-full\"><img data-attachment-id=\"225614\" data-permalink=\"https:\/\/agrund.com\/index.php\/mfw-verao-2023-o-encontro-de-miuccia-prada-e-raf-simons\/agrund-semana-moda-mila%cc%83o-prada-5\/\" data-orig-file=\"https:\/\/i0.wp.com\/agrund.com\/wp-content\/uploads\/sites\/6\/2022\/09\/agrund-semana-moda-mila\u0303o-prada-5.jpg?fit=600%2C901&amp;ssl=1\" data-orig-size=\"600,901\" data-comments-opened=\"1\" data-image-meta=\"{&quot;aperture&quot;:&quot;0&quot;,&quot;credit&quot;:&quot;&quot;,&quot;camera&quot;:&quot;&quot;,&quot;caption&quot;:&quot;&quot;,&quot;created_timestamp&quot;:&quot;0&quot;,&quot;copyright&quot;:&quot;&quot;,&quot;focal_length&quot;:&quot;0&quot;,&quot;iso&quot;:&quot;0&quot;,&quot;shutter_speed&quot;:&quot;0&quot;,&quot;title&quot;:&quot;&quot;,&quot;orientation&quot;:&quot;0&quot;}\" data-image-title=\"agrund-semana-moda-mila\u0303o-prada-5\" data-image-description=\"\" data-image-caption=\"\" data-medium-file=\"https:\/\/i0.wp.com\/agrund.com\/wp-content\/uploads\/sites\/6\/2022\/09\/agrund-semana-moda-mila\u0303o-prada-5.jpg?fit=200%2C300&amp;ssl=1\" data-large-file=\"https:\/\/i0.wp.com\/agrund.com\/wp-content\/uploads\/sites\/6\/2022\/09\/agrund-semana-moda-mila\u0303o-prada-5.jpg?fit=600%2C901&amp;ssl=1\" decoding=\"async\" loading=\"lazy\" width=\"600\" height=\"901\" src=\"https:\/\/i0.wp.com\/agrund.com\/wp-content\/uploads\/sites\/6\/2022\/09\/agrund-semana-moda-mila\u0303o-prada-5.jpg?resize=600%2C901&#038;ssl=1\" alt=\"\" class=\"wp-image-225614\" srcset=\"https:\/\/i0.wp.com\/agrund.com\/wp-content\/uploads\/sites\/6\/2022\/09\/agrund-semana-moda-mila\u0303o-prada-5.jpg?w=600&amp;ssl=1 600w, https:\/\/i0.wp.com\/agrund.com\/wp-content\/uploads\/sites\/6\/2022\/09\/agrund-semana-moda-mila\u0303o-prada-5.jpg?resize=200%2C300&amp;ssl=1 200w\" sizes=\"(max-width: 600px) 100vw, 600px\" data-recalc-dims=\"1\" \/><figcaption>MFW Ver\u00e3o 2023 :: O encontro de Miuccia Prada e Raf Simons<\/figcaption><\/figure><\/div>\n\n\n\n<div class=\"wp-block-image\"><figure class=\"aligncenter size-full\"><img data-attachment-id=\"225615\" data-permalink=\"https:\/\/agrund.com\/index.php\/mfw-verao-2023-o-encontro-de-miuccia-prada-e-raf-simons\/agrund-semana-moda-mila%cc%83o-prada-6\/\" data-orig-file=\"https:\/\/i0.wp.com\/agrund.com\/wp-content\/uploads\/sites\/6\/2022\/09\/agrund-semana-moda-mila\u0303o-prada-6.jpg?fit=600%2C900&amp;ssl=1\" data-orig-size=\"600,900\" data-comments-opened=\"1\" data-image-meta=\"{&quot;aperture&quot;:&quot;0&quot;,&quot;credit&quot;:&quot;&quot;,&quot;camera&quot;:&quot;&quot;,&quot;caption&quot;:&quot;&quot;,&quot;created_timestamp&quot;:&quot;0&quot;,&quot;copyright&quot;:&quot;&quot;,&quot;focal_length&quot;:&quot;0&quot;,&quot;iso&quot;:&quot;0&quot;,&quot;shutter_speed&quot;:&quot;0&quot;,&quot;title&quot;:&quot;&quot;,&quot;orientation&quot;:&quot;0&quot;}\" data-image-title=\"agrund-semana-moda-mila\u0303o-prada-6\" data-image-description=\"\" data-image-caption=\"\" data-medium-file=\"https:\/\/i0.wp.com\/agrund.com\/wp-content\/uploads\/sites\/6\/2022\/09\/agrund-semana-moda-mila\u0303o-prada-6.jpg?fit=200%2C300&amp;ssl=1\" data-large-file=\"https:\/\/i0.wp.com\/agrund.com\/wp-content\/uploads\/sites\/6\/2022\/09\/agrund-semana-moda-mila\u0303o-prada-6.jpg?fit=600%2C900&amp;ssl=1\" decoding=\"async\" loading=\"lazy\" width=\"600\" height=\"900\" src=\"https:\/\/i0.wp.com\/agrund.com\/wp-content\/uploads\/sites\/6\/2022\/09\/agrund-semana-moda-mila\u0303o-prada-6.jpg?resize=600%2C900&#038;ssl=1\" alt=\"\" class=\"wp-image-225615\" srcset=\"https:\/\/i0.wp.com\/agrund.com\/wp-content\/uploads\/sites\/6\/2022\/09\/agrund-semana-moda-mila\u0303o-prada-6.jpg?w=600&amp;ssl=1 600w, https:\/\/i0.wp.com\/agrund.com\/wp-content\/uploads\/sites\/6\/2022\/09\/agrund-semana-moda-mila\u0303o-prada-6.jpg?resize=200%2C300&amp;ssl=1 200w\" sizes=\"(max-width: 600px) 100vw, 600px\" data-recalc-dims=\"1\" \/><figcaption>MFW Ver\u00e3o 2023 :: O encontro de Miuccia Prada e Raf Simons<\/figcaption><\/figure><\/div>\n\n\n\n<div class=\"wp-block-image\"><figure class=\"aligncenter size-full\"><img data-attachment-id=\"225616\" data-permalink=\"https:\/\/agrund.com\/index.php\/mfw-verao-2023-o-encontro-de-miuccia-prada-e-raf-simons\/agrund-semana-moda-mila%cc%83o-prada-7\/\" data-orig-file=\"https:\/\/i0.wp.com\/agrund.com\/wp-content\/uploads\/sites\/6\/2022\/09\/agrund-semana-moda-mila\u0303o-prada-7.jpg?fit=600%2C903&amp;ssl=1\" data-orig-size=\"600,903\" data-comments-opened=\"1\" data-image-meta=\"{&quot;aperture&quot;:&quot;0&quot;,&quot;credit&quot;:&quot;&quot;,&quot;camera&quot;:&quot;&quot;,&quot;caption&quot;:&quot;&quot;,&quot;created_timestamp&quot;:&quot;0&quot;,&quot;copyright&quot;:&quot;&quot;,&quot;focal_length&quot;:&quot;0&quot;,&quot;iso&quot;:&quot;0&quot;,&quot;shutter_speed&quot;:&quot;0&quot;,&quot;title&quot;:&quot;&quot;,&quot;orientation&quot;:&quot;0&quot;}\" data-image-title=\"agrund-semana-moda-mila\u0303o-prada-7\" data-image-description=\"\" data-image-caption=\"\" data-medium-file=\"https:\/\/i0.wp.com\/agrund.com\/wp-content\/uploads\/sites\/6\/2022\/09\/agrund-semana-moda-mila\u0303o-prada-7.jpg?fit=199%2C300&amp;ssl=1\" data-large-file=\"https:\/\/i0.wp.com\/agrund.com\/wp-content\/uploads\/sites\/6\/2022\/09\/agrund-semana-moda-mila\u0303o-prada-7.jpg?fit=600%2C903&amp;ssl=1\" decoding=\"async\" loading=\"lazy\" width=\"600\" height=\"903\" src=\"https:\/\/i0.wp.com\/agrund.com\/wp-content\/uploads\/sites\/6\/2022\/09\/agrund-semana-moda-mila\u0303o-prada-7.jpg?resize=600%2C903&#038;ssl=1\" alt=\"\" class=\"wp-image-225616\" srcset=\"https:\/\/i0.wp.com\/agrund.com\/wp-content\/uploads\/sites\/6\/2022\/09\/agrund-semana-moda-mila\u0303o-prada-7.jpg?w=600&amp;ssl=1 600w, https:\/\/i0.wp.com\/agrund.com\/wp-content\/uploads\/sites\/6\/2022\/09\/agrund-semana-moda-mila\u0303o-prada-7.jpg?resize=199%2C300&amp;ssl=1 199w\" sizes=\"(max-width: 600px) 100vw, 600px\" data-recalc-dims=\"1\" \/><figcaption>MFW Ver\u00e3o 2023 :: O encontro de Miuccia Prada e Raf Simons<\/figcaption><\/figure><\/div>\n\n\n\n<div class=\"wp-block-image\"><figure class=\"aligncenter size-full\"><img data-attachment-id=\"225617\" data-permalink=\"https:\/\/agrund.com\/index.php\/mfw-verao-2023-o-encontro-de-miuccia-prada-e-raf-simons\/agrund-semana-moda-mila%cc%83o-prada-8\/\" data-orig-file=\"https:\/\/i0.wp.com\/agrund.com\/wp-content\/uploads\/sites\/6\/2022\/09\/agrund-semana-moda-mila\u0303o-prada-8.jpg?fit=600%2C893&amp;ssl=1\" data-orig-size=\"600,893\" data-comments-opened=\"1\" data-image-meta=\"{&quot;aperture&quot;:&quot;0&quot;,&quot;credit&quot;:&quot;&quot;,&quot;camera&quot;:&quot;&quot;,&quot;caption&quot;:&quot;&quot;,&quot;created_timestamp&quot;:&quot;0&quot;,&quot;copyright&quot;:&quot;&quot;,&quot;focal_length&quot;:&quot;0&quot;,&quot;iso&quot;:&quot;0&quot;,&quot;shutter_speed&quot;:&quot;0&quot;,&quot;title&quot;:&quot;&quot;,&quot;orientation&quot;:&quot;0&quot;}\" data-image-title=\"agrund-semana-moda-mila\u0303o-prada-8\" data-image-description=\"\" data-image-caption=\"\" data-medium-file=\"https:\/\/i0.wp.com\/agrund.com\/wp-content\/uploads\/sites\/6\/2022\/09\/agrund-semana-moda-mila\u0303o-prada-8.jpg?fit=202%2C300&amp;ssl=1\" data-large-file=\"https:\/\/i0.wp.com\/agrund.com\/wp-content\/uploads\/sites\/6\/2022\/09\/agrund-semana-moda-mila\u0303o-prada-8.jpg?fit=600%2C893&amp;ssl=1\" decoding=\"async\" loading=\"lazy\" width=\"600\" height=\"893\" src=\"https:\/\/i0.wp.com\/agrund.com\/wp-content\/uploads\/sites\/6\/2022\/09\/agrund-semana-moda-mila\u0303o-prada-8.jpg?resize=600%2C893&#038;ssl=1\" alt=\"\" class=\"wp-image-225617\" srcset=\"https:\/\/i0.wp.com\/agrund.com\/wp-content\/uploads\/sites\/6\/2022\/09\/agrund-semana-moda-mila\u0303o-prada-8.jpg?w=600&amp;ssl=1 600w, https:\/\/i0.wp.com\/agrund.com\/wp-content\/uploads\/sites\/6\/2022\/09\/agrund-semana-moda-mila\u0303o-prada-8.jpg?resize=202%2C300&amp;ssl=1 202w\" sizes=\"(max-width: 600px) 100vw, 600px\" data-recalc-dims=\"1\" \/><figcaption>MFW Ver\u00e3o 2023 :: O encontro de Miuccia Prada e Raf Simons<\/figcaption><\/figure><\/div>\n\n\n\n<div class=\"wp-block-image\"><figure class=\"aligncenter size-large\"><img data-attachment-id=\"225618\" data-permalink=\"https:\/\/agrund.com\/index.php\/mfw-verao-2023-o-encontro-de-miuccia-prada-e-raf-simons\/agrund-semana-moda-mila%cc%83o-prada-9\/\" data-orig-file=\"https:\/\/i0.wp.com\/agrund.com\/wp-content\/uploads\/sites\/6\/2022\/09\/agrund-semana-moda-mila\u0303o-prada-9.jpg?fit=600%2C1030&amp;ssl=1\" data-orig-size=\"600,1030\" data-comments-opened=\"1\" data-image-meta=\"{&quot;aperture&quot;:&quot;0&quot;,&quot;credit&quot;:&quot;&quot;,&quot;camera&quot;:&quot;&quot;,&quot;caption&quot;:&quot;&quot;,&quot;created_timestamp&quot;:&quot;0&quot;,&quot;copyright&quot;:&quot;&quot;,&quot;focal_length&quot;:&quot;0&quot;,&quot;iso&quot;:&quot;0&quot;,&quot;shutter_speed&quot;:&quot;0&quot;,&quot;title&quot;:&quot;&quot;,&quot;orientation&quot;:&quot;0&quot;}\" data-image-title=\"agrund-semana-moda-mila\u0303o-prada-9\" data-image-description=\"\" data-image-caption=\"\" data-medium-file=\"https:\/\/i0.wp.com\/agrund.com\/wp-content\/uploads\/sites\/6\/2022\/09\/agrund-semana-moda-mila\u0303o-prada-9.jpg?fit=175%2C300&amp;ssl=1\" data-large-file=\"https:\/\/i0.wp.com\/agrund.com\/wp-content\/uploads\/sites\/6\/2022\/09\/agrund-semana-moda-mila\u0303o-prada-9.jpg?fit=597%2C1024&amp;ssl=1\" decoding=\"async\" loading=\"lazy\" width=\"597\" height=\"1024\" src=\"https:\/\/i0.wp.com\/agrund.com\/wp-content\/uploads\/sites\/6\/2022\/09\/agrund-semana-moda-mila\u0303o-prada-9.jpg?resize=597%2C1024&#038;ssl=1\" alt=\"\" class=\"wp-image-225618\" srcset=\"https:\/\/i0.wp.com\/agrund.com\/wp-content\/uploads\/sites\/6\/2022\/09\/agrund-semana-moda-mila\u0303o-prada-9.jpg?resize=597%2C1024&amp;ssl=1 597w, https:\/\/i0.wp.com\/agrund.com\/wp-content\/uploads\/sites\/6\/2022\/09\/agrund-semana-moda-mila\u0303o-prada-9.jpg?resize=175%2C300&amp;ssl=1 175w, https:\/\/i0.wp.com\/agrund.com\/wp-content\/uploads\/sites\/6\/2022\/09\/agrund-semana-moda-mila\u0303o-prada-9.jpg?w=600&amp;ssl=1 600w\" sizes=\"(max-width: 597px) 100vw, 597px\" data-recalc-dims=\"1\" \/><figcaption>MFW Ver\u00e3o 2023 :: O encontro de Miuccia Prada e Raf Simons<\/figcaption><\/figure><\/div>\n\n\n\n<p>Imagens: Reprodu\u00e7\u00e3o \/ Filippo Fior. Gorunway.com.<\/p>\n","protected":false},"excerpt":{"rendered":"<p>Por Arlindo Grund Seguindo literalmente a linha desde que uniram for\u00e7as criativas, Miuccia Prada e Raf Simons\u00a0 mostram mais uma etapa dessa parceria na semana de moda de Mil\u00e3o, ver\u00e3o 2023. A alfaiataria com sua precis\u00e3o fez o contraponto a vestidos extremamente sensuais com tecidos fluidos e leves. T\u00e3o finos que pareciam camadas sobre o [&hellip;]<\/p>\n","protected":false},"author":8,"featured_media":225609,"comment_status":"open","ping_status":"open","sticky":false,"template":"","format":"standard","meta":{"jetpack_post_was_ever_published":false,"_jetpack_newsletter_access":"","jetpack_publicize_message":"","jetpack_is_tweetstorm":false,"jetpack_publicize_feature_enabled":true,"jetpack_social_post_already_shared":true,"jetpack_social_options":{"image_generator_settings":{"template":"highway","enabled":false}}},"categories":[21,2],"tags":[395,375,423,347,543,67,525,148,51,455,968,424,862],"jetpack_publicize_connections":[],"jetpack_featured_media_url":"https:\/\/i0.wp.com\/agrund.com\/wp-content\/uploads\/sites\/6\/2022\/09\/s-37.jpg?fit=960%2C300&ssl=1","jetpack_sharing_enabled":true,"jetpack_shortlink":"https:\/\/wp.me\/p3Hz0n-WGQ","jetpack_likes_enabled":true,"_links":{"self":[{"href":"https:\/\/agrund.com\/index.php\/wp-json\/wp\/v2\/posts\/225608"}],"collection":[{"href":"https:\/\/agrund.com\/index.php\/wp-json\/wp\/v2\/posts"}],"about":[{"href":"https:\/\/agrund.com\/index.php\/wp-json\/wp\/v2\/types\/post"}],"author":[{"embeddable":true,"href":"https:\/\/agrund.com\/index.php\/wp-json\/wp\/v2\/users\/8"}],"replies":[{"embeddable":true,"href":"https:\/\/agrund.com\/index.php\/wp-json\/wp\/v2\/comments?post=225608"}],"version-history":[{"count":1,"href":"https:\/\/agrund.com\/index.php\/wp-json\/wp\/v2\/posts\/225608\/revisions"}],"predecessor-version":[{"id":225619,"href":"https:\/\/agrund.com\/index.php\/wp-json\/wp\/v2\/posts\/225608\/revisions\/225619"}],"wp:featuredmedia":[{"embeddable":true,"href":"https:\/\/agrund.com\/index.php\/wp-json\/wp\/v2\/media\/225609"}],"wp:attachment":[{"href":"https:\/\/agrund.com\/index.php\/wp-json\/wp\/v2\/media?parent=225608"}],"wp:term":[{"taxonomy":"category","embeddable":true,"href":"https:\/\/agrund.com\/index.php\/wp-json\/wp\/v2\/categories?post=225608"},{"taxonomy":"post_tag","embeddable":true,"href":"https:\/\/agrund.com\/index.php\/wp-json\/wp\/v2\/tags?post=225608"}],"curies":[{"name":"wp","href":"https:\/\/api.w.org\/{rel}","templated":true}]}}