{"id":225307,"date":"2022-09-13T15:00:00","date_gmt":"2022-09-13T18:00:00","guid":{"rendered":"https:\/\/agrund.com\/?p=225307"},"modified":"2022-09-13T15:52:11","modified_gmt":"2022-09-13T18:52:11","slug":"fendi-e-tiffany-co-revelam-a-nova-bolsa-baguette","status":"publish","type":"post","link":"https:\/\/agrund.com\/index.php\/fendi-e-tiffany-co-revelam-a-nova-bolsa-baguette\/","title":{"rendered":"Fendi e Tiffany &amp; Co revelam a nova bolsa baguette"},"content":{"rendered":"\n<p>Em comemora\u00e7\u00e3o aos 25 anos da ic\u00f4nica bolsa Baguette, da Fendi, a marca italiana se uniu \u00e0 Tiffany &amp; Co para uma parceria in\u00e9dita e muito especial.\u00a0<\/p>\n\n\n\n<p>Juntas, elas criaram a &#8216;Tiffany Baguette&#8217;, uma vers\u00e3o da bolsa na famosa cor azul utilizada pela joalheria e um fecho que combina o logo das duas marcas. A verdadeira collab de \u00edcones fashion!\u00a0<\/p>\n\n\n\n<p>Para quem n\u00e3o sabe, o &#8216;Robin Blue&#8217;, da Tiffany, foi registrado pela empresa em 1998 e a partir de 2001 se tornou um padr\u00e3o exclusivo dela, que n\u00e3o est\u00e1 dispon\u00edvel publicamente.\u00a0<\/p>\n\n\n\n<p>Esta \u00e9 a primeira parceria da joalheria dentro do grupo LVMH desde sua aquisi\u00e7\u00e3o. Vale lembrar que durante as negocia\u00e7\u00f5es, o grupo revelou que um dos projetos que eles fariam para a Tiffany era o de conquistar jovens compradores e clientes asi\u00e1ticos.\u00a0<\/p>\n\n\n\n<p>Gostou da novidade? At\u00e9 o momento sabemos que a baguette ganhar\u00e1 duas vers\u00f5es em couros diferentes e que o lan\u00e7amento est\u00e1 previsto para o come\u00e7o de 2023.\u00a0Confira as primeiras imagens divulgadas: <\/p>\n\n\n\n<div class=\"wp-block-image\"><figure class=\"aligncenter size-full\"><img data-attachment-id=\"225311\" data-permalink=\"https:\/\/agrund.com\/index.php\/fendi-e-tiffany-co-revelam-a-nova-bolsa-baguette\/img_3281\/\" data-orig-file=\"https:\/\/i0.wp.com\/agrund.com\/wp-content\/uploads\/sites\/6\/2022\/09\/IMG_3281.jpg?fit=600%2C631&amp;ssl=1\" data-orig-size=\"600,631\" data-comments-opened=\"1\" data-image-meta=\"{&quot;aperture&quot;:&quot;0&quot;,&quot;credit&quot;:&quot;&quot;,&quot;camera&quot;:&quot;&quot;,&quot;caption&quot;:&quot;&quot;,&quot;created_timestamp&quot;:&quot;1663084905&quot;,&quot;copyright&quot;:&quot;&quot;,&quot;focal_length&quot;:&quot;0&quot;,&quot;iso&quot;:&quot;0&quot;,&quot;shutter_speed&quot;:&quot;0&quot;,&quot;title&quot;:&quot;&quot;,&quot;orientation&quot;:&quot;1&quot;}\" data-image-title=\"IMG_3281\" data-image-description=\"\" data-image-caption=\"\" data-medium-file=\"https:\/\/i0.wp.com\/agrund.com\/wp-content\/uploads\/sites\/6\/2022\/09\/IMG_3281.jpg?fit=285%2C300&amp;ssl=1\" data-large-file=\"https:\/\/i0.wp.com\/agrund.com\/wp-content\/uploads\/sites\/6\/2022\/09\/IMG_3281.jpg?fit=600%2C631&amp;ssl=1\" decoding=\"async\" loading=\"lazy\" width=\"600\" height=\"631\" src=\"https:\/\/i0.wp.com\/agrund.com\/wp-content\/uploads\/sites\/6\/2022\/09\/IMG_3281.jpg?resize=600%2C631&#038;ssl=1\" alt=\"\" class=\"wp-image-225311\" srcset=\"https:\/\/i0.wp.com\/agrund.com\/wp-content\/uploads\/sites\/6\/2022\/09\/IMG_3281.jpg?w=600&amp;ssl=1 600w, https:\/\/i0.wp.com\/agrund.com\/wp-content\/uploads\/sites\/6\/2022\/09\/IMG_3281.jpg?resize=285%2C300&amp;ssl=1 285w\" sizes=\"(max-width: 600px) 100vw, 600px\" data-recalc-dims=\"1\" \/><figcaption>Fendi e Tiffany &amp; Co revelam a nova bolsa baguette<\/figcaption><\/figure><\/div>\n\n\n\n<div class=\"wp-block-image\"><figure class=\"aligncenter size-full\"><img data-attachment-id=\"225309\" data-permalink=\"https:\/\/agrund.com\/index.php\/fendi-e-tiffany-co-revelam-a-nova-bolsa-baguette\/agrund-fendii-tiffany-baguette-2\/\" data-orig-file=\"https:\/\/i0.wp.com\/agrund.com\/wp-content\/uploads\/sites\/6\/2022\/09\/agrund-fendii-tiffany-baguette-2.jpg?fit=600%2C413&amp;ssl=1\" data-orig-size=\"600,413\" data-comments-opened=\"1\" data-image-meta=\"{&quot;aperture&quot;:&quot;0&quot;,&quot;credit&quot;:&quot;&quot;,&quot;camera&quot;:&quot;&quot;,&quot;caption&quot;:&quot;&quot;,&quot;created_timestamp&quot;:&quot;0&quot;,&quot;copyright&quot;:&quot;&quot;,&quot;focal_length&quot;:&quot;0&quot;,&quot;iso&quot;:&quot;0&quot;,&quot;shutter_speed&quot;:&quot;0&quot;,&quot;title&quot;:&quot;&quot;,&quot;orientation&quot;:&quot;0&quot;}\" data-image-title=\"agrund-fendii-tiffany-baguette-2\" data-image-description=\"\" data-image-caption=\"\" data-medium-file=\"https:\/\/i0.wp.com\/agrund.com\/wp-content\/uploads\/sites\/6\/2022\/09\/agrund-fendii-tiffany-baguette-2.jpg?fit=300%2C207&amp;ssl=1\" data-large-file=\"https:\/\/i0.wp.com\/agrund.com\/wp-content\/uploads\/sites\/6\/2022\/09\/agrund-fendii-tiffany-baguette-2.jpg?fit=600%2C413&amp;ssl=1\" decoding=\"async\" loading=\"lazy\" width=\"600\" height=\"413\" src=\"https:\/\/i0.wp.com\/agrund.com\/wp-content\/uploads\/sites\/6\/2022\/09\/agrund-fendii-tiffany-baguette-2.jpg?resize=600%2C413&#038;ssl=1\" alt=\"\" class=\"wp-image-225309\" srcset=\"https:\/\/i0.wp.com\/agrund.com\/wp-content\/uploads\/sites\/6\/2022\/09\/agrund-fendii-tiffany-baguette-2.jpg?w=600&amp;ssl=1 600w, https:\/\/i0.wp.com\/agrund.com\/wp-content\/uploads\/sites\/6\/2022\/09\/agrund-fendii-tiffany-baguette-2.jpg?resize=300%2C207&amp;ssl=1 300w\" sizes=\"(max-width: 600px) 100vw, 600px\" data-recalc-dims=\"1\" \/><figcaption>Fendi e Tiffany &amp; Co revelam a nova bolsa baguette<\/figcaption><\/figure><\/div>\n\n\n\n<div class=\"wp-block-image\"><figure class=\"aligncenter size-full\"><img data-attachment-id=\"225310\" data-permalink=\"https:\/\/agrund.com\/index.php\/fendi-e-tiffany-co-revelam-a-nova-bolsa-baguette\/agrund-fendii-tiffany-baguette-1\/\" data-orig-file=\"https:\/\/i0.wp.com\/agrund.com\/wp-content\/uploads\/sites\/6\/2022\/09\/agrund-fendii-tiffany-baguette-1.jpg?fit=600%2C596&amp;ssl=1\" data-orig-size=\"600,596\" data-comments-opened=\"1\" data-image-meta=\"{&quot;aperture&quot;:&quot;0&quot;,&quot;credit&quot;:&quot;&quot;,&quot;camera&quot;:&quot;&quot;,&quot;caption&quot;:&quot;&quot;,&quot;created_timestamp&quot;:&quot;0&quot;,&quot;copyright&quot;:&quot;&quot;,&quot;focal_length&quot;:&quot;0&quot;,&quot;iso&quot;:&quot;0&quot;,&quot;shutter_speed&quot;:&quot;0&quot;,&quot;title&quot;:&quot;&quot;,&quot;orientation&quot;:&quot;0&quot;}\" data-image-title=\"agrund-fendii-tiffany-baguette-1\" data-image-description=\"\" data-image-caption=\"\" data-medium-file=\"https:\/\/i0.wp.com\/agrund.com\/wp-content\/uploads\/sites\/6\/2022\/09\/agrund-fendii-tiffany-baguette-1.jpg?fit=300%2C298&amp;ssl=1\" data-large-file=\"https:\/\/i0.wp.com\/agrund.com\/wp-content\/uploads\/sites\/6\/2022\/09\/agrund-fendii-tiffany-baguette-1.jpg?fit=600%2C596&amp;ssl=1\" decoding=\"async\" loading=\"lazy\" width=\"600\" height=\"596\" src=\"https:\/\/i0.wp.com\/agrund.com\/wp-content\/uploads\/sites\/6\/2022\/09\/agrund-fendii-tiffany-baguette-1.jpg?resize=600%2C596&#038;ssl=1\" alt=\"\" class=\"wp-image-225310\" srcset=\"https:\/\/i0.wp.com\/agrund.com\/wp-content\/uploads\/sites\/6\/2022\/09\/agrund-fendii-tiffany-baguette-1.jpg?w=600&amp;ssl=1 600w, https:\/\/i0.wp.com\/agrund.com\/wp-content\/uploads\/sites\/6\/2022\/09\/agrund-fendii-tiffany-baguette-1.jpg?resize=300%2C298&amp;ssl=1 300w, https:\/\/i0.wp.com\/agrund.com\/wp-content\/uploads\/sites\/6\/2022\/09\/agrund-fendii-tiffany-baguette-1.jpg?resize=150%2C150&amp;ssl=1 150w\" sizes=\"(max-width: 600px) 100vw, 600px\" data-recalc-dims=\"1\" \/><figcaption>Fendi e Tiffany &amp; Co revelam a nova bolsa baguette<\/figcaption><\/figure><\/div>\n\n\n\n<div class=\"wp-block-image\"><figure class=\"aligncenter size-full\"><img data-attachment-id=\"225312\" data-permalink=\"https:\/\/agrund.com\/index.php\/fendi-e-tiffany-co-revelam-a-nova-bolsa-baguette\/img_3282\/\" data-orig-file=\"https:\/\/i0.wp.com\/agrund.com\/wp-content\/uploads\/sites\/6\/2022\/09\/IMG_3282.jpg?fit=600%2C725&amp;ssl=1\" data-orig-size=\"600,725\" data-comments-opened=\"1\" data-image-meta=\"{&quot;aperture&quot;:&quot;0&quot;,&quot;credit&quot;:&quot;&quot;,&quot;camera&quot;:&quot;&quot;,&quot;caption&quot;:&quot;&quot;,&quot;created_timestamp&quot;:&quot;1663084910&quot;,&quot;copyright&quot;:&quot;&quot;,&quot;focal_length&quot;:&quot;0&quot;,&quot;iso&quot;:&quot;0&quot;,&quot;shutter_speed&quot;:&quot;0&quot;,&quot;title&quot;:&quot;&quot;,&quot;orientation&quot;:&quot;1&quot;}\" data-image-title=\"IMG_3282\" data-image-description=\"\" data-image-caption=\"\" data-medium-file=\"https:\/\/i0.wp.com\/agrund.com\/wp-content\/uploads\/sites\/6\/2022\/09\/IMG_3282.jpg?fit=248%2C300&amp;ssl=1\" data-large-file=\"https:\/\/i0.wp.com\/agrund.com\/wp-content\/uploads\/sites\/6\/2022\/09\/IMG_3282.jpg?fit=600%2C725&amp;ssl=1\" decoding=\"async\" loading=\"lazy\" width=\"600\" height=\"725\" src=\"https:\/\/i0.wp.com\/agrund.com\/wp-content\/uploads\/sites\/6\/2022\/09\/IMG_3282.jpg?resize=600%2C725&#038;ssl=1\" alt=\"\" class=\"wp-image-225312\" srcset=\"https:\/\/i0.wp.com\/agrund.com\/wp-content\/uploads\/sites\/6\/2022\/09\/IMG_3282.jpg?w=600&amp;ssl=1 600w, https:\/\/i0.wp.com\/agrund.com\/wp-content\/uploads\/sites\/6\/2022\/09\/IMG_3282.jpg?resize=248%2C300&amp;ssl=1 248w\" sizes=\"(max-width: 600px) 100vw, 600px\" data-recalc-dims=\"1\" \/><figcaption>Fendi e Tiffany &amp; Co revelam a nova bolsa baguette<\/figcaption><\/figure><\/div>\n\n\n\n<p>Fotos: Reprodu\u00e7\u00e3o\/ Fendi\/ Tiffany &amp; Co. <\/p>\n","protected":false},"excerpt":{"rendered":"<p>Em comemora\u00e7\u00e3o aos 25 anos da ic\u00f4nica bolsa Baguette, da Fendi, a marca italiana se uniu \u00e0 Tiffany &amp; Co para uma parceria in\u00e9dita e muito especial.\u00a0 Juntas, elas criaram a &#8216;Tiffany Baguette&#8217;, uma vers\u00e3o da bolsa na famosa cor azul utilizada pela joalheria e um fecho que combina o logo das duas marcas. A [&hellip;]<\/p>\n","protected":false},"author":8,"featured_media":225308,"comment_status":"open","ping_status":"open","sticky":false,"template":"","format":"standard","meta":{"jetpack_post_was_ever_published":false,"_jetpack_newsletter_access":"","jetpack_publicize_message":"","jetpack_is_tweetstorm":false,"jetpack_publicize_feature_enabled":true,"jetpack_social_post_already_shared":true,"jetpack_social_options":{"image_generator_settings":{"template":"highway","enabled":false}}},"categories":[2],"tags":[395,375,364,347,170,67,525,148,365,424,396,862],"jetpack_publicize_connections":[],"jetpack_featured_media_url":"https:\/\/i0.wp.com\/agrund.com\/wp-content\/uploads\/sites\/6\/2022\/09\/s-10.jpg?fit=960%2C300&ssl=1","jetpack_sharing_enabled":true,"jetpack_shortlink":"https:\/\/wp.me\/p3Hz0n-WBZ","jetpack_likes_enabled":true,"_links":{"self":[{"href":"https:\/\/agrund.com\/index.php\/wp-json\/wp\/v2\/posts\/225307"}],"collection":[{"href":"https:\/\/agrund.com\/index.php\/wp-json\/wp\/v2\/posts"}],"about":[{"href":"https:\/\/agrund.com\/index.php\/wp-json\/wp\/v2\/types\/post"}],"author":[{"embeddable":true,"href":"https:\/\/agrund.com\/index.php\/wp-json\/wp\/v2\/users\/8"}],"replies":[{"embeddable":true,"href":"https:\/\/agrund.com\/index.php\/wp-json\/wp\/v2\/comments?post=225307"}],"version-history":[{"count":1,"href":"https:\/\/agrund.com\/index.php\/wp-json\/wp\/v2\/posts\/225307\/revisions"}],"predecessor-version":[{"id":225313,"href":"https:\/\/agrund.com\/index.php\/wp-json\/wp\/v2\/posts\/225307\/revisions\/225313"}],"wp:featuredmedia":[{"embeddable":true,"href":"https:\/\/agrund.com\/index.php\/wp-json\/wp\/v2\/media\/225308"}],"wp:attachment":[{"href":"https:\/\/agrund.com\/index.php\/wp-json\/wp\/v2\/media?parent=225307"}],"wp:term":[{"taxonomy":"category","embeddable":true,"href":"https:\/\/agrund.com\/index.php\/wp-json\/wp\/v2\/categories?post=225307"},{"taxonomy":"post_tag","embeddable":true,"href":"https:\/\/agrund.com\/index.php\/wp-json\/wp\/v2\/tags?post=225307"}],"curies":[{"name":"wp","href":"https:\/\/api.w.org\/{rel}","templated":true}]}}