{"id":225220,"date":"2022-09-06T12:00:00","date_gmt":"2022-09-06T15:00:00","guid":{"rendered":"https:\/\/agrund.com\/?p=225220"},"modified":"2022-09-06T16:41:11","modified_gmt":"2022-09-06T19:41:11","slug":"arlindo-grund-participa-do-abc-fashion-carpet-2022","status":"publish","type":"post","link":"https:\/\/agrund.com\/index.php\/arlindo-grund-participa-do-abc-fashion-carpet-2022\/","title":{"rendered":"Arlindo Grund participa do &#8216;ABC Fashion Carpet 2022&#8217;"},"content":{"rendered":"\n<p>No pr\u00f3ximo dia 13 de setembro, o Shopping ABC apresenta o &#8216;ABC Fashion Carpet 2022&#8217;, um evento que tem como objetivo debater as tend\u00eancias de moda e divulgar os lan\u00e7amentos das cole\u00e7\u00f5es primavera\/ver\u00e3o 2022\/2023. Tudo isso atrav\u00e9s de um desfile exclusivo que ser\u00e1 estrelado por influenciadores, modelos e clientes de todas as idades e biotipos.\u00a0<\/p>\n\n\n\n<p>O evento conta com a curadoria de Reginaldo Fonseca, al\u00e9m da participa\u00e7\u00e3o do consultor de imagem e stylist Arlindo Grund e da apresentadora e consultora de moda Danielle Ferraz, que comentar\u00e3o os looks e dar\u00e3o dicas de moda.\u00a0<\/p>\n\n\n\n<p>Todo o desfile acontecer\u00e1 em uma estrutura de tapete vermelho, que foi inspirada no desfile da Balenciaga na Semana de Moda de Paris, assim como a escolha dos modelos.\u00a0<\/p>\n\n\n\n<p>&#8220;Personalidades muito importantes para a marca pisaram na passarela de Paris, assim como o shopping vai receber clientes e parceiros em seu desfile tamb\u00e9m. Pessoas que marcam a hist\u00f3ria do empreendimento como uma homenagem a todos seus frequentadores&#8221;, revelou Fonseca.\u00a0<\/p>\n\n\n\n<p>Ficou curiosa para assistir? Ent\u00e3o saiba que o espa\u00e7o montado no shopping foi adaptado para que todos os convidados e clientes consigam assistir ao desfile de qualquer um dos pisos.\u00a0<\/p>\n\n\n\n<div class=\"wp-block-image\"><figure class=\"aligncenter size-full\"><img data-attachment-id=\"225222\" data-permalink=\"https:\/\/agrund.com\/index.php\/arlindo-grund-participa-do-abc-fashion-carpet-2022\/shopping\/\" data-orig-file=\"https:\/\/i0.wp.com\/agrund.com\/wp-content\/uploads\/sites\/6\/2022\/09\/shopping.jpg?fit=600%2C471&amp;ssl=1\" data-orig-size=\"600,471\" data-comments-opened=\"1\" data-image-meta=\"{&quot;aperture&quot;:&quot;0&quot;,&quot;credit&quot;:&quot;&quot;,&quot;camera&quot;:&quot;&quot;,&quot;caption&quot;:&quot;&quot;,&quot;created_timestamp&quot;:&quot;0&quot;,&quot;copyright&quot;:&quot;&quot;,&quot;focal_length&quot;:&quot;0&quot;,&quot;iso&quot;:&quot;0&quot;,&quot;shutter_speed&quot;:&quot;0&quot;,&quot;title&quot;:&quot;&quot;,&quot;orientation&quot;:&quot;1&quot;}\" data-image-title=\"shopping\" data-image-description=\"\" data-image-caption=\"\" data-medium-file=\"https:\/\/i0.wp.com\/agrund.com\/wp-content\/uploads\/sites\/6\/2022\/09\/shopping.jpg?fit=300%2C236&amp;ssl=1\" data-large-file=\"https:\/\/i0.wp.com\/agrund.com\/wp-content\/uploads\/sites\/6\/2022\/09\/shopping.jpg?fit=600%2C471&amp;ssl=1\" decoding=\"async\" loading=\"lazy\" width=\"600\" height=\"471\" src=\"https:\/\/i0.wp.com\/agrund.com\/wp-content\/uploads\/sites\/6\/2022\/09\/shopping.jpg?resize=600%2C471&#038;ssl=1\" alt=\"\" class=\"wp-image-225222\" srcset=\"https:\/\/i0.wp.com\/agrund.com\/wp-content\/uploads\/sites\/6\/2022\/09\/shopping.jpg?w=600&amp;ssl=1 600w, https:\/\/i0.wp.com\/agrund.com\/wp-content\/uploads\/sites\/6\/2022\/09\/shopping.jpg?resize=300%2C236&amp;ssl=1 300w\" sizes=\"(max-width: 600px) 100vw, 600px\" data-recalc-dims=\"1\" \/><figcaption>Arlindo Grund participa do &#8216;ABC Fashion Carpet 2022&#8217;<\/figcaption><\/figure><\/div>\n\n\n\n<p><strong>Servi\u00e7o<\/strong>:<\/p>\n\n\n\n<p><strong>ABC Fashion Carpet 2022<\/strong><\/p>\n\n\n\n<p><strong>Data:\u00a0<\/strong>13 de setembro (ter\u00e7a-feira)<\/p>\n\n\n\n<p><strong>Hor\u00e1rio:\u00a0<\/strong>a partir das 19h<\/p>\n\n\n\n<p><strong>Local:\u00a0<\/strong>Pra\u00e7a de Eventos do Piso P1<\/p>\n\n\n\n<p><strong>Gratuito ao p\u00fablico<\/strong><\/p>\n\n\n\n<p><strong>Shopping ABC<\/strong><\/p>\n\n\n\n<p>Av. Pereira Barreto,42. Vila Gilda &#8211; Santo Andr\u00e9\/SP<\/p>\n\n\n\n<p><\/p>\n\n\n\n<p>Fotos: Divulga\u00e7\u00e3o. <\/p>\n","protected":false},"excerpt":{"rendered":"<p>No pr\u00f3ximo dia 13 de setembro, o Shopping ABC apresenta o &#8216;ABC Fashion Carpet 2022&#8217;, um evento que tem como objetivo debater as tend\u00eancias de moda e divulgar os lan\u00e7amentos das cole\u00e7\u00f5es primavera\/ver\u00e3o 2022\/2023. Tudo isso atrav\u00e9s de um desfile exclusivo que ser\u00e1 estrelado por influenciadores, modelos e clientes de todas as idades e biotipos.\u00a0 [&hellip;]<\/p>\n","protected":false},"author":8,"featured_media":225221,"comment_status":"open","ping_status":"open","sticky":false,"template":"","format":"standard","meta":{"jetpack_post_was_ever_published":false,"_jetpack_newsletter_access":"","jetpack_publicize_message":"","jetpack_is_tweetstorm":false,"jetpack_publicize_feature_enabled":true,"jetpack_social_post_already_shared":true,"jetpack_social_options":{"image_generator_settings":{"template":"highway","enabled":false}}},"categories":[2],"tags":[395,375,67,525,424],"jetpack_publicize_connections":[],"jetpack_featured_media_url":"https:\/\/i0.wp.com\/agrund.com\/wp-content\/uploads\/sites\/6\/2022\/09\/s-5.jpg?fit=960%2C300&ssl=1","jetpack_sharing_enabled":true,"jetpack_shortlink":"https:\/\/wp.me\/p3Hz0n-WAA","jetpack_likes_enabled":true,"_links":{"self":[{"href":"https:\/\/agrund.com\/index.php\/wp-json\/wp\/v2\/posts\/225220"}],"collection":[{"href":"https:\/\/agrund.com\/index.php\/wp-json\/wp\/v2\/posts"}],"about":[{"href":"https:\/\/agrund.com\/index.php\/wp-json\/wp\/v2\/types\/post"}],"author":[{"embeddable":true,"href":"https:\/\/agrund.com\/index.php\/wp-json\/wp\/v2\/users\/8"}],"replies":[{"embeddable":true,"href":"https:\/\/agrund.com\/index.php\/wp-json\/wp\/v2\/comments?post=225220"}],"version-history":[{"count":1,"href":"https:\/\/agrund.com\/index.php\/wp-json\/wp\/v2\/posts\/225220\/revisions"}],"predecessor-version":[{"id":225223,"href":"https:\/\/agrund.com\/index.php\/wp-json\/wp\/v2\/posts\/225220\/revisions\/225223"}],"wp:featuredmedia":[{"embeddable":true,"href":"https:\/\/agrund.com\/index.php\/wp-json\/wp\/v2\/media\/225221"}],"wp:attachment":[{"href":"https:\/\/agrund.com\/index.php\/wp-json\/wp\/v2\/media?parent=225220"}],"wp:term":[{"taxonomy":"category","embeddable":true,"href":"https:\/\/agrund.com\/index.php\/wp-json\/wp\/v2\/categories?post=225220"},{"taxonomy":"post_tag","embeddable":true,"href":"https:\/\/agrund.com\/index.php\/wp-json\/wp\/v2\/tags?post=225220"}],"curies":[{"name":"wp","href":"https:\/\/api.w.org\/{rel}","templated":true}]}}