{"id":225002,"date":"2022-08-17T17:00:00","date_gmt":"2022-08-17T20:00:00","guid":{"rendered":"https:\/\/agrund.com\/?p=225002"},"modified":"2022-08-17T11:33:34","modified_gmt":"2022-08-17T14:33:34","slug":"nespresso-lanca-tenis-feito-com-borra-de-cafe-reciclado","status":"publish","type":"post","link":"https:\/\/agrund.com\/index.php\/nespresso-lanca-tenis-feito-com-borra-de-cafe-reciclado\/","title":{"rendered":"Nespresso lan\u00e7a t\u00eanis feito com borra de caf\u00e9 reciclado"},"content":{"rendered":"\n<p>A Nespresso inovou ainda mais em seus lan\u00e7amentos e desenvolveu uma cole\u00e7\u00e3o de t\u00eanis em parceria com a startup de moda sustent\u00e1vel Z\u00e8ta, conhecida por sua proposta vegana e zero-waste.<\/p>\n\n\n\n<p>Inspirada nos princ\u00edpios da marca de redu\u00e7\u00e3o do impacto ambiental, os modelos foram confeccionados a partir da borra de caf\u00e9 reciclado. Sim, isso foi poss\u00edvel!<\/p>\n\n\n\n<p>Cada par do RE:GROUND cont\u00e9m borra de caf\u00e9 equivalente a 12 c\u00e1psulas Nespresso recolhidas nos projetos de reciclagem de c\u00e1psulas da marca e integradas ao couro vegano. As outras partes do t\u00eanis s\u00e3o feitas com 80% de materiais reciclados e sustent\u00e1veis, como pl\u00e1sticos retirados do Mediterr\u00e2neo, corti\u00e7a, borracha e l\u00e1tex.<\/p>\n\n\n\n<p>\u201cMinha vis\u00e3o para a Z\u00e8ta era criar t\u00eanis estilosos para os amantes da moda com consci\u00eancia ecol\u00f3gica. Para esta cole\u00e7\u00e3o, nossos criadores de tecidos da Tintex passaram oito meses aperfei\u00e7oando um couro sint\u00e9tico vegano inovador feito com borra de caf\u00e9 reciclada&#8221;, revelou Laure Babin, CEO da Zeta.<\/p>\n\n\n\n<p>Incr\u00edvel, n\u00e3o \u00e9 mesmo? Os t\u00eanis RE:GROUND s\u00e3o vendidos exclusivamente na Europa, onde s\u00e3o produzidos, de forma intencional para assegurar o m\u00ednimo uso de carbono poss\u00edvel. Veja os detalhes:<\/p>\n\n\n\n<div class=\"wp-block-image\"><figure class=\"aligncenter size-full\"><img data-attachment-id=\"225003\" data-permalink=\"https:\/\/agrund.com\/index.php\/nespresso-lanca-tenis-feito-com-borra-de-cafe-reciclado\/agrund-tenis-nespresso-borra-cafe-1\/\" data-orig-file=\"https:\/\/i0.wp.com\/agrund.com\/wp-content\/uploads\/sites\/6\/2022\/08\/agrund-tenis-nespresso-borra-cafe-1.jpeg?fit=600%2C638&amp;ssl=1\" data-orig-size=\"600,638\" data-comments-opened=\"1\" data-image-meta=\"{&quot;aperture&quot;:&quot;0&quot;,&quot;credit&quot;:&quot;&quot;,&quot;camera&quot;:&quot;&quot;,&quot;caption&quot;:&quot;&quot;,&quot;created_timestamp&quot;:&quot;0&quot;,&quot;copyright&quot;:&quot;&quot;,&quot;focal_length&quot;:&quot;0&quot;,&quot;iso&quot;:&quot;0&quot;,&quot;shutter_speed&quot;:&quot;0&quot;,&quot;title&quot;:&quot;&quot;,&quot;orientation&quot;:&quot;1&quot;}\" data-image-title=\"agrund-tenis-nespresso-borra-cafe-1\" data-image-description=\"\" data-image-caption=\"\" data-medium-file=\"https:\/\/i0.wp.com\/agrund.com\/wp-content\/uploads\/sites\/6\/2022\/08\/agrund-tenis-nespresso-borra-cafe-1.jpeg?fit=282%2C300&amp;ssl=1\" data-large-file=\"https:\/\/i0.wp.com\/agrund.com\/wp-content\/uploads\/sites\/6\/2022\/08\/agrund-tenis-nespresso-borra-cafe-1.jpeg?fit=600%2C638&amp;ssl=1\" decoding=\"async\" loading=\"lazy\" width=\"600\" height=\"638\" src=\"https:\/\/i0.wp.com\/agrund.com\/wp-content\/uploads\/sites\/6\/2022\/08\/agrund-tenis-nespresso-borra-cafe-1.jpeg?resize=600%2C638&#038;ssl=1\" alt=\"\" class=\"wp-image-225003\" srcset=\"https:\/\/i0.wp.com\/agrund.com\/wp-content\/uploads\/sites\/6\/2022\/08\/agrund-tenis-nespresso-borra-cafe-1.jpeg?w=600&amp;ssl=1 600w, https:\/\/i0.wp.com\/agrund.com\/wp-content\/uploads\/sites\/6\/2022\/08\/agrund-tenis-nespresso-borra-cafe-1.jpeg?resize=282%2C300&amp;ssl=1 282w\" sizes=\"(max-width: 600px) 100vw, 600px\" data-recalc-dims=\"1\" \/><figcaption>Nespresso lan\u00e7a t\u00eanis feito com borra de caf\u00e9 reciclado<\/figcaption><\/figure><\/div>\n\n\n\n<div class=\"wp-block-image\"><figure class=\"aligncenter size-full\"><img data-attachment-id=\"225004\" data-permalink=\"https:\/\/agrund.com\/index.php\/nespresso-lanca-tenis-feito-com-borra-de-cafe-reciclado\/agrund-tenis-nespresso-borra-cafe-2\/\" data-orig-file=\"https:\/\/i0.wp.com\/agrund.com\/wp-content\/uploads\/sites\/6\/2022\/08\/agrund-tenis-nespresso-borra-cafe-2.jpeg?fit=600%2C638&amp;ssl=1\" data-orig-size=\"600,638\" data-comments-opened=\"1\" data-image-meta=\"{&quot;aperture&quot;:&quot;0&quot;,&quot;credit&quot;:&quot;&quot;,&quot;camera&quot;:&quot;&quot;,&quot;caption&quot;:&quot;&quot;,&quot;created_timestamp&quot;:&quot;0&quot;,&quot;copyright&quot;:&quot;&quot;,&quot;focal_length&quot;:&quot;0&quot;,&quot;iso&quot;:&quot;0&quot;,&quot;shutter_speed&quot;:&quot;0&quot;,&quot;title&quot;:&quot;&quot;,&quot;orientation&quot;:&quot;1&quot;}\" data-image-title=\"agrund-tenis-nespresso-borra-cafe-2\" data-image-description=\"\" data-image-caption=\"\" data-medium-file=\"https:\/\/i0.wp.com\/agrund.com\/wp-content\/uploads\/sites\/6\/2022\/08\/agrund-tenis-nespresso-borra-cafe-2.jpeg?fit=282%2C300&amp;ssl=1\" data-large-file=\"https:\/\/i0.wp.com\/agrund.com\/wp-content\/uploads\/sites\/6\/2022\/08\/agrund-tenis-nespresso-borra-cafe-2.jpeg?fit=600%2C638&amp;ssl=1\" decoding=\"async\" loading=\"lazy\" width=\"600\" height=\"638\" src=\"https:\/\/i0.wp.com\/agrund.com\/wp-content\/uploads\/sites\/6\/2022\/08\/agrund-tenis-nespresso-borra-cafe-2.jpeg?resize=600%2C638&#038;ssl=1\" alt=\"\" class=\"wp-image-225004\" srcset=\"https:\/\/i0.wp.com\/agrund.com\/wp-content\/uploads\/sites\/6\/2022\/08\/agrund-tenis-nespresso-borra-cafe-2.jpeg?w=600&amp;ssl=1 600w, https:\/\/i0.wp.com\/agrund.com\/wp-content\/uploads\/sites\/6\/2022\/08\/agrund-tenis-nespresso-borra-cafe-2.jpeg?resize=282%2C300&amp;ssl=1 282w\" sizes=\"(max-width: 600px) 100vw, 600px\" data-recalc-dims=\"1\" \/><figcaption>Nespresso lan\u00e7a t\u00eanis feito com borra de caf\u00e9 reciclado<\/figcaption><\/figure><\/div>\n\n\n\n<p>Fotos: Divulga\u00e7\u00e3o\/ Nespresso. <\/p>\n","protected":false},"excerpt":{"rendered":"<p>A Nespresso inovou ainda mais em seus lan\u00e7amentos e desenvolveu uma cole\u00e7\u00e3o de t\u00eanis em parceria com a startup de moda sustent\u00e1vel Z\u00e8ta, conhecida por sua proposta vegana e zero-waste. Inspirada nos princ\u00edpios da marca de redu\u00e7\u00e3o do impacto ambiental, os modelos foram confeccionados a partir da borra de caf\u00e9 reciclado. Sim, isso foi poss\u00edvel! [&hellip;]<\/p>\n","protected":false},"author":8,"featured_media":225005,"comment_status":"open","ping_status":"open","sticky":false,"template":"","format":"standard","meta":{"jetpack_post_was_ever_published":false,"_jetpack_newsletter_access":"","jetpack_publicize_message":"","jetpack_is_tweetstorm":false,"jetpack_publicize_feature_enabled":true,"jetpack_social_post_already_shared":true,"jetpack_social_options":{"image_generator_settings":{"template":"highway","enabled":false}}},"categories":[2],"tags":[395,375,1315,347,67,525,2836,362,424,363,862],"jetpack_publicize_connections":[],"jetpack_featured_media_url":"https:\/\/i0.wp.com\/agrund.com\/wp-content\/uploads\/sites\/6\/2022\/08\/ss-1.jpg?fit=960%2C300&ssl=1","jetpack_sharing_enabled":true,"jetpack_shortlink":"https:\/\/wp.me\/p3Hz0n-Wx4","jetpack_likes_enabled":true,"_links":{"self":[{"href":"https:\/\/agrund.com\/index.php\/wp-json\/wp\/v2\/posts\/225002"}],"collection":[{"href":"https:\/\/agrund.com\/index.php\/wp-json\/wp\/v2\/posts"}],"about":[{"href":"https:\/\/agrund.com\/index.php\/wp-json\/wp\/v2\/types\/post"}],"author":[{"embeddable":true,"href":"https:\/\/agrund.com\/index.php\/wp-json\/wp\/v2\/users\/8"}],"replies":[{"embeddable":true,"href":"https:\/\/agrund.com\/index.php\/wp-json\/wp\/v2\/comments?post=225002"}],"version-history":[{"count":1,"href":"https:\/\/agrund.com\/index.php\/wp-json\/wp\/v2\/posts\/225002\/revisions"}],"predecessor-version":[{"id":225006,"href":"https:\/\/agrund.com\/index.php\/wp-json\/wp\/v2\/posts\/225002\/revisions\/225006"}],"wp:featuredmedia":[{"embeddable":true,"href":"https:\/\/agrund.com\/index.php\/wp-json\/wp\/v2\/media\/225005"}],"wp:attachment":[{"href":"https:\/\/agrund.com\/index.php\/wp-json\/wp\/v2\/media?parent=225002"}],"wp:term":[{"taxonomy":"category","embeddable":true,"href":"https:\/\/agrund.com\/index.php\/wp-json\/wp\/v2\/categories?post=225002"},{"taxonomy":"post_tag","embeddable":true,"href":"https:\/\/agrund.com\/index.php\/wp-json\/wp\/v2\/tags?post=225002"}],"curies":[{"name":"wp","href":"https:\/\/api.w.org\/{rel}","templated":true}]}}