{"id":224385,"date":"2022-07-08T15:00:00","date_gmt":"2022-07-08T18:00:00","guid":{"rendered":"https:\/\/agrund.com\/?p=224385"},"modified":"2022-07-08T13:21:50","modified_gmt":"2022-07-08T16:21:50","slug":"50a-casa-de-criadores-o-manifestar-protagonista-de-monica-anjos","status":"publish","type":"post","link":"https:\/\/agrund.com\/index.php\/50a-casa-de-criadores-o-manifestar-protagonista-de-monica-anjos\/","title":{"rendered":"50\u00aa Casa de Criadores :: O manifestar protagonista de M\u00f4nica Anjos"},"content":{"rendered":"\n<p>Por Arlindo Grund e Lari Mariano<\/p>\n\n\n\n<p>Mais uma vez, os desfiles da Casa de Criadores mostram que o espa\u00e7o n\u00e3o \u00e9 apenas de uma moda que veste, mas dessa que faz do ato de vestir uma comunica\u00e7\u00e3o de pautas que precisam ser trazidas com protagonismo.<\/p>\n\n\n\n<p>\u00c9 o que faz M\u00f4nica Anjos ao ocupar os espa\u00e7os com modelos que incluem desde frases \u00e0 assimetria que destaca brilho, cor e movimento, ao mesmo tempo que se retrata quase como segunda pele.<\/p>\n\n\n\n<p>A pele que se habita para coexistir nesse tempo \u2014 e que se permite dizer sua mensagem. Uma apresenta\u00e7\u00e3o forte e cheia de significados. Uma cole\u00e7\u00e3o, uma mensagem para refletir.<\/p>\n\n\n\n<div class=\"wp-block-image\"><figure class=\"aligncenter size-full\"><img data-attachment-id=\"224386\" data-permalink=\"https:\/\/agrund.com\/index.php\/50a-casa-de-criadores-o-manifestar-protagonista-de-monica-anjos\/agrund-casa-de-criadores-monica_anjos-1\/\" data-orig-file=\"https:\/\/i0.wp.com\/agrund.com\/wp-content\/uploads\/sites\/6\/2022\/07\/agrund-casa-de-criadores-monica_anjos-1.jpg?fit=600%2C750&amp;ssl=1\" data-orig-size=\"600,750\" data-comments-opened=\"1\" data-image-meta=\"{&quot;aperture&quot;:&quot;0&quot;,&quot;credit&quot;:&quot;Marcelo Soubhia\\\/ @agfotosite&quot;,&quot;camera&quot;:&quot;&quot;,&quot;caption&quot;:&quot;Monica Anjos_\\rCasa de Criadores #50_\\r07\\\/07\\\/2022\\r\\rFoto: Marcelo Soubhia\\\/ @agfotosite&quot;,&quot;created_timestamp&quot;:&quot;1657248380&quot;,&quot;copyright&quot;:&quot;Marcelo Soubhia\\\/ @agfotosite&quot;,&quot;focal_length&quot;:&quot;0&quot;,&quot;iso&quot;:&quot;0&quot;,&quot;shutter_speed&quot;:&quot;0&quot;,&quot;title&quot;:&quot;&quot;,&quot;orientation&quot;:&quot;1&quot;}\" data-image-title=\"agrund-casa-de-criadores-monica_anjos-1\" data-image-description=\"\" data-image-caption=\"&lt;p&gt;Monica Anjos_&lt;br \/&gt;\nCasa de Criadores #50_&lt;br \/&gt;\n07\/07\/2022&lt;\/p&gt;\n&lt;p&gt;Foto: Marcelo Soubhia\/ @agfotosite&lt;\/p&gt;\n\" data-medium-file=\"https:\/\/i0.wp.com\/agrund.com\/wp-content\/uploads\/sites\/6\/2022\/07\/agrund-casa-de-criadores-monica_anjos-1.jpg?fit=240%2C300&amp;ssl=1\" data-large-file=\"https:\/\/i0.wp.com\/agrund.com\/wp-content\/uploads\/sites\/6\/2022\/07\/agrund-casa-de-criadores-monica_anjos-1.jpg?fit=600%2C750&amp;ssl=1\" decoding=\"async\" loading=\"lazy\" width=\"600\" height=\"750\" src=\"https:\/\/i0.wp.com\/agrund.com\/wp-content\/uploads\/sites\/6\/2022\/07\/agrund-casa-de-criadores-monica_anjos-1.jpg?resize=600%2C750&#038;ssl=1\" alt=\"\" class=\"wp-image-224386\" srcset=\"https:\/\/i0.wp.com\/agrund.com\/wp-content\/uploads\/sites\/6\/2022\/07\/agrund-casa-de-criadores-monica_anjos-1.jpg?w=600&amp;ssl=1 600w, https:\/\/i0.wp.com\/agrund.com\/wp-content\/uploads\/sites\/6\/2022\/07\/agrund-casa-de-criadores-monica_anjos-1.jpg?resize=240%2C300&amp;ssl=1 240w\" sizes=\"(max-width: 600px) 100vw, 600px\" data-recalc-dims=\"1\" \/><figcaption>50\u00aa Casa de Criadores :: O manifestar protagonista de M\u00f4nica Anjos<\/figcaption><\/figure><\/div>\n\n\n\n<div class=\"wp-block-image\"><figure class=\"aligncenter size-full\"><img data-attachment-id=\"224387\" data-permalink=\"https:\/\/agrund.com\/index.php\/50a-casa-de-criadores-o-manifestar-protagonista-de-monica-anjos\/agrund-casa-de-criadores-monica_anjos-2\/\" data-orig-file=\"https:\/\/i0.wp.com\/agrund.com\/wp-content\/uploads\/sites\/6\/2022\/07\/agrund-casa-de-criadores-monica_anjos-2.jpg?fit=600%2C750&amp;ssl=1\" data-orig-size=\"600,750\" data-comments-opened=\"1\" data-image-meta=\"{&quot;aperture&quot;:&quot;0&quot;,&quot;credit&quot;:&quot;Marcelo Soubhia\\\/ @agfotosite&quot;,&quot;camera&quot;:&quot;&quot;,&quot;caption&quot;:&quot;Monica Anjos_\\rCasa de Criadores #50_\\r07\\\/07\\\/2022\\r\\rFoto: Marcelo Soubhia\\\/ @agfotosite&quot;,&quot;created_timestamp&quot;:&quot;1657248384&quot;,&quot;copyright&quot;:&quot;Marcelo Soubhia\\\/ @agfotosite&quot;,&quot;focal_length&quot;:&quot;0&quot;,&quot;iso&quot;:&quot;0&quot;,&quot;shutter_speed&quot;:&quot;0&quot;,&quot;title&quot;:&quot;&quot;,&quot;orientation&quot;:&quot;1&quot;}\" data-image-title=\"agrund-casa-de-criadores-monica_anjos-2\" data-image-description=\"\" data-image-caption=\"&lt;p&gt;Monica Anjos_&lt;br \/&gt;\nCasa de Criadores #50_&lt;br \/&gt;\n07\/07\/2022&lt;\/p&gt;\n&lt;p&gt;Foto: Marcelo Soubhia\/ @agfotosite&lt;\/p&gt;\n\" data-medium-file=\"https:\/\/i0.wp.com\/agrund.com\/wp-content\/uploads\/sites\/6\/2022\/07\/agrund-casa-de-criadores-monica_anjos-2.jpg?fit=240%2C300&amp;ssl=1\" data-large-file=\"https:\/\/i0.wp.com\/agrund.com\/wp-content\/uploads\/sites\/6\/2022\/07\/agrund-casa-de-criadores-monica_anjos-2.jpg?fit=600%2C750&amp;ssl=1\" decoding=\"async\" loading=\"lazy\" width=\"600\" height=\"750\" src=\"https:\/\/i0.wp.com\/agrund.com\/wp-content\/uploads\/sites\/6\/2022\/07\/agrund-casa-de-criadores-monica_anjos-2.jpg?resize=600%2C750&#038;ssl=1\" alt=\"\" class=\"wp-image-224387\" srcset=\"https:\/\/i0.wp.com\/agrund.com\/wp-content\/uploads\/sites\/6\/2022\/07\/agrund-casa-de-criadores-monica_anjos-2.jpg?w=600&amp;ssl=1 600w, https:\/\/i0.wp.com\/agrund.com\/wp-content\/uploads\/sites\/6\/2022\/07\/agrund-casa-de-criadores-monica_anjos-2.jpg?resize=240%2C300&amp;ssl=1 240w\" sizes=\"(max-width: 600px) 100vw, 600px\" data-recalc-dims=\"1\" \/><figcaption>50\u00aa Casa de Criadores :: O manifestar protagonista de M\u00f4nica Anjos<\/figcaption><\/figure><\/div>\n\n\n\n<div class=\"wp-block-image\"><figure class=\"aligncenter size-full\"><img data-attachment-id=\"224388\" data-permalink=\"https:\/\/agrund.com\/index.php\/50a-casa-de-criadores-o-manifestar-protagonista-de-monica-anjos\/agrund-casa-de-criadores-monica_anjos-3\/\" data-orig-file=\"https:\/\/i0.wp.com\/agrund.com\/wp-content\/uploads\/sites\/6\/2022\/07\/agrund-casa-de-criadores-monica_anjos-3.jpg?fit=600%2C750&amp;ssl=1\" data-orig-size=\"600,750\" data-comments-opened=\"1\" data-image-meta=\"{&quot;aperture&quot;:&quot;0&quot;,&quot;credit&quot;:&quot;Marcelo Soubhia\\\/ @agfotosite&quot;,&quot;camera&quot;:&quot;&quot;,&quot;caption&quot;:&quot;Monica Anjos_\\rCasa de Criadores #50_\\r07\\\/07\\\/2022\\r\\rFoto: Marcelo Soubhia\\\/ @agfotosite&quot;,&quot;created_timestamp&quot;:&quot;1657248387&quot;,&quot;copyright&quot;:&quot;Marcelo Soubhia\\\/ @agfotosite&quot;,&quot;focal_length&quot;:&quot;0&quot;,&quot;iso&quot;:&quot;0&quot;,&quot;shutter_speed&quot;:&quot;0&quot;,&quot;title&quot;:&quot;&quot;,&quot;orientation&quot;:&quot;1&quot;}\" data-image-title=\"agrund-casa-de-criadores-monica_anjos-3\" data-image-description=\"\" data-image-caption=\"&lt;p&gt;Monica Anjos_&lt;br \/&gt;\nCasa de Criadores #50_&lt;br \/&gt;\n07\/07\/2022&lt;\/p&gt;\n&lt;p&gt;Foto: Marcelo Soubhia\/ @agfotosite&lt;\/p&gt;\n\" data-medium-file=\"https:\/\/i0.wp.com\/agrund.com\/wp-content\/uploads\/sites\/6\/2022\/07\/agrund-casa-de-criadores-monica_anjos-3.jpg?fit=240%2C300&amp;ssl=1\" data-large-file=\"https:\/\/i0.wp.com\/agrund.com\/wp-content\/uploads\/sites\/6\/2022\/07\/agrund-casa-de-criadores-monica_anjos-3.jpg?fit=600%2C750&amp;ssl=1\" decoding=\"async\" loading=\"lazy\" width=\"600\" height=\"750\" src=\"https:\/\/i0.wp.com\/agrund.com\/wp-content\/uploads\/sites\/6\/2022\/07\/agrund-casa-de-criadores-monica_anjos-3.jpg?resize=600%2C750&#038;ssl=1\" alt=\"\" class=\"wp-image-224388\" srcset=\"https:\/\/i0.wp.com\/agrund.com\/wp-content\/uploads\/sites\/6\/2022\/07\/agrund-casa-de-criadores-monica_anjos-3.jpg?w=600&amp;ssl=1 600w, https:\/\/i0.wp.com\/agrund.com\/wp-content\/uploads\/sites\/6\/2022\/07\/agrund-casa-de-criadores-monica_anjos-3.jpg?resize=240%2C300&amp;ssl=1 240w\" sizes=\"(max-width: 600px) 100vw, 600px\" data-recalc-dims=\"1\" \/><figcaption>50\u00aa Casa de Criadores :: O manifestar protagonista de M\u00f4nica Anjos<\/figcaption><\/figure><\/div>\n\n\n\n<div class=\"wp-block-image\"><figure class=\"aligncenter size-full\"><img data-attachment-id=\"224389\" data-permalink=\"https:\/\/agrund.com\/index.php\/50a-casa-de-criadores-o-manifestar-protagonista-de-monica-anjos\/agrund-casa-de-criadores-monica_anjos-4\/\" data-orig-file=\"https:\/\/i0.wp.com\/agrund.com\/wp-content\/uploads\/sites\/6\/2022\/07\/agrund-casa-de-criadores-monica_anjos-4.jpg?fit=600%2C750&amp;ssl=1\" data-orig-size=\"600,750\" data-comments-opened=\"1\" data-image-meta=\"{&quot;aperture&quot;:&quot;0&quot;,&quot;credit&quot;:&quot;Marcelo Soubhia\\\/ @agfotosite&quot;,&quot;camera&quot;:&quot;&quot;,&quot;caption&quot;:&quot;Monica Anjos_\\rCasa de Criadores #50_\\r07\\\/07\\\/2022\\r\\rFoto: Marcelo Soubhia\\\/ @agfotosite&quot;,&quot;created_timestamp&quot;:&quot;1657248391&quot;,&quot;copyright&quot;:&quot;Marcelo Soubhia\\\/ @agfotosite&quot;,&quot;focal_length&quot;:&quot;0&quot;,&quot;iso&quot;:&quot;0&quot;,&quot;shutter_speed&quot;:&quot;0&quot;,&quot;title&quot;:&quot;&quot;,&quot;orientation&quot;:&quot;1&quot;}\" data-image-title=\"agrund-casa-de-criadores-monica_anjos-4\" data-image-description=\"\" data-image-caption=\"&lt;p&gt;Monica Anjos_&lt;br \/&gt;\nCasa de Criadores #50_&lt;br \/&gt;\n07\/07\/2022&lt;\/p&gt;\n&lt;p&gt;Foto: Marcelo Soubhia\/ @agfotosite&lt;\/p&gt;\n\" data-medium-file=\"https:\/\/i0.wp.com\/agrund.com\/wp-content\/uploads\/sites\/6\/2022\/07\/agrund-casa-de-criadores-monica_anjos-4.jpg?fit=240%2C300&amp;ssl=1\" data-large-file=\"https:\/\/i0.wp.com\/agrund.com\/wp-content\/uploads\/sites\/6\/2022\/07\/agrund-casa-de-criadores-monica_anjos-4.jpg?fit=600%2C750&amp;ssl=1\" decoding=\"async\" loading=\"lazy\" width=\"600\" height=\"750\" src=\"https:\/\/i0.wp.com\/agrund.com\/wp-content\/uploads\/sites\/6\/2022\/07\/agrund-casa-de-criadores-monica_anjos-4.jpg?resize=600%2C750&#038;ssl=1\" alt=\"\" class=\"wp-image-224389\" srcset=\"https:\/\/i0.wp.com\/agrund.com\/wp-content\/uploads\/sites\/6\/2022\/07\/agrund-casa-de-criadores-monica_anjos-4.jpg?w=600&amp;ssl=1 600w, https:\/\/i0.wp.com\/agrund.com\/wp-content\/uploads\/sites\/6\/2022\/07\/agrund-casa-de-criadores-monica_anjos-4.jpg?resize=240%2C300&amp;ssl=1 240w\" sizes=\"(max-width: 600px) 100vw, 600px\" data-recalc-dims=\"1\" \/><figcaption>50\u00aa Casa de Criadores :: O manifestar protagonista de M\u00f4nica Anjos<\/figcaption><\/figure><\/div>\n\n\n\n<div class=\"wp-block-image\"><figure class=\"aligncenter size-full\"><img data-attachment-id=\"224390\" data-permalink=\"https:\/\/agrund.com\/index.php\/50a-casa-de-criadores-o-manifestar-protagonista-de-monica-anjos\/agrund-casa-de-criadores-monica_anjos-5\/\" data-orig-file=\"https:\/\/i0.wp.com\/agrund.com\/wp-content\/uploads\/sites\/6\/2022\/07\/agrund-casa-de-criadores-monica_anjos-5.jpg?fit=600%2C750&amp;ssl=1\" data-orig-size=\"600,750\" data-comments-opened=\"1\" data-image-meta=\"{&quot;aperture&quot;:&quot;0&quot;,&quot;credit&quot;:&quot;Marcelo Soubhia\\\/ @agfotosite&quot;,&quot;camera&quot;:&quot;&quot;,&quot;caption&quot;:&quot;Monica Anjos_\\rCasa de Criadores #50_\\r07\\\/07\\\/2022\\r\\rFoto: Marcelo Soubhia\\\/ @agfotosite&quot;,&quot;created_timestamp&quot;:&quot;1657248392&quot;,&quot;copyright&quot;:&quot;Marcelo Soubhia\\\/ @agfotosite&quot;,&quot;focal_length&quot;:&quot;0&quot;,&quot;iso&quot;:&quot;0&quot;,&quot;shutter_speed&quot;:&quot;0&quot;,&quot;title&quot;:&quot;&quot;,&quot;orientation&quot;:&quot;1&quot;}\" data-image-title=\"agrund-casa-de-criadores-monica_anjos-5\" data-image-description=\"\" data-image-caption=\"&lt;p&gt;Monica Anjos_&lt;br \/&gt;\nCasa de Criadores #50_&lt;br \/&gt;\n07\/07\/2022&lt;\/p&gt;\n&lt;p&gt;Foto: Marcelo Soubhia\/ @agfotosite&lt;\/p&gt;\n\" data-medium-file=\"https:\/\/i0.wp.com\/agrund.com\/wp-content\/uploads\/sites\/6\/2022\/07\/agrund-casa-de-criadores-monica_anjos-5.jpg?fit=240%2C300&amp;ssl=1\" data-large-file=\"https:\/\/i0.wp.com\/agrund.com\/wp-content\/uploads\/sites\/6\/2022\/07\/agrund-casa-de-criadores-monica_anjos-5.jpg?fit=600%2C750&amp;ssl=1\" decoding=\"async\" loading=\"lazy\" width=\"600\" height=\"750\" src=\"https:\/\/i0.wp.com\/agrund.com\/wp-content\/uploads\/sites\/6\/2022\/07\/agrund-casa-de-criadores-monica_anjos-5.jpg?resize=600%2C750&#038;ssl=1\" alt=\"\" class=\"wp-image-224390\" srcset=\"https:\/\/i0.wp.com\/agrund.com\/wp-content\/uploads\/sites\/6\/2022\/07\/agrund-casa-de-criadores-monica_anjos-5.jpg?w=600&amp;ssl=1 600w, https:\/\/i0.wp.com\/agrund.com\/wp-content\/uploads\/sites\/6\/2022\/07\/agrund-casa-de-criadores-monica_anjos-5.jpg?resize=240%2C300&amp;ssl=1 240w\" sizes=\"(max-width: 600px) 100vw, 600px\" data-recalc-dims=\"1\" \/><figcaption>50\u00aa Casa de Criadores :: O manifestar protagonista de M\u00f4nica Anjos<\/figcaption><\/figure><\/div>\n\n\n\n<div class=\"wp-block-image\"><figure class=\"aligncenter size-full\"><img data-attachment-id=\"224391\" data-permalink=\"https:\/\/agrund.com\/index.php\/50a-casa-de-criadores-o-manifestar-protagonista-de-monica-anjos\/agrund-casa-de-criadores-monica_anjos-6\/\" data-orig-file=\"https:\/\/i0.wp.com\/agrund.com\/wp-content\/uploads\/sites\/6\/2022\/07\/agrund-casa-de-criadores-monica_anjos-6.jpg?fit=600%2C750&amp;ssl=1\" data-orig-size=\"600,750\" data-comments-opened=\"1\" data-image-meta=\"{&quot;aperture&quot;:&quot;0&quot;,&quot;credit&quot;:&quot;Marcelo Soubhia\\\/ @agfotosite&quot;,&quot;camera&quot;:&quot;&quot;,&quot;caption&quot;:&quot;Monica Anjos_\\rCasa de Criadores #50_\\r07\\\/07\\\/2022\\r\\rFoto: Marcelo Soubhia\\\/ @agfotosite&quot;,&quot;created_timestamp&quot;:&quot;1657248396&quot;,&quot;copyright&quot;:&quot;Marcelo Soubhia\\\/ @agfotosite&quot;,&quot;focal_length&quot;:&quot;0&quot;,&quot;iso&quot;:&quot;0&quot;,&quot;shutter_speed&quot;:&quot;0&quot;,&quot;title&quot;:&quot;&quot;,&quot;orientation&quot;:&quot;1&quot;}\" data-image-title=\"agrund-casa-de-criadores-monica_anjos-6\" data-image-description=\"\" data-image-caption=\"&lt;p&gt;Monica Anjos_&lt;br \/&gt;\nCasa de Criadores #50_&lt;br \/&gt;\n07\/07\/2022&lt;\/p&gt;\n&lt;p&gt;Foto: Marcelo Soubhia\/ @agfotosite&lt;\/p&gt;\n\" data-medium-file=\"https:\/\/i0.wp.com\/agrund.com\/wp-content\/uploads\/sites\/6\/2022\/07\/agrund-casa-de-criadores-monica_anjos-6.jpg?fit=240%2C300&amp;ssl=1\" data-large-file=\"https:\/\/i0.wp.com\/agrund.com\/wp-content\/uploads\/sites\/6\/2022\/07\/agrund-casa-de-criadores-monica_anjos-6.jpg?fit=600%2C750&amp;ssl=1\" decoding=\"async\" loading=\"lazy\" width=\"600\" height=\"750\" src=\"https:\/\/i0.wp.com\/agrund.com\/wp-content\/uploads\/sites\/6\/2022\/07\/agrund-casa-de-criadores-monica_anjos-6.jpg?resize=600%2C750&#038;ssl=1\" alt=\"\" class=\"wp-image-224391\" srcset=\"https:\/\/i0.wp.com\/agrund.com\/wp-content\/uploads\/sites\/6\/2022\/07\/agrund-casa-de-criadores-monica_anjos-6.jpg?w=600&amp;ssl=1 600w, https:\/\/i0.wp.com\/agrund.com\/wp-content\/uploads\/sites\/6\/2022\/07\/agrund-casa-de-criadores-monica_anjos-6.jpg?resize=240%2C300&amp;ssl=1 240w\" sizes=\"(max-width: 600px) 100vw, 600px\" data-recalc-dims=\"1\" \/><figcaption>50\u00aa Casa de Criadores :: O manifestar protagonista de M\u00f4nica Anjos<\/figcaption><\/figure><\/div>\n\n\n\n<div class=\"wp-block-image\"><figure class=\"aligncenter size-full\"><img data-attachment-id=\"224392\" data-permalink=\"https:\/\/agrund.com\/index.php\/50a-casa-de-criadores-o-manifestar-protagonista-de-monica-anjos\/agrund-casa-de-criadores-monica_anjos-7\/\" data-orig-file=\"https:\/\/i0.wp.com\/agrund.com\/wp-content\/uploads\/sites\/6\/2022\/07\/agrund-casa-de-criadores-monica_anjos-7.jpg?fit=600%2C750&amp;ssl=1\" data-orig-size=\"600,750\" data-comments-opened=\"1\" data-image-meta=\"{&quot;aperture&quot;:&quot;0&quot;,&quot;credit&quot;:&quot;Marcelo Soubhia\\\/ @agfotosite&quot;,&quot;camera&quot;:&quot;&quot;,&quot;caption&quot;:&quot;Monica Anjos_\\rCasa de Criadores #50_\\r07\\\/07\\\/2022\\r\\rFoto: Marcelo Soubhia\\\/ @agfotosite&quot;,&quot;created_timestamp&quot;:&quot;1657248405&quot;,&quot;copyright&quot;:&quot;Marcelo Soubhia\\\/ @agfotosite&quot;,&quot;focal_length&quot;:&quot;0&quot;,&quot;iso&quot;:&quot;0&quot;,&quot;shutter_speed&quot;:&quot;0&quot;,&quot;title&quot;:&quot;&quot;,&quot;orientation&quot;:&quot;1&quot;}\" data-image-title=\"agrund-casa-de-criadores-monica_anjos-7\" data-image-description=\"\" data-image-caption=\"&lt;p&gt;Monica Anjos_&lt;br \/&gt;\nCasa de Criadores #50_&lt;br \/&gt;\n07\/07\/2022&lt;\/p&gt;\n&lt;p&gt;Foto: Marcelo Soubhia\/ @agfotosite&lt;\/p&gt;\n\" data-medium-file=\"https:\/\/i0.wp.com\/agrund.com\/wp-content\/uploads\/sites\/6\/2022\/07\/agrund-casa-de-criadores-monica_anjos-7.jpg?fit=240%2C300&amp;ssl=1\" data-large-file=\"https:\/\/i0.wp.com\/agrund.com\/wp-content\/uploads\/sites\/6\/2022\/07\/agrund-casa-de-criadores-monica_anjos-7.jpg?fit=600%2C750&amp;ssl=1\" decoding=\"async\" loading=\"lazy\" width=\"600\" height=\"750\" src=\"https:\/\/i0.wp.com\/agrund.com\/wp-content\/uploads\/sites\/6\/2022\/07\/agrund-casa-de-criadores-monica_anjos-7.jpg?resize=600%2C750&#038;ssl=1\" alt=\"\" class=\"wp-image-224392\" srcset=\"https:\/\/i0.wp.com\/agrund.com\/wp-content\/uploads\/sites\/6\/2022\/07\/agrund-casa-de-criadores-monica_anjos-7.jpg?w=600&amp;ssl=1 600w, https:\/\/i0.wp.com\/agrund.com\/wp-content\/uploads\/sites\/6\/2022\/07\/agrund-casa-de-criadores-monica_anjos-7.jpg?resize=240%2C300&amp;ssl=1 240w\" sizes=\"(max-width: 600px) 100vw, 600px\" data-recalc-dims=\"1\" \/><figcaption>50\u00aa Casa de Criadores :: O manifestar protagonista de M\u00f4nica Anjos<\/figcaption><\/figure><\/div>\n\n\n\n<div class=\"wp-block-image\"><figure class=\"aligncenter size-full\"><img data-attachment-id=\"224393\" data-permalink=\"https:\/\/agrund.com\/index.php\/50a-casa-de-criadores-o-manifestar-protagonista-de-monica-anjos\/agrund-casa-de-criadores-monica_anjos-8\/\" data-orig-file=\"https:\/\/i0.wp.com\/agrund.com\/wp-content\/uploads\/sites\/6\/2022\/07\/agrund-casa-de-criadores-monica_anjos-8.jpg?fit=600%2C750&amp;ssl=1\" data-orig-size=\"600,750\" data-comments-opened=\"1\" data-image-meta=\"{&quot;aperture&quot;:&quot;0&quot;,&quot;credit&quot;:&quot;Marcelo Soubhia\\\/ @agfotosite&quot;,&quot;camera&quot;:&quot;&quot;,&quot;caption&quot;:&quot;Monica Anjos_\\rCasa de Criadores #50_\\r07\\\/07\\\/2022\\r\\rFoto: Marcelo Soubhia\\\/ @agfotosite&quot;,&quot;created_timestamp&quot;:&quot;1657248417&quot;,&quot;copyright&quot;:&quot;Marcelo Soubhia\\\/ @agfotosite&quot;,&quot;focal_length&quot;:&quot;0&quot;,&quot;iso&quot;:&quot;0&quot;,&quot;shutter_speed&quot;:&quot;0&quot;,&quot;title&quot;:&quot;&quot;,&quot;orientation&quot;:&quot;1&quot;}\" data-image-title=\"agrund-casa-de-criadores-monica_anjos-8\" data-image-description=\"\" data-image-caption=\"&lt;p&gt;Monica Anjos_&lt;br \/&gt;\nCasa de Criadores #50_&lt;br \/&gt;\n07\/07\/2022&lt;\/p&gt;\n&lt;p&gt;Foto: Marcelo Soubhia\/ @agfotosite&lt;\/p&gt;\n\" data-medium-file=\"https:\/\/i0.wp.com\/agrund.com\/wp-content\/uploads\/sites\/6\/2022\/07\/agrund-casa-de-criadores-monica_anjos-8.jpg?fit=240%2C300&amp;ssl=1\" data-large-file=\"https:\/\/i0.wp.com\/agrund.com\/wp-content\/uploads\/sites\/6\/2022\/07\/agrund-casa-de-criadores-monica_anjos-8.jpg?fit=600%2C750&amp;ssl=1\" decoding=\"async\" loading=\"lazy\" width=\"600\" height=\"750\" src=\"https:\/\/i0.wp.com\/agrund.com\/wp-content\/uploads\/sites\/6\/2022\/07\/agrund-casa-de-criadores-monica_anjos-8.jpg?resize=600%2C750&#038;ssl=1\" alt=\"\" class=\"wp-image-224393\" srcset=\"https:\/\/i0.wp.com\/agrund.com\/wp-content\/uploads\/sites\/6\/2022\/07\/agrund-casa-de-criadores-monica_anjos-8.jpg?w=600&amp;ssl=1 600w, https:\/\/i0.wp.com\/agrund.com\/wp-content\/uploads\/sites\/6\/2022\/07\/agrund-casa-de-criadores-monica_anjos-8.jpg?resize=240%2C300&amp;ssl=1 240w\" sizes=\"(max-width: 600px) 100vw, 600px\" data-recalc-dims=\"1\" \/><figcaption>50\u00aa Casa de Criadores :: O manifestar protagonista de M\u00f4nica Anjos<\/figcaption><\/figure><\/div>\n\n\n\n<div class=\"wp-block-image\"><figure class=\"aligncenter size-full\"><img data-attachment-id=\"224394\" data-permalink=\"https:\/\/agrund.com\/index.php\/50a-casa-de-criadores-o-manifestar-protagonista-de-monica-anjos\/agrund-casa-de-criadores-monica_anjos-9\/\" data-orig-file=\"https:\/\/i0.wp.com\/agrund.com\/wp-content\/uploads\/sites\/6\/2022\/07\/agrund-casa-de-criadores-monica_anjos-9.jpg?fit=600%2C750&amp;ssl=1\" data-orig-size=\"600,750\" data-comments-opened=\"1\" data-image-meta=\"{&quot;aperture&quot;:&quot;0&quot;,&quot;credit&quot;:&quot;Marcelo Soubhia\\\/ @agfotosite&quot;,&quot;camera&quot;:&quot;&quot;,&quot;caption&quot;:&quot;Monica Anjos_\\rCasa de Criadores #50_\\r07\\\/07\\\/2022\\r\\rFoto: Marcelo Soubhia\\\/ @agfotosite&quot;,&quot;created_timestamp&quot;:&quot;1657248421&quot;,&quot;copyright&quot;:&quot;Marcelo Soubhia\\\/ @agfotosite&quot;,&quot;focal_length&quot;:&quot;0&quot;,&quot;iso&quot;:&quot;0&quot;,&quot;shutter_speed&quot;:&quot;0&quot;,&quot;title&quot;:&quot;&quot;,&quot;orientation&quot;:&quot;1&quot;}\" data-image-title=\"agrund-casa-de-criadores-monica_anjos-9\" data-image-description=\"\" data-image-caption=\"&lt;p&gt;Monica Anjos_&lt;br \/&gt;\nCasa de Criadores #50_&lt;br \/&gt;\n07\/07\/2022&lt;\/p&gt;\n&lt;p&gt;Foto: Marcelo Soubhia\/ @agfotosite&lt;\/p&gt;\n\" data-medium-file=\"https:\/\/i0.wp.com\/agrund.com\/wp-content\/uploads\/sites\/6\/2022\/07\/agrund-casa-de-criadores-monica_anjos-9.jpg?fit=240%2C300&amp;ssl=1\" data-large-file=\"https:\/\/i0.wp.com\/agrund.com\/wp-content\/uploads\/sites\/6\/2022\/07\/agrund-casa-de-criadores-monica_anjos-9.jpg?fit=600%2C750&amp;ssl=1\" decoding=\"async\" loading=\"lazy\" width=\"600\" height=\"750\" src=\"https:\/\/i0.wp.com\/agrund.com\/wp-content\/uploads\/sites\/6\/2022\/07\/agrund-casa-de-criadores-monica_anjos-9.jpg?resize=600%2C750&#038;ssl=1\" alt=\"\" class=\"wp-image-224394\" srcset=\"https:\/\/i0.wp.com\/agrund.com\/wp-content\/uploads\/sites\/6\/2022\/07\/agrund-casa-de-criadores-monica_anjos-9.jpg?w=600&amp;ssl=1 600w, https:\/\/i0.wp.com\/agrund.com\/wp-content\/uploads\/sites\/6\/2022\/07\/agrund-casa-de-criadores-monica_anjos-9.jpg?resize=240%2C300&amp;ssl=1 240w\" sizes=\"(max-width: 600px) 100vw, 600px\" data-recalc-dims=\"1\" \/><figcaption>50\u00aa Casa de Criadores :: O manifestar protagonista de M\u00f4nica Anjos<\/figcaption><\/figure><\/div>\n\n\n\n<p>Fotos: Divulga\u00e7\u00e3o\/ Marcelo Soubhia\/ @agfotosite.<\/p>\n","protected":false},"excerpt":{"rendered":"<p>Por Arlindo Grund e Lari Mariano Mais uma vez, os desfiles da Casa de Criadores mostram que o espa\u00e7o n\u00e3o \u00e9 apenas de uma moda que veste, mas dessa que faz do ato de vestir uma comunica\u00e7\u00e3o de pautas que precisam ser trazidas com protagonismo. \u00c9 o que faz M\u00f4nica Anjos ao ocupar os espa\u00e7os [&hellip;]<\/p>\n","protected":false},"author":8,"featured_media":224395,"comment_status":"open","ping_status":"open","sticky":false,"template":"","format":"standard","meta":{"jetpack_post_was_ever_published":false,"_jetpack_newsletter_access":"","jetpack_publicize_message":"","jetpack_is_tweetstorm":false,"jetpack_publicize_feature_enabled":true,"jetpack_social_post_already_shared":true,"jetpack_social_options":{"image_generator_settings":{"template":"highway","enabled":false}}},"categories":[9,2],"tags":[395,375,373,64,423,347,67,525,148,3274,424,862],"jetpack_publicize_connections":[],"jetpack_featured_media_url":"https:\/\/i0.wp.com\/agrund.com\/wp-content\/uploads\/sites\/6\/2022\/07\/s-15.jpg?fit=960%2C300&ssl=1","jetpack_sharing_enabled":true,"jetpack_shortlink":"https:\/\/wp.me\/p3Hz0n-Wn7","jetpack_likes_enabled":true,"_links":{"self":[{"href":"https:\/\/agrund.com\/index.php\/wp-json\/wp\/v2\/posts\/224385"}],"collection":[{"href":"https:\/\/agrund.com\/index.php\/wp-json\/wp\/v2\/posts"}],"about":[{"href":"https:\/\/agrund.com\/index.php\/wp-json\/wp\/v2\/types\/post"}],"author":[{"embeddable":true,"href":"https:\/\/agrund.com\/index.php\/wp-json\/wp\/v2\/users\/8"}],"replies":[{"embeddable":true,"href":"https:\/\/agrund.com\/index.php\/wp-json\/wp\/v2\/comments?post=224385"}],"version-history":[{"count":1,"href":"https:\/\/agrund.com\/index.php\/wp-json\/wp\/v2\/posts\/224385\/revisions"}],"predecessor-version":[{"id":224396,"href":"https:\/\/agrund.com\/index.php\/wp-json\/wp\/v2\/posts\/224385\/revisions\/224396"}],"wp:featuredmedia":[{"embeddable":true,"href":"https:\/\/agrund.com\/index.php\/wp-json\/wp\/v2\/media\/224395"}],"wp:attachment":[{"href":"https:\/\/agrund.com\/index.php\/wp-json\/wp\/v2\/media?parent=224385"}],"wp:term":[{"taxonomy":"category","embeddable":true,"href":"https:\/\/agrund.com\/index.php\/wp-json\/wp\/v2\/categories?post=224385"},{"taxonomy":"post_tag","embeddable":true,"href":"https:\/\/agrund.com\/index.php\/wp-json\/wp\/v2\/tags?post=224385"}],"curies":[{"name":"wp","href":"https:\/\/api.w.org\/{rel}","templated":true}]}}