{"id":224374,"date":"2022-07-08T14:00:00","date_gmt":"2022-07-08T17:00:00","guid":{"rendered":"https:\/\/agrund.com\/?p=224374"},"modified":"2022-07-08T13:08:46","modified_gmt":"2022-07-08T16:08:46","slug":"50a-casa-de-criadores-o-urbano-arquitetonico-de-jorge-feitosa","status":"publish","type":"post","link":"https:\/\/agrund.com\/index.php\/50a-casa-de-criadores-o-urbano-arquitetonico-de-jorge-feitosa\/","title":{"rendered":"50\u00aa Casa de Criadores :: O urbano arquitet\u00f4nico de Jorge Feitosa"},"content":{"rendered":"\n<p>Por Arlindo Grund e Lari Mariano<\/p>\n\n\n\n<p>Streetwear com arquitetura \u2014 d\u00e1 para ver que unem-se claramente na proposta que Jorge Feitosa traz \u00e0 sua marca: cores mais vivas que v\u00e3o do coral ao marinho e estampas multicor desenvolvidas exclusivamente.<\/p>\n\n\n\n<p>Nessa passarela, o estilista mescla o oversized das interfer\u00eancias urbanas a um olhar de linhas mais retas e cortes angulares \u2014 uma identidade que aparece do experienciar \u2014 e da execu\u00e7\u00e3o que aqui se traduz no verbo &#8216;acontecer&#8217;.<\/p>\n\n\n\n<p>Conterr\u00e2neo de Pernambuco, ele trouxe uma moda global al\u00e9m de uma preciso no Executar.<\/p>\n\n\n\n<div class=\"wp-block-image\"><figure class=\"aligncenter size-full\"><img data-attachment-id=\"224375\" data-permalink=\"https:\/\/agrund.com\/index.php\/50a-casa-de-criadores-o-urbano-arquitetonico-de-jorge-feitosa\/agrund-casa-de-criadores-jorge_feitosa-1\/\" data-orig-file=\"https:\/\/i0.wp.com\/agrund.com\/wp-content\/uploads\/sites\/6\/2022\/07\/agrund-casa-de-criadores-jorge_feitosa-1.jpg?fit=600%2C750&amp;ssl=1\" data-orig-size=\"600,750\" data-comments-opened=\"1\" data-image-meta=\"{&quot;aperture&quot;:&quot;0&quot;,&quot;credit&quot;:&quot;Marcelo Soubhia\\\/ @agfotosite&quot;,&quot;camera&quot;:&quot;&quot;,&quot;caption&quot;:&quot;Jorge Feitosa_\\rCasa de Criadores #50_\\r07\\\/07\\\/2022\\r\\rFoto: Marcelo Soubhia\\\/ @agfotosite&quot;,&quot;created_timestamp&quot;:&quot;1657248351&quot;,&quot;copyright&quot;:&quot;Marcelo Soubhia\\\/ @agfotosite&quot;,&quot;focal_length&quot;:&quot;0&quot;,&quot;iso&quot;:&quot;0&quot;,&quot;shutter_speed&quot;:&quot;0&quot;,&quot;title&quot;:&quot;&quot;,&quot;orientation&quot;:&quot;1&quot;}\" data-image-title=\"agrund-casa-de-criadores-jorge_feitosa-1\" data-image-description=\"\" data-image-caption=\"&lt;p&gt;Jorge Feitosa_&lt;br \/&gt;\nCasa de Criadores #50_&lt;br \/&gt;\n07\/07\/2022&lt;\/p&gt;\n&lt;p&gt;Foto: Marcelo Soubhia\/ @agfotosite&lt;\/p&gt;\n\" data-medium-file=\"https:\/\/i0.wp.com\/agrund.com\/wp-content\/uploads\/sites\/6\/2022\/07\/agrund-casa-de-criadores-jorge_feitosa-1.jpg?fit=240%2C300&amp;ssl=1\" data-large-file=\"https:\/\/i0.wp.com\/agrund.com\/wp-content\/uploads\/sites\/6\/2022\/07\/agrund-casa-de-criadores-jorge_feitosa-1.jpg?fit=600%2C750&amp;ssl=1\" decoding=\"async\" loading=\"lazy\" width=\"600\" height=\"750\" src=\"https:\/\/i0.wp.com\/agrund.com\/wp-content\/uploads\/sites\/6\/2022\/07\/agrund-casa-de-criadores-jorge_feitosa-1.jpg?resize=600%2C750&#038;ssl=1\" alt=\"\" class=\"wp-image-224375\" srcset=\"https:\/\/i0.wp.com\/agrund.com\/wp-content\/uploads\/sites\/6\/2022\/07\/agrund-casa-de-criadores-jorge_feitosa-1.jpg?w=600&amp;ssl=1 600w, https:\/\/i0.wp.com\/agrund.com\/wp-content\/uploads\/sites\/6\/2022\/07\/agrund-casa-de-criadores-jorge_feitosa-1.jpg?resize=240%2C300&amp;ssl=1 240w\" sizes=\"(max-width: 600px) 100vw, 600px\" data-recalc-dims=\"1\" \/><figcaption>50\u00aa Casa de Criadores :: O urbano arquitet\u00f4nico de Jorge Feitosa<\/figcaption><\/figure><\/div>\n\n\n\n<div class=\"wp-block-image\"><figure class=\"aligncenter size-full\"><img data-attachment-id=\"224376\" data-permalink=\"https:\/\/agrund.com\/index.php\/50a-casa-de-criadores-o-urbano-arquitetonico-de-jorge-feitosa\/agrund-casa-de-criadores-jorge_feitosa-2\/\" data-orig-file=\"https:\/\/i0.wp.com\/agrund.com\/wp-content\/uploads\/sites\/6\/2022\/07\/agrund-casa-de-criadores-jorge_feitosa-2.jpg?fit=600%2C750&amp;ssl=1\" data-orig-size=\"600,750\" data-comments-opened=\"1\" data-image-meta=\"{&quot;aperture&quot;:&quot;0&quot;,&quot;credit&quot;:&quot;Marcelo Soubhia\\\/ @agfotosite&quot;,&quot;camera&quot;:&quot;&quot;,&quot;caption&quot;:&quot;Jorge Feitosa_\\rCasa de Criadores #50_\\r07\\\/07\\\/2022\\r\\rFoto: Marcelo Soubhia\\\/ @agfotosite&quot;,&quot;created_timestamp&quot;:&quot;1657248354&quot;,&quot;copyright&quot;:&quot;Marcelo Soubhia\\\/ @agfotosite&quot;,&quot;focal_length&quot;:&quot;0&quot;,&quot;iso&quot;:&quot;0&quot;,&quot;shutter_speed&quot;:&quot;0&quot;,&quot;title&quot;:&quot;&quot;,&quot;orientation&quot;:&quot;1&quot;}\" data-image-title=\"agrund-casa-de-criadores-jorge_feitosa-2\" data-image-description=\"\" data-image-caption=\"&lt;p&gt;Jorge Feitosa_&lt;br \/&gt;\nCasa de Criadores #50_&lt;br \/&gt;\n07\/07\/2022&lt;\/p&gt;\n&lt;p&gt;Foto: Marcelo Soubhia\/ @agfotosite&lt;\/p&gt;\n\" data-medium-file=\"https:\/\/i0.wp.com\/agrund.com\/wp-content\/uploads\/sites\/6\/2022\/07\/agrund-casa-de-criadores-jorge_feitosa-2.jpg?fit=240%2C300&amp;ssl=1\" data-large-file=\"https:\/\/i0.wp.com\/agrund.com\/wp-content\/uploads\/sites\/6\/2022\/07\/agrund-casa-de-criadores-jorge_feitosa-2.jpg?fit=600%2C750&amp;ssl=1\" decoding=\"async\" loading=\"lazy\" width=\"600\" height=\"750\" src=\"https:\/\/i0.wp.com\/agrund.com\/wp-content\/uploads\/sites\/6\/2022\/07\/agrund-casa-de-criadores-jorge_feitosa-2.jpg?resize=600%2C750&#038;ssl=1\" alt=\"\" class=\"wp-image-224376\" srcset=\"https:\/\/i0.wp.com\/agrund.com\/wp-content\/uploads\/sites\/6\/2022\/07\/agrund-casa-de-criadores-jorge_feitosa-2.jpg?w=600&amp;ssl=1 600w, https:\/\/i0.wp.com\/agrund.com\/wp-content\/uploads\/sites\/6\/2022\/07\/agrund-casa-de-criadores-jorge_feitosa-2.jpg?resize=240%2C300&amp;ssl=1 240w\" sizes=\"(max-width: 600px) 100vw, 600px\" data-recalc-dims=\"1\" \/><figcaption>50\u00aa Casa de Criadores :: O urbano arquitet\u00f4nico de Jorge Feitosa<\/figcaption><\/figure><\/div>\n\n\n\n<div class=\"wp-block-image\"><figure class=\"aligncenter size-full\"><img data-attachment-id=\"224377\" data-permalink=\"https:\/\/agrund.com\/index.php\/50a-casa-de-criadores-o-urbano-arquitetonico-de-jorge-feitosa\/agrund-casa-de-criadores-jorge_feitosa-3\/\" data-orig-file=\"https:\/\/i0.wp.com\/agrund.com\/wp-content\/uploads\/sites\/6\/2022\/07\/agrund-casa-de-criadores-jorge_feitosa-3.jpg?fit=600%2C750&amp;ssl=1\" data-orig-size=\"600,750\" data-comments-opened=\"1\" data-image-meta=\"{&quot;aperture&quot;:&quot;0&quot;,&quot;credit&quot;:&quot;Marcelo Soubhia\\\/ @agfotosite&quot;,&quot;camera&quot;:&quot;&quot;,&quot;caption&quot;:&quot;Jorge Feitosa_\\rCasa de Criadores #50_\\r07\\\/07\\\/2022\\r\\rFoto: Marcelo Soubhia\\\/ @agfotosite&quot;,&quot;created_timestamp&quot;:&quot;1657248355&quot;,&quot;copyright&quot;:&quot;Marcelo Soubhia\\\/ @agfotosite&quot;,&quot;focal_length&quot;:&quot;0&quot;,&quot;iso&quot;:&quot;0&quot;,&quot;shutter_speed&quot;:&quot;0&quot;,&quot;title&quot;:&quot;&quot;,&quot;orientation&quot;:&quot;1&quot;}\" data-image-title=\"agrund-casa-de-criadores-jorge_feitosa-3\" data-image-description=\"\" data-image-caption=\"&lt;p&gt;Jorge Feitosa_&lt;br \/&gt;\nCasa de Criadores #50_&lt;br \/&gt;\n07\/07\/2022&lt;\/p&gt;\n&lt;p&gt;Foto: Marcelo Soubhia\/ @agfotosite&lt;\/p&gt;\n\" data-medium-file=\"https:\/\/i0.wp.com\/agrund.com\/wp-content\/uploads\/sites\/6\/2022\/07\/agrund-casa-de-criadores-jorge_feitosa-3.jpg?fit=240%2C300&amp;ssl=1\" data-large-file=\"https:\/\/i0.wp.com\/agrund.com\/wp-content\/uploads\/sites\/6\/2022\/07\/agrund-casa-de-criadores-jorge_feitosa-3.jpg?fit=600%2C750&amp;ssl=1\" decoding=\"async\" loading=\"lazy\" width=\"600\" height=\"750\" src=\"https:\/\/i0.wp.com\/agrund.com\/wp-content\/uploads\/sites\/6\/2022\/07\/agrund-casa-de-criadores-jorge_feitosa-3.jpg?resize=600%2C750&#038;ssl=1\" alt=\"\" class=\"wp-image-224377\" srcset=\"https:\/\/i0.wp.com\/agrund.com\/wp-content\/uploads\/sites\/6\/2022\/07\/agrund-casa-de-criadores-jorge_feitosa-3.jpg?w=600&amp;ssl=1 600w, https:\/\/i0.wp.com\/agrund.com\/wp-content\/uploads\/sites\/6\/2022\/07\/agrund-casa-de-criadores-jorge_feitosa-3.jpg?resize=240%2C300&amp;ssl=1 240w\" sizes=\"(max-width: 600px) 100vw, 600px\" data-recalc-dims=\"1\" \/><figcaption>50\u00aa Casa de Criadores :: O urbano arquitet\u00f4nico de Jorge Feitosa<\/figcaption><\/figure><\/div>\n\n\n\n<div class=\"wp-block-image\"><figure class=\"aligncenter size-full is-resized\"><img data-attachment-id=\"224378\" data-permalink=\"https:\/\/agrund.com\/index.php\/50a-casa-de-criadores-o-urbano-arquitetonico-de-jorge-feitosa\/agrund-casa-de-criadores-jorge_feitosa-4\/\" data-orig-file=\"https:\/\/i0.wp.com\/agrund.com\/wp-content\/uploads\/sites\/6\/2022\/07\/agrund-casa-de-criadores-jorge_feitosa-4.jpg?fit=600%2C750&amp;ssl=1\" data-orig-size=\"600,750\" data-comments-opened=\"1\" data-image-meta=\"{&quot;aperture&quot;:&quot;0&quot;,&quot;credit&quot;:&quot;Marcelo Soubhia\\\/ @agfotosite&quot;,&quot;camera&quot;:&quot;&quot;,&quot;caption&quot;:&quot;Jorge Feitosa_\\rCasa de Criadores #50_\\r07\\\/07\\\/2022\\r\\rFoto: Marcelo Soubhia\\\/ @agfotosite&quot;,&quot;created_timestamp&quot;:&quot;1657248359&quot;,&quot;copyright&quot;:&quot;Marcelo Soubhia\\\/ @agfotosite&quot;,&quot;focal_length&quot;:&quot;0&quot;,&quot;iso&quot;:&quot;0&quot;,&quot;shutter_speed&quot;:&quot;0&quot;,&quot;title&quot;:&quot;&quot;,&quot;orientation&quot;:&quot;1&quot;}\" data-image-title=\"agrund-casa-de-criadores-jorge_feitosa-4\" data-image-description=\"\" data-image-caption=\"&lt;p&gt;Jorge Feitosa_&lt;br \/&gt;\nCasa de Criadores #50_&lt;br \/&gt;\n07\/07\/2022&lt;\/p&gt;\n&lt;p&gt;Foto: Marcelo Soubhia\/ @agfotosite&lt;\/p&gt;\n\" data-medium-file=\"https:\/\/i0.wp.com\/agrund.com\/wp-content\/uploads\/sites\/6\/2022\/07\/agrund-casa-de-criadores-jorge_feitosa-4.jpg?fit=240%2C300&amp;ssl=1\" data-large-file=\"https:\/\/i0.wp.com\/agrund.com\/wp-content\/uploads\/sites\/6\/2022\/07\/agrund-casa-de-criadores-jorge_feitosa-4.jpg?fit=600%2C750&amp;ssl=1\" decoding=\"async\" loading=\"lazy\" src=\"https:\/\/i0.wp.com\/agrund.com\/wp-content\/uploads\/sites\/6\/2022\/07\/agrund-casa-de-criadores-jorge_feitosa-4.jpg?resize=600%2C750&#038;ssl=1\" alt=\"\" class=\"wp-image-224378\" width=\"600\" height=\"750\" srcset=\"https:\/\/i0.wp.com\/agrund.com\/wp-content\/uploads\/sites\/6\/2022\/07\/agrund-casa-de-criadores-jorge_feitosa-4.jpg?w=600&amp;ssl=1 600w, https:\/\/i0.wp.com\/agrund.com\/wp-content\/uploads\/sites\/6\/2022\/07\/agrund-casa-de-criadores-jorge_feitosa-4.jpg?resize=240%2C300&amp;ssl=1 240w\" sizes=\"(max-width: 600px) 100vw, 600px\" data-recalc-dims=\"1\" \/><figcaption>50\u00aa Casa de Criadores :: O urbano arquitet\u00f4nico de Jorge Feitosa<\/figcaption><\/figure><\/div>\n\n\n\n<div class=\"wp-block-image\"><figure class=\"aligncenter size-full\"><img data-attachment-id=\"224379\" data-permalink=\"https:\/\/agrund.com\/index.php\/50a-casa-de-criadores-o-urbano-arquitetonico-de-jorge-feitosa\/agrund-casa-de-criadores-jorge_feitosa-5\/\" data-orig-file=\"https:\/\/i0.wp.com\/agrund.com\/wp-content\/uploads\/sites\/6\/2022\/07\/agrund-casa-de-criadores-jorge_feitosa-5.jpg?fit=600%2C750&amp;ssl=1\" data-orig-size=\"600,750\" data-comments-opened=\"1\" data-image-meta=\"{&quot;aperture&quot;:&quot;0&quot;,&quot;credit&quot;:&quot;Marcelo Soubhia\\\/ @agfotosite&quot;,&quot;camera&quot;:&quot;&quot;,&quot;caption&quot;:&quot;Jorge Feitosa_\\rCasa de Criadores #50_\\r07\\\/07\\\/2022\\r\\rFoto: Marcelo Soubhia\\\/ @agfotosite&quot;,&quot;created_timestamp&quot;:&quot;1657248362&quot;,&quot;copyright&quot;:&quot;Marcelo Soubhia\\\/ @agfotosite&quot;,&quot;focal_length&quot;:&quot;0&quot;,&quot;iso&quot;:&quot;0&quot;,&quot;shutter_speed&quot;:&quot;0&quot;,&quot;title&quot;:&quot;&quot;,&quot;orientation&quot;:&quot;1&quot;}\" data-image-title=\"agrund-casa-de-criadores-jorge_feitosa-5\" data-image-description=\"\" data-image-caption=\"&lt;p&gt;Jorge Feitosa_&lt;br \/&gt;\nCasa de Criadores #50_&lt;br \/&gt;\n07\/07\/2022&lt;\/p&gt;\n&lt;p&gt;Foto: Marcelo Soubhia\/ @agfotosite&lt;\/p&gt;\n\" data-medium-file=\"https:\/\/i0.wp.com\/agrund.com\/wp-content\/uploads\/sites\/6\/2022\/07\/agrund-casa-de-criadores-jorge_feitosa-5.jpg?fit=240%2C300&amp;ssl=1\" data-large-file=\"https:\/\/i0.wp.com\/agrund.com\/wp-content\/uploads\/sites\/6\/2022\/07\/agrund-casa-de-criadores-jorge_feitosa-5.jpg?fit=600%2C750&amp;ssl=1\" decoding=\"async\" loading=\"lazy\" width=\"600\" height=\"750\" src=\"https:\/\/i0.wp.com\/agrund.com\/wp-content\/uploads\/sites\/6\/2022\/07\/agrund-casa-de-criadores-jorge_feitosa-5.jpg?resize=600%2C750&#038;ssl=1\" alt=\"\" class=\"wp-image-224379\" srcset=\"https:\/\/i0.wp.com\/agrund.com\/wp-content\/uploads\/sites\/6\/2022\/07\/agrund-casa-de-criadores-jorge_feitosa-5.jpg?w=600&amp;ssl=1 600w, https:\/\/i0.wp.com\/agrund.com\/wp-content\/uploads\/sites\/6\/2022\/07\/agrund-casa-de-criadores-jorge_feitosa-5.jpg?resize=240%2C300&amp;ssl=1 240w\" sizes=\"(max-width: 600px) 100vw, 600px\" data-recalc-dims=\"1\" \/><figcaption>50\u00aa Casa de Criadores :: O urbano arquitet\u00f4nico de Jorge Feitosa<\/figcaption><\/figure><\/div>\n\n\n\n<div class=\"wp-block-image\"><figure class=\"aligncenter size-full\"><img data-attachment-id=\"224380\" data-permalink=\"https:\/\/agrund.com\/index.php\/50a-casa-de-criadores-o-urbano-arquitetonico-de-jorge-feitosa\/agrund-casa-de-criadores-jorge_feitosa-6\/\" data-orig-file=\"https:\/\/i0.wp.com\/agrund.com\/wp-content\/uploads\/sites\/6\/2022\/07\/agrund-casa-de-criadores-jorge_feitosa-6.jpg?fit=600%2C750&amp;ssl=1\" data-orig-size=\"600,750\" data-comments-opened=\"1\" data-image-meta=\"{&quot;aperture&quot;:&quot;0&quot;,&quot;credit&quot;:&quot;Marcelo Soubhia\\\/ @agfotosite&quot;,&quot;camera&quot;:&quot;&quot;,&quot;caption&quot;:&quot;Jorge Feitosa_\\rCasa de Criadores #50_\\r07\\\/07\\\/2022\\r\\rFoto: Marcelo Soubhia\\\/ @agfotosite&quot;,&quot;created_timestamp&quot;:&quot;1657248363&quot;,&quot;copyright&quot;:&quot;Marcelo Soubhia\\\/ @agfotosite&quot;,&quot;focal_length&quot;:&quot;0&quot;,&quot;iso&quot;:&quot;0&quot;,&quot;shutter_speed&quot;:&quot;0&quot;,&quot;title&quot;:&quot;&quot;,&quot;orientation&quot;:&quot;1&quot;}\" data-image-title=\"agrund-casa-de-criadores-jorge_feitosa-6\" data-image-description=\"\" data-image-caption=\"&lt;p&gt;Jorge Feitosa_&lt;br \/&gt;\nCasa de Criadores #50_&lt;br \/&gt;\n07\/07\/2022&lt;\/p&gt;\n&lt;p&gt;Foto: Marcelo Soubhia\/ @agfotosite&lt;\/p&gt;\n\" data-medium-file=\"https:\/\/i0.wp.com\/agrund.com\/wp-content\/uploads\/sites\/6\/2022\/07\/agrund-casa-de-criadores-jorge_feitosa-6.jpg?fit=240%2C300&amp;ssl=1\" data-large-file=\"https:\/\/i0.wp.com\/agrund.com\/wp-content\/uploads\/sites\/6\/2022\/07\/agrund-casa-de-criadores-jorge_feitosa-6.jpg?fit=600%2C750&amp;ssl=1\" decoding=\"async\" loading=\"lazy\" width=\"600\" height=\"750\" src=\"https:\/\/i0.wp.com\/agrund.com\/wp-content\/uploads\/sites\/6\/2022\/07\/agrund-casa-de-criadores-jorge_feitosa-6.jpg?resize=600%2C750&#038;ssl=1\" alt=\"\" class=\"wp-image-224380\" srcset=\"https:\/\/i0.wp.com\/agrund.com\/wp-content\/uploads\/sites\/6\/2022\/07\/agrund-casa-de-criadores-jorge_feitosa-6.jpg?w=600&amp;ssl=1 600w, https:\/\/i0.wp.com\/agrund.com\/wp-content\/uploads\/sites\/6\/2022\/07\/agrund-casa-de-criadores-jorge_feitosa-6.jpg?resize=240%2C300&amp;ssl=1 240w\" sizes=\"(max-width: 600px) 100vw, 600px\" data-recalc-dims=\"1\" \/><figcaption>50\u00aa Casa de Criadores :: O urbano arquitet\u00f4nico de Jorge Feitosa<\/figcaption><\/figure><\/div>\n\n\n\n<div class=\"wp-block-image\"><figure class=\"aligncenter size-large\"><img data-attachment-id=\"224381\" data-permalink=\"https:\/\/agrund.com\/index.php\/50a-casa-de-criadores-o-urbano-arquitetonico-de-jorge-feitosa\/agrund-casa-de-criadores-jorge_feitosa-7\/\" data-orig-file=\"https:\/\/i0.wp.com\/agrund.com\/wp-content\/uploads\/sites\/6\/2022\/07\/agrund-casa-de-criadores-jorge_feitosa-7.jpg?fit=600%2C1048&amp;ssl=1\" data-orig-size=\"600,1048\" data-comments-opened=\"1\" data-image-meta=\"{&quot;aperture&quot;:&quot;0&quot;,&quot;credit&quot;:&quot;Marcelo Soubhia\\\/ @agfotosite&quot;,&quot;camera&quot;:&quot;&quot;,&quot;caption&quot;:&quot;Jorge Feitosa_\\rCasa de Criadores #50_\\r07\\\/07\\\/2022\\r\\rFoto: Marcelo Soubhia\\\/ @agfotosite&quot;,&quot;created_timestamp&quot;:&quot;1657248366&quot;,&quot;copyright&quot;:&quot;Marcelo Soubhia\\\/ @agfotosite&quot;,&quot;focal_length&quot;:&quot;0&quot;,&quot;iso&quot;:&quot;0&quot;,&quot;shutter_speed&quot;:&quot;0&quot;,&quot;title&quot;:&quot;&quot;,&quot;orientation&quot;:&quot;1&quot;}\" data-image-title=\"agrund-casa-de-criadores-jorge_feitosa-7\" data-image-description=\"\" data-image-caption=\"&lt;p&gt;Jorge Feitosa_&lt;br \/&gt;\nCasa de Criadores #50_&lt;br \/&gt;\n07\/07\/2022&lt;\/p&gt;\n&lt;p&gt;Foto: Marcelo Soubhia\/ @agfotosite&lt;\/p&gt;\n\" data-medium-file=\"https:\/\/i0.wp.com\/agrund.com\/wp-content\/uploads\/sites\/6\/2022\/07\/agrund-casa-de-criadores-jorge_feitosa-7.jpg?fit=172%2C300&amp;ssl=1\" data-large-file=\"https:\/\/i0.wp.com\/agrund.com\/wp-content\/uploads\/sites\/6\/2022\/07\/agrund-casa-de-criadores-jorge_feitosa-7.jpg?fit=586%2C1024&amp;ssl=1\" decoding=\"async\" loading=\"lazy\" width=\"586\" height=\"1024\" src=\"https:\/\/i0.wp.com\/agrund.com\/wp-content\/uploads\/sites\/6\/2022\/07\/agrund-casa-de-criadores-jorge_feitosa-7.jpg?resize=586%2C1024&#038;ssl=1\" alt=\"\" class=\"wp-image-224381\" srcset=\"https:\/\/i0.wp.com\/agrund.com\/wp-content\/uploads\/sites\/6\/2022\/07\/agrund-casa-de-criadores-jorge_feitosa-7.jpg?resize=586%2C1024&amp;ssl=1 586w, https:\/\/i0.wp.com\/agrund.com\/wp-content\/uploads\/sites\/6\/2022\/07\/agrund-casa-de-criadores-jorge_feitosa-7.jpg?resize=172%2C300&amp;ssl=1 172w, https:\/\/i0.wp.com\/agrund.com\/wp-content\/uploads\/sites\/6\/2022\/07\/agrund-casa-de-criadores-jorge_feitosa-7.jpg?w=600&amp;ssl=1 600w\" sizes=\"(max-width: 586px) 100vw, 586px\" data-recalc-dims=\"1\" \/><figcaption>50\u00aa Casa de Criadores :: O urbano arquitet\u00f4nico de Jorge Feitosa<\/figcaption><\/figure><\/div>\n\n\n\n<div class=\"wp-block-image\"><figure class=\"aligncenter size-full\"><img data-attachment-id=\"224382\" data-permalink=\"https:\/\/agrund.com\/index.php\/50a-casa-de-criadores-o-urbano-arquitetonico-de-jorge-feitosa\/agrund-casa-de-criadores-jorge_feitosa-8\/\" data-orig-file=\"https:\/\/i0.wp.com\/agrund.com\/wp-content\/uploads\/sites\/6\/2022\/07\/agrund-casa-de-criadores-jorge_feitosa-8.jpg?fit=600%2C750&amp;ssl=1\" data-orig-size=\"600,750\" data-comments-opened=\"1\" data-image-meta=\"{&quot;aperture&quot;:&quot;0&quot;,&quot;credit&quot;:&quot;Marcelo Soubhia\\\/ @agfotosite&quot;,&quot;camera&quot;:&quot;&quot;,&quot;caption&quot;:&quot;Jorge Feitosa_\\rCasa de Criadores #50_\\r07\\\/07\\\/2022\\r\\rFoto: Marcelo Soubhia\\\/ @agfotosite&quot;,&quot;created_timestamp&quot;:&quot;1657248371&quot;,&quot;copyright&quot;:&quot;Marcelo Soubhia\\\/ @agfotosite&quot;,&quot;focal_length&quot;:&quot;0&quot;,&quot;iso&quot;:&quot;0&quot;,&quot;shutter_speed&quot;:&quot;0&quot;,&quot;title&quot;:&quot;&quot;,&quot;orientation&quot;:&quot;1&quot;}\" data-image-title=\"agrund-casa-de-criadores-jorge_feitosa-8\" data-image-description=\"\" data-image-caption=\"&lt;p&gt;Jorge Feitosa_&lt;br \/&gt;\nCasa de Criadores #50_&lt;br \/&gt;\n07\/07\/2022&lt;\/p&gt;\n&lt;p&gt;Foto: Marcelo Soubhia\/ @agfotosite&lt;\/p&gt;\n\" data-medium-file=\"https:\/\/i0.wp.com\/agrund.com\/wp-content\/uploads\/sites\/6\/2022\/07\/agrund-casa-de-criadores-jorge_feitosa-8.jpg?fit=240%2C300&amp;ssl=1\" data-large-file=\"https:\/\/i0.wp.com\/agrund.com\/wp-content\/uploads\/sites\/6\/2022\/07\/agrund-casa-de-criadores-jorge_feitosa-8.jpg?fit=600%2C750&amp;ssl=1\" decoding=\"async\" loading=\"lazy\" width=\"600\" height=\"750\" src=\"https:\/\/i0.wp.com\/agrund.com\/wp-content\/uploads\/sites\/6\/2022\/07\/agrund-casa-de-criadores-jorge_feitosa-8.jpg?resize=600%2C750&#038;ssl=1\" alt=\"\" class=\"wp-image-224382\" srcset=\"https:\/\/i0.wp.com\/agrund.com\/wp-content\/uploads\/sites\/6\/2022\/07\/agrund-casa-de-criadores-jorge_feitosa-8.jpg?w=600&amp;ssl=1 600w, https:\/\/i0.wp.com\/agrund.com\/wp-content\/uploads\/sites\/6\/2022\/07\/agrund-casa-de-criadores-jorge_feitosa-8.jpg?resize=240%2C300&amp;ssl=1 240w\" sizes=\"(max-width: 600px) 100vw, 600px\" data-recalc-dims=\"1\" \/><figcaption>50\u00aa Casa de Criadores :: O urbano arquitet\u00f4nico de Jorge Feitosa<\/figcaption><\/figure><\/div>\n\n\n\n<p>Fotos: Divulga\u00e7\u00e3o\/ Marcelo Soubhia\/ @agfotosite.<\/p>\n","protected":false},"excerpt":{"rendered":"<p>Por Arlindo Grund e Lari Mariano Streetwear com arquitetura \u2014 d\u00e1 para ver que unem-se claramente na proposta que Jorge Feitosa traz \u00e0 sua marca: cores mais vivas que v\u00e3o do coral ao marinho e estampas multicor desenvolvidas exclusivamente. Nessa passarela, o estilista mescla o oversized das interfer\u00eancias urbanas a um olhar de linhas mais [&hellip;]<\/p>\n","protected":false},"author":8,"featured_media":224383,"comment_status":"open","ping_status":"open","sticky":false,"template":"","format":"standard","meta":{"jetpack_post_was_ever_published":false,"_jetpack_newsletter_access":"","jetpack_publicize_message":"","jetpack_is_tweetstorm":false,"jetpack_publicize_feature_enabled":true,"jetpack_social_post_already_shared":true,"jetpack_social_options":{"image_generator_settings":{"template":"highway","enabled":false}}},"categories":[9,2],"tags":[395,375,373,423,347,2941,67,525,148,424,862],"jetpack_publicize_connections":[],"jetpack_featured_media_url":"https:\/\/i0.wp.com\/agrund.com\/wp-content\/uploads\/sites\/6\/2022\/07\/s-14.jpg?fit=960%2C300&ssl=1","jetpack_sharing_enabled":true,"jetpack_shortlink":"https:\/\/wp.me\/p3Hz0n-WmW","jetpack_likes_enabled":true,"_links":{"self":[{"href":"https:\/\/agrund.com\/index.php\/wp-json\/wp\/v2\/posts\/224374"}],"collection":[{"href":"https:\/\/agrund.com\/index.php\/wp-json\/wp\/v2\/posts"}],"about":[{"href":"https:\/\/agrund.com\/index.php\/wp-json\/wp\/v2\/types\/post"}],"author":[{"embeddable":true,"href":"https:\/\/agrund.com\/index.php\/wp-json\/wp\/v2\/users\/8"}],"replies":[{"embeddable":true,"href":"https:\/\/agrund.com\/index.php\/wp-json\/wp\/v2\/comments?post=224374"}],"version-history":[{"count":1,"href":"https:\/\/agrund.com\/index.php\/wp-json\/wp\/v2\/posts\/224374\/revisions"}],"predecessor-version":[{"id":224384,"href":"https:\/\/agrund.com\/index.php\/wp-json\/wp\/v2\/posts\/224374\/revisions\/224384"}],"wp:featuredmedia":[{"embeddable":true,"href":"https:\/\/agrund.com\/index.php\/wp-json\/wp\/v2\/media\/224383"}],"wp:attachment":[{"href":"https:\/\/agrund.com\/index.php\/wp-json\/wp\/v2\/media?parent=224374"}],"wp:term":[{"taxonomy":"category","embeddable":true,"href":"https:\/\/agrund.com\/index.php\/wp-json\/wp\/v2\/categories?post=224374"},{"taxonomy":"post_tag","embeddable":true,"href":"https:\/\/agrund.com\/index.php\/wp-json\/wp\/v2\/tags?post=224374"}],"curies":[{"name":"wp","href":"https:\/\/api.w.org\/{rel}","templated":true}]}}