{"id":224339,"date":"2022-07-08T13:00:00","date_gmt":"2022-07-08T16:00:00","guid":{"rendered":"https:\/\/agrund.com\/?p=224339"},"modified":"2022-07-08T12:57:41","modified_gmt":"2022-07-08T15:57:41","slug":"50a-casa-de-criadores-a-diversidade-do-2o-desafio-sou-de-algodao","status":"publish","type":"post","link":"https:\/\/agrund.com\/index.php\/50a-casa-de-criadores-a-diversidade-do-2o-desafio-sou-de-algodao\/","title":{"rendered":"50\u00aa Casa de Criadores :: A diversidade do 2\u00ba desafio Sou de Algod\u00e3o"},"content":{"rendered":"\n<p>Por Arlindo Grund e Lari Mariano<\/p>\n\n\n\n<p>Christian Sato veio com pe\u00e7as de refer\u00eancia streetwear, modelagens mais amplas, trabalhando padronagens geom\u00e9tricas em tons mais s\u00f3brios, tudo dentro de um aspecto que parecia flertar com o futurista.<\/p>\n\n\n\n<div class=\"wp-block-image\"><figure class=\"aligncenter size-full\"><img data-attachment-id=\"224340\" data-permalink=\"https:\/\/agrund.com\/index.php\/50a-casa-de-criadores-a-diversidade-do-2o-desafio-sou-de-algodao\/agrund-casa-de-criadores-sou-de-algodao-cristian_sato-1\/\" data-orig-file=\"https:\/\/i0.wp.com\/agrund.com\/wp-content\/uploads\/sites\/6\/2022\/07\/agrund-casa-de-criadores-sou-de-algodao-cristian_sato-1.jpg?fit=600%2C750&amp;ssl=1\" data-orig-size=\"600,750\" data-comments-opened=\"1\" data-image-meta=\"{&quot;aperture&quot;:&quot;0&quot;,&quot;credit&quot;:&quot;Marcelo Soubhia\\\/ @agfotosite&quot;,&quot;camera&quot;:&quot;&quot;,&quot;caption&quot;:&quot;Cristian Sato_Sou de Algodao_\\rCasa de Criadores #50_\\r07\\\/07\\\/2022\\r\\rFoto: Marcelo Soubhia\\\/ @agfotosite&quot;,&quot;created_timestamp&quot;:&quot;1657248258&quot;,&quot;copyright&quot;:&quot;Marcelo Soubhia\\\/ @agfotosite&quot;,&quot;focal_length&quot;:&quot;0&quot;,&quot;iso&quot;:&quot;0&quot;,&quot;shutter_speed&quot;:&quot;0&quot;,&quot;title&quot;:&quot;&quot;,&quot;orientation&quot;:&quot;1&quot;}\" data-image-title=\"agrund-casa-de-criadores-sou-de-algodao-cristian_sato-1\" data-image-description=\"\" data-image-caption=\"&lt;p&gt;Cristian Sato_Sou de Algodao_&lt;br \/&gt;\nCasa de Criadores #50_&lt;br \/&gt;\n07\/07\/2022&lt;\/p&gt;\n&lt;p&gt;Foto: Marcelo Soubhia\/ @agfotosite&lt;\/p&gt;\n\" data-medium-file=\"https:\/\/i0.wp.com\/agrund.com\/wp-content\/uploads\/sites\/6\/2022\/07\/agrund-casa-de-criadores-sou-de-algodao-cristian_sato-1.jpg?fit=240%2C300&amp;ssl=1\" data-large-file=\"https:\/\/i0.wp.com\/agrund.com\/wp-content\/uploads\/sites\/6\/2022\/07\/agrund-casa-de-criadores-sou-de-algodao-cristian_sato-1.jpg?fit=600%2C750&amp;ssl=1\" decoding=\"async\" loading=\"lazy\" width=\"600\" height=\"750\" src=\"https:\/\/i0.wp.com\/agrund.com\/wp-content\/uploads\/sites\/6\/2022\/07\/agrund-casa-de-criadores-sou-de-algodao-cristian_sato-1.jpg?resize=600%2C750&#038;ssl=1\" alt=\"\" class=\"wp-image-224340\" srcset=\"https:\/\/i0.wp.com\/agrund.com\/wp-content\/uploads\/sites\/6\/2022\/07\/agrund-casa-de-criadores-sou-de-algodao-cristian_sato-1.jpg?w=600&amp;ssl=1 600w, https:\/\/i0.wp.com\/agrund.com\/wp-content\/uploads\/sites\/6\/2022\/07\/agrund-casa-de-criadores-sou-de-algodao-cristian_sato-1.jpg?resize=240%2C300&amp;ssl=1 240w\" sizes=\"(max-width: 600px) 100vw, 600px\" data-recalc-dims=\"1\" \/><figcaption>Christian Sato<\/figcaption><\/figure><\/div>\n\n\n\n<div class=\"wp-block-image\"><figure class=\"aligncenter size-full\"><img data-attachment-id=\"224341\" data-permalink=\"https:\/\/agrund.com\/index.php\/50a-casa-de-criadores-a-diversidade-do-2o-desafio-sou-de-algodao\/agrund-casa-de-criadores-sou-de-algodao-cristian_sato-2\/\" data-orig-file=\"https:\/\/i0.wp.com\/agrund.com\/wp-content\/uploads\/sites\/6\/2022\/07\/agrund-casa-de-criadores-sou-de-algodao-cristian_sato-2.jpg?fit=600%2C750&amp;ssl=1\" data-orig-size=\"600,750\" data-comments-opened=\"1\" data-image-meta=\"{&quot;aperture&quot;:&quot;0&quot;,&quot;credit&quot;:&quot;Marcelo Soubhia\\\/ @agfotosite&quot;,&quot;camera&quot;:&quot;&quot;,&quot;caption&quot;:&quot;Cristian Sato_Sou de Algodao_\\rCasa de Criadores #50_\\r07\\\/07\\\/2022\\r\\rFoto: Marcelo Soubhia\\\/ @agfotosite&quot;,&quot;created_timestamp&quot;:&quot;1657248261&quot;,&quot;copyright&quot;:&quot;Marcelo Soubhia\\\/ @agfotosite&quot;,&quot;focal_length&quot;:&quot;0&quot;,&quot;iso&quot;:&quot;0&quot;,&quot;shutter_speed&quot;:&quot;0&quot;,&quot;title&quot;:&quot;&quot;,&quot;orientation&quot;:&quot;1&quot;}\" data-image-title=\"agrund-casa-de-criadores-sou-de-algodao-cristian_sato-2\" data-image-description=\"\" data-image-caption=\"&lt;p&gt;Cristian Sato_Sou de Algodao_&lt;br \/&gt;\nCasa de Criadores #50_&lt;br \/&gt;\n07\/07\/2022&lt;\/p&gt;\n&lt;p&gt;Foto: Marcelo Soubhia\/ @agfotosite&lt;\/p&gt;\n\" data-medium-file=\"https:\/\/i0.wp.com\/agrund.com\/wp-content\/uploads\/sites\/6\/2022\/07\/agrund-casa-de-criadores-sou-de-algodao-cristian_sato-2.jpg?fit=240%2C300&amp;ssl=1\" data-large-file=\"https:\/\/i0.wp.com\/agrund.com\/wp-content\/uploads\/sites\/6\/2022\/07\/agrund-casa-de-criadores-sou-de-algodao-cristian_sato-2.jpg?fit=600%2C750&amp;ssl=1\" decoding=\"async\" loading=\"lazy\" width=\"600\" height=\"750\" src=\"https:\/\/i0.wp.com\/agrund.com\/wp-content\/uploads\/sites\/6\/2022\/07\/agrund-casa-de-criadores-sou-de-algodao-cristian_sato-2.jpg?resize=600%2C750&#038;ssl=1\" alt=\"\" class=\"wp-image-224341\" srcset=\"https:\/\/i0.wp.com\/agrund.com\/wp-content\/uploads\/sites\/6\/2022\/07\/agrund-casa-de-criadores-sou-de-algodao-cristian_sato-2.jpg?w=600&amp;ssl=1 600w, https:\/\/i0.wp.com\/agrund.com\/wp-content\/uploads\/sites\/6\/2022\/07\/agrund-casa-de-criadores-sou-de-algodao-cristian_sato-2.jpg?resize=240%2C300&amp;ssl=1 240w\" sizes=\"(max-width: 600px) 100vw, 600px\" data-recalc-dims=\"1\" \/><figcaption>Christian Sato<\/figcaption><\/figure><\/div>\n\n\n\n<div class=\"wp-block-image\"><figure class=\"aligncenter size-full\"><img data-attachment-id=\"224342\" data-permalink=\"https:\/\/agrund.com\/index.php\/50a-casa-de-criadores-a-diversidade-do-2o-desafio-sou-de-algodao\/agrund-casa-de-criadores-sou-de-algodao-cristian_sato-3\/\" data-orig-file=\"https:\/\/i0.wp.com\/agrund.com\/wp-content\/uploads\/sites\/6\/2022\/07\/agrund-casa-de-criadores-sou-de-algodao-cristian_sato-3.jpg?fit=600%2C750&amp;ssl=1\" data-orig-size=\"600,750\" data-comments-opened=\"1\" data-image-meta=\"{&quot;aperture&quot;:&quot;0&quot;,&quot;credit&quot;:&quot;Marcelo Soubhia\\\/ @agfotosite&quot;,&quot;camera&quot;:&quot;&quot;,&quot;caption&quot;:&quot;Cristian Sato_Sou de Algodao_\\rCasa de Criadores #50_\\r07\\\/07\\\/2022\\r\\rFoto: Marcelo Soubhia\\\/ @agfotosite&quot;,&quot;created_timestamp&quot;:&quot;1657248264&quot;,&quot;copyright&quot;:&quot;Marcelo Soubhia\\\/ @agfotosite&quot;,&quot;focal_length&quot;:&quot;0&quot;,&quot;iso&quot;:&quot;0&quot;,&quot;shutter_speed&quot;:&quot;0&quot;,&quot;title&quot;:&quot;&quot;,&quot;orientation&quot;:&quot;1&quot;}\" data-image-title=\"agrund-casa-de-criadores-sou-de-algodao-cristian_sato-3\" data-image-description=\"\" data-image-caption=\"&lt;p&gt;Cristian Sato_Sou de Algodao_&lt;br \/&gt;\nCasa de Criadores #50_&lt;br \/&gt;\n07\/07\/2022&lt;\/p&gt;\n&lt;p&gt;Foto: Marcelo Soubhia\/ @agfotosite&lt;\/p&gt;\n\" data-medium-file=\"https:\/\/i0.wp.com\/agrund.com\/wp-content\/uploads\/sites\/6\/2022\/07\/agrund-casa-de-criadores-sou-de-algodao-cristian_sato-3.jpg?fit=240%2C300&amp;ssl=1\" data-large-file=\"https:\/\/i0.wp.com\/agrund.com\/wp-content\/uploads\/sites\/6\/2022\/07\/agrund-casa-de-criadores-sou-de-algodao-cristian_sato-3.jpg?fit=600%2C750&amp;ssl=1\" decoding=\"async\" loading=\"lazy\" width=\"600\" height=\"750\" src=\"https:\/\/i0.wp.com\/agrund.com\/wp-content\/uploads\/sites\/6\/2022\/07\/agrund-casa-de-criadores-sou-de-algodao-cristian_sato-3.jpg?resize=600%2C750&#038;ssl=1\" alt=\"\" class=\"wp-image-224342\" srcset=\"https:\/\/i0.wp.com\/agrund.com\/wp-content\/uploads\/sites\/6\/2022\/07\/agrund-casa-de-criadores-sou-de-algodao-cristian_sato-3.jpg?w=600&amp;ssl=1 600w, https:\/\/i0.wp.com\/agrund.com\/wp-content\/uploads\/sites\/6\/2022\/07\/agrund-casa-de-criadores-sou-de-algodao-cristian_sato-3.jpg?resize=240%2C300&amp;ssl=1 240w\" sizes=\"(max-width: 600px) 100vw, 600px\" data-recalc-dims=\"1\" \/><figcaption>Christian Sato<\/figcaption><\/figure><\/div>\n\n\n\n<div class=\"wp-block-image\"><figure class=\"aligncenter size-full\"><img data-attachment-id=\"224343\" data-permalink=\"https:\/\/agrund.com\/index.php\/50a-casa-de-criadores-a-diversidade-do-2o-desafio-sou-de-algodao\/agrund-casa-de-criadores-sou-de-algodao-cristian_sato-4\/\" data-orig-file=\"https:\/\/i0.wp.com\/agrund.com\/wp-content\/uploads\/sites\/6\/2022\/07\/agrund-casa-de-criadores-sou-de-algodao-cristian_sato-4.jpg?fit=600%2C750&amp;ssl=1\" data-orig-size=\"600,750\" data-comments-opened=\"1\" data-image-meta=\"{&quot;aperture&quot;:&quot;0&quot;,&quot;credit&quot;:&quot;Marcelo Soubhia\\\/ @agfotosite&quot;,&quot;camera&quot;:&quot;&quot;,&quot;caption&quot;:&quot;Cristian Sato_Sou de Algodao_\\rCasa de Criadores #50_\\r07\\\/07\\\/2022\\r\\rFoto: Marcelo Soubhia\\\/ @agfotosite&quot;,&quot;created_timestamp&quot;:&quot;1657248327&quot;,&quot;copyright&quot;:&quot;Marcelo Soubhia\\\/ @agfotosite&quot;,&quot;focal_length&quot;:&quot;0&quot;,&quot;iso&quot;:&quot;0&quot;,&quot;shutter_speed&quot;:&quot;0&quot;,&quot;title&quot;:&quot;&quot;,&quot;orientation&quot;:&quot;1&quot;}\" data-image-title=\"agrund-casa-de-criadores-sou-de-algodao-cristian_sato-4\" data-image-description=\"\" data-image-caption=\"&lt;p&gt;Cristian Sato_Sou de Algodao_&lt;br \/&gt;\nCasa de Criadores #50_&lt;br \/&gt;\n07\/07\/2022&lt;\/p&gt;\n&lt;p&gt;Foto: Marcelo Soubhia\/ @agfotosite&lt;\/p&gt;\n\" data-medium-file=\"https:\/\/i0.wp.com\/agrund.com\/wp-content\/uploads\/sites\/6\/2022\/07\/agrund-casa-de-criadores-sou-de-algodao-cristian_sato-4.jpg?fit=240%2C300&amp;ssl=1\" data-large-file=\"https:\/\/i0.wp.com\/agrund.com\/wp-content\/uploads\/sites\/6\/2022\/07\/agrund-casa-de-criadores-sou-de-algodao-cristian_sato-4.jpg?fit=600%2C750&amp;ssl=1\" decoding=\"async\" loading=\"lazy\" width=\"600\" height=\"750\" src=\"https:\/\/i0.wp.com\/agrund.com\/wp-content\/uploads\/sites\/6\/2022\/07\/agrund-casa-de-criadores-sou-de-algodao-cristian_sato-4.jpg?resize=600%2C750&#038;ssl=1\" alt=\"\" class=\"wp-image-224343\" srcset=\"https:\/\/i0.wp.com\/agrund.com\/wp-content\/uploads\/sites\/6\/2022\/07\/agrund-casa-de-criadores-sou-de-algodao-cristian_sato-4.jpg?w=600&amp;ssl=1 600w, https:\/\/i0.wp.com\/agrund.com\/wp-content\/uploads\/sites\/6\/2022\/07\/agrund-casa-de-criadores-sou-de-algodao-cristian_sato-4.jpg?resize=240%2C300&amp;ssl=1 240w\" sizes=\"(max-width: 600px) 100vw, 600px\" data-recalc-dims=\"1\" \/><figcaption>Christian Sato<\/figcaption><\/figure><\/div>\n\n\n\n<p><\/p>\n\n\n\n<p>Esron Candeia trouxe sua leitura de um rom\u00e2ntico que se mescla \u00e0 contemporaneidade. Em tons de rosa e vermelho, aparecem mangas bufantes, tecidos leves e esvoa\u00e7antes e recortes estrat\u00e9gicos, sempre com a figura do cora\u00e7\u00e3o.<\/p>\n\n\n\n<div class=\"wp-block-image\"><figure class=\"aligncenter size-full\"><img data-attachment-id=\"224344\" data-permalink=\"https:\/\/agrund.com\/index.php\/50a-casa-de-criadores-a-diversidade-do-2o-desafio-sou-de-algodao\/agrund-casa-de-criadores-sou-de-algodao-ezron-1\/\" data-orig-file=\"https:\/\/i0.wp.com\/agrund.com\/wp-content\/uploads\/sites\/6\/2022\/07\/agrund-casa-de-criadores-sou-de-algodao-ezron-1.jpg?fit=600%2C750&amp;ssl=1\" data-orig-size=\"600,750\" data-comments-opened=\"1\" data-image-meta=\"{&quot;aperture&quot;:&quot;0&quot;,&quot;credit&quot;:&quot;Marcelo Soubhia\\\/ @agfotosite&quot;,&quot;camera&quot;:&quot;&quot;,&quot;caption&quot;:&quot;Esron Candeia_Sou de Algodao_\\rCasa de Criadores #50_\\r07\\\/07\\\/2022\\r\\rFoto: Marcelo Soubhia\\\/ @agfotosite&quot;,&quot;created_timestamp&quot;:&quot;1657248267&quot;,&quot;copyright&quot;:&quot;Marcelo Soubhia\\\/ @agfotosite&quot;,&quot;focal_length&quot;:&quot;0&quot;,&quot;iso&quot;:&quot;0&quot;,&quot;shutter_speed&quot;:&quot;0&quot;,&quot;title&quot;:&quot;&quot;,&quot;orientation&quot;:&quot;1&quot;}\" data-image-title=\"agrund-casa-de-criadores-sou-de-algodao-ezron-1\" data-image-description=\"\" data-image-caption=\"&lt;p&gt;Esron Candeia_Sou de Algodao_&lt;br \/&gt;\nCasa de Criadores #50_&lt;br \/&gt;\n07\/07\/2022&lt;\/p&gt;\n&lt;p&gt;Foto: Marcelo Soubhia\/ @agfotosite&lt;\/p&gt;\n\" data-medium-file=\"https:\/\/i0.wp.com\/agrund.com\/wp-content\/uploads\/sites\/6\/2022\/07\/agrund-casa-de-criadores-sou-de-algodao-ezron-1.jpg?fit=240%2C300&amp;ssl=1\" data-large-file=\"https:\/\/i0.wp.com\/agrund.com\/wp-content\/uploads\/sites\/6\/2022\/07\/agrund-casa-de-criadores-sou-de-algodao-ezron-1.jpg?fit=600%2C750&amp;ssl=1\" decoding=\"async\" loading=\"lazy\" width=\"600\" height=\"750\" src=\"https:\/\/i0.wp.com\/agrund.com\/wp-content\/uploads\/sites\/6\/2022\/07\/agrund-casa-de-criadores-sou-de-algodao-ezron-1.jpg?resize=600%2C750&#038;ssl=1\" alt=\"\" class=\"wp-image-224344\" srcset=\"https:\/\/i0.wp.com\/agrund.com\/wp-content\/uploads\/sites\/6\/2022\/07\/agrund-casa-de-criadores-sou-de-algodao-ezron-1.jpg?w=600&amp;ssl=1 600w, https:\/\/i0.wp.com\/agrund.com\/wp-content\/uploads\/sites\/6\/2022\/07\/agrund-casa-de-criadores-sou-de-algodao-ezron-1.jpg?resize=240%2C300&amp;ssl=1 240w\" sizes=\"(max-width: 600px) 100vw, 600px\" data-recalc-dims=\"1\" \/><figcaption>Esron Candeia<\/figcaption><\/figure><\/div>\n\n\n\n<div class=\"wp-block-image\"><figure class=\"aligncenter size-full\"><img data-attachment-id=\"224345\" data-permalink=\"https:\/\/agrund.com\/index.php\/50a-casa-de-criadores-a-diversidade-do-2o-desafio-sou-de-algodao\/agrund-casa-de-criadores-sou-de-algodao-ezron-2\/\" data-orig-file=\"https:\/\/i0.wp.com\/agrund.com\/wp-content\/uploads\/sites\/6\/2022\/07\/agrund-casa-de-criadores-sou-de-algodao-ezron-2.jpg?fit=600%2C750&amp;ssl=1\" data-orig-size=\"600,750\" data-comments-opened=\"1\" data-image-meta=\"{&quot;aperture&quot;:&quot;0&quot;,&quot;credit&quot;:&quot;Marcelo Soubhia\\\/ @agfotosite&quot;,&quot;camera&quot;:&quot;&quot;,&quot;caption&quot;:&quot;Esron Candeia_Sou de Algodao_\\rCasa de Criadores #50_\\r07\\\/07\\\/2022\\r\\rFoto: Marcelo Soubhia\\\/ @agfotosite&quot;,&quot;created_timestamp&quot;:&quot;1657248270&quot;,&quot;copyright&quot;:&quot;Marcelo Soubhia\\\/ @agfotosite&quot;,&quot;focal_length&quot;:&quot;0&quot;,&quot;iso&quot;:&quot;0&quot;,&quot;shutter_speed&quot;:&quot;0&quot;,&quot;title&quot;:&quot;&quot;,&quot;orientation&quot;:&quot;1&quot;}\" data-image-title=\"agrund-casa-de-criadores-sou-de-algodao-ezron-2\" data-image-description=\"\" data-image-caption=\"&lt;p&gt;Esron Candeia_Sou de Algodao_&lt;br \/&gt;\nCasa de Criadores #50_&lt;br \/&gt;\n07\/07\/2022&lt;\/p&gt;\n&lt;p&gt;Foto: Marcelo Soubhia\/ @agfotosite&lt;\/p&gt;\n\" data-medium-file=\"https:\/\/i0.wp.com\/agrund.com\/wp-content\/uploads\/sites\/6\/2022\/07\/agrund-casa-de-criadores-sou-de-algodao-ezron-2.jpg?fit=240%2C300&amp;ssl=1\" data-large-file=\"https:\/\/i0.wp.com\/agrund.com\/wp-content\/uploads\/sites\/6\/2022\/07\/agrund-casa-de-criadores-sou-de-algodao-ezron-2.jpg?fit=600%2C750&amp;ssl=1\" decoding=\"async\" loading=\"lazy\" width=\"600\" height=\"750\" src=\"https:\/\/i0.wp.com\/agrund.com\/wp-content\/uploads\/sites\/6\/2022\/07\/agrund-casa-de-criadores-sou-de-algodao-ezron-2.jpg?resize=600%2C750&#038;ssl=1\" alt=\"\" class=\"wp-image-224345\" srcset=\"https:\/\/i0.wp.com\/agrund.com\/wp-content\/uploads\/sites\/6\/2022\/07\/agrund-casa-de-criadores-sou-de-algodao-ezron-2.jpg?w=600&amp;ssl=1 600w, https:\/\/i0.wp.com\/agrund.com\/wp-content\/uploads\/sites\/6\/2022\/07\/agrund-casa-de-criadores-sou-de-algodao-ezron-2.jpg?resize=240%2C300&amp;ssl=1 240w\" sizes=\"(max-width: 600px) 100vw, 600px\" data-recalc-dims=\"1\" \/><figcaption>Esron Candeia<\/figcaption><\/figure><\/div>\n\n\n\n<div class=\"wp-block-image\"><figure class=\"aligncenter size-full\"><img data-attachment-id=\"224346\" data-permalink=\"https:\/\/agrund.com\/index.php\/50a-casa-de-criadores-a-diversidade-do-2o-desafio-sou-de-algodao\/agrund-casa-de-criadores-sou-de-algodao-ezron-3\/\" data-orig-file=\"https:\/\/i0.wp.com\/agrund.com\/wp-content\/uploads\/sites\/6\/2022\/07\/agrund-casa-de-criadores-sou-de-algodao-ezron-3.jpg?fit=600%2C750&amp;ssl=1\" data-orig-size=\"600,750\" data-comments-opened=\"1\" data-image-meta=\"{&quot;aperture&quot;:&quot;0&quot;,&quot;credit&quot;:&quot;Marcelo Soubhia\\\/ @agfotosite&quot;,&quot;camera&quot;:&quot;&quot;,&quot;caption&quot;:&quot;Esron Candeia_Sou de Algodao_\\rCasa de Criadores #50_\\r07\\\/07\\\/2022\\r\\rFoto: Marcelo Soubhia\\\/ @agfotosite&quot;,&quot;created_timestamp&quot;:&quot;1657248271&quot;,&quot;copyright&quot;:&quot;Marcelo Soubhia\\\/ @agfotosite&quot;,&quot;focal_length&quot;:&quot;0&quot;,&quot;iso&quot;:&quot;0&quot;,&quot;shutter_speed&quot;:&quot;0&quot;,&quot;title&quot;:&quot;&quot;,&quot;orientation&quot;:&quot;1&quot;}\" data-image-title=\"agrund-casa-de-criadores-sou-de-algodao-ezron-3\" data-image-description=\"\" data-image-caption=\"&lt;p&gt;Esron Candeia_Sou de Algodao_&lt;br \/&gt;\nCasa de Criadores #50_&lt;br \/&gt;\n07\/07\/2022&lt;\/p&gt;\n&lt;p&gt;Foto: Marcelo Soubhia\/ @agfotosite&lt;\/p&gt;\n\" data-medium-file=\"https:\/\/i0.wp.com\/agrund.com\/wp-content\/uploads\/sites\/6\/2022\/07\/agrund-casa-de-criadores-sou-de-algodao-ezron-3.jpg?fit=240%2C300&amp;ssl=1\" data-large-file=\"https:\/\/i0.wp.com\/agrund.com\/wp-content\/uploads\/sites\/6\/2022\/07\/agrund-casa-de-criadores-sou-de-algodao-ezron-3.jpg?fit=600%2C750&amp;ssl=1\" decoding=\"async\" loading=\"lazy\" width=\"600\" height=\"750\" src=\"https:\/\/i0.wp.com\/agrund.com\/wp-content\/uploads\/sites\/6\/2022\/07\/agrund-casa-de-criadores-sou-de-algodao-ezron-3.jpg?resize=600%2C750&#038;ssl=1\" alt=\"\" class=\"wp-image-224346\" srcset=\"https:\/\/i0.wp.com\/agrund.com\/wp-content\/uploads\/sites\/6\/2022\/07\/agrund-casa-de-criadores-sou-de-algodao-ezron-3.jpg?w=600&amp;ssl=1 600w, https:\/\/i0.wp.com\/agrund.com\/wp-content\/uploads\/sites\/6\/2022\/07\/agrund-casa-de-criadores-sou-de-algodao-ezron-3.jpg?resize=240%2C300&amp;ssl=1 240w\" sizes=\"(max-width: 600px) 100vw, 600px\" data-recalc-dims=\"1\" \/><figcaption>Esron Candeia<\/figcaption><\/figure><\/div>\n\n\n\n<div class=\"wp-block-image\"><figure class=\"aligncenter size-full\"><img data-attachment-id=\"224347\" data-permalink=\"https:\/\/agrund.com\/index.php\/50a-casa-de-criadores-a-diversidade-do-2o-desafio-sou-de-algodao\/agrund-casa-de-criadores-sou-de-algodao-ezron-4\/\" data-orig-file=\"https:\/\/i0.wp.com\/agrund.com\/wp-content\/uploads\/sites\/6\/2022\/07\/agrund-casa-de-criadores-sou-de-algodao-ezron-4.jpg?fit=600%2C750&amp;ssl=1\" data-orig-size=\"600,750\" data-comments-opened=\"1\" data-image-meta=\"{&quot;aperture&quot;:&quot;0&quot;,&quot;credit&quot;:&quot;Marcelo Soubhia\\\/ @agfotosite&quot;,&quot;camera&quot;:&quot;&quot;,&quot;caption&quot;:&quot;Esron Candeia_Sou de Algodao_\\rCasa de Criadores #50_\\r07\\\/07\\\/2022\\r\\rFoto: Marcelo Soubhia\\\/ @agfotosite&quot;,&quot;created_timestamp&quot;:&quot;1657248327&quot;,&quot;copyright&quot;:&quot;Marcelo Soubhia\\\/ @agfotosite&quot;,&quot;focal_length&quot;:&quot;0&quot;,&quot;iso&quot;:&quot;0&quot;,&quot;shutter_speed&quot;:&quot;0&quot;,&quot;title&quot;:&quot;&quot;,&quot;orientation&quot;:&quot;1&quot;}\" data-image-title=\"agrund-casa-de-criadores-sou-de-algodao-ezron-4\" data-image-description=\"\" data-image-caption=\"&lt;p&gt;Esron Candeia_Sou de Algodao_&lt;br \/&gt;\nCasa de Criadores #50_&lt;br \/&gt;\n07\/07\/2022&lt;\/p&gt;\n&lt;p&gt;Foto: Marcelo Soubhia\/ @agfotosite&lt;\/p&gt;\n\" data-medium-file=\"https:\/\/i0.wp.com\/agrund.com\/wp-content\/uploads\/sites\/6\/2022\/07\/agrund-casa-de-criadores-sou-de-algodao-ezron-4.jpg?fit=240%2C300&amp;ssl=1\" data-large-file=\"https:\/\/i0.wp.com\/agrund.com\/wp-content\/uploads\/sites\/6\/2022\/07\/agrund-casa-de-criadores-sou-de-algodao-ezron-4.jpg?fit=600%2C750&amp;ssl=1\" decoding=\"async\" loading=\"lazy\" width=\"600\" height=\"750\" src=\"https:\/\/i0.wp.com\/agrund.com\/wp-content\/uploads\/sites\/6\/2022\/07\/agrund-casa-de-criadores-sou-de-algodao-ezron-4.jpg?resize=600%2C750&#038;ssl=1\" alt=\"\" class=\"wp-image-224347\" srcset=\"https:\/\/i0.wp.com\/agrund.com\/wp-content\/uploads\/sites\/6\/2022\/07\/agrund-casa-de-criadores-sou-de-algodao-ezron-4.jpg?w=600&amp;ssl=1 600w, https:\/\/i0.wp.com\/agrund.com\/wp-content\/uploads\/sites\/6\/2022\/07\/agrund-casa-de-criadores-sou-de-algodao-ezron-4.jpg?resize=240%2C300&amp;ssl=1 240w\" sizes=\"(max-width: 600px) 100vw, 600px\" data-recalc-dims=\"1\" \/><figcaption>Esron Candeia<\/figcaption><\/figure><\/div>\n\n\n\n<p><\/p>\n\n\n\n<p>Gabe do Vale trabalhou de forma mais arquitet\u00f4nica, sempre destacando assimetrias e formas mais amplas e que permitiram movimento em sua apresenta\u00e7\u00e3o. E foi o vencedor da edi\u00e7\u00e3o de n\u00famero dois do concurso.<\/p>\n\n\n\n<div class=\"wp-block-image\"><figure class=\"aligncenter size-full\"><img data-attachment-id=\"224348\" data-permalink=\"https:\/\/agrund.com\/index.php\/50a-casa-de-criadores-a-diversidade-do-2o-desafio-sou-de-algodao\/agrund-casa-de-criadores-sou-de-algodao-gabe-do-vale-1\/\" data-orig-file=\"https:\/\/i0.wp.com\/agrund.com\/wp-content\/uploads\/sites\/6\/2022\/07\/agrund-casa-de-criadores-sou-de-algodao-gabe-do-vale-1.jpg?fit=600%2C750&amp;ssl=1\" data-orig-size=\"600,750\" data-comments-opened=\"1\" data-image-meta=\"{&quot;aperture&quot;:&quot;0&quot;,&quot;credit&quot;:&quot;Marcelo Soubhia\\\/ @agfotosite&quot;,&quot;camera&quot;:&quot;&quot;,&quot;caption&quot;:&quot;Gabe do Vale_Sou de Algodao_\\rCasa de Criadores #50_\\r07\\\/07\\\/2022\\r\\rFoto: Marcelo Soubhia\\\/ @agfotosite&quot;,&quot;created_timestamp&quot;:&quot;1657248274&quot;,&quot;copyright&quot;:&quot;Marcelo Soubhia\\\/ @agfotosite&quot;,&quot;focal_length&quot;:&quot;0&quot;,&quot;iso&quot;:&quot;0&quot;,&quot;shutter_speed&quot;:&quot;0&quot;,&quot;title&quot;:&quot;&quot;,&quot;orientation&quot;:&quot;1&quot;}\" data-image-title=\"agrund-casa-de-criadores-sou-de-algodao-gabe-do-vale-1\" data-image-description=\"\" data-image-caption=\"&lt;p&gt;Gabe do Vale_Sou de Algodao_&lt;br \/&gt;\nCasa de Criadores #50_&lt;br \/&gt;\n07\/07\/2022&lt;\/p&gt;\n&lt;p&gt;Foto: Marcelo Soubhia\/ @agfotosite&lt;\/p&gt;\n\" data-medium-file=\"https:\/\/i0.wp.com\/agrund.com\/wp-content\/uploads\/sites\/6\/2022\/07\/agrund-casa-de-criadores-sou-de-algodao-gabe-do-vale-1.jpg?fit=240%2C300&amp;ssl=1\" data-large-file=\"https:\/\/i0.wp.com\/agrund.com\/wp-content\/uploads\/sites\/6\/2022\/07\/agrund-casa-de-criadores-sou-de-algodao-gabe-do-vale-1.jpg?fit=600%2C750&amp;ssl=1\" decoding=\"async\" loading=\"lazy\" width=\"600\" height=\"750\" src=\"https:\/\/i0.wp.com\/agrund.com\/wp-content\/uploads\/sites\/6\/2022\/07\/agrund-casa-de-criadores-sou-de-algodao-gabe-do-vale-1.jpg?resize=600%2C750&#038;ssl=1\" alt=\"\" class=\"wp-image-224348\" srcset=\"https:\/\/i0.wp.com\/agrund.com\/wp-content\/uploads\/sites\/6\/2022\/07\/agrund-casa-de-criadores-sou-de-algodao-gabe-do-vale-1.jpg?w=600&amp;ssl=1 600w, https:\/\/i0.wp.com\/agrund.com\/wp-content\/uploads\/sites\/6\/2022\/07\/agrund-casa-de-criadores-sou-de-algodao-gabe-do-vale-1.jpg?resize=240%2C300&amp;ssl=1 240w\" sizes=\"(max-width: 600px) 100vw, 600px\" data-recalc-dims=\"1\" \/><figcaption>Gabe do Vale<\/figcaption><\/figure><\/div>\n\n\n\n<div class=\"wp-block-image\"><figure class=\"aligncenter size-full\"><img data-attachment-id=\"224349\" data-permalink=\"https:\/\/agrund.com\/index.php\/50a-casa-de-criadores-a-diversidade-do-2o-desafio-sou-de-algodao\/agrund-casa-de-criadores-sou-de-algodao-gabe-do-vale-2\/\" data-orig-file=\"https:\/\/i0.wp.com\/agrund.com\/wp-content\/uploads\/sites\/6\/2022\/07\/agrund-casa-de-criadores-sou-de-algodao-gabe-do-vale-2.jpg?fit=600%2C750&amp;ssl=1\" data-orig-size=\"600,750\" data-comments-opened=\"1\" data-image-meta=\"{&quot;aperture&quot;:&quot;0&quot;,&quot;credit&quot;:&quot;Marcelo Soubhia\\\/ @agfotosite&quot;,&quot;camera&quot;:&quot;&quot;,&quot;caption&quot;:&quot;Gabe do Vale_Sou de Algodao_\\rCasa de Criadores #50_\\r07\\\/07\\\/2022\\r\\rFoto: Marcelo Soubhia\\\/ @agfotosite&quot;,&quot;created_timestamp&quot;:&quot;1657248274&quot;,&quot;copyright&quot;:&quot;Marcelo Soubhia\\\/ @agfotosite&quot;,&quot;focal_length&quot;:&quot;0&quot;,&quot;iso&quot;:&quot;0&quot;,&quot;shutter_speed&quot;:&quot;0&quot;,&quot;title&quot;:&quot;&quot;,&quot;orientation&quot;:&quot;1&quot;}\" data-image-title=\"agrund-casa-de-criadores-sou-de-algodao-gabe-do-vale-2\" data-image-description=\"\" data-image-caption=\"&lt;p&gt;Gabe do Vale_Sou de Algodao_&lt;br \/&gt;\nCasa de Criadores #50_&lt;br \/&gt;\n07\/07\/2022&lt;\/p&gt;\n&lt;p&gt;Foto: Marcelo Soubhia\/ @agfotosite&lt;\/p&gt;\n\" data-medium-file=\"https:\/\/i0.wp.com\/agrund.com\/wp-content\/uploads\/sites\/6\/2022\/07\/agrund-casa-de-criadores-sou-de-algodao-gabe-do-vale-2.jpg?fit=240%2C300&amp;ssl=1\" data-large-file=\"https:\/\/i0.wp.com\/agrund.com\/wp-content\/uploads\/sites\/6\/2022\/07\/agrund-casa-de-criadores-sou-de-algodao-gabe-do-vale-2.jpg?fit=600%2C750&amp;ssl=1\" decoding=\"async\" loading=\"lazy\" width=\"600\" height=\"750\" src=\"https:\/\/i0.wp.com\/agrund.com\/wp-content\/uploads\/sites\/6\/2022\/07\/agrund-casa-de-criadores-sou-de-algodao-gabe-do-vale-2.jpg?resize=600%2C750&#038;ssl=1\" alt=\"\" class=\"wp-image-224349\" srcset=\"https:\/\/i0.wp.com\/agrund.com\/wp-content\/uploads\/sites\/6\/2022\/07\/agrund-casa-de-criadores-sou-de-algodao-gabe-do-vale-2.jpg?w=600&amp;ssl=1 600w, https:\/\/i0.wp.com\/agrund.com\/wp-content\/uploads\/sites\/6\/2022\/07\/agrund-casa-de-criadores-sou-de-algodao-gabe-do-vale-2.jpg?resize=240%2C300&amp;ssl=1 240w\" sizes=\"(max-width: 600px) 100vw, 600px\" data-recalc-dims=\"1\" \/><figcaption>Gabe do Vale<\/figcaption><\/figure><\/div>\n\n\n\n<div class=\"wp-block-image\"><figure class=\"aligncenter size-full\"><img data-attachment-id=\"224350\" data-permalink=\"https:\/\/agrund.com\/index.php\/50a-casa-de-criadores-a-diversidade-do-2o-desafio-sou-de-algodao\/agrund-casa-de-criadores-sou-de-algodao-gabe-do-vale-3\/\" data-orig-file=\"https:\/\/i0.wp.com\/agrund.com\/wp-content\/uploads\/sites\/6\/2022\/07\/agrund-casa-de-criadores-sou-de-algodao-gabe-do-vale-3.jpg?fit=600%2C750&amp;ssl=1\" data-orig-size=\"600,750\" data-comments-opened=\"1\" data-image-meta=\"{&quot;aperture&quot;:&quot;0&quot;,&quot;credit&quot;:&quot;Marcelo Soubhia\\\/ @agfotosite&quot;,&quot;camera&quot;:&quot;&quot;,&quot;caption&quot;:&quot;Gabe do Vale_Sou de Algodao_\\rCasa de Criadores #50_\\r07\\\/07\\\/2022\\r\\rFoto: Marcelo Soubhia\\\/ @agfotosite&quot;,&quot;created_timestamp&quot;:&quot;1657248280&quot;,&quot;copyright&quot;:&quot;Marcelo Soubhia\\\/ @agfotosite&quot;,&quot;focal_length&quot;:&quot;0&quot;,&quot;iso&quot;:&quot;0&quot;,&quot;shutter_speed&quot;:&quot;0&quot;,&quot;title&quot;:&quot;&quot;,&quot;orientation&quot;:&quot;1&quot;}\" data-image-title=\"agrund-casa-de-criadores-sou-de-algodao-gabe-do-vale-3\" data-image-description=\"\" data-image-caption=\"&lt;p&gt;Gabe do Vale_Sou de Algodao_&lt;br \/&gt;\nCasa de Criadores #50_&lt;br \/&gt;\n07\/07\/2022&lt;\/p&gt;\n&lt;p&gt;Foto: Marcelo Soubhia\/ @agfotosite&lt;\/p&gt;\n\" data-medium-file=\"https:\/\/i0.wp.com\/agrund.com\/wp-content\/uploads\/sites\/6\/2022\/07\/agrund-casa-de-criadores-sou-de-algodao-gabe-do-vale-3.jpg?fit=240%2C300&amp;ssl=1\" data-large-file=\"https:\/\/i0.wp.com\/agrund.com\/wp-content\/uploads\/sites\/6\/2022\/07\/agrund-casa-de-criadores-sou-de-algodao-gabe-do-vale-3.jpg?fit=600%2C750&amp;ssl=1\" decoding=\"async\" loading=\"lazy\" width=\"600\" height=\"750\" src=\"https:\/\/i0.wp.com\/agrund.com\/wp-content\/uploads\/sites\/6\/2022\/07\/agrund-casa-de-criadores-sou-de-algodao-gabe-do-vale-3.jpg?resize=600%2C750&#038;ssl=1\" alt=\"\" class=\"wp-image-224350\" srcset=\"https:\/\/i0.wp.com\/agrund.com\/wp-content\/uploads\/sites\/6\/2022\/07\/agrund-casa-de-criadores-sou-de-algodao-gabe-do-vale-3.jpg?w=600&amp;ssl=1 600w, https:\/\/i0.wp.com\/agrund.com\/wp-content\/uploads\/sites\/6\/2022\/07\/agrund-casa-de-criadores-sou-de-algodao-gabe-do-vale-3.jpg?resize=240%2C300&amp;ssl=1 240w\" sizes=\"(max-width: 600px) 100vw, 600px\" data-recalc-dims=\"1\" \/><figcaption>Gabe do Vale<\/figcaption><\/figure><\/div>\n\n\n\n<div class=\"wp-block-image\"><figure class=\"aligncenter size-full\"><img data-attachment-id=\"224351\" data-permalink=\"https:\/\/agrund.com\/index.php\/50a-casa-de-criadores-a-diversidade-do-2o-desafio-sou-de-algodao\/agrund-casa-de-criadores-sou-de-algodao-gabe-do-vale-4\/\" data-orig-file=\"https:\/\/i0.wp.com\/agrund.com\/wp-content\/uploads\/sites\/6\/2022\/07\/agrund-casa-de-criadores-sou-de-algodao-gabe-do-vale-4.jpg?fit=600%2C750&amp;ssl=1\" data-orig-size=\"600,750\" data-comments-opened=\"1\" data-image-meta=\"{&quot;aperture&quot;:&quot;0&quot;,&quot;credit&quot;:&quot;Marcelo Soubhia\\\/ @agfotosite&quot;,&quot;camera&quot;:&quot;&quot;,&quot;caption&quot;:&quot;Gabe do Vale_Sou de Algodao_\\rCasa de Criadores #50_\\r07\\\/07\\\/2022\\r\\rFoto: Marcelo Soubhia\\\/ @agfotosite&quot;,&quot;created_timestamp&quot;:&quot;1657248331&quot;,&quot;copyright&quot;:&quot;Marcelo Soubhia\\\/ @agfotosite&quot;,&quot;focal_length&quot;:&quot;0&quot;,&quot;iso&quot;:&quot;0&quot;,&quot;shutter_speed&quot;:&quot;0&quot;,&quot;title&quot;:&quot;&quot;,&quot;orientation&quot;:&quot;1&quot;}\" data-image-title=\"agrund-casa-de-criadores-sou-de-algodao-gabe-do-vale-4\" data-image-description=\"\" data-image-caption=\"&lt;p&gt;Gabe do Vale_Sou de Algodao_&lt;br \/&gt;\nCasa de Criadores #50_&lt;br \/&gt;\n07\/07\/2022&lt;\/p&gt;\n&lt;p&gt;Foto: Marcelo Soubhia\/ @agfotosite&lt;\/p&gt;\n\" data-medium-file=\"https:\/\/i0.wp.com\/agrund.com\/wp-content\/uploads\/sites\/6\/2022\/07\/agrund-casa-de-criadores-sou-de-algodao-gabe-do-vale-4.jpg?fit=240%2C300&amp;ssl=1\" data-large-file=\"https:\/\/i0.wp.com\/agrund.com\/wp-content\/uploads\/sites\/6\/2022\/07\/agrund-casa-de-criadores-sou-de-algodao-gabe-do-vale-4.jpg?fit=600%2C750&amp;ssl=1\" decoding=\"async\" loading=\"lazy\" width=\"600\" height=\"750\" src=\"https:\/\/i0.wp.com\/agrund.com\/wp-content\/uploads\/sites\/6\/2022\/07\/agrund-casa-de-criadores-sou-de-algodao-gabe-do-vale-4.jpg?resize=600%2C750&#038;ssl=1\" alt=\"\" class=\"wp-image-224351\" srcset=\"https:\/\/i0.wp.com\/agrund.com\/wp-content\/uploads\/sites\/6\/2022\/07\/agrund-casa-de-criadores-sou-de-algodao-gabe-do-vale-4.jpg?w=600&amp;ssl=1 600w, https:\/\/i0.wp.com\/agrund.com\/wp-content\/uploads\/sites\/6\/2022\/07\/agrund-casa-de-criadores-sou-de-algodao-gabe-do-vale-4.jpg?resize=240%2C300&amp;ssl=1 240w\" sizes=\"(max-width: 600px) 100vw, 600px\" data-recalc-dims=\"1\" \/><figcaption>Gabe do Vale<\/figcaption><\/figure><\/div>\n\n\n\n<p><\/p>\n\n\n\n<p>Guilherme Dutra, o vencedor da noite, apresentou uma alfaiataria art\u00edstica e maximalista, que foi de croppeds a blazers com muita amplitude, volume e trabalhos como babados e plissados. Vale destacar a presen\u00e7a da estampa xadrez, com diferentes \u00e2ngulos e olhares.<\/p>\n\n\n\n<div class=\"wp-block-image\"><figure class=\"aligncenter size-full\"><img data-attachment-id=\"224352\" data-permalink=\"https:\/\/agrund.com\/index.php\/50a-casa-de-criadores-a-diversidade-do-2o-desafio-sou-de-algodao\/agrund-casa-de-criadores-sou-de-algodao-guilherme_dutra-1\/\" data-orig-file=\"https:\/\/i0.wp.com\/agrund.com\/wp-content\/uploads\/sites\/6\/2022\/07\/agrund-casa-de-criadores-sou-de-algodao-guilherme_dutra-1.jpg?fit=600%2C750&amp;ssl=1\" data-orig-size=\"600,750\" data-comments-opened=\"1\" data-image-meta=\"{&quot;aperture&quot;:&quot;0&quot;,&quot;credit&quot;:&quot;Marcelo Soubhia\\\/ @agfotosite&quot;,&quot;camera&quot;:&quot;&quot;,&quot;caption&quot;:&quot;Guilherme Dutra_Sou de Algodao_\\rCasa de Criadores #50_\\r07\\\/07\\\/2022\\r\\rFoto: Marcelo Soubhia\\\/ @agfotosite&quot;,&quot;created_timestamp&quot;:&quot;1657248280&quot;,&quot;copyright&quot;:&quot;Marcelo Soubhia\\\/ @agfotosite&quot;,&quot;focal_length&quot;:&quot;0&quot;,&quot;iso&quot;:&quot;0&quot;,&quot;shutter_speed&quot;:&quot;0&quot;,&quot;title&quot;:&quot;&quot;,&quot;orientation&quot;:&quot;1&quot;}\" data-image-title=\"agrund-casa-de-criadores-sou-de-algodao-guilherme_dutra-1\" data-image-description=\"\" data-image-caption=\"&lt;p&gt;Guilherme Dutra_Sou de Algodao_&lt;br \/&gt;\nCasa de Criadores #50_&lt;br \/&gt;\n07\/07\/2022&lt;\/p&gt;\n&lt;p&gt;Foto: Marcelo Soubhia\/ @agfotosite&lt;\/p&gt;\n\" data-medium-file=\"https:\/\/i0.wp.com\/agrund.com\/wp-content\/uploads\/sites\/6\/2022\/07\/agrund-casa-de-criadores-sou-de-algodao-guilherme_dutra-1.jpg?fit=240%2C300&amp;ssl=1\" data-large-file=\"https:\/\/i0.wp.com\/agrund.com\/wp-content\/uploads\/sites\/6\/2022\/07\/agrund-casa-de-criadores-sou-de-algodao-guilherme_dutra-1.jpg?fit=600%2C750&amp;ssl=1\" decoding=\"async\" loading=\"lazy\" width=\"600\" height=\"750\" src=\"https:\/\/i0.wp.com\/agrund.com\/wp-content\/uploads\/sites\/6\/2022\/07\/agrund-casa-de-criadores-sou-de-algodao-guilherme_dutra-1.jpg?resize=600%2C750&#038;ssl=1\" alt=\"\" class=\"wp-image-224352\" srcset=\"https:\/\/i0.wp.com\/agrund.com\/wp-content\/uploads\/sites\/6\/2022\/07\/agrund-casa-de-criadores-sou-de-algodao-guilherme_dutra-1.jpg?w=600&amp;ssl=1 600w, https:\/\/i0.wp.com\/agrund.com\/wp-content\/uploads\/sites\/6\/2022\/07\/agrund-casa-de-criadores-sou-de-algodao-guilherme_dutra-1.jpg?resize=240%2C300&amp;ssl=1 240w\" sizes=\"(max-width: 600px) 100vw, 600px\" data-recalc-dims=\"1\" \/><figcaption>Guilherme Dutra<\/figcaption><\/figure><\/div>\n\n\n\n<div class=\"wp-block-image\"><figure class=\"aligncenter size-full\"><img data-attachment-id=\"224353\" data-permalink=\"https:\/\/agrund.com\/index.php\/50a-casa-de-criadores-a-diversidade-do-2o-desafio-sou-de-algodao\/agrund-casa-de-criadores-sou-de-algodao-guilherme_dutra-2\/\" data-orig-file=\"https:\/\/i0.wp.com\/agrund.com\/wp-content\/uploads\/sites\/6\/2022\/07\/agrund-casa-de-criadores-sou-de-algodao-guilherme_dutra-2.jpg?fit=600%2C750&amp;ssl=1\" data-orig-size=\"600,750\" data-comments-opened=\"1\" data-image-meta=\"{&quot;aperture&quot;:&quot;0&quot;,&quot;credit&quot;:&quot;Marcelo Soubhia\\\/ @agfotosite&quot;,&quot;camera&quot;:&quot;&quot;,&quot;caption&quot;:&quot;Guilherme Dutra_Sou de Algodao_\\rCasa de Criadores #50_\\r07\\\/07\\\/2022\\r\\rFoto: Marcelo Soubhia\\\/ @agfotosite&quot;,&quot;created_timestamp&quot;:&quot;1657248284&quot;,&quot;copyright&quot;:&quot;Marcelo Soubhia\\\/ @agfotosite&quot;,&quot;focal_length&quot;:&quot;0&quot;,&quot;iso&quot;:&quot;0&quot;,&quot;shutter_speed&quot;:&quot;0&quot;,&quot;title&quot;:&quot;&quot;,&quot;orientation&quot;:&quot;1&quot;}\" data-image-title=\"agrund-casa-de-criadores-sou-de-algodao-guilherme_dutra-2\" data-image-description=\"\" data-image-caption=\"&lt;p&gt;Guilherme Dutra_Sou de Algodao_&lt;br \/&gt;\nCasa de Criadores #50_&lt;br \/&gt;\n07\/07\/2022&lt;\/p&gt;\n&lt;p&gt;Foto: Marcelo Soubhia\/ @agfotosite&lt;\/p&gt;\n\" data-medium-file=\"https:\/\/i0.wp.com\/agrund.com\/wp-content\/uploads\/sites\/6\/2022\/07\/agrund-casa-de-criadores-sou-de-algodao-guilherme_dutra-2.jpg?fit=240%2C300&amp;ssl=1\" data-large-file=\"https:\/\/i0.wp.com\/agrund.com\/wp-content\/uploads\/sites\/6\/2022\/07\/agrund-casa-de-criadores-sou-de-algodao-guilherme_dutra-2.jpg?fit=600%2C750&amp;ssl=1\" decoding=\"async\" loading=\"lazy\" width=\"600\" height=\"750\" src=\"https:\/\/i0.wp.com\/agrund.com\/wp-content\/uploads\/sites\/6\/2022\/07\/agrund-casa-de-criadores-sou-de-algodao-guilherme_dutra-2.jpg?resize=600%2C750&#038;ssl=1\" alt=\"\" class=\"wp-image-224353\" srcset=\"https:\/\/i0.wp.com\/agrund.com\/wp-content\/uploads\/sites\/6\/2022\/07\/agrund-casa-de-criadores-sou-de-algodao-guilherme_dutra-2.jpg?w=600&amp;ssl=1 600w, https:\/\/i0.wp.com\/agrund.com\/wp-content\/uploads\/sites\/6\/2022\/07\/agrund-casa-de-criadores-sou-de-algodao-guilherme_dutra-2.jpg?resize=240%2C300&amp;ssl=1 240w\" sizes=\"(max-width: 600px) 100vw, 600px\" data-recalc-dims=\"1\" \/><figcaption>Guilherme Dutra<\/figcaption><\/figure><\/div>\n\n\n\n<div class=\"wp-block-image\"><figure class=\"aligncenter size-full\"><img data-attachment-id=\"224354\" data-permalink=\"https:\/\/agrund.com\/index.php\/50a-casa-de-criadores-a-diversidade-do-2o-desafio-sou-de-algodao\/agrund-casa-de-criadores-sou-de-algodao-guilherme_dutra-3\/\" data-orig-file=\"https:\/\/i0.wp.com\/agrund.com\/wp-content\/uploads\/sites\/6\/2022\/07\/agrund-casa-de-criadores-sou-de-algodao-guilherme_dutra-3.jpg?fit=600%2C750&amp;ssl=1\" data-orig-size=\"600,750\" data-comments-opened=\"1\" data-image-meta=\"{&quot;aperture&quot;:&quot;0&quot;,&quot;credit&quot;:&quot;Marcelo Soubhia\\\/ @agfotosite&quot;,&quot;camera&quot;:&quot;&quot;,&quot;caption&quot;:&quot;Guilherme Dutra_Sou de Algodao_\\rCasa de Criadores #50_\\r07\\\/07\\\/2022\\r\\rFoto: Marcelo Soubhia\\\/ @agfotosite&quot;,&quot;created_timestamp&quot;:&quot;1657248287&quot;,&quot;copyright&quot;:&quot;Marcelo Soubhia\\\/ @agfotosite&quot;,&quot;focal_length&quot;:&quot;0&quot;,&quot;iso&quot;:&quot;0&quot;,&quot;shutter_speed&quot;:&quot;0&quot;,&quot;title&quot;:&quot;&quot;,&quot;orientation&quot;:&quot;1&quot;}\" data-image-title=\"agrund-casa-de-criadores-sou-de-algodao-guilherme_dutra-3\" data-image-description=\"\" data-image-caption=\"&lt;p&gt;Guilherme Dutra_Sou de Algodao_&lt;br \/&gt;\nCasa de Criadores #50_&lt;br \/&gt;\n07\/07\/2022&lt;\/p&gt;\n&lt;p&gt;Foto: Marcelo Soubhia\/ @agfotosite&lt;\/p&gt;\n\" data-medium-file=\"https:\/\/i0.wp.com\/agrund.com\/wp-content\/uploads\/sites\/6\/2022\/07\/agrund-casa-de-criadores-sou-de-algodao-guilherme_dutra-3.jpg?fit=240%2C300&amp;ssl=1\" data-large-file=\"https:\/\/i0.wp.com\/agrund.com\/wp-content\/uploads\/sites\/6\/2022\/07\/agrund-casa-de-criadores-sou-de-algodao-guilherme_dutra-3.jpg?fit=600%2C750&amp;ssl=1\" decoding=\"async\" loading=\"lazy\" width=\"600\" height=\"750\" src=\"https:\/\/i0.wp.com\/agrund.com\/wp-content\/uploads\/sites\/6\/2022\/07\/agrund-casa-de-criadores-sou-de-algodao-guilherme_dutra-3.jpg?resize=600%2C750&#038;ssl=1\" alt=\"\" class=\"wp-image-224354\" srcset=\"https:\/\/i0.wp.com\/agrund.com\/wp-content\/uploads\/sites\/6\/2022\/07\/agrund-casa-de-criadores-sou-de-algodao-guilherme_dutra-3.jpg?w=600&amp;ssl=1 600w, https:\/\/i0.wp.com\/agrund.com\/wp-content\/uploads\/sites\/6\/2022\/07\/agrund-casa-de-criadores-sou-de-algodao-guilherme_dutra-3.jpg?resize=240%2C300&amp;ssl=1 240w\" sizes=\"(max-width: 600px) 100vw, 600px\" data-recalc-dims=\"1\" \/><figcaption>Guilherme Dutra<\/figcaption><\/figure><\/div>\n\n\n\n<div class=\"wp-block-image\"><figure class=\"aligncenter size-full\"><img data-attachment-id=\"224355\" data-permalink=\"https:\/\/agrund.com\/index.php\/50a-casa-de-criadores-a-diversidade-do-2o-desafio-sou-de-algodao\/agrund-casa-de-criadores-sou-de-algodao-guilherme_dutra-4\/\" data-orig-file=\"https:\/\/i0.wp.com\/agrund.com\/wp-content\/uploads\/sites\/6\/2022\/07\/agrund-casa-de-criadores-sou-de-algodao-guilherme_dutra-4.jpg?fit=600%2C750&amp;ssl=1\" data-orig-size=\"600,750\" data-comments-opened=\"1\" data-image-meta=\"{&quot;aperture&quot;:&quot;0&quot;,&quot;credit&quot;:&quot;Marcelo Soubhia\\\/ @agfotosite&quot;,&quot;camera&quot;:&quot;&quot;,&quot;caption&quot;:&quot;Guilherme Dutra_Sou de Algodao_\\rCasa de Criadores #50_\\r07\\\/07\\\/2022\\r\\rFoto: Marcelo Soubhia\\\/ @agfotosite&quot;,&quot;created_timestamp&quot;:&quot;1657248337&quot;,&quot;copyright&quot;:&quot;Marcelo Soubhia\\\/ @agfotosite&quot;,&quot;focal_length&quot;:&quot;0&quot;,&quot;iso&quot;:&quot;0&quot;,&quot;shutter_speed&quot;:&quot;0&quot;,&quot;title&quot;:&quot;&quot;,&quot;orientation&quot;:&quot;1&quot;}\" data-image-title=\"agrund-casa-de-criadores-sou-de-algodao-guilherme_dutra-4\" data-image-description=\"\" data-image-caption=\"&lt;p&gt;Guilherme Dutra_Sou de Algodao_&lt;br \/&gt;\nCasa de Criadores #50_&lt;br \/&gt;\n07\/07\/2022&lt;\/p&gt;\n&lt;p&gt;Foto: Marcelo Soubhia\/ @agfotosite&lt;\/p&gt;\n\" data-medium-file=\"https:\/\/i0.wp.com\/agrund.com\/wp-content\/uploads\/sites\/6\/2022\/07\/agrund-casa-de-criadores-sou-de-algodao-guilherme_dutra-4.jpg?fit=240%2C300&amp;ssl=1\" data-large-file=\"https:\/\/i0.wp.com\/agrund.com\/wp-content\/uploads\/sites\/6\/2022\/07\/agrund-casa-de-criadores-sou-de-algodao-guilherme_dutra-4.jpg?fit=600%2C750&amp;ssl=1\" decoding=\"async\" loading=\"lazy\" width=\"600\" height=\"750\" src=\"https:\/\/i0.wp.com\/agrund.com\/wp-content\/uploads\/sites\/6\/2022\/07\/agrund-casa-de-criadores-sou-de-algodao-guilherme_dutra-4.jpg?resize=600%2C750&#038;ssl=1\" alt=\"\" class=\"wp-image-224355\" srcset=\"https:\/\/i0.wp.com\/agrund.com\/wp-content\/uploads\/sites\/6\/2022\/07\/agrund-casa-de-criadores-sou-de-algodao-guilherme_dutra-4.jpg?w=600&amp;ssl=1 600w, https:\/\/i0.wp.com\/agrund.com\/wp-content\/uploads\/sites\/6\/2022\/07\/agrund-casa-de-criadores-sou-de-algodao-guilherme_dutra-4.jpg?resize=240%2C300&amp;ssl=1 240w\" sizes=\"(max-width: 600px) 100vw, 600px\" data-recalc-dims=\"1\" \/><figcaption>Guilherme Dutra<\/figcaption><\/figure><\/div>\n\n\n\n<p><\/p>\n\n\n\n<p>J\u00e1 Joyce Ramos contou hist\u00f3ria por suas pe\u00e7as bordadas. A representa\u00e7\u00e3o de figuras de religiosidade com delicados bordados \u00e0 constru\u00e7\u00e3o de um contempor\u00e2neo que n\u00e3o faz perder a ess\u00eancia \u2014 e fortalece o que conta.<\/p>\n\n\n\n<div class=\"wp-block-image\"><figure class=\"aligncenter size-full\"><img data-attachment-id=\"224356\" data-permalink=\"https:\/\/agrund.com\/index.php\/50a-casa-de-criadores-a-diversidade-do-2o-desafio-sou-de-algodao\/agrund-casa-de-criadores-sou-de-algodao-joyce_campos-1\/\" data-orig-file=\"https:\/\/i0.wp.com\/agrund.com\/wp-content\/uploads\/sites\/6\/2022\/07\/agrund-casa-de-criadores-sou-de-algodao-joyce_campos-1.jpg?fit=600%2C750&amp;ssl=1\" data-orig-size=\"600,750\" data-comments-opened=\"1\" data-image-meta=\"{&quot;aperture&quot;:&quot;0&quot;,&quot;credit&quot;:&quot;&quot;,&quot;camera&quot;:&quot;&quot;,&quot;caption&quot;:&quot;&quot;,&quot;created_timestamp&quot;:&quot;1657248290&quot;,&quot;copyright&quot;:&quot;Marcelo Soubhia&quot;,&quot;focal_length&quot;:&quot;0&quot;,&quot;iso&quot;:&quot;0&quot;,&quot;shutter_speed&quot;:&quot;0&quot;,&quot;title&quot;:&quot;&quot;,&quot;orientation&quot;:&quot;1&quot;}\" data-image-title=\"agrund-casa-de-criadores-sou-de-algodao-joyce_campos-1\" data-image-description=\"\" data-image-caption=\"\" data-medium-file=\"https:\/\/i0.wp.com\/agrund.com\/wp-content\/uploads\/sites\/6\/2022\/07\/agrund-casa-de-criadores-sou-de-algodao-joyce_campos-1.jpg?fit=240%2C300&amp;ssl=1\" data-large-file=\"https:\/\/i0.wp.com\/agrund.com\/wp-content\/uploads\/sites\/6\/2022\/07\/agrund-casa-de-criadores-sou-de-algodao-joyce_campos-1.jpg?fit=600%2C750&amp;ssl=1\" decoding=\"async\" loading=\"lazy\" width=\"600\" height=\"750\" src=\"https:\/\/i0.wp.com\/agrund.com\/wp-content\/uploads\/sites\/6\/2022\/07\/agrund-casa-de-criadores-sou-de-algodao-joyce_campos-1.jpg?resize=600%2C750&#038;ssl=1\" alt=\"\" class=\"wp-image-224356\" srcset=\"https:\/\/i0.wp.com\/agrund.com\/wp-content\/uploads\/sites\/6\/2022\/07\/agrund-casa-de-criadores-sou-de-algodao-joyce_campos-1.jpg?w=600&amp;ssl=1 600w, https:\/\/i0.wp.com\/agrund.com\/wp-content\/uploads\/sites\/6\/2022\/07\/agrund-casa-de-criadores-sou-de-algodao-joyce_campos-1.jpg?resize=240%2C300&amp;ssl=1 240w\" sizes=\"(max-width: 600px) 100vw, 600px\" data-recalc-dims=\"1\" \/><figcaption>Joyce Ramos<\/figcaption><\/figure><\/div>\n\n\n\n<div class=\"wp-block-image\"><figure class=\"aligncenter size-full\"><img data-attachment-id=\"224357\" data-permalink=\"https:\/\/agrund.com\/index.php\/50a-casa-de-criadores-a-diversidade-do-2o-desafio-sou-de-algodao\/agrund-casa-de-criadores-sou-de-algodao-joyce_campos-2\/\" data-orig-file=\"https:\/\/i0.wp.com\/agrund.com\/wp-content\/uploads\/sites\/6\/2022\/07\/agrund-casa-de-criadores-sou-de-algodao-joyce_campos-2.jpg?fit=600%2C750&amp;ssl=1\" data-orig-size=\"600,750\" data-comments-opened=\"1\" data-image-meta=\"{&quot;aperture&quot;:&quot;0&quot;,&quot;credit&quot;:&quot;&quot;,&quot;camera&quot;:&quot;&quot;,&quot;caption&quot;:&quot;&quot;,&quot;created_timestamp&quot;:&quot;1657248290&quot;,&quot;copyright&quot;:&quot;Marcelo Soubhia&quot;,&quot;focal_length&quot;:&quot;0&quot;,&quot;iso&quot;:&quot;0&quot;,&quot;shutter_speed&quot;:&quot;0&quot;,&quot;title&quot;:&quot;&quot;,&quot;orientation&quot;:&quot;1&quot;}\" data-image-title=\"agrund-casa-de-criadores-sou-de-algodao-joyce_campos-2\" data-image-description=\"\" data-image-caption=\"\" data-medium-file=\"https:\/\/i0.wp.com\/agrund.com\/wp-content\/uploads\/sites\/6\/2022\/07\/agrund-casa-de-criadores-sou-de-algodao-joyce_campos-2.jpg?fit=240%2C300&amp;ssl=1\" data-large-file=\"https:\/\/i0.wp.com\/agrund.com\/wp-content\/uploads\/sites\/6\/2022\/07\/agrund-casa-de-criadores-sou-de-algodao-joyce_campos-2.jpg?fit=600%2C750&amp;ssl=1\" decoding=\"async\" loading=\"lazy\" width=\"600\" height=\"750\" src=\"https:\/\/i0.wp.com\/agrund.com\/wp-content\/uploads\/sites\/6\/2022\/07\/agrund-casa-de-criadores-sou-de-algodao-joyce_campos-2.jpg?resize=600%2C750&#038;ssl=1\" alt=\"\" class=\"wp-image-224357\" srcset=\"https:\/\/i0.wp.com\/agrund.com\/wp-content\/uploads\/sites\/6\/2022\/07\/agrund-casa-de-criadores-sou-de-algodao-joyce_campos-2.jpg?w=600&amp;ssl=1 600w, https:\/\/i0.wp.com\/agrund.com\/wp-content\/uploads\/sites\/6\/2022\/07\/agrund-casa-de-criadores-sou-de-algodao-joyce_campos-2.jpg?resize=240%2C300&amp;ssl=1 240w\" sizes=\"(max-width: 600px) 100vw, 600px\" data-recalc-dims=\"1\" \/><figcaption>Joyce Ramos<\/figcaption><\/figure><\/div>\n\n\n\n<div class=\"wp-block-image\"><figure class=\"aligncenter size-full\"><img data-attachment-id=\"224358\" data-permalink=\"https:\/\/agrund.com\/index.php\/50a-casa-de-criadores-a-diversidade-do-2o-desafio-sou-de-algodao\/agrund-casa-de-criadores-sou-de-algodao-joyce_campos-3\/\" data-orig-file=\"https:\/\/i0.wp.com\/agrund.com\/wp-content\/uploads\/sites\/6\/2022\/07\/agrund-casa-de-criadores-sou-de-algodao-joyce_campos-3.jpg?fit=600%2C750&amp;ssl=1\" data-orig-size=\"600,750\" data-comments-opened=\"1\" data-image-meta=\"{&quot;aperture&quot;:&quot;0&quot;,&quot;credit&quot;:&quot;&quot;,&quot;camera&quot;:&quot;&quot;,&quot;caption&quot;:&quot;&quot;,&quot;created_timestamp&quot;:&quot;1657248294&quot;,&quot;copyright&quot;:&quot;Marcelo Soubhia&quot;,&quot;focal_length&quot;:&quot;0&quot;,&quot;iso&quot;:&quot;0&quot;,&quot;shutter_speed&quot;:&quot;0&quot;,&quot;title&quot;:&quot;&quot;,&quot;orientation&quot;:&quot;1&quot;}\" data-image-title=\"agrund-casa-de-criadores-sou-de-algodao-joyce_campos-3\" data-image-description=\"\" data-image-caption=\"\" data-medium-file=\"https:\/\/i0.wp.com\/agrund.com\/wp-content\/uploads\/sites\/6\/2022\/07\/agrund-casa-de-criadores-sou-de-algodao-joyce_campos-3.jpg?fit=240%2C300&amp;ssl=1\" data-large-file=\"https:\/\/i0.wp.com\/agrund.com\/wp-content\/uploads\/sites\/6\/2022\/07\/agrund-casa-de-criadores-sou-de-algodao-joyce_campos-3.jpg?fit=600%2C750&amp;ssl=1\" decoding=\"async\" loading=\"lazy\" width=\"600\" height=\"750\" src=\"https:\/\/i0.wp.com\/agrund.com\/wp-content\/uploads\/sites\/6\/2022\/07\/agrund-casa-de-criadores-sou-de-algodao-joyce_campos-3.jpg?resize=600%2C750&#038;ssl=1\" alt=\"\" class=\"wp-image-224358\" srcset=\"https:\/\/i0.wp.com\/agrund.com\/wp-content\/uploads\/sites\/6\/2022\/07\/agrund-casa-de-criadores-sou-de-algodao-joyce_campos-3.jpg?w=600&amp;ssl=1 600w, https:\/\/i0.wp.com\/agrund.com\/wp-content\/uploads\/sites\/6\/2022\/07\/agrund-casa-de-criadores-sou-de-algodao-joyce_campos-3.jpg?resize=240%2C300&amp;ssl=1 240w\" sizes=\"(max-width: 600px) 100vw, 600px\" data-recalc-dims=\"1\" \/><figcaption>Joyce Ramos<\/figcaption><\/figure><\/div>\n\n\n\n<div class=\"wp-block-image\"><figure class=\"aligncenter size-full\"><img data-attachment-id=\"224359\" data-permalink=\"https:\/\/agrund.com\/index.php\/50a-casa-de-criadores-a-diversidade-do-2o-desafio-sou-de-algodao\/agrund-casa-de-criadores-sou-de-algodao-joyce_campos-4\/\" data-orig-file=\"https:\/\/i0.wp.com\/agrund.com\/wp-content\/uploads\/sites\/6\/2022\/07\/agrund-casa-de-criadores-sou-de-algodao-joyce_campos-4.jpg?fit=600%2C750&amp;ssl=1\" data-orig-size=\"600,750\" data-comments-opened=\"1\" data-image-meta=\"{&quot;aperture&quot;:&quot;0&quot;,&quot;credit&quot;:&quot;&quot;,&quot;camera&quot;:&quot;&quot;,&quot;caption&quot;:&quot;&quot;,&quot;created_timestamp&quot;:&quot;1657248337&quot;,&quot;copyright&quot;:&quot;Marcelo Soubhia&quot;,&quot;focal_length&quot;:&quot;0&quot;,&quot;iso&quot;:&quot;0&quot;,&quot;shutter_speed&quot;:&quot;0&quot;,&quot;title&quot;:&quot;&quot;,&quot;orientation&quot;:&quot;1&quot;}\" data-image-title=\"agrund-casa-de-criadores-sou-de-algodao-joyce_campos-4\" data-image-description=\"\" data-image-caption=\"\" data-medium-file=\"https:\/\/i0.wp.com\/agrund.com\/wp-content\/uploads\/sites\/6\/2022\/07\/agrund-casa-de-criadores-sou-de-algodao-joyce_campos-4.jpg?fit=240%2C300&amp;ssl=1\" data-large-file=\"https:\/\/i0.wp.com\/agrund.com\/wp-content\/uploads\/sites\/6\/2022\/07\/agrund-casa-de-criadores-sou-de-algodao-joyce_campos-4.jpg?fit=600%2C750&amp;ssl=1\" decoding=\"async\" loading=\"lazy\" width=\"600\" height=\"750\" src=\"https:\/\/i0.wp.com\/agrund.com\/wp-content\/uploads\/sites\/6\/2022\/07\/agrund-casa-de-criadores-sou-de-algodao-joyce_campos-4.jpg?resize=600%2C750&#038;ssl=1\" alt=\"\" class=\"wp-image-224359\" srcset=\"https:\/\/i0.wp.com\/agrund.com\/wp-content\/uploads\/sites\/6\/2022\/07\/agrund-casa-de-criadores-sou-de-algodao-joyce_campos-4.jpg?w=600&amp;ssl=1 600w, https:\/\/i0.wp.com\/agrund.com\/wp-content\/uploads\/sites\/6\/2022\/07\/agrund-casa-de-criadores-sou-de-algodao-joyce_campos-4.jpg?resize=240%2C300&amp;ssl=1 240w\" sizes=\"(max-width: 600px) 100vw, 600px\" data-recalc-dims=\"1\" \/><figcaption>Joyce Ramos<\/figcaption><\/figure><\/div>\n\n\n\n<p><\/p>\n\n\n\n<p>Incluir com for\u00e7a \u00e9 a pauta de Thayn\u00e1 Marques que refor\u00e7a, das roupas \u00e0 presen\u00e7a, as pessoas autistas na moda e seu caminho. As mensagens e modelos imprimem o olhar da estilista a n\u00e3o somente o que as roupas fazem ao vestir, mas quanto representam.<\/p>\n\n\n\n<div class=\"wp-block-image\"><figure class=\"aligncenter size-full\"><img data-attachment-id=\"224360\" data-permalink=\"https:\/\/agrund.com\/index.php\/50a-casa-de-criadores-a-diversidade-do-2o-desafio-sou-de-algodao\/agrund-casa-de-criadores-sou-de-algodao-thayna_marques-1\/\" data-orig-file=\"https:\/\/i0.wp.com\/agrund.com\/wp-content\/uploads\/sites\/6\/2022\/07\/agrund-casa-de-criadores-sou-de-algodao-thayna_marques-1.jpg?fit=600%2C750&amp;ssl=1\" data-orig-size=\"600,750\" data-comments-opened=\"1\" data-image-meta=\"{&quot;aperture&quot;:&quot;0&quot;,&quot;credit&quot;:&quot;Marcelo Soubhia\\\/ @agfotosite&quot;,&quot;camera&quot;:&quot;&quot;,&quot;caption&quot;:&quot;Thayna Marques_Sou de Algodao_\\rCasa de Criadores #50_\\r07\\\/07\\\/2022\\r\\rFoto: Marcelo Soubhia\\\/ @agfotosite&quot;,&quot;created_timestamp&quot;:&quot;1657248300&quot;,&quot;copyright&quot;:&quot;Marcelo Soubhia\\\/ @agfotosite&quot;,&quot;focal_length&quot;:&quot;0&quot;,&quot;iso&quot;:&quot;0&quot;,&quot;shutter_speed&quot;:&quot;0&quot;,&quot;title&quot;:&quot;&quot;,&quot;orientation&quot;:&quot;1&quot;}\" data-image-title=\"agrund-casa-de-criadores-sou-de-algodao-thayna_marques-1\" data-image-description=\"\" data-image-caption=\"&lt;p&gt;Thayna Marques_Sou de Algodao_&lt;br \/&gt;\nCasa de Criadores #50_&lt;br \/&gt;\n07\/07\/2022&lt;\/p&gt;\n&lt;p&gt;Foto: Marcelo Soubhia\/ @agfotosite&lt;\/p&gt;\n\" data-medium-file=\"https:\/\/i0.wp.com\/agrund.com\/wp-content\/uploads\/sites\/6\/2022\/07\/agrund-casa-de-criadores-sou-de-algodao-thayna_marques-1.jpg?fit=240%2C300&amp;ssl=1\" data-large-file=\"https:\/\/i0.wp.com\/agrund.com\/wp-content\/uploads\/sites\/6\/2022\/07\/agrund-casa-de-criadores-sou-de-algodao-thayna_marques-1.jpg?fit=600%2C750&amp;ssl=1\" decoding=\"async\" loading=\"lazy\" width=\"600\" height=\"750\" src=\"https:\/\/i0.wp.com\/agrund.com\/wp-content\/uploads\/sites\/6\/2022\/07\/agrund-casa-de-criadores-sou-de-algodao-thayna_marques-1.jpg?resize=600%2C750&#038;ssl=1\" alt=\"\" class=\"wp-image-224360\" srcset=\"https:\/\/i0.wp.com\/agrund.com\/wp-content\/uploads\/sites\/6\/2022\/07\/agrund-casa-de-criadores-sou-de-algodao-thayna_marques-1.jpg?w=600&amp;ssl=1 600w, https:\/\/i0.wp.com\/agrund.com\/wp-content\/uploads\/sites\/6\/2022\/07\/agrund-casa-de-criadores-sou-de-algodao-thayna_marques-1.jpg?resize=240%2C300&amp;ssl=1 240w\" sizes=\"(max-width: 600px) 100vw, 600px\" data-recalc-dims=\"1\" \/><figcaption>Thayn\u00e1 Marques<\/figcaption><\/figure><\/div>\n\n\n\n<div class=\"wp-block-image\"><figure class=\"aligncenter size-full\"><img data-attachment-id=\"224361\" data-permalink=\"https:\/\/agrund.com\/index.php\/50a-casa-de-criadores-a-diversidade-do-2o-desafio-sou-de-algodao\/agrund-casa-de-criadores-sou-de-algodao-thayna_marques-2\/\" data-orig-file=\"https:\/\/i0.wp.com\/agrund.com\/wp-content\/uploads\/sites\/6\/2022\/07\/agrund-casa-de-criadores-sou-de-algodao-thayna_marques-2.jpg?fit=600%2C750&amp;ssl=1\" data-orig-size=\"600,750\" data-comments-opened=\"1\" data-image-meta=\"{&quot;aperture&quot;:&quot;0&quot;,&quot;credit&quot;:&quot;Marcelo Soubhia\\\/ @agfotosite&quot;,&quot;camera&quot;:&quot;&quot;,&quot;caption&quot;:&quot;Thayna Marques_Sou de Algodao_\\rCasa de Criadores #50_\\r07\\\/07\\\/2022\\r\\rFoto: Marcelo Soubhia\\\/ @agfotosite&quot;,&quot;created_timestamp&quot;:&quot;1657248303&quot;,&quot;copyright&quot;:&quot;Marcelo Soubhia\\\/ @agfotosite&quot;,&quot;focal_length&quot;:&quot;0&quot;,&quot;iso&quot;:&quot;0&quot;,&quot;shutter_speed&quot;:&quot;0&quot;,&quot;title&quot;:&quot;&quot;,&quot;orientation&quot;:&quot;1&quot;}\" data-image-title=\"agrund-casa-de-criadores-sou-de-algodao-thayna_marques-2\" data-image-description=\"\" data-image-caption=\"&lt;p&gt;Thayna Marques_Sou de Algodao_&lt;br \/&gt;\nCasa de Criadores #50_&lt;br \/&gt;\n07\/07\/2022&lt;\/p&gt;\n&lt;p&gt;Foto: Marcelo Soubhia\/ @agfotosite&lt;\/p&gt;\n\" data-medium-file=\"https:\/\/i0.wp.com\/agrund.com\/wp-content\/uploads\/sites\/6\/2022\/07\/agrund-casa-de-criadores-sou-de-algodao-thayna_marques-2.jpg?fit=240%2C300&amp;ssl=1\" data-large-file=\"https:\/\/i0.wp.com\/agrund.com\/wp-content\/uploads\/sites\/6\/2022\/07\/agrund-casa-de-criadores-sou-de-algodao-thayna_marques-2.jpg?fit=600%2C750&amp;ssl=1\" decoding=\"async\" loading=\"lazy\" width=\"600\" height=\"750\" src=\"https:\/\/i0.wp.com\/agrund.com\/wp-content\/uploads\/sites\/6\/2022\/07\/agrund-casa-de-criadores-sou-de-algodao-thayna_marques-2.jpg?resize=600%2C750&#038;ssl=1\" alt=\"\" class=\"wp-image-224361\" srcset=\"https:\/\/i0.wp.com\/agrund.com\/wp-content\/uploads\/sites\/6\/2022\/07\/agrund-casa-de-criadores-sou-de-algodao-thayna_marques-2.jpg?w=600&amp;ssl=1 600w, https:\/\/i0.wp.com\/agrund.com\/wp-content\/uploads\/sites\/6\/2022\/07\/agrund-casa-de-criadores-sou-de-algodao-thayna_marques-2.jpg?resize=240%2C300&amp;ssl=1 240w\" sizes=\"(max-width: 600px) 100vw, 600px\" data-recalc-dims=\"1\" \/><figcaption>Thayn\u00e1 Marques<\/figcaption><\/figure><\/div>\n\n\n\n<div class=\"wp-block-image\"><figure class=\"aligncenter size-full\"><img data-attachment-id=\"224362\" data-permalink=\"https:\/\/agrund.com\/index.php\/50a-casa-de-criadores-a-diversidade-do-2o-desafio-sou-de-algodao\/agrund-casa-de-criadores-sou-de-algodao-thayna_marques-3\/\" data-orig-file=\"https:\/\/i0.wp.com\/agrund.com\/wp-content\/uploads\/sites\/6\/2022\/07\/agrund-casa-de-criadores-sou-de-algodao-thayna_marques-3.jpg?fit=600%2C750&amp;ssl=1\" data-orig-size=\"600,750\" data-comments-opened=\"1\" data-image-meta=\"{&quot;aperture&quot;:&quot;0&quot;,&quot;credit&quot;:&quot;Marcelo Soubhia\\\/ @agfotosite&quot;,&quot;camera&quot;:&quot;&quot;,&quot;caption&quot;:&quot;Thayna Marques_Sou de Algodao_\\rCasa de Criadores #50_\\r07\\\/07\\\/2022\\r\\rFoto: Marcelo Soubhia\\\/ @agfotosite&quot;,&quot;created_timestamp&quot;:&quot;1657248304&quot;,&quot;copyright&quot;:&quot;Marcelo Soubhia\\\/ @agfotosite&quot;,&quot;focal_length&quot;:&quot;0&quot;,&quot;iso&quot;:&quot;0&quot;,&quot;shutter_speed&quot;:&quot;0&quot;,&quot;title&quot;:&quot;&quot;,&quot;orientation&quot;:&quot;1&quot;}\" data-image-title=\"agrund-casa-de-criadores-sou-de-algodao-thayna_marques-3\" data-image-description=\"\" data-image-caption=\"&lt;p&gt;Thayna Marques_Sou de Algodao_&lt;br \/&gt;\nCasa de Criadores #50_&lt;br \/&gt;\n07\/07\/2022&lt;\/p&gt;\n&lt;p&gt;Foto: Marcelo Soubhia\/ @agfotosite&lt;\/p&gt;\n\" data-medium-file=\"https:\/\/i0.wp.com\/agrund.com\/wp-content\/uploads\/sites\/6\/2022\/07\/agrund-casa-de-criadores-sou-de-algodao-thayna_marques-3.jpg?fit=240%2C300&amp;ssl=1\" data-large-file=\"https:\/\/i0.wp.com\/agrund.com\/wp-content\/uploads\/sites\/6\/2022\/07\/agrund-casa-de-criadores-sou-de-algodao-thayna_marques-3.jpg?fit=600%2C750&amp;ssl=1\" decoding=\"async\" loading=\"lazy\" width=\"600\" height=\"750\" src=\"https:\/\/i0.wp.com\/agrund.com\/wp-content\/uploads\/sites\/6\/2022\/07\/agrund-casa-de-criadores-sou-de-algodao-thayna_marques-3.jpg?resize=600%2C750&#038;ssl=1\" alt=\"\" class=\"wp-image-224362\" srcset=\"https:\/\/i0.wp.com\/agrund.com\/wp-content\/uploads\/sites\/6\/2022\/07\/agrund-casa-de-criadores-sou-de-algodao-thayna_marques-3.jpg?w=600&amp;ssl=1 600w, https:\/\/i0.wp.com\/agrund.com\/wp-content\/uploads\/sites\/6\/2022\/07\/agrund-casa-de-criadores-sou-de-algodao-thayna_marques-3.jpg?resize=240%2C300&amp;ssl=1 240w\" sizes=\"(max-width: 600px) 100vw, 600px\" data-recalc-dims=\"1\" \/><figcaption>Thayn\u00e1 Marques<\/figcaption><\/figure><\/div>\n\n\n\n<div class=\"wp-block-image\"><figure class=\"aligncenter size-full\"><img data-attachment-id=\"224363\" data-permalink=\"https:\/\/agrund.com\/index.php\/50a-casa-de-criadores-a-diversidade-do-2o-desafio-sou-de-algodao\/agrund-casa-de-criadores-sou-de-algodao-thayna_marques-4\/\" data-orig-file=\"https:\/\/i0.wp.com\/agrund.com\/wp-content\/uploads\/sites\/6\/2022\/07\/agrund-casa-de-criadores-sou-de-algodao-thayna_marques-4.jpg?fit=600%2C750&amp;ssl=1\" data-orig-size=\"600,750\" data-comments-opened=\"1\" data-image-meta=\"{&quot;aperture&quot;:&quot;0&quot;,&quot;credit&quot;:&quot;Marcelo Soubhia\\\/ @agfotosite&quot;,&quot;camera&quot;:&quot;&quot;,&quot;caption&quot;:&quot;Thayna Marques_Sou de Algodao_\\rCasa de Criadores #50_\\r07\\\/07\\\/2022\\r\\rFoto: Marcelo Soubhia\\\/ @agfotosite&quot;,&quot;created_timestamp&quot;:&quot;1657248342&quot;,&quot;copyright&quot;:&quot;Marcelo Soubhia\\\/ @agfotosite&quot;,&quot;focal_length&quot;:&quot;0&quot;,&quot;iso&quot;:&quot;0&quot;,&quot;shutter_speed&quot;:&quot;0&quot;,&quot;title&quot;:&quot;&quot;,&quot;orientation&quot;:&quot;1&quot;}\" data-image-title=\"agrund-casa-de-criadores-sou-de-algodao-thayna_marques-4\" data-image-description=\"\" data-image-caption=\"&lt;p&gt;Thayna Marques_Sou de Algodao_&lt;br \/&gt;\nCasa de Criadores #50_&lt;br \/&gt;\n07\/07\/2022&lt;\/p&gt;\n&lt;p&gt;Foto: Marcelo Soubhia\/ @agfotosite&lt;\/p&gt;\n\" data-medium-file=\"https:\/\/i0.wp.com\/agrund.com\/wp-content\/uploads\/sites\/6\/2022\/07\/agrund-casa-de-criadores-sou-de-algodao-thayna_marques-4.jpg?fit=240%2C300&amp;ssl=1\" data-large-file=\"https:\/\/i0.wp.com\/agrund.com\/wp-content\/uploads\/sites\/6\/2022\/07\/agrund-casa-de-criadores-sou-de-algodao-thayna_marques-4.jpg?fit=600%2C750&amp;ssl=1\" decoding=\"async\" loading=\"lazy\" width=\"600\" height=\"750\" src=\"https:\/\/i0.wp.com\/agrund.com\/wp-content\/uploads\/sites\/6\/2022\/07\/agrund-casa-de-criadores-sou-de-algodao-thayna_marques-4.jpg?resize=600%2C750&#038;ssl=1\" alt=\"\" class=\"wp-image-224363\" srcset=\"https:\/\/i0.wp.com\/agrund.com\/wp-content\/uploads\/sites\/6\/2022\/07\/agrund-casa-de-criadores-sou-de-algodao-thayna_marques-4.jpg?w=600&amp;ssl=1 600w, https:\/\/i0.wp.com\/agrund.com\/wp-content\/uploads\/sites\/6\/2022\/07\/agrund-casa-de-criadores-sou-de-algodao-thayna_marques-4.jpg?resize=240%2C300&amp;ssl=1 240w\" sizes=\"(max-width: 600px) 100vw, 600px\" data-recalc-dims=\"1\" \/><figcaption>Thayn\u00e1 Marques<\/figcaption><\/figure><\/div>\n\n\n\n<p><\/p>\n\n\n\n<p>Thays Veronez trouxe uma leitura particular de arte. Em suas estampas, criadas pela pr\u00f3pria estilista, o preto, vermelho e branco constru\u00edram janelas para a pele \u00e0 mostra, volumes que sugerem um afastamento e uni\u00e3o de pe\u00e7as que podem se traduzir como um reconstruir.<\/p>\n\n\n\n<div class=\"wp-block-image\"><figure class=\"aligncenter size-full\"><img data-attachment-id=\"224364\" data-permalink=\"https:\/\/agrund.com\/index.php\/50a-casa-de-criadores-a-diversidade-do-2o-desafio-sou-de-algodao\/agrund-casa-de-criadores-sou-de-algodao-thays_veronez-1\/\" data-orig-file=\"https:\/\/i0.wp.com\/agrund.com\/wp-content\/uploads\/sites\/6\/2022\/07\/agrund-casa-de-criadores-sou-de-algodao-thays_veronez-1.jpg?fit=600%2C750&amp;ssl=1\" data-orig-size=\"600,750\" data-comments-opened=\"1\" data-image-meta=\"{&quot;aperture&quot;:&quot;0&quot;,&quot;credit&quot;:&quot;Marcelo Soubhia\\\/ @agfotosite&quot;,&quot;camera&quot;:&quot;&quot;,&quot;caption&quot;:&quot;Thays Veronez_Sou de Algodao_\\rCasa de Criadores #50_\\r07\\\/07\\\/2022\\r\\rFoto: Marcelo Soubhia\\\/ @agfotosite&quot;,&quot;created_timestamp&quot;:&quot;1657248307&quot;,&quot;copyright&quot;:&quot;Marcelo Soubhia\\\/ @agfotosite&quot;,&quot;focal_length&quot;:&quot;0&quot;,&quot;iso&quot;:&quot;0&quot;,&quot;shutter_speed&quot;:&quot;0&quot;,&quot;title&quot;:&quot;&quot;,&quot;orientation&quot;:&quot;1&quot;}\" data-image-title=\"agrund-casa-de-criadores-sou-de-algodao-thays_veronez-1\" data-image-description=\"\" data-image-caption=\"&lt;p&gt;Thays Veronez_Sou de Algodao_&lt;br \/&gt;\nCasa de Criadores #50_&lt;br \/&gt;\n07\/07\/2022&lt;\/p&gt;\n&lt;p&gt;Foto: Marcelo Soubhia\/ @agfotosite&lt;\/p&gt;\n\" data-medium-file=\"https:\/\/i0.wp.com\/agrund.com\/wp-content\/uploads\/sites\/6\/2022\/07\/agrund-casa-de-criadores-sou-de-algodao-thays_veronez-1.jpg?fit=240%2C300&amp;ssl=1\" data-large-file=\"https:\/\/i0.wp.com\/agrund.com\/wp-content\/uploads\/sites\/6\/2022\/07\/agrund-casa-de-criadores-sou-de-algodao-thays_veronez-1.jpg?fit=600%2C750&amp;ssl=1\" decoding=\"async\" loading=\"lazy\" width=\"600\" height=\"750\" src=\"https:\/\/i0.wp.com\/agrund.com\/wp-content\/uploads\/sites\/6\/2022\/07\/agrund-casa-de-criadores-sou-de-algodao-thays_veronez-1.jpg?resize=600%2C750&#038;ssl=1\" alt=\"\" class=\"wp-image-224364\" srcset=\"https:\/\/i0.wp.com\/agrund.com\/wp-content\/uploads\/sites\/6\/2022\/07\/agrund-casa-de-criadores-sou-de-algodao-thays_veronez-1.jpg?w=600&amp;ssl=1 600w, https:\/\/i0.wp.com\/agrund.com\/wp-content\/uploads\/sites\/6\/2022\/07\/agrund-casa-de-criadores-sou-de-algodao-thays_veronez-1.jpg?resize=240%2C300&amp;ssl=1 240w\" sizes=\"(max-width: 600px) 100vw, 600px\" data-recalc-dims=\"1\" \/><figcaption>Thays Veronez<\/figcaption><\/figure><\/div>\n\n\n\n<div class=\"wp-block-image\"><figure class=\"aligncenter size-full\"><img data-attachment-id=\"224365\" data-permalink=\"https:\/\/agrund.com\/index.php\/50a-casa-de-criadores-a-diversidade-do-2o-desafio-sou-de-algodao\/agrund-casa-de-criadores-sou-de-algodao-thays_veronez-2\/\" data-orig-file=\"https:\/\/i0.wp.com\/agrund.com\/wp-content\/uploads\/sites\/6\/2022\/07\/agrund-casa-de-criadores-sou-de-algodao-thays_veronez-2.jpg?fit=600%2C750&amp;ssl=1\" data-orig-size=\"600,750\" data-comments-opened=\"1\" data-image-meta=\"{&quot;aperture&quot;:&quot;0&quot;,&quot;credit&quot;:&quot;Marcelo Soubhia\\\/ @agfotosite&quot;,&quot;camera&quot;:&quot;&quot;,&quot;caption&quot;:&quot;Thays Veronez_Sou de Algodao_\\rCasa de Criadores #50_\\r07\\\/07\\\/2022\\r\\rFoto: Marcelo Soubhia\\\/ @agfotosite&quot;,&quot;created_timestamp&quot;:&quot;1657248310&quot;,&quot;copyright&quot;:&quot;Marcelo Soubhia\\\/ @agfotosite&quot;,&quot;focal_length&quot;:&quot;0&quot;,&quot;iso&quot;:&quot;0&quot;,&quot;shutter_speed&quot;:&quot;0&quot;,&quot;title&quot;:&quot;&quot;,&quot;orientation&quot;:&quot;1&quot;}\" data-image-title=\"agrund-casa-de-criadores-sou-de-algodao-thays_veronez-2\" data-image-description=\"\" data-image-caption=\"&lt;p&gt;Thays Veronez_Sou de Algodao_&lt;br \/&gt;\nCasa de Criadores #50_&lt;br \/&gt;\n07\/07\/2022&lt;\/p&gt;\n&lt;p&gt;Foto: Marcelo Soubhia\/ @agfotosite&lt;\/p&gt;\n\" data-medium-file=\"https:\/\/i0.wp.com\/agrund.com\/wp-content\/uploads\/sites\/6\/2022\/07\/agrund-casa-de-criadores-sou-de-algodao-thays_veronez-2.jpg?fit=240%2C300&amp;ssl=1\" data-large-file=\"https:\/\/i0.wp.com\/agrund.com\/wp-content\/uploads\/sites\/6\/2022\/07\/agrund-casa-de-criadores-sou-de-algodao-thays_veronez-2.jpg?fit=600%2C750&amp;ssl=1\" decoding=\"async\" loading=\"lazy\" width=\"600\" height=\"750\" src=\"https:\/\/i0.wp.com\/agrund.com\/wp-content\/uploads\/sites\/6\/2022\/07\/agrund-casa-de-criadores-sou-de-algodao-thays_veronez-2.jpg?resize=600%2C750&#038;ssl=1\" alt=\"\" class=\"wp-image-224365\" srcset=\"https:\/\/i0.wp.com\/agrund.com\/wp-content\/uploads\/sites\/6\/2022\/07\/agrund-casa-de-criadores-sou-de-algodao-thays_veronez-2.jpg?w=600&amp;ssl=1 600w, https:\/\/i0.wp.com\/agrund.com\/wp-content\/uploads\/sites\/6\/2022\/07\/agrund-casa-de-criadores-sou-de-algodao-thays_veronez-2.jpg?resize=240%2C300&amp;ssl=1 240w\" sizes=\"(max-width: 600px) 100vw, 600px\" data-recalc-dims=\"1\" \/><figcaption>Thays Veronez<\/figcaption><\/figure><\/div>\n\n\n\n<div class=\"wp-block-image\"><figure class=\"aligncenter size-full\"><img data-attachment-id=\"224366\" data-permalink=\"https:\/\/agrund.com\/index.php\/50a-casa-de-criadores-a-diversidade-do-2o-desafio-sou-de-algodao\/agrund-casa-de-criadores-sou-de-algodao-thays_veronez-3\/\" data-orig-file=\"https:\/\/i0.wp.com\/agrund.com\/wp-content\/uploads\/sites\/6\/2022\/07\/agrund-casa-de-criadores-sou-de-algodao-thays_veronez-3.jpg?fit=600%2C750&amp;ssl=1\" data-orig-size=\"600,750\" data-comments-opened=\"1\" data-image-meta=\"{&quot;aperture&quot;:&quot;0&quot;,&quot;credit&quot;:&quot;Marcelo Soubhia\\\/ @agfotosite&quot;,&quot;camera&quot;:&quot;&quot;,&quot;caption&quot;:&quot;Thays Veronez_Sou de Algodao_\\rCasa de Criadores #50_\\r07\\\/07\\\/2022\\r\\rFoto: Marcelo Soubhia\\\/ @agfotosite&quot;,&quot;created_timestamp&quot;:&quot;1657248310&quot;,&quot;copyright&quot;:&quot;Marcelo Soubhia\\\/ @agfotosite&quot;,&quot;focal_length&quot;:&quot;0&quot;,&quot;iso&quot;:&quot;0&quot;,&quot;shutter_speed&quot;:&quot;0&quot;,&quot;title&quot;:&quot;&quot;,&quot;orientation&quot;:&quot;1&quot;}\" data-image-title=\"agrund-casa-de-criadores-sou-de-algodao-thays_veronez-3\" data-image-description=\"\" data-image-caption=\"&lt;p&gt;Thays Veronez_Sou de Algodao_&lt;br \/&gt;\nCasa de Criadores #50_&lt;br \/&gt;\n07\/07\/2022&lt;\/p&gt;\n&lt;p&gt;Foto: Marcelo Soubhia\/ @agfotosite&lt;\/p&gt;\n\" data-medium-file=\"https:\/\/i0.wp.com\/agrund.com\/wp-content\/uploads\/sites\/6\/2022\/07\/agrund-casa-de-criadores-sou-de-algodao-thays_veronez-3.jpg?fit=240%2C300&amp;ssl=1\" data-large-file=\"https:\/\/i0.wp.com\/agrund.com\/wp-content\/uploads\/sites\/6\/2022\/07\/agrund-casa-de-criadores-sou-de-algodao-thays_veronez-3.jpg?fit=600%2C750&amp;ssl=1\" decoding=\"async\" loading=\"lazy\" width=\"600\" height=\"750\" src=\"https:\/\/i0.wp.com\/agrund.com\/wp-content\/uploads\/sites\/6\/2022\/07\/agrund-casa-de-criadores-sou-de-algodao-thays_veronez-3.jpg?resize=600%2C750&#038;ssl=1\" alt=\"\" class=\"wp-image-224366\" srcset=\"https:\/\/i0.wp.com\/agrund.com\/wp-content\/uploads\/sites\/6\/2022\/07\/agrund-casa-de-criadores-sou-de-algodao-thays_veronez-3.jpg?w=600&amp;ssl=1 600w, https:\/\/i0.wp.com\/agrund.com\/wp-content\/uploads\/sites\/6\/2022\/07\/agrund-casa-de-criadores-sou-de-algodao-thays_veronez-3.jpg?resize=240%2C300&amp;ssl=1 240w\" sizes=\"(max-width: 600px) 100vw, 600px\" data-recalc-dims=\"1\" \/><figcaption>Thays Veronez<\/figcaption><\/figure><\/div>\n\n\n\n<div class=\"wp-block-image\"><figure class=\"aligncenter size-full\"><img data-attachment-id=\"224367\" data-permalink=\"https:\/\/agrund.com\/index.php\/50a-casa-de-criadores-a-diversidade-do-2o-desafio-sou-de-algodao\/agrund-casa-de-criadores-sou-de-algodao-thays_veronez-4\/\" data-orig-file=\"https:\/\/i0.wp.com\/agrund.com\/wp-content\/uploads\/sites\/6\/2022\/07\/agrund-casa-de-criadores-sou-de-algodao-thays_veronez-4.jpg?fit=600%2C750&amp;ssl=1\" data-orig-size=\"600,750\" data-comments-opened=\"1\" data-image-meta=\"{&quot;aperture&quot;:&quot;0&quot;,&quot;credit&quot;:&quot;Marcelo Soubhia\\\/ @agfotosite&quot;,&quot;camera&quot;:&quot;&quot;,&quot;caption&quot;:&quot;Thays Veronez_Sou de Algodao_\\rCasa de Criadores #50_\\r07\\\/07\\\/2022\\r\\rFoto: Marcelo Soubhia\\\/ @agfotosite&quot;,&quot;created_timestamp&quot;:&quot;1657248347&quot;,&quot;copyright&quot;:&quot;Marcelo Soubhia\\\/ @agfotosite&quot;,&quot;focal_length&quot;:&quot;0&quot;,&quot;iso&quot;:&quot;0&quot;,&quot;shutter_speed&quot;:&quot;0&quot;,&quot;title&quot;:&quot;&quot;,&quot;orientation&quot;:&quot;1&quot;}\" data-image-title=\"agrund-casa-de-criadores-sou-de-algodao-thays_veronez-4\" data-image-description=\"\" data-image-caption=\"&lt;p&gt;Thays Veronez_Sou de Algodao_&lt;br \/&gt;\nCasa de Criadores #50_&lt;br \/&gt;\n07\/07\/2022&lt;\/p&gt;\n&lt;p&gt;Foto: Marcelo Soubhia\/ @agfotosite&lt;\/p&gt;\n\" data-medium-file=\"https:\/\/i0.wp.com\/agrund.com\/wp-content\/uploads\/sites\/6\/2022\/07\/agrund-casa-de-criadores-sou-de-algodao-thays_veronez-4.jpg?fit=240%2C300&amp;ssl=1\" data-large-file=\"https:\/\/i0.wp.com\/agrund.com\/wp-content\/uploads\/sites\/6\/2022\/07\/agrund-casa-de-criadores-sou-de-algodao-thays_veronez-4.jpg?fit=600%2C750&amp;ssl=1\" decoding=\"async\" loading=\"lazy\" width=\"600\" height=\"750\" src=\"https:\/\/i0.wp.com\/agrund.com\/wp-content\/uploads\/sites\/6\/2022\/07\/agrund-casa-de-criadores-sou-de-algodao-thays_veronez-4.jpg?resize=600%2C750&#038;ssl=1\" alt=\"\" class=\"wp-image-224367\" srcset=\"https:\/\/i0.wp.com\/agrund.com\/wp-content\/uploads\/sites\/6\/2022\/07\/agrund-casa-de-criadores-sou-de-algodao-thays_veronez-4.jpg?w=600&amp;ssl=1 600w, https:\/\/i0.wp.com\/agrund.com\/wp-content\/uploads\/sites\/6\/2022\/07\/agrund-casa-de-criadores-sou-de-algodao-thays_veronez-4.jpg?resize=240%2C300&amp;ssl=1 240w\" sizes=\"(max-width: 600px) 100vw, 600px\" data-recalc-dims=\"1\" \/><figcaption>Thays Veronez<\/figcaption><\/figure><\/div>\n\n\n\n<p><\/p>\n\n\n\n<p>Para fechar a apresenta\u00e7\u00e3o, Wender Neves trouxe a valoriza\u00e7\u00e3o de forma art\u00edstica ao org\u00e2nico, que aparece volumoso, todo constru\u00eddo a partir do trabalho com babados, destacando tons terrosos e violeta \u2014 o natural em pauta pelo \u00e2ngulo pr\u00f3prio.<\/p>\n\n\n\n<div class=\"wp-block-image\"><figure class=\"aligncenter size-full\"><img data-attachment-id=\"224368\" data-permalink=\"https:\/\/agrund.com\/index.php\/50a-casa-de-criadores-a-diversidade-do-2o-desafio-sou-de-algodao\/agrund-casa-de-criadores-sou-de-algodao-wender-neves-1\/\" data-orig-file=\"https:\/\/i0.wp.com\/agrund.com\/wp-content\/uploads\/sites\/6\/2022\/07\/agrund-casa-de-criadores-sou-de-algodao-wender-neves-1.jpg?fit=600%2C750&amp;ssl=1\" data-orig-size=\"600,750\" data-comments-opened=\"1\" data-image-meta=\"{&quot;aperture&quot;:&quot;0&quot;,&quot;credit&quot;:&quot;Marcelo Soubhia\\\/ @agfotosite&quot;,&quot;camera&quot;:&quot;&quot;,&quot;caption&quot;:&quot;Wender Neves_Sou de Algodao_\\rCasa de Criadores #50_\\r07\\\/07\\\/2022\\r\\rFoto: Marcelo Soubhia\\\/ @agfotosite&quot;,&quot;created_timestamp&quot;:&quot;1657248317&quot;,&quot;copyright&quot;:&quot;Marcelo Soubhia\\\/ @agfotosite&quot;,&quot;focal_length&quot;:&quot;0&quot;,&quot;iso&quot;:&quot;0&quot;,&quot;shutter_speed&quot;:&quot;0&quot;,&quot;title&quot;:&quot;&quot;,&quot;orientation&quot;:&quot;1&quot;}\" data-image-title=\"agrund-casa-de-criadores-sou-de-algodao-wender-neves-1\" data-image-description=\"\" data-image-caption=\"&lt;p&gt;Wender Neves_Sou de Algodao_&lt;br \/&gt;\nCasa de Criadores #50_&lt;br \/&gt;\n07\/07\/2022&lt;\/p&gt;\n&lt;p&gt;Foto: Marcelo Soubhia\/ @agfotosite&lt;\/p&gt;\n\" data-medium-file=\"https:\/\/i0.wp.com\/agrund.com\/wp-content\/uploads\/sites\/6\/2022\/07\/agrund-casa-de-criadores-sou-de-algodao-wender-neves-1.jpg?fit=240%2C300&amp;ssl=1\" data-large-file=\"https:\/\/i0.wp.com\/agrund.com\/wp-content\/uploads\/sites\/6\/2022\/07\/agrund-casa-de-criadores-sou-de-algodao-wender-neves-1.jpg?fit=600%2C750&amp;ssl=1\" decoding=\"async\" loading=\"lazy\" width=\"600\" height=\"750\" src=\"https:\/\/i0.wp.com\/agrund.com\/wp-content\/uploads\/sites\/6\/2022\/07\/agrund-casa-de-criadores-sou-de-algodao-wender-neves-1.jpg?resize=600%2C750&#038;ssl=1\" alt=\"\" class=\"wp-image-224368\" srcset=\"https:\/\/i0.wp.com\/agrund.com\/wp-content\/uploads\/sites\/6\/2022\/07\/agrund-casa-de-criadores-sou-de-algodao-wender-neves-1.jpg?w=600&amp;ssl=1 600w, https:\/\/i0.wp.com\/agrund.com\/wp-content\/uploads\/sites\/6\/2022\/07\/agrund-casa-de-criadores-sou-de-algodao-wender-neves-1.jpg?resize=240%2C300&amp;ssl=1 240w\" sizes=\"(max-width: 600px) 100vw, 600px\" data-recalc-dims=\"1\" \/><figcaption>Wender Neves<\/figcaption><\/figure><\/div>\n\n\n\n<div class=\"wp-block-image\"><figure class=\"aligncenter size-full\"><img data-attachment-id=\"224369\" data-permalink=\"https:\/\/agrund.com\/index.php\/50a-casa-de-criadores-a-diversidade-do-2o-desafio-sou-de-algodao\/agrund-casa-de-criadores-sou-de-algodao-wender-neves-2\/\" data-orig-file=\"https:\/\/i0.wp.com\/agrund.com\/wp-content\/uploads\/sites\/6\/2022\/07\/agrund-casa-de-criadores-sou-de-algodao-wender-neves-2.jpg?fit=600%2C750&amp;ssl=1\" data-orig-size=\"600,750\" data-comments-opened=\"1\" data-image-meta=\"{&quot;aperture&quot;:&quot;0&quot;,&quot;credit&quot;:&quot;Marcelo Soubhia\\\/ @agfotosite&quot;,&quot;camera&quot;:&quot;&quot;,&quot;caption&quot;:&quot;Wender Neves_Sou de Algodao_\\rCasa de Criadores #50_\\r07\\\/07\\\/2022\\r\\rFoto: Marcelo Soubhia\\\/ @agfotosite&quot;,&quot;created_timestamp&quot;:&quot;1657248317&quot;,&quot;copyright&quot;:&quot;Marcelo Soubhia\\\/ @agfotosite&quot;,&quot;focal_length&quot;:&quot;0&quot;,&quot;iso&quot;:&quot;0&quot;,&quot;shutter_speed&quot;:&quot;0&quot;,&quot;title&quot;:&quot;&quot;,&quot;orientation&quot;:&quot;1&quot;}\" data-image-title=\"agrund-casa-de-criadores-sou-de-algodao-wender-neves-2\" data-image-description=\"\" data-image-caption=\"&lt;p&gt;Wender Neves_Sou de Algodao_&lt;br \/&gt;\nCasa de Criadores #50_&lt;br \/&gt;\n07\/07\/2022&lt;\/p&gt;\n&lt;p&gt;Foto: Marcelo Soubhia\/ @agfotosite&lt;\/p&gt;\n\" data-medium-file=\"https:\/\/i0.wp.com\/agrund.com\/wp-content\/uploads\/sites\/6\/2022\/07\/agrund-casa-de-criadores-sou-de-algodao-wender-neves-2.jpg?fit=240%2C300&amp;ssl=1\" data-large-file=\"https:\/\/i0.wp.com\/agrund.com\/wp-content\/uploads\/sites\/6\/2022\/07\/agrund-casa-de-criadores-sou-de-algodao-wender-neves-2.jpg?fit=600%2C750&amp;ssl=1\" decoding=\"async\" loading=\"lazy\" width=\"600\" height=\"750\" src=\"https:\/\/i0.wp.com\/agrund.com\/wp-content\/uploads\/sites\/6\/2022\/07\/agrund-casa-de-criadores-sou-de-algodao-wender-neves-2.jpg?resize=600%2C750&#038;ssl=1\" alt=\"\" class=\"wp-image-224369\" srcset=\"https:\/\/i0.wp.com\/agrund.com\/wp-content\/uploads\/sites\/6\/2022\/07\/agrund-casa-de-criadores-sou-de-algodao-wender-neves-2.jpg?w=600&amp;ssl=1 600w, https:\/\/i0.wp.com\/agrund.com\/wp-content\/uploads\/sites\/6\/2022\/07\/agrund-casa-de-criadores-sou-de-algodao-wender-neves-2.jpg?resize=240%2C300&amp;ssl=1 240w\" sizes=\"(max-width: 600px) 100vw, 600px\" data-recalc-dims=\"1\" \/><figcaption>Wender Neves<\/figcaption><\/figure><\/div>\n\n\n\n<div class=\"wp-block-image\"><figure class=\"aligncenter size-full\"><img data-attachment-id=\"224370\" data-permalink=\"https:\/\/agrund.com\/index.php\/50a-casa-de-criadores-a-diversidade-do-2o-desafio-sou-de-algodao\/agrund-casa-de-criadores-sou-de-algodao-wender-neves-3\/\" data-orig-file=\"https:\/\/i0.wp.com\/agrund.com\/wp-content\/uploads\/sites\/6\/2022\/07\/agrund-casa-de-criadores-sou-de-algodao-wender-neves-3.jpg?fit=600%2C750&amp;ssl=1\" data-orig-size=\"600,750\" data-comments-opened=\"1\" data-image-meta=\"{&quot;aperture&quot;:&quot;0&quot;,&quot;credit&quot;:&quot;Marcelo Soubhia\\\/ @agfotosite&quot;,&quot;camera&quot;:&quot;&quot;,&quot;caption&quot;:&quot;Wender Neves_Sou de Algodao_\\rCasa de Criadores #50_\\r07\\\/07\\\/2022\\r\\rFoto: Marcelo Soubhia\\\/ @agfotosite&quot;,&quot;created_timestamp&quot;:&quot;1657248321&quot;,&quot;copyright&quot;:&quot;Marcelo Soubhia\\\/ @agfotosite&quot;,&quot;focal_length&quot;:&quot;0&quot;,&quot;iso&quot;:&quot;0&quot;,&quot;shutter_speed&quot;:&quot;0&quot;,&quot;title&quot;:&quot;&quot;,&quot;orientation&quot;:&quot;1&quot;}\" data-image-title=\"agrund-casa-de-criadores-sou-de-algodao-wender-neves-3\" data-image-description=\"\" data-image-caption=\"&lt;p&gt;Wender Neves_Sou de Algodao_&lt;br \/&gt;\nCasa de Criadores #50_&lt;br \/&gt;\n07\/07\/2022&lt;\/p&gt;\n&lt;p&gt;Foto: Marcelo Soubhia\/ @agfotosite&lt;\/p&gt;\n\" data-medium-file=\"https:\/\/i0.wp.com\/agrund.com\/wp-content\/uploads\/sites\/6\/2022\/07\/agrund-casa-de-criadores-sou-de-algodao-wender-neves-3.jpg?fit=240%2C300&amp;ssl=1\" data-large-file=\"https:\/\/i0.wp.com\/agrund.com\/wp-content\/uploads\/sites\/6\/2022\/07\/agrund-casa-de-criadores-sou-de-algodao-wender-neves-3.jpg?fit=600%2C750&amp;ssl=1\" decoding=\"async\" loading=\"lazy\" width=\"600\" height=\"750\" src=\"https:\/\/i0.wp.com\/agrund.com\/wp-content\/uploads\/sites\/6\/2022\/07\/agrund-casa-de-criadores-sou-de-algodao-wender-neves-3.jpg?resize=600%2C750&#038;ssl=1\" alt=\"\" class=\"wp-image-224370\" srcset=\"https:\/\/i0.wp.com\/agrund.com\/wp-content\/uploads\/sites\/6\/2022\/07\/agrund-casa-de-criadores-sou-de-algodao-wender-neves-3.jpg?w=600&amp;ssl=1 600w, https:\/\/i0.wp.com\/agrund.com\/wp-content\/uploads\/sites\/6\/2022\/07\/agrund-casa-de-criadores-sou-de-algodao-wender-neves-3.jpg?resize=240%2C300&amp;ssl=1 240w\" sizes=\"(max-width: 600px) 100vw, 600px\" data-recalc-dims=\"1\" \/><figcaption>Wender Neves<\/figcaption><\/figure><\/div>\n\n\n\n<div class=\"wp-block-image\"><figure class=\"aligncenter size-full\"><img data-attachment-id=\"224371\" data-permalink=\"https:\/\/agrund.com\/index.php\/50a-casa-de-criadores-a-diversidade-do-2o-desafio-sou-de-algodao\/agrund-casa-de-criadores-sou-de-algodao-wender-neves-4\/\" data-orig-file=\"https:\/\/i0.wp.com\/agrund.com\/wp-content\/uploads\/sites\/6\/2022\/07\/agrund-casa-de-criadores-sou-de-algodao-wender-neves-4.jpg?fit=600%2C750&amp;ssl=1\" data-orig-size=\"600,750\" data-comments-opened=\"1\" data-image-meta=\"{&quot;aperture&quot;:&quot;0&quot;,&quot;credit&quot;:&quot;Marcelo Soubhia\\\/ @agfotosite&quot;,&quot;camera&quot;:&quot;&quot;,&quot;caption&quot;:&quot;Wender Neves_Sou de Algodao_\\rCasa de Criadores #50_\\r07\\\/07\\\/2022\\r\\rFoto: Marcelo Soubhia\\\/ @agfotosite&quot;,&quot;created_timestamp&quot;:&quot;1657248347&quot;,&quot;copyright&quot;:&quot;Marcelo Soubhia\\\/ @agfotosite&quot;,&quot;focal_length&quot;:&quot;0&quot;,&quot;iso&quot;:&quot;0&quot;,&quot;shutter_speed&quot;:&quot;0&quot;,&quot;title&quot;:&quot;&quot;,&quot;orientation&quot;:&quot;1&quot;}\" data-image-title=\"agrund-casa-de-criadores-sou-de-algodao-wender-neves-4\" data-image-description=\"\" data-image-caption=\"&lt;p&gt;Wender Neves_Sou de Algodao_&lt;br \/&gt;\nCasa de Criadores #50_&lt;br \/&gt;\n07\/07\/2022&lt;\/p&gt;\n&lt;p&gt;Foto: Marcelo Soubhia\/ @agfotosite&lt;\/p&gt;\n\" data-medium-file=\"https:\/\/i0.wp.com\/agrund.com\/wp-content\/uploads\/sites\/6\/2022\/07\/agrund-casa-de-criadores-sou-de-algodao-wender-neves-4.jpg?fit=240%2C300&amp;ssl=1\" data-large-file=\"https:\/\/i0.wp.com\/agrund.com\/wp-content\/uploads\/sites\/6\/2022\/07\/agrund-casa-de-criadores-sou-de-algodao-wender-neves-4.jpg?fit=600%2C750&amp;ssl=1\" decoding=\"async\" loading=\"lazy\" width=\"600\" height=\"750\" src=\"https:\/\/i0.wp.com\/agrund.com\/wp-content\/uploads\/sites\/6\/2022\/07\/agrund-casa-de-criadores-sou-de-algodao-wender-neves-4.jpg?resize=600%2C750&#038;ssl=1\" alt=\"\" class=\"wp-image-224371\" srcset=\"https:\/\/i0.wp.com\/agrund.com\/wp-content\/uploads\/sites\/6\/2022\/07\/agrund-casa-de-criadores-sou-de-algodao-wender-neves-4.jpg?w=600&amp;ssl=1 600w, https:\/\/i0.wp.com\/agrund.com\/wp-content\/uploads\/sites\/6\/2022\/07\/agrund-casa-de-criadores-sou-de-algodao-wender-neves-4.jpg?resize=240%2C300&amp;ssl=1 240w\" sizes=\"(max-width: 600px) 100vw, 600px\" data-recalc-dims=\"1\" \/><figcaption>Wender Neves<\/figcaption><\/figure><\/div>\n\n\n\n<p>Fotos: Divulga\u00e7\u00e3o\/ Marcelo Soubhia\/ @agfotosite.<\/p>\n","protected":false},"excerpt":{"rendered":"<p>Por Arlindo Grund e Lari Mariano Christian Sato veio com pe\u00e7as de refer\u00eancia streetwear, modelagens mais amplas, trabalhando padronagens geom\u00e9tricas em tons mais s\u00f3brios, tudo dentro de um aspecto que parecia flertar com o futurista. Esron Candeia trouxe sua leitura de um rom\u00e2ntico que se mescla \u00e0 contemporaneidade. Em tons de rosa e vermelho, aparecem [&hellip;]<\/p>\n","protected":false},"author":8,"featured_media":224372,"comment_status":"open","ping_status":"open","sticky":false,"template":"","format":"standard","meta":{"jetpack_post_was_ever_published":false,"_jetpack_newsletter_access":"","jetpack_publicize_message":"","jetpack_is_tweetstorm":false,"jetpack_publicize_feature_enabled":true,"jetpack_social_post_already_shared":true,"jetpack_social_options":{"image_generator_settings":{"template":"highway","enabled":false}}},"categories":[9,2],"tags":[395,375,373,64,347,67,525,148,3273,424,862],"jetpack_publicize_connections":[],"jetpack_featured_media_url":"https:\/\/i0.wp.com\/agrund.com\/wp-content\/uploads\/sites\/6\/2022\/07\/s-13.jpg?fit=960%2C300&ssl=1","jetpack_sharing_enabled":true,"jetpack_shortlink":"https:\/\/wp.me\/p3Hz0n-Wmn","jetpack_likes_enabled":true,"_links":{"self":[{"href":"https:\/\/agrund.com\/index.php\/wp-json\/wp\/v2\/posts\/224339"}],"collection":[{"href":"https:\/\/agrund.com\/index.php\/wp-json\/wp\/v2\/posts"}],"about":[{"href":"https:\/\/agrund.com\/index.php\/wp-json\/wp\/v2\/types\/post"}],"author":[{"embeddable":true,"href":"https:\/\/agrund.com\/index.php\/wp-json\/wp\/v2\/users\/8"}],"replies":[{"embeddable":true,"href":"https:\/\/agrund.com\/index.php\/wp-json\/wp\/v2\/comments?post=224339"}],"version-history":[{"count":1,"href":"https:\/\/agrund.com\/index.php\/wp-json\/wp\/v2\/posts\/224339\/revisions"}],"predecessor-version":[{"id":224373,"href":"https:\/\/agrund.com\/index.php\/wp-json\/wp\/v2\/posts\/224339\/revisions\/224373"}],"wp:featuredmedia":[{"embeddable":true,"href":"https:\/\/agrund.com\/index.php\/wp-json\/wp\/v2\/media\/224372"}],"wp:attachment":[{"href":"https:\/\/agrund.com\/index.php\/wp-json\/wp\/v2\/media?parent=224339"}],"wp:term":[{"taxonomy":"category","embeddable":true,"href":"https:\/\/agrund.com\/index.php\/wp-json\/wp\/v2\/categories?post=224339"},{"taxonomy":"post_tag","embeddable":true,"href":"https:\/\/agrund.com\/index.php\/wp-json\/wp\/v2\/tags?post=224339"}],"curies":[{"name":"wp","href":"https:\/\/api.w.org\/{rel}","templated":true}]}}