{"id":224258,"date":"2022-07-07T13:00:00","date_gmt":"2022-07-07T16:00:00","guid":{"rendered":"https:\/\/agrund.com\/?p=224258"},"modified":"2022-07-07T13:35:03","modified_gmt":"2022-07-07T16:35:03","slug":"50a-casa-de-criadores-o-punk-particular-da-f-kawallys","status":"publish","type":"post","link":"https:\/\/agrund.com\/index.php\/50a-casa-de-criadores-o-punk-particular-da-f-kawallys\/","title":{"rendered":"50\u00aa Casa de Criadores :: O punk particular da F. Kawallys"},"content":{"rendered":"\n<p>Por Arlindo Grund e Lari Mariano<\/p>\n\n\n\n<p>Com claras refer\u00eancias ao conceito da marca, que re\u00fane a customiza\u00e7\u00e3o das pe\u00e7as e as caracter\u00edsticas marcantes da cultura punk, a apresenta\u00e7\u00e3o digital da marca mescla culturas, cores e formas de fazer &#8211; dos brilhos aos jeans com tachas e coloridos.<\/p>\n\n\n\n<p>\u00c9 o que Fabio Gurj\u00e3o traz \u00e0 F. Kawallys para abrir a edi\u00e7\u00e3o de n\u00famero 50, que celebra os 25 anos da Casa de Criadores: um conceito que \u00e9 identidade da marca &#8211; desde constru\u00ed-la mais subversiva at\u00e9 entender que, dentro dela, h\u00e1 espa\u00e7o para criar e, mais ainda, para ampliar o entendimento ao espectador.<\/p>\n\n\n\n<div class=\"wp-block-image\"><figure class=\"aligncenter size-full\"><img data-attachment-id=\"224259\" data-permalink=\"https:\/\/agrund.com\/index.php\/50a-casa-de-criadores-o-punk-particular-da-f-kawallys\/agrund-casa-de-criadores-f-kawallys-2022-1\/\" data-orig-file=\"https:\/\/i0.wp.com\/agrund.com\/wp-content\/uploads\/sites\/6\/2022\/07\/agrund-casa-de-criadores-F-Kawallys-2022-1.jpeg?fit=600%2C800&amp;ssl=1\" data-orig-size=\"600,800\" data-comments-opened=\"1\" data-image-meta=\"{&quot;aperture&quot;:&quot;0&quot;,&quot;credit&quot;:&quot;&quot;,&quot;camera&quot;:&quot;&quot;,&quot;caption&quot;:&quot;&quot;,&quot;created_timestamp&quot;:&quot;0&quot;,&quot;copyright&quot;:&quot;&quot;,&quot;focal_length&quot;:&quot;0&quot;,&quot;iso&quot;:&quot;0&quot;,&quot;shutter_speed&quot;:&quot;0&quot;,&quot;title&quot;:&quot;&quot;,&quot;orientation&quot;:&quot;1&quot;}\" data-image-title=\"agrund-casa-de-criadores-F-Kawallys-2022-1\" data-image-description=\"\" data-image-caption=\"\" data-medium-file=\"https:\/\/i0.wp.com\/agrund.com\/wp-content\/uploads\/sites\/6\/2022\/07\/agrund-casa-de-criadores-F-Kawallys-2022-1.jpeg?fit=225%2C300&amp;ssl=1\" data-large-file=\"https:\/\/i0.wp.com\/agrund.com\/wp-content\/uploads\/sites\/6\/2022\/07\/agrund-casa-de-criadores-F-Kawallys-2022-1.jpeg?fit=600%2C800&amp;ssl=1\" decoding=\"async\" loading=\"lazy\" width=\"600\" height=\"800\" src=\"https:\/\/i0.wp.com\/agrund.com\/wp-content\/uploads\/sites\/6\/2022\/07\/agrund-casa-de-criadores-F-Kawallys-2022-1.jpeg?resize=600%2C800&#038;ssl=1\" alt=\"\" class=\"wp-image-224259\" srcset=\"https:\/\/i0.wp.com\/agrund.com\/wp-content\/uploads\/sites\/6\/2022\/07\/agrund-casa-de-criadores-F-Kawallys-2022-1.jpeg?w=600&amp;ssl=1 600w, https:\/\/i0.wp.com\/agrund.com\/wp-content\/uploads\/sites\/6\/2022\/07\/agrund-casa-de-criadores-F-Kawallys-2022-1.jpeg?resize=225%2C300&amp;ssl=1 225w\" sizes=\"(max-width: 600px) 100vw, 600px\" data-recalc-dims=\"1\" \/><figcaption>50\u00aa Casa de Criadores :: O punk particular da F. Kawallys<\/figcaption><\/figure><\/div>\n\n\n\n<div class=\"wp-block-image\"><figure class=\"aligncenter size-full\"><img data-attachment-id=\"224260\" data-permalink=\"https:\/\/agrund.com\/index.php\/50a-casa-de-criadores-o-punk-particular-da-f-kawallys\/agrund-casa-de-criadores-f-kawallys-2022-2\/\" data-orig-file=\"https:\/\/i0.wp.com\/agrund.com\/wp-content\/uploads\/sites\/6\/2022\/07\/agrund-casa-de-criadores-F-Kawallys-2022-2.jpeg?fit=600%2C800&amp;ssl=1\" data-orig-size=\"600,800\" data-comments-opened=\"1\" data-image-meta=\"{&quot;aperture&quot;:&quot;0&quot;,&quot;credit&quot;:&quot;&quot;,&quot;camera&quot;:&quot;&quot;,&quot;caption&quot;:&quot;&quot;,&quot;created_timestamp&quot;:&quot;0&quot;,&quot;copyright&quot;:&quot;&quot;,&quot;focal_length&quot;:&quot;0&quot;,&quot;iso&quot;:&quot;0&quot;,&quot;shutter_speed&quot;:&quot;0&quot;,&quot;title&quot;:&quot;&quot;,&quot;orientation&quot;:&quot;1&quot;}\" data-image-title=\"agrund-casa-de-criadores-F-Kawallys-2022-2\" data-image-description=\"\" data-image-caption=\"\" data-medium-file=\"https:\/\/i0.wp.com\/agrund.com\/wp-content\/uploads\/sites\/6\/2022\/07\/agrund-casa-de-criadores-F-Kawallys-2022-2.jpeg?fit=225%2C300&amp;ssl=1\" data-large-file=\"https:\/\/i0.wp.com\/agrund.com\/wp-content\/uploads\/sites\/6\/2022\/07\/agrund-casa-de-criadores-F-Kawallys-2022-2.jpeg?fit=600%2C800&amp;ssl=1\" decoding=\"async\" loading=\"lazy\" width=\"600\" height=\"800\" src=\"https:\/\/i0.wp.com\/agrund.com\/wp-content\/uploads\/sites\/6\/2022\/07\/agrund-casa-de-criadores-F-Kawallys-2022-2.jpeg?resize=600%2C800&#038;ssl=1\" alt=\"\" class=\"wp-image-224260\" srcset=\"https:\/\/i0.wp.com\/agrund.com\/wp-content\/uploads\/sites\/6\/2022\/07\/agrund-casa-de-criadores-F-Kawallys-2022-2.jpeg?w=600&amp;ssl=1 600w, https:\/\/i0.wp.com\/agrund.com\/wp-content\/uploads\/sites\/6\/2022\/07\/agrund-casa-de-criadores-F-Kawallys-2022-2.jpeg?resize=225%2C300&amp;ssl=1 225w\" sizes=\"(max-width: 600px) 100vw, 600px\" data-recalc-dims=\"1\" \/><figcaption>50\u00aa Casa de Criadores :: O punk particular da F. Kawallys<\/figcaption><\/figure><\/div>\n\n\n\n<div class=\"wp-block-image\"><figure class=\"aligncenter size-full\"><img data-attachment-id=\"224261\" data-permalink=\"https:\/\/agrund.com\/index.php\/50a-casa-de-criadores-o-punk-particular-da-f-kawallys\/agrund-casa-de-criadores-f-kawallys-2022-3\/\" data-orig-file=\"https:\/\/i0.wp.com\/agrund.com\/wp-content\/uploads\/sites\/6\/2022\/07\/agrund-casa-de-criadores-F-Kawallys-2022-3.jpeg?fit=600%2C800&amp;ssl=1\" data-orig-size=\"600,800\" data-comments-opened=\"1\" data-image-meta=\"{&quot;aperture&quot;:&quot;0&quot;,&quot;credit&quot;:&quot;&quot;,&quot;camera&quot;:&quot;&quot;,&quot;caption&quot;:&quot;&quot;,&quot;created_timestamp&quot;:&quot;0&quot;,&quot;copyright&quot;:&quot;&quot;,&quot;focal_length&quot;:&quot;0&quot;,&quot;iso&quot;:&quot;0&quot;,&quot;shutter_speed&quot;:&quot;0&quot;,&quot;title&quot;:&quot;&quot;,&quot;orientation&quot;:&quot;1&quot;}\" data-image-title=\"agrund-casa-de-criadores-F-Kawallys-2022-3\" data-image-description=\"\" data-image-caption=\"\" data-medium-file=\"https:\/\/i0.wp.com\/agrund.com\/wp-content\/uploads\/sites\/6\/2022\/07\/agrund-casa-de-criadores-F-Kawallys-2022-3.jpeg?fit=225%2C300&amp;ssl=1\" data-large-file=\"https:\/\/i0.wp.com\/agrund.com\/wp-content\/uploads\/sites\/6\/2022\/07\/agrund-casa-de-criadores-F-Kawallys-2022-3.jpeg?fit=600%2C800&amp;ssl=1\" decoding=\"async\" loading=\"lazy\" width=\"600\" height=\"800\" src=\"https:\/\/i0.wp.com\/agrund.com\/wp-content\/uploads\/sites\/6\/2022\/07\/agrund-casa-de-criadores-F-Kawallys-2022-3.jpeg?resize=600%2C800&#038;ssl=1\" alt=\"\" class=\"wp-image-224261\" srcset=\"https:\/\/i0.wp.com\/agrund.com\/wp-content\/uploads\/sites\/6\/2022\/07\/agrund-casa-de-criadores-F-Kawallys-2022-3.jpeg?w=600&amp;ssl=1 600w, https:\/\/i0.wp.com\/agrund.com\/wp-content\/uploads\/sites\/6\/2022\/07\/agrund-casa-de-criadores-F-Kawallys-2022-3.jpeg?resize=225%2C300&amp;ssl=1 225w\" sizes=\"(max-width: 600px) 100vw, 600px\" data-recalc-dims=\"1\" \/><figcaption>50\u00aa Casa de Criadores :: O punk particular da F. Kawallys<\/figcaption><\/figure><\/div>\n\n\n\n<div class=\"wp-block-image\"><figure class=\"aligncenter size-full\"><img data-attachment-id=\"224262\" data-permalink=\"https:\/\/agrund.com\/index.php\/50a-casa-de-criadores-o-punk-particular-da-f-kawallys\/agrund-casa-de-criadores-f-kawallys-2022-4\/\" data-orig-file=\"https:\/\/i0.wp.com\/agrund.com\/wp-content\/uploads\/sites\/6\/2022\/07\/agrund-casa-de-criadores-F-Kawallys-2022-4.jpeg?fit=600%2C874&amp;ssl=1\" data-orig-size=\"600,874\" data-comments-opened=\"1\" data-image-meta=\"{&quot;aperture&quot;:&quot;0&quot;,&quot;credit&quot;:&quot;&quot;,&quot;camera&quot;:&quot;&quot;,&quot;caption&quot;:&quot;&quot;,&quot;created_timestamp&quot;:&quot;0&quot;,&quot;copyright&quot;:&quot;&quot;,&quot;focal_length&quot;:&quot;0&quot;,&quot;iso&quot;:&quot;0&quot;,&quot;shutter_speed&quot;:&quot;0&quot;,&quot;title&quot;:&quot;&quot;,&quot;orientation&quot;:&quot;1&quot;}\" data-image-title=\"agrund-casa-de-criadores-F-Kawallys-2022-4\" data-image-description=\"\" data-image-caption=\"\" data-medium-file=\"https:\/\/i0.wp.com\/agrund.com\/wp-content\/uploads\/sites\/6\/2022\/07\/agrund-casa-de-criadores-F-Kawallys-2022-4.jpeg?fit=206%2C300&amp;ssl=1\" data-large-file=\"https:\/\/i0.wp.com\/agrund.com\/wp-content\/uploads\/sites\/6\/2022\/07\/agrund-casa-de-criadores-F-Kawallys-2022-4.jpeg?fit=600%2C874&amp;ssl=1\" decoding=\"async\" loading=\"lazy\" width=\"600\" height=\"874\" src=\"https:\/\/i0.wp.com\/agrund.com\/wp-content\/uploads\/sites\/6\/2022\/07\/agrund-casa-de-criadores-F-Kawallys-2022-4.jpeg?resize=600%2C874&#038;ssl=1\" alt=\"\" class=\"wp-image-224262\" srcset=\"https:\/\/i0.wp.com\/agrund.com\/wp-content\/uploads\/sites\/6\/2022\/07\/agrund-casa-de-criadores-F-Kawallys-2022-4.jpeg?w=600&amp;ssl=1 600w, https:\/\/i0.wp.com\/agrund.com\/wp-content\/uploads\/sites\/6\/2022\/07\/agrund-casa-de-criadores-F-Kawallys-2022-4.jpeg?resize=206%2C300&amp;ssl=1 206w\" sizes=\"(max-width: 600px) 100vw, 600px\" data-recalc-dims=\"1\" \/><figcaption>50\u00aa Casa de Criadores :: O punk particular da F. Kawallys<\/figcaption><\/figure><\/div>\n\n\n\n<div class=\"wp-block-image\"><figure class=\"aligncenter size-full\"><img data-attachment-id=\"224263\" data-permalink=\"https:\/\/agrund.com\/index.php\/50a-casa-de-criadores-o-punk-particular-da-f-kawallys\/agrund-casa-de-criadores-f-kawallys-2022-5\/\" data-orig-file=\"https:\/\/i0.wp.com\/agrund.com\/wp-content\/uploads\/sites\/6\/2022\/07\/agrund-casa-de-criadores-F-Kawallys-2022-5.jpeg?fit=600%2C800&amp;ssl=1\" data-orig-size=\"600,800\" data-comments-opened=\"1\" data-image-meta=\"{&quot;aperture&quot;:&quot;0&quot;,&quot;credit&quot;:&quot;&quot;,&quot;camera&quot;:&quot;&quot;,&quot;caption&quot;:&quot;&quot;,&quot;created_timestamp&quot;:&quot;0&quot;,&quot;copyright&quot;:&quot;&quot;,&quot;focal_length&quot;:&quot;0&quot;,&quot;iso&quot;:&quot;0&quot;,&quot;shutter_speed&quot;:&quot;0&quot;,&quot;title&quot;:&quot;&quot;,&quot;orientation&quot;:&quot;1&quot;}\" data-image-title=\"agrund-casa-de-criadores-F-Kawallys-2022-5\" data-image-description=\"\" data-image-caption=\"\" data-medium-file=\"https:\/\/i0.wp.com\/agrund.com\/wp-content\/uploads\/sites\/6\/2022\/07\/agrund-casa-de-criadores-F-Kawallys-2022-5.jpeg?fit=225%2C300&amp;ssl=1\" data-large-file=\"https:\/\/i0.wp.com\/agrund.com\/wp-content\/uploads\/sites\/6\/2022\/07\/agrund-casa-de-criadores-F-Kawallys-2022-5.jpeg?fit=600%2C800&amp;ssl=1\" decoding=\"async\" loading=\"lazy\" width=\"600\" height=\"800\" src=\"https:\/\/i0.wp.com\/agrund.com\/wp-content\/uploads\/sites\/6\/2022\/07\/agrund-casa-de-criadores-F-Kawallys-2022-5.jpeg?resize=600%2C800&#038;ssl=1\" alt=\"\" class=\"wp-image-224263\" srcset=\"https:\/\/i0.wp.com\/agrund.com\/wp-content\/uploads\/sites\/6\/2022\/07\/agrund-casa-de-criadores-F-Kawallys-2022-5.jpeg?w=600&amp;ssl=1 600w, https:\/\/i0.wp.com\/agrund.com\/wp-content\/uploads\/sites\/6\/2022\/07\/agrund-casa-de-criadores-F-Kawallys-2022-5.jpeg?resize=225%2C300&amp;ssl=1 225w\" sizes=\"(max-width: 600px) 100vw, 600px\" data-recalc-dims=\"1\" \/><figcaption>50\u00aa Casa de Criadores :: O punk particular da F. Kawallys<\/figcaption><\/figure><\/div>\n\n\n\n<div class=\"wp-block-image\"><figure class=\"aligncenter size-full\"><img data-attachment-id=\"224264\" data-permalink=\"https:\/\/agrund.com\/index.php\/50a-casa-de-criadores-o-punk-particular-da-f-kawallys\/agrund-casa-de-criadores-f-kawallys-2022-6\/\" data-orig-file=\"https:\/\/i0.wp.com\/agrund.com\/wp-content\/uploads\/sites\/6\/2022\/07\/agrund-casa-de-criadores-F-Kawallys-2022-6.jpeg?fit=600%2C800&amp;ssl=1\" data-orig-size=\"600,800\" data-comments-opened=\"1\" data-image-meta=\"{&quot;aperture&quot;:&quot;0&quot;,&quot;credit&quot;:&quot;&quot;,&quot;camera&quot;:&quot;&quot;,&quot;caption&quot;:&quot;&quot;,&quot;created_timestamp&quot;:&quot;0&quot;,&quot;copyright&quot;:&quot;&quot;,&quot;focal_length&quot;:&quot;0&quot;,&quot;iso&quot;:&quot;0&quot;,&quot;shutter_speed&quot;:&quot;0&quot;,&quot;title&quot;:&quot;&quot;,&quot;orientation&quot;:&quot;1&quot;}\" data-image-title=\"agrund-casa-de-criadores-F-Kawallys-2022-6\" data-image-description=\"\" data-image-caption=\"\" data-medium-file=\"https:\/\/i0.wp.com\/agrund.com\/wp-content\/uploads\/sites\/6\/2022\/07\/agrund-casa-de-criadores-F-Kawallys-2022-6.jpeg?fit=225%2C300&amp;ssl=1\" data-large-file=\"https:\/\/i0.wp.com\/agrund.com\/wp-content\/uploads\/sites\/6\/2022\/07\/agrund-casa-de-criadores-F-Kawallys-2022-6.jpeg?fit=600%2C800&amp;ssl=1\" decoding=\"async\" loading=\"lazy\" width=\"600\" height=\"800\" src=\"https:\/\/i0.wp.com\/agrund.com\/wp-content\/uploads\/sites\/6\/2022\/07\/agrund-casa-de-criadores-F-Kawallys-2022-6.jpeg?resize=600%2C800&#038;ssl=1\" alt=\"\" class=\"wp-image-224264\" srcset=\"https:\/\/i0.wp.com\/agrund.com\/wp-content\/uploads\/sites\/6\/2022\/07\/agrund-casa-de-criadores-F-Kawallys-2022-6.jpeg?w=600&amp;ssl=1 600w, https:\/\/i0.wp.com\/agrund.com\/wp-content\/uploads\/sites\/6\/2022\/07\/agrund-casa-de-criadores-F-Kawallys-2022-6.jpeg?resize=225%2C300&amp;ssl=1 225w\" sizes=\"(max-width: 600px) 100vw, 600px\" data-recalc-dims=\"1\" \/><figcaption>50\u00aa Casa de Criadores :: O punk particular da F. Kawallys<\/figcaption><\/figure><\/div>\n\n\n\n<div class=\"wp-block-image\"><figure class=\"aligncenter size-full\"><img data-attachment-id=\"224265\" data-permalink=\"https:\/\/agrund.com\/index.php\/50a-casa-de-criadores-o-punk-particular-da-f-kawallys\/agrund-casa-de-criadores-f-kawallys-2022-7\/\" data-orig-file=\"https:\/\/i0.wp.com\/agrund.com\/wp-content\/uploads\/sites\/6\/2022\/07\/agrund-casa-de-criadores-F-Kawallys-2022-7.jpeg?fit=600%2C800&amp;ssl=1\" data-orig-size=\"600,800\" data-comments-opened=\"1\" data-image-meta=\"{&quot;aperture&quot;:&quot;0&quot;,&quot;credit&quot;:&quot;&quot;,&quot;camera&quot;:&quot;&quot;,&quot;caption&quot;:&quot;&quot;,&quot;created_timestamp&quot;:&quot;0&quot;,&quot;copyright&quot;:&quot;&quot;,&quot;focal_length&quot;:&quot;0&quot;,&quot;iso&quot;:&quot;0&quot;,&quot;shutter_speed&quot;:&quot;0&quot;,&quot;title&quot;:&quot;&quot;,&quot;orientation&quot;:&quot;1&quot;}\" data-image-title=\"agrund-casa-de-criadores-F-Kawallys-2022-7\" data-image-description=\"\" data-image-caption=\"\" data-medium-file=\"https:\/\/i0.wp.com\/agrund.com\/wp-content\/uploads\/sites\/6\/2022\/07\/agrund-casa-de-criadores-F-Kawallys-2022-7.jpeg?fit=225%2C300&amp;ssl=1\" data-large-file=\"https:\/\/i0.wp.com\/agrund.com\/wp-content\/uploads\/sites\/6\/2022\/07\/agrund-casa-de-criadores-F-Kawallys-2022-7.jpeg?fit=600%2C800&amp;ssl=1\" decoding=\"async\" loading=\"lazy\" width=\"600\" height=\"800\" src=\"https:\/\/i0.wp.com\/agrund.com\/wp-content\/uploads\/sites\/6\/2022\/07\/agrund-casa-de-criadores-F-Kawallys-2022-7.jpeg?resize=600%2C800&#038;ssl=1\" alt=\"\" class=\"wp-image-224265\" srcset=\"https:\/\/i0.wp.com\/agrund.com\/wp-content\/uploads\/sites\/6\/2022\/07\/agrund-casa-de-criadores-F-Kawallys-2022-7.jpeg?w=600&amp;ssl=1 600w, https:\/\/i0.wp.com\/agrund.com\/wp-content\/uploads\/sites\/6\/2022\/07\/agrund-casa-de-criadores-F-Kawallys-2022-7.jpeg?resize=225%2C300&amp;ssl=1 225w\" sizes=\"(max-width: 600px) 100vw, 600px\" data-recalc-dims=\"1\" \/><figcaption>50\u00aa Casa de Criadores :: O punk particular da F. Kawallys<\/figcaption><\/figure><\/div>\n\n\n\n<p>Fotos: Divulga\u00e7\u00e3o.<\/p>\n","protected":false},"excerpt":{"rendered":"<p>Por Arlindo Grund e Lari Mariano Com claras refer\u00eancias ao conceito da marca, que re\u00fane a customiza\u00e7\u00e3o das pe\u00e7as e as caracter\u00edsticas marcantes da cultura punk, a apresenta\u00e7\u00e3o digital da marca mescla culturas, cores e formas de fazer &#8211; dos brilhos aos jeans com tachas e coloridos. \u00c9 o que Fabio Gurj\u00e3o traz \u00e0 F. [&hellip;]<\/p>\n","protected":false},"author":8,"featured_media":224266,"comment_status":"open","ping_status":"open","sticky":false,"template":"","format":"standard","meta":{"jetpack_post_was_ever_published":false,"_jetpack_newsletter_access":"","jetpack_publicize_message":"","jetpack_is_tweetstorm":false,"jetpack_publicize_feature_enabled":true,"jetpack_social_post_already_shared":true,"jetpack_social_options":{"image_generator_settings":{"template":"highway","enabled":false}}},"categories":[9,2],"tags":[395,375,373,64,309,423,3269,347,438,67,525,148,3267,3268,455,424,862],"jetpack_publicize_connections":[],"jetpack_featured_media_url":"https:\/\/i0.wp.com\/agrund.com\/wp-content\/uploads\/sites\/6\/2022\/07\/s-6.jpg?fit=960%2C300&ssl=1","jetpack_sharing_enabled":true,"jetpack_shortlink":"https:\/\/wp.me\/p3Hz0n-Wl4","jetpack_likes_enabled":true,"_links":{"self":[{"href":"https:\/\/agrund.com\/index.php\/wp-json\/wp\/v2\/posts\/224258"}],"collection":[{"href":"https:\/\/agrund.com\/index.php\/wp-json\/wp\/v2\/posts"}],"about":[{"href":"https:\/\/agrund.com\/index.php\/wp-json\/wp\/v2\/types\/post"}],"author":[{"embeddable":true,"href":"https:\/\/agrund.com\/index.php\/wp-json\/wp\/v2\/users\/8"}],"replies":[{"embeddable":true,"href":"https:\/\/agrund.com\/index.php\/wp-json\/wp\/v2\/comments?post=224258"}],"version-history":[{"count":1,"href":"https:\/\/agrund.com\/index.php\/wp-json\/wp\/v2\/posts\/224258\/revisions"}],"predecessor-version":[{"id":224267,"href":"https:\/\/agrund.com\/index.php\/wp-json\/wp\/v2\/posts\/224258\/revisions\/224267"}],"wp:featuredmedia":[{"embeddable":true,"href":"https:\/\/agrund.com\/index.php\/wp-json\/wp\/v2\/media\/224266"}],"wp:attachment":[{"href":"https:\/\/agrund.com\/index.php\/wp-json\/wp\/v2\/media?parent=224258"}],"wp:term":[{"taxonomy":"category","embeddable":true,"href":"https:\/\/agrund.com\/index.php\/wp-json\/wp\/v2\/categories?post=224258"},{"taxonomy":"post_tag","embeddable":true,"href":"https:\/\/agrund.com\/index.php\/wp-json\/wp\/v2\/tags?post=224258"}],"curies":[{"name":"wp","href":"https:\/\/api.w.org\/{rel}","templated":true}]}}