{"id":224146,"date":"2022-06-27T14:00:00","date_gmt":"2022-06-27T17:00:00","guid":{"rendered":"https:\/\/agrund.com\/?p=224146"},"modified":"2022-06-27T15:28:00","modified_gmt":"2022-06-27T18:28:00","slug":"troye-sivan-estrela-campanha-de-beleza-2","status":"publish","type":"post","link":"https:\/\/agrund.com\/index.php\/troye-sivan-estrela-campanha-de-beleza-2\/","title":{"rendered":"Troye Sivan estrela campanha de beleza"},"content":{"rendered":"\n<p>A YSL Beauty acaba de anunciar Troye Sivan como seu novo embaixador. Como uma aposta para se conectar ainda mais com a Gera\u00e7\u00e3o Z, a marca traz o cantor australiano como rosto da &#8216;Nu Collection&#8217;, que tem como foco os produtos Nu Lip e o Cheek Balmy Tint.<\/p>\n\n\n\n<p>&#8220;Sou f\u00e3 da YSL Beauty h\u00e1 anos e estou em \u00eaxtase por me juntar a uma marca t\u00e3o ic\u00f4nica que encoraja e inspira a quebrar barreiras, e a ter atitude\u201d, revelou Sivan.<\/p>\n\n\n\n<p>N\u00f3s amamos a escolha,\u00a0e voc\u00ea? Confira as primeiras imagens de Troye para a YSL:\u00a0<\/p>\n\n\n\n<div class=\"wp-block-image\"><figure class=\"aligncenter size-full\"><img data-attachment-id=\"224147\" data-permalink=\"https:\/\/agrund.com\/index.php\/troye-sivan-estrela-campanha-de-beleza-2\/agrund-troye-sivan-ysl-beaity-campanha-3\/\" data-orig-file=\"https:\/\/i0.wp.com\/agrund.com\/wp-content\/uploads\/sites\/6\/2022\/06\/agrund-troye-sivan-ysl-beaity-campanha-3.jpg?fit=600%2C900&amp;ssl=1\" data-orig-size=\"600,900\" data-comments-opened=\"1\" data-image-meta=\"{&quot;aperture&quot;:&quot;0&quot;,&quot;credit&quot;:&quot;&quot;,&quot;camera&quot;:&quot;&quot;,&quot;caption&quot;:&quot;&quot;,&quot;created_timestamp&quot;:&quot;0&quot;,&quot;copyright&quot;:&quot;&quot;,&quot;focal_length&quot;:&quot;0&quot;,&quot;iso&quot;:&quot;0&quot;,&quot;shutter_speed&quot;:&quot;0&quot;,&quot;title&quot;:&quot;&quot;,&quot;orientation&quot;:&quot;1&quot;}\" data-image-title=\"agrund-troye-sivan-ysl-beaity-campanha-3\" data-image-description=\"\" data-image-caption=\"\" data-medium-file=\"https:\/\/i0.wp.com\/agrund.com\/wp-content\/uploads\/sites\/6\/2022\/06\/agrund-troye-sivan-ysl-beaity-campanha-3.jpg?fit=200%2C300&amp;ssl=1\" data-large-file=\"https:\/\/i0.wp.com\/agrund.com\/wp-content\/uploads\/sites\/6\/2022\/06\/agrund-troye-sivan-ysl-beaity-campanha-3.jpg?fit=600%2C900&amp;ssl=1\" decoding=\"async\" loading=\"lazy\" width=\"600\" height=\"900\" src=\"https:\/\/i0.wp.com\/agrund.com\/wp-content\/uploads\/sites\/6\/2022\/06\/agrund-troye-sivan-ysl-beaity-campanha-3.jpg?resize=600%2C900&#038;ssl=1\" alt=\"\" class=\"wp-image-224147\" srcset=\"https:\/\/i0.wp.com\/agrund.com\/wp-content\/uploads\/sites\/6\/2022\/06\/agrund-troye-sivan-ysl-beaity-campanha-3.jpg?w=600&amp;ssl=1 600w, https:\/\/i0.wp.com\/agrund.com\/wp-content\/uploads\/sites\/6\/2022\/06\/agrund-troye-sivan-ysl-beaity-campanha-3.jpg?resize=200%2C300&amp;ssl=1 200w\" sizes=\"(max-width: 600px) 100vw, 600px\" data-recalc-dims=\"1\" \/><figcaption>Troye Sivan estrela campanha de beleza<\/figcaption><\/figure><\/div>\n\n\n\n<div class=\"wp-block-image\"><figure class=\"aligncenter size-full\"><img data-attachment-id=\"224148\" data-permalink=\"https:\/\/agrund.com\/index.php\/troye-sivan-estrela-campanha-de-beleza-2\/agrund-troye-sivan-ysl-beaity-campanha-1\/\" data-orig-file=\"https:\/\/i0.wp.com\/agrund.com\/wp-content\/uploads\/sites\/6\/2022\/06\/agrund-troye-sivan-ysl-beaity-campanha-1.jpg?fit=600%2C749&amp;ssl=1\" data-orig-size=\"600,749\" data-comments-opened=\"1\" data-image-meta=\"{&quot;aperture&quot;:&quot;0&quot;,&quot;credit&quot;:&quot;&quot;,&quot;camera&quot;:&quot;&quot;,&quot;caption&quot;:&quot;&quot;,&quot;created_timestamp&quot;:&quot;0&quot;,&quot;copyright&quot;:&quot;&quot;,&quot;focal_length&quot;:&quot;0&quot;,&quot;iso&quot;:&quot;0&quot;,&quot;shutter_speed&quot;:&quot;0&quot;,&quot;title&quot;:&quot;&quot;,&quot;orientation&quot;:&quot;0&quot;}\" data-image-title=\"agrund-troye-sivan-ysl-beaity-campanha-1\" data-image-description=\"\" data-image-caption=\"\" data-medium-file=\"https:\/\/i0.wp.com\/agrund.com\/wp-content\/uploads\/sites\/6\/2022\/06\/agrund-troye-sivan-ysl-beaity-campanha-1.jpg?fit=240%2C300&amp;ssl=1\" data-large-file=\"https:\/\/i0.wp.com\/agrund.com\/wp-content\/uploads\/sites\/6\/2022\/06\/agrund-troye-sivan-ysl-beaity-campanha-1.jpg?fit=600%2C749&amp;ssl=1\" decoding=\"async\" loading=\"lazy\" width=\"600\" height=\"749\" src=\"https:\/\/i0.wp.com\/agrund.com\/wp-content\/uploads\/sites\/6\/2022\/06\/agrund-troye-sivan-ysl-beaity-campanha-1.jpg?resize=600%2C749&#038;ssl=1\" alt=\"\" class=\"wp-image-224148\" srcset=\"https:\/\/i0.wp.com\/agrund.com\/wp-content\/uploads\/sites\/6\/2022\/06\/agrund-troye-sivan-ysl-beaity-campanha-1.jpg?w=600&amp;ssl=1 600w, https:\/\/i0.wp.com\/agrund.com\/wp-content\/uploads\/sites\/6\/2022\/06\/agrund-troye-sivan-ysl-beaity-campanha-1.jpg?resize=240%2C300&amp;ssl=1 240w\" sizes=\"(max-width: 600px) 100vw, 600px\" data-recalc-dims=\"1\" \/><figcaption>Troye Sivan estrela campanha de beleza<\/figcaption><\/figure><\/div>\n\n\n\n<div class=\"wp-block-image\"><figure class=\"aligncenter size-full\"><img data-attachment-id=\"224149\" data-permalink=\"https:\/\/agrund.com\/index.php\/troye-sivan-estrela-campanha-de-beleza-2\/agrund-troye-sivan-ysl-beaity-campanha-2\/\" data-orig-file=\"https:\/\/i0.wp.com\/agrund.com\/wp-content\/uploads\/sites\/6\/2022\/06\/agrund-troye-sivan-ysl-beaity-campanha-2.jpg?fit=600%2C753&amp;ssl=1\" data-orig-size=\"600,753\" data-comments-opened=\"1\" data-image-meta=\"{&quot;aperture&quot;:&quot;0&quot;,&quot;credit&quot;:&quot;&quot;,&quot;camera&quot;:&quot;&quot;,&quot;caption&quot;:&quot;&quot;,&quot;created_timestamp&quot;:&quot;0&quot;,&quot;copyright&quot;:&quot;&quot;,&quot;focal_length&quot;:&quot;0&quot;,&quot;iso&quot;:&quot;0&quot;,&quot;shutter_speed&quot;:&quot;0&quot;,&quot;title&quot;:&quot;&quot;,&quot;orientation&quot;:&quot;0&quot;}\" data-image-title=\"agrund-troye-sivan-ysl-beaity-campanha-2\" data-image-description=\"\" data-image-caption=\"\" data-medium-file=\"https:\/\/i0.wp.com\/agrund.com\/wp-content\/uploads\/sites\/6\/2022\/06\/agrund-troye-sivan-ysl-beaity-campanha-2.jpg?fit=239%2C300&amp;ssl=1\" data-large-file=\"https:\/\/i0.wp.com\/agrund.com\/wp-content\/uploads\/sites\/6\/2022\/06\/agrund-troye-sivan-ysl-beaity-campanha-2.jpg?fit=600%2C753&amp;ssl=1\" decoding=\"async\" loading=\"lazy\" width=\"600\" height=\"753\" src=\"https:\/\/i0.wp.com\/agrund.com\/wp-content\/uploads\/sites\/6\/2022\/06\/agrund-troye-sivan-ysl-beaity-campanha-2.jpg?resize=600%2C753&#038;ssl=1\" alt=\"\" class=\"wp-image-224149\" srcset=\"https:\/\/i0.wp.com\/agrund.com\/wp-content\/uploads\/sites\/6\/2022\/06\/agrund-troye-sivan-ysl-beaity-campanha-2.jpg?w=600&amp;ssl=1 600w, https:\/\/i0.wp.com\/agrund.com\/wp-content\/uploads\/sites\/6\/2022\/06\/agrund-troye-sivan-ysl-beaity-campanha-2.jpg?resize=239%2C300&amp;ssl=1 239w\" sizes=\"(max-width: 600px) 100vw, 600px\" data-recalc-dims=\"1\" \/><figcaption>Troye Sivan estrela campanha de beleza<\/figcaption><\/figure><\/div>\n\n\n\n<div class=\"wp-block-image\"><figure class=\"aligncenter size-full\"><img data-attachment-id=\"224150\" data-permalink=\"https:\/\/agrund.com\/index.php\/troye-sivan-estrela-campanha-de-beleza-2\/agrund-troye-sivan-ysl-beaity-campanha-4\/\" data-orig-file=\"https:\/\/i0.wp.com\/agrund.com\/wp-content\/uploads\/sites\/6\/2022\/06\/agrund-troye-sivan-ysl-beaity-campanha-4.jpg?fit=600%2C901&amp;ssl=1\" data-orig-size=\"600,901\" data-comments-opened=\"1\" data-image-meta=\"{&quot;aperture&quot;:&quot;0&quot;,&quot;credit&quot;:&quot;&quot;,&quot;camera&quot;:&quot;&quot;,&quot;caption&quot;:&quot;&quot;,&quot;created_timestamp&quot;:&quot;0&quot;,&quot;copyright&quot;:&quot;&quot;,&quot;focal_length&quot;:&quot;0&quot;,&quot;iso&quot;:&quot;0&quot;,&quot;shutter_speed&quot;:&quot;0&quot;,&quot;title&quot;:&quot;&quot;,&quot;orientation&quot;:&quot;1&quot;}\" data-image-title=\"agrund-troye-sivan-ysl-beaity-campanha-4\" data-image-description=\"\" data-image-caption=\"\" data-medium-file=\"https:\/\/i0.wp.com\/agrund.com\/wp-content\/uploads\/sites\/6\/2022\/06\/agrund-troye-sivan-ysl-beaity-campanha-4.jpg?fit=200%2C300&amp;ssl=1\" data-large-file=\"https:\/\/i0.wp.com\/agrund.com\/wp-content\/uploads\/sites\/6\/2022\/06\/agrund-troye-sivan-ysl-beaity-campanha-4.jpg?fit=600%2C901&amp;ssl=1\" decoding=\"async\" loading=\"lazy\" width=\"600\" height=\"901\" src=\"https:\/\/i0.wp.com\/agrund.com\/wp-content\/uploads\/sites\/6\/2022\/06\/agrund-troye-sivan-ysl-beaity-campanha-4.jpg?resize=600%2C901&#038;ssl=1\" alt=\"\" class=\"wp-image-224150\" srcset=\"https:\/\/i0.wp.com\/agrund.com\/wp-content\/uploads\/sites\/6\/2022\/06\/agrund-troye-sivan-ysl-beaity-campanha-4.jpg?w=600&amp;ssl=1 600w, https:\/\/i0.wp.com\/agrund.com\/wp-content\/uploads\/sites\/6\/2022\/06\/agrund-troye-sivan-ysl-beaity-campanha-4.jpg?resize=200%2C300&amp;ssl=1 200w\" sizes=\"(max-width: 600px) 100vw, 600px\" data-recalc-dims=\"1\" \/><figcaption>Troye Sivan estrela campanha de beleza<\/figcaption><\/figure><\/div>\n\n\n\n<p>Fotos: Reprodu\u00e7\u00e3o\/ YSL Beauty. <\/p>\n","protected":false},"excerpt":{"rendered":"<p>A YSL Beauty acaba de anunciar Troye Sivan como seu novo embaixador. Como uma aposta para se conectar ainda mais com a Gera\u00e7\u00e3o Z, a marca traz o cantor australiano como rosto da &#8216;Nu Collection&#8217;, que tem como foco os produtos Nu Lip e o Cheek Balmy Tint. &#8220;Sou f\u00e3 da YSL Beauty h\u00e1 anos [&hellip;]<\/p>\n","protected":false},"author":8,"featured_media":224151,"comment_status":"open","ping_status":"open","sticky":false,"template":"","format":"standard","meta":{"jetpack_post_was_ever_published":false,"_jetpack_newsletter_access":"","jetpack_publicize_message":"","jetpack_is_tweetstorm":false,"jetpack_publicize_feature_enabled":true,"jetpack_social_post_already_shared":true,"jetpack_social_options":{"image_generator_settings":{"template":"highway","enabled":false}}},"categories":[2],"tags":[395,375,3257,67,424,3258,602,3256],"jetpack_publicize_connections":[],"jetpack_featured_media_url":"https:\/\/i0.wp.com\/agrund.com\/wp-content\/uploads\/sites\/6\/2022\/06\/s-45.jpg?fit=960%2C300&ssl=1","jetpack_sharing_enabled":true,"jetpack_shortlink":"https:\/\/wp.me\/p3Hz0n-Wjg","jetpack_likes_enabled":true,"_links":{"self":[{"href":"https:\/\/agrund.com\/index.php\/wp-json\/wp\/v2\/posts\/224146"}],"collection":[{"href":"https:\/\/agrund.com\/index.php\/wp-json\/wp\/v2\/posts"}],"about":[{"href":"https:\/\/agrund.com\/index.php\/wp-json\/wp\/v2\/types\/post"}],"author":[{"embeddable":true,"href":"https:\/\/agrund.com\/index.php\/wp-json\/wp\/v2\/users\/8"}],"replies":[{"embeddable":true,"href":"https:\/\/agrund.com\/index.php\/wp-json\/wp\/v2\/comments?post=224146"}],"version-history":[{"count":1,"href":"https:\/\/agrund.com\/index.php\/wp-json\/wp\/v2\/posts\/224146\/revisions"}],"predecessor-version":[{"id":224152,"href":"https:\/\/agrund.com\/index.php\/wp-json\/wp\/v2\/posts\/224146\/revisions\/224152"}],"wp:featuredmedia":[{"embeddable":true,"href":"https:\/\/agrund.com\/index.php\/wp-json\/wp\/v2\/media\/224151"}],"wp:attachment":[{"href":"https:\/\/agrund.com\/index.php\/wp-json\/wp\/v2\/media?parent=224146"}],"wp:term":[{"taxonomy":"category","embeddable":true,"href":"https:\/\/agrund.com\/index.php\/wp-json\/wp\/v2\/categories?post=224146"},{"taxonomy":"post_tag","embeddable":true,"href":"https:\/\/agrund.com\/index.php\/wp-json\/wp\/v2\/tags?post=224146"}],"curies":[{"name":"wp","href":"https:\/\/api.w.org\/{rel}","templated":true}]}}