{"id":224127,"date":"2022-06-23T16:00:00","date_gmt":"2022-06-23T19:00:00","guid":{"rendered":"https:\/\/agrund.com\/?p=224127"},"modified":"2022-06-23T09:34:59","modified_gmt":"2022-06-23T12:34:59","slug":"mfw-primavera-2023-o-show-de-zegna","status":"publish","type":"post","link":"https:\/\/agrund.com\/index.php\/mfw-primavera-2023-o-show-de-zegna\/","title":{"rendered":"MFW Primavera 2023 :: O show de Zegna"},"content":{"rendered":"\n<p>Por Arlindo Grund<\/p>\n\n\n\n<p>Para encerrar a temporada masculina de desfiles em Mil\u00e3o, a Zegna fez uma apresenta\u00e7\u00e3o marcante. Levou seu p\u00fablico para uma usina distante de Mil\u00e3o e ambientou sua cole\u00e7\u00e3o em meio a m\u00e1quinas. Um espet\u00e1culo \u00e0 parte a loca\u00e7\u00e3o. Mas e as roupas? Aqui, um toque de jovialidade numa alfaiataria que vem ganhando espa\u00e7o entre os jovens. Modelagens mais descomplicadas, tecidos agrad\u00e1veis ao toque e uma cartela de cores pra l\u00e1 de chic. A monocromia j\u00e1 deixava essa apresenta\u00e7\u00e3o mais sofisticada e os tons s\u00f3brios e ao mesmo tempo acesos representaram bem esse conceito. As misturas de off-white e tons terrosos caminharam no sentido do despojamento, mas ao mesmo tempo com uma aten\u00e7\u00e3o especial aos detalhes. Os tric\u00f4s tamb\u00e9m passaram conforto e ao mesmo tempo elevaram as misturas de texturas a uma categoria mais ousada. E j\u00e1 que toquei nesse assunto, as propostas s\u00e3o bem atuais e parecem mirar num p\u00fablico que gosta de usar roupas mais folgadas, que n\u00e3o apertem mesmo. O fato \u00e9 que a cabe\u00e7a do homem europeu est\u00e1 pronta para esses saltos que a moda d\u00e1. Resta saber como os demais clientes da marca, que adoram uma imagem mais tradicional, ir\u00e3o reagir. Por aqui \u00e9 s\u00f3 alegria diante desses conceitos que a moda masculina traz imprimindo um novo conceito para a imagem masculina: a sofistica\u00e7\u00e3o confort\u00e1vel. Quem tamb\u00e9m amou?<\/p>\n\n\n\n<div class=\"wp-block-image\"><figure class=\"aligncenter size-full\"><img data-attachment-id=\"224128\" data-permalink=\"https:\/\/agrund.com\/index.php\/mfw-primavera-2023-o-show-de-zegna\/agrund-semana-moda-masculina-milao-zegna-1\/\" data-orig-file=\"https:\/\/i0.wp.com\/agrund.com\/wp-content\/uploads\/sites\/6\/2022\/06\/agrund-semana-moda-masculina-milao-zegna-1.jpg?fit=600%2C901&amp;ssl=1\" data-orig-size=\"600,901\" data-comments-opened=\"1\" data-image-meta=\"{&quot;aperture&quot;:&quot;0&quot;,&quot;credit&quot;:&quot;&quot;,&quot;camera&quot;:&quot;&quot;,&quot;caption&quot;:&quot;&quot;,&quot;created_timestamp&quot;:&quot;0&quot;,&quot;copyright&quot;:&quot;&quot;,&quot;focal_length&quot;:&quot;0&quot;,&quot;iso&quot;:&quot;0&quot;,&quot;shutter_speed&quot;:&quot;0&quot;,&quot;title&quot;:&quot;&quot;,&quot;orientation&quot;:&quot;0&quot;}\" data-image-title=\"agrund-semana-moda-masculina-milao-zegna-1\" data-image-description=\"\" data-image-caption=\"\" data-medium-file=\"https:\/\/i0.wp.com\/agrund.com\/wp-content\/uploads\/sites\/6\/2022\/06\/agrund-semana-moda-masculina-milao-zegna-1.jpg?fit=200%2C300&amp;ssl=1\" data-large-file=\"https:\/\/i0.wp.com\/agrund.com\/wp-content\/uploads\/sites\/6\/2022\/06\/agrund-semana-moda-masculina-milao-zegna-1.jpg?fit=600%2C901&amp;ssl=1\" decoding=\"async\" loading=\"lazy\" width=\"600\" height=\"901\" src=\"https:\/\/i0.wp.com\/agrund.com\/wp-content\/uploads\/sites\/6\/2022\/06\/agrund-semana-moda-masculina-milao-zegna-1.jpg?resize=600%2C901&#038;ssl=1\" alt=\"\" class=\"wp-image-224128\" srcset=\"https:\/\/i0.wp.com\/agrund.com\/wp-content\/uploads\/sites\/6\/2022\/06\/agrund-semana-moda-masculina-milao-zegna-1.jpg?w=600&amp;ssl=1 600w, https:\/\/i0.wp.com\/agrund.com\/wp-content\/uploads\/sites\/6\/2022\/06\/agrund-semana-moda-masculina-milao-zegna-1.jpg?resize=200%2C300&amp;ssl=1 200w\" sizes=\"(max-width: 600px) 100vw, 600px\" data-recalc-dims=\"1\" \/><figcaption>MFW Primavera 2023 :: O show de Zegna<\/figcaption><\/figure><\/div>\n\n\n\n<div class=\"wp-block-image\"><figure class=\"aligncenter size-full\"><img data-attachment-id=\"224129\" data-permalink=\"https:\/\/agrund.com\/index.php\/mfw-primavera-2023-o-show-de-zegna\/agrund-semana-moda-masculina-milao-zegna-2\/\" data-orig-file=\"https:\/\/i0.wp.com\/agrund.com\/wp-content\/uploads\/sites\/6\/2022\/06\/agrund-semana-moda-masculina-milao-zegna-2.jpg?fit=600%2C905&amp;ssl=1\" data-orig-size=\"600,905\" data-comments-opened=\"1\" data-image-meta=\"{&quot;aperture&quot;:&quot;0&quot;,&quot;credit&quot;:&quot;&quot;,&quot;camera&quot;:&quot;&quot;,&quot;caption&quot;:&quot;&quot;,&quot;created_timestamp&quot;:&quot;0&quot;,&quot;copyright&quot;:&quot;&quot;,&quot;focal_length&quot;:&quot;0&quot;,&quot;iso&quot;:&quot;0&quot;,&quot;shutter_speed&quot;:&quot;0&quot;,&quot;title&quot;:&quot;&quot;,&quot;orientation&quot;:&quot;0&quot;}\" data-image-title=\"agrund-semana-moda-masculina-milao-zegna-2\" data-image-description=\"\" data-image-caption=\"\" data-medium-file=\"https:\/\/i0.wp.com\/agrund.com\/wp-content\/uploads\/sites\/6\/2022\/06\/agrund-semana-moda-masculina-milao-zegna-2.jpg?fit=199%2C300&amp;ssl=1\" data-large-file=\"https:\/\/i0.wp.com\/agrund.com\/wp-content\/uploads\/sites\/6\/2022\/06\/agrund-semana-moda-masculina-milao-zegna-2.jpg?fit=600%2C905&amp;ssl=1\" decoding=\"async\" loading=\"lazy\" width=\"600\" height=\"905\" src=\"https:\/\/i0.wp.com\/agrund.com\/wp-content\/uploads\/sites\/6\/2022\/06\/agrund-semana-moda-masculina-milao-zegna-2.jpg?resize=600%2C905&#038;ssl=1\" alt=\"\" class=\"wp-image-224129\" srcset=\"https:\/\/i0.wp.com\/agrund.com\/wp-content\/uploads\/sites\/6\/2022\/06\/agrund-semana-moda-masculina-milao-zegna-2.jpg?w=600&amp;ssl=1 600w, https:\/\/i0.wp.com\/agrund.com\/wp-content\/uploads\/sites\/6\/2022\/06\/agrund-semana-moda-masculina-milao-zegna-2.jpg?resize=199%2C300&amp;ssl=1 199w\" sizes=\"(max-width: 600px) 100vw, 600px\" data-recalc-dims=\"1\" \/><figcaption>MFW Primavera 2023 :: O show de Zegna<\/figcaption><\/figure><\/div>\n\n\n\n<div class=\"wp-block-image\"><figure class=\"aligncenter size-full\"><img data-attachment-id=\"224130\" data-permalink=\"https:\/\/agrund.com\/index.php\/mfw-primavera-2023-o-show-de-zegna\/agrund-semana-moda-masculina-milao-zegna-3\/\" data-orig-file=\"https:\/\/i0.wp.com\/agrund.com\/wp-content\/uploads\/sites\/6\/2022\/06\/agrund-semana-moda-masculina-milao-zegna-3.jpg?fit=600%2C904&amp;ssl=1\" data-orig-size=\"600,904\" data-comments-opened=\"1\" data-image-meta=\"{&quot;aperture&quot;:&quot;0&quot;,&quot;credit&quot;:&quot;&quot;,&quot;camera&quot;:&quot;&quot;,&quot;caption&quot;:&quot;&quot;,&quot;created_timestamp&quot;:&quot;0&quot;,&quot;copyright&quot;:&quot;&quot;,&quot;focal_length&quot;:&quot;0&quot;,&quot;iso&quot;:&quot;0&quot;,&quot;shutter_speed&quot;:&quot;0&quot;,&quot;title&quot;:&quot;&quot;,&quot;orientation&quot;:&quot;0&quot;}\" data-image-title=\"agrund-semana-moda-masculina-milao-zegna-3\" data-image-description=\"\" data-image-caption=\"\" data-medium-file=\"https:\/\/i0.wp.com\/agrund.com\/wp-content\/uploads\/sites\/6\/2022\/06\/agrund-semana-moda-masculina-milao-zegna-3.jpg?fit=199%2C300&amp;ssl=1\" data-large-file=\"https:\/\/i0.wp.com\/agrund.com\/wp-content\/uploads\/sites\/6\/2022\/06\/agrund-semana-moda-masculina-milao-zegna-3.jpg?fit=600%2C904&amp;ssl=1\" decoding=\"async\" loading=\"lazy\" width=\"600\" height=\"904\" src=\"https:\/\/i0.wp.com\/agrund.com\/wp-content\/uploads\/sites\/6\/2022\/06\/agrund-semana-moda-masculina-milao-zegna-3.jpg?resize=600%2C904&#038;ssl=1\" alt=\"\" class=\"wp-image-224130\" srcset=\"https:\/\/i0.wp.com\/agrund.com\/wp-content\/uploads\/sites\/6\/2022\/06\/agrund-semana-moda-masculina-milao-zegna-3.jpg?w=600&amp;ssl=1 600w, https:\/\/i0.wp.com\/agrund.com\/wp-content\/uploads\/sites\/6\/2022\/06\/agrund-semana-moda-masculina-milao-zegna-3.jpg?resize=199%2C300&amp;ssl=1 199w\" sizes=\"(max-width: 600px) 100vw, 600px\" data-recalc-dims=\"1\" \/><figcaption>MFW Primavera 2023 :: O show de Zegna<\/figcaption><\/figure><\/div>\n\n\n\n<div class=\"wp-block-image\"><figure class=\"aligncenter size-full\"><img data-attachment-id=\"224131\" data-permalink=\"https:\/\/agrund.com\/index.php\/mfw-primavera-2023-o-show-de-zegna\/agrund-semana-moda-masculina-milao-zegna-4\/\" data-orig-file=\"https:\/\/i0.wp.com\/agrund.com\/wp-content\/uploads\/sites\/6\/2022\/06\/agrund-semana-moda-masculina-milao-zegna-4.jpg?fit=600%2C905&amp;ssl=1\" data-orig-size=\"600,905\" data-comments-opened=\"1\" data-image-meta=\"{&quot;aperture&quot;:&quot;0&quot;,&quot;credit&quot;:&quot;&quot;,&quot;camera&quot;:&quot;&quot;,&quot;caption&quot;:&quot;&quot;,&quot;created_timestamp&quot;:&quot;0&quot;,&quot;copyright&quot;:&quot;&quot;,&quot;focal_length&quot;:&quot;0&quot;,&quot;iso&quot;:&quot;0&quot;,&quot;shutter_speed&quot;:&quot;0&quot;,&quot;title&quot;:&quot;&quot;,&quot;orientation&quot;:&quot;0&quot;}\" data-image-title=\"agrund-semana-moda-masculina-milao-zegna-4\" data-image-description=\"\" data-image-caption=\"\" data-medium-file=\"https:\/\/i0.wp.com\/agrund.com\/wp-content\/uploads\/sites\/6\/2022\/06\/agrund-semana-moda-masculina-milao-zegna-4.jpg?fit=199%2C300&amp;ssl=1\" data-large-file=\"https:\/\/i0.wp.com\/agrund.com\/wp-content\/uploads\/sites\/6\/2022\/06\/agrund-semana-moda-masculina-milao-zegna-4.jpg?fit=600%2C905&amp;ssl=1\" decoding=\"async\" loading=\"lazy\" width=\"600\" height=\"905\" src=\"https:\/\/i0.wp.com\/agrund.com\/wp-content\/uploads\/sites\/6\/2022\/06\/agrund-semana-moda-masculina-milao-zegna-4.jpg?resize=600%2C905&#038;ssl=1\" alt=\"\" class=\"wp-image-224131\" srcset=\"https:\/\/i0.wp.com\/agrund.com\/wp-content\/uploads\/sites\/6\/2022\/06\/agrund-semana-moda-masculina-milao-zegna-4.jpg?w=600&amp;ssl=1 600w, https:\/\/i0.wp.com\/agrund.com\/wp-content\/uploads\/sites\/6\/2022\/06\/agrund-semana-moda-masculina-milao-zegna-4.jpg?resize=199%2C300&amp;ssl=1 199w\" sizes=\"(max-width: 600px) 100vw, 600px\" data-recalc-dims=\"1\" \/><figcaption>MFW Primavera 2023 :: O show de Zegna<\/figcaption><\/figure><\/div>\n\n\n\n<div class=\"wp-block-image\"><figure class=\"aligncenter size-full\"><img data-attachment-id=\"224132\" data-permalink=\"https:\/\/agrund.com\/index.php\/mfw-primavera-2023-o-show-de-zegna\/agrund-semana-moda-masculina-milao-zegna-5\/\" data-orig-file=\"https:\/\/i0.wp.com\/agrund.com\/wp-content\/uploads\/sites\/6\/2022\/06\/agrund-semana-moda-masculina-milao-zegna-5.jpg?fit=600%2C910&amp;ssl=1\" data-orig-size=\"600,910\" data-comments-opened=\"1\" data-image-meta=\"{&quot;aperture&quot;:&quot;0&quot;,&quot;credit&quot;:&quot;&quot;,&quot;camera&quot;:&quot;&quot;,&quot;caption&quot;:&quot;&quot;,&quot;created_timestamp&quot;:&quot;0&quot;,&quot;copyright&quot;:&quot;&quot;,&quot;focal_length&quot;:&quot;0&quot;,&quot;iso&quot;:&quot;0&quot;,&quot;shutter_speed&quot;:&quot;0&quot;,&quot;title&quot;:&quot;&quot;,&quot;orientation&quot;:&quot;0&quot;}\" data-image-title=\"agrund-semana-moda-masculina-milao-zegna-5\" data-image-description=\"\" data-image-caption=\"\" data-medium-file=\"https:\/\/i0.wp.com\/agrund.com\/wp-content\/uploads\/sites\/6\/2022\/06\/agrund-semana-moda-masculina-milao-zegna-5.jpg?fit=198%2C300&amp;ssl=1\" data-large-file=\"https:\/\/i0.wp.com\/agrund.com\/wp-content\/uploads\/sites\/6\/2022\/06\/agrund-semana-moda-masculina-milao-zegna-5.jpg?fit=600%2C910&amp;ssl=1\" decoding=\"async\" loading=\"lazy\" width=\"600\" height=\"910\" src=\"https:\/\/i0.wp.com\/agrund.com\/wp-content\/uploads\/sites\/6\/2022\/06\/agrund-semana-moda-masculina-milao-zegna-5.jpg?resize=600%2C910&#038;ssl=1\" alt=\"\" class=\"wp-image-224132\" srcset=\"https:\/\/i0.wp.com\/agrund.com\/wp-content\/uploads\/sites\/6\/2022\/06\/agrund-semana-moda-masculina-milao-zegna-5.jpg?w=600&amp;ssl=1 600w, https:\/\/i0.wp.com\/agrund.com\/wp-content\/uploads\/sites\/6\/2022\/06\/agrund-semana-moda-masculina-milao-zegna-5.jpg?resize=198%2C300&amp;ssl=1 198w\" sizes=\"(max-width: 600px) 100vw, 600px\" data-recalc-dims=\"1\" \/><figcaption>MFW Primavera 2023 :: O show de Zegna<\/figcaption><\/figure><\/div>\n\n\n\n<div class=\"wp-block-image\"><figure class=\"aligncenter size-full\"><img data-attachment-id=\"224133\" data-permalink=\"https:\/\/agrund.com\/index.php\/mfw-primavera-2023-o-show-de-zegna\/agrund-semana-moda-masculina-milao-zegna-6\/\" data-orig-file=\"https:\/\/i0.wp.com\/agrund.com\/wp-content\/uploads\/sites\/6\/2022\/06\/agrund-semana-moda-masculina-milao-zegna-6.jpg?fit=600%2C907&amp;ssl=1\" data-orig-size=\"600,907\" data-comments-opened=\"1\" data-image-meta=\"{&quot;aperture&quot;:&quot;0&quot;,&quot;credit&quot;:&quot;&quot;,&quot;camera&quot;:&quot;&quot;,&quot;caption&quot;:&quot;&quot;,&quot;created_timestamp&quot;:&quot;0&quot;,&quot;copyright&quot;:&quot;&quot;,&quot;focal_length&quot;:&quot;0&quot;,&quot;iso&quot;:&quot;0&quot;,&quot;shutter_speed&quot;:&quot;0&quot;,&quot;title&quot;:&quot;&quot;,&quot;orientation&quot;:&quot;0&quot;}\" data-image-title=\"agrund-semana-moda-masculina-milao-zegna-6\" data-image-description=\"\" data-image-caption=\"\" data-medium-file=\"https:\/\/i0.wp.com\/agrund.com\/wp-content\/uploads\/sites\/6\/2022\/06\/agrund-semana-moda-masculina-milao-zegna-6.jpg?fit=198%2C300&amp;ssl=1\" data-large-file=\"https:\/\/i0.wp.com\/agrund.com\/wp-content\/uploads\/sites\/6\/2022\/06\/agrund-semana-moda-masculina-milao-zegna-6.jpg?fit=600%2C907&amp;ssl=1\" decoding=\"async\" loading=\"lazy\" width=\"600\" height=\"907\" src=\"https:\/\/i0.wp.com\/agrund.com\/wp-content\/uploads\/sites\/6\/2022\/06\/agrund-semana-moda-masculina-milao-zegna-6.jpg?resize=600%2C907&#038;ssl=1\" alt=\"\" class=\"wp-image-224133\" srcset=\"https:\/\/i0.wp.com\/agrund.com\/wp-content\/uploads\/sites\/6\/2022\/06\/agrund-semana-moda-masculina-milao-zegna-6.jpg?w=600&amp;ssl=1 600w, https:\/\/i0.wp.com\/agrund.com\/wp-content\/uploads\/sites\/6\/2022\/06\/agrund-semana-moda-masculina-milao-zegna-6.jpg?resize=198%2C300&amp;ssl=1 198w\" sizes=\"(max-width: 600px) 100vw, 600px\" data-recalc-dims=\"1\" \/><figcaption>MFW Primavera 2023 :: O show de Zegna<\/figcaption><\/figure><\/div>\n\n\n\n<div class=\"wp-block-image\"><figure class=\"aligncenter size-full\"><img data-attachment-id=\"224134\" data-permalink=\"https:\/\/agrund.com\/index.php\/mfw-primavera-2023-o-show-de-zegna\/agrund-semana-moda-masculina-milao-zegna-7\/\" data-orig-file=\"https:\/\/i0.wp.com\/agrund.com\/wp-content\/uploads\/sites\/6\/2022\/06\/agrund-semana-moda-masculina-milao-zegna-7.jpg?fit=600%2C901&amp;ssl=1\" data-orig-size=\"600,901\" data-comments-opened=\"1\" data-image-meta=\"{&quot;aperture&quot;:&quot;0&quot;,&quot;credit&quot;:&quot;&quot;,&quot;camera&quot;:&quot;&quot;,&quot;caption&quot;:&quot;&quot;,&quot;created_timestamp&quot;:&quot;0&quot;,&quot;copyright&quot;:&quot;&quot;,&quot;focal_length&quot;:&quot;0&quot;,&quot;iso&quot;:&quot;0&quot;,&quot;shutter_speed&quot;:&quot;0&quot;,&quot;title&quot;:&quot;&quot;,&quot;orientation&quot;:&quot;0&quot;}\" data-image-title=\"agrund-semana-moda-masculina-milao-zegna-7\" data-image-description=\"\" data-image-caption=\"\" data-medium-file=\"https:\/\/i0.wp.com\/agrund.com\/wp-content\/uploads\/sites\/6\/2022\/06\/agrund-semana-moda-masculina-milao-zegna-7.jpg?fit=200%2C300&amp;ssl=1\" data-large-file=\"https:\/\/i0.wp.com\/agrund.com\/wp-content\/uploads\/sites\/6\/2022\/06\/agrund-semana-moda-masculina-milao-zegna-7.jpg?fit=600%2C901&amp;ssl=1\" decoding=\"async\" loading=\"lazy\" width=\"600\" height=\"901\" src=\"https:\/\/i0.wp.com\/agrund.com\/wp-content\/uploads\/sites\/6\/2022\/06\/agrund-semana-moda-masculina-milao-zegna-7.jpg?resize=600%2C901&#038;ssl=1\" alt=\"\" class=\"wp-image-224134\" srcset=\"https:\/\/i0.wp.com\/agrund.com\/wp-content\/uploads\/sites\/6\/2022\/06\/agrund-semana-moda-masculina-milao-zegna-7.jpg?w=600&amp;ssl=1 600w, https:\/\/i0.wp.com\/agrund.com\/wp-content\/uploads\/sites\/6\/2022\/06\/agrund-semana-moda-masculina-milao-zegna-7.jpg?resize=200%2C300&amp;ssl=1 200w\" sizes=\"(max-width: 600px) 100vw, 600px\" data-recalc-dims=\"1\" \/><figcaption>MFW Primavera 2023 :: O show de Zegna<\/figcaption><\/figure><\/div>\n\n\n\n<div class=\"wp-block-image\"><figure class=\"aligncenter size-full\"><img data-attachment-id=\"224135\" data-permalink=\"https:\/\/agrund.com\/index.php\/mfw-primavera-2023-o-show-de-zegna\/agrund-semana-moda-masculina-milao-zegna-8\/\" data-orig-file=\"https:\/\/i0.wp.com\/agrund.com\/wp-content\/uploads\/sites\/6\/2022\/06\/agrund-semana-moda-masculina-milao-zegna-8.jpg?fit=600%2C905&amp;ssl=1\" data-orig-size=\"600,905\" data-comments-opened=\"1\" data-image-meta=\"{&quot;aperture&quot;:&quot;0&quot;,&quot;credit&quot;:&quot;&quot;,&quot;camera&quot;:&quot;&quot;,&quot;caption&quot;:&quot;&quot;,&quot;created_timestamp&quot;:&quot;0&quot;,&quot;copyright&quot;:&quot;&quot;,&quot;focal_length&quot;:&quot;0&quot;,&quot;iso&quot;:&quot;0&quot;,&quot;shutter_speed&quot;:&quot;0&quot;,&quot;title&quot;:&quot;&quot;,&quot;orientation&quot;:&quot;0&quot;}\" data-image-title=\"agrund-semana-moda-masculina-milao-zegna-8\" data-image-description=\"\" data-image-caption=\"\" data-medium-file=\"https:\/\/i0.wp.com\/agrund.com\/wp-content\/uploads\/sites\/6\/2022\/06\/agrund-semana-moda-masculina-milao-zegna-8.jpg?fit=199%2C300&amp;ssl=1\" data-large-file=\"https:\/\/i0.wp.com\/agrund.com\/wp-content\/uploads\/sites\/6\/2022\/06\/agrund-semana-moda-masculina-milao-zegna-8.jpg?fit=600%2C905&amp;ssl=1\" decoding=\"async\" loading=\"lazy\" width=\"600\" height=\"905\" src=\"https:\/\/i0.wp.com\/agrund.com\/wp-content\/uploads\/sites\/6\/2022\/06\/agrund-semana-moda-masculina-milao-zegna-8.jpg?resize=600%2C905&#038;ssl=1\" alt=\"\" class=\"wp-image-224135\" srcset=\"https:\/\/i0.wp.com\/agrund.com\/wp-content\/uploads\/sites\/6\/2022\/06\/agrund-semana-moda-masculina-milao-zegna-8.jpg?w=600&amp;ssl=1 600w, https:\/\/i0.wp.com\/agrund.com\/wp-content\/uploads\/sites\/6\/2022\/06\/agrund-semana-moda-masculina-milao-zegna-8.jpg?resize=199%2C300&amp;ssl=1 199w\" sizes=\"(max-width: 600px) 100vw, 600px\" data-recalc-dims=\"1\" \/><figcaption>MFW Primavera 2023 :: O show de Zegna<\/figcaption><\/figure><\/div>\n\n\n\n<div class=\"wp-block-image\"><figure class=\"aligncenter size-full\"><img data-attachment-id=\"224136\" data-permalink=\"https:\/\/agrund.com\/index.php\/mfw-primavera-2023-o-show-de-zegna\/agrund-semana-moda-masculina-milao-zegna-9\/\" data-orig-file=\"https:\/\/i0.wp.com\/agrund.com\/wp-content\/uploads\/sites\/6\/2022\/06\/agrund-semana-moda-masculina-milao-zegna-9.jpg?fit=600%2C895&amp;ssl=1\" data-orig-size=\"600,895\" data-comments-opened=\"1\" data-image-meta=\"{&quot;aperture&quot;:&quot;0&quot;,&quot;credit&quot;:&quot;&quot;,&quot;camera&quot;:&quot;&quot;,&quot;caption&quot;:&quot;&quot;,&quot;created_timestamp&quot;:&quot;0&quot;,&quot;copyright&quot;:&quot;&quot;,&quot;focal_length&quot;:&quot;0&quot;,&quot;iso&quot;:&quot;0&quot;,&quot;shutter_speed&quot;:&quot;0&quot;,&quot;title&quot;:&quot;&quot;,&quot;orientation&quot;:&quot;0&quot;}\" data-image-title=\"agrund-semana-moda-masculina-milao-zegna-9\" data-image-description=\"\" data-image-caption=\"\" data-medium-file=\"https:\/\/i0.wp.com\/agrund.com\/wp-content\/uploads\/sites\/6\/2022\/06\/agrund-semana-moda-masculina-milao-zegna-9.jpg?fit=201%2C300&amp;ssl=1\" data-large-file=\"https:\/\/i0.wp.com\/agrund.com\/wp-content\/uploads\/sites\/6\/2022\/06\/agrund-semana-moda-masculina-milao-zegna-9.jpg?fit=600%2C895&amp;ssl=1\" decoding=\"async\" loading=\"lazy\" width=\"600\" height=\"895\" src=\"https:\/\/i0.wp.com\/agrund.com\/wp-content\/uploads\/sites\/6\/2022\/06\/agrund-semana-moda-masculina-milao-zegna-9.jpg?resize=600%2C895&#038;ssl=1\" alt=\"\" class=\"wp-image-224136\" srcset=\"https:\/\/i0.wp.com\/agrund.com\/wp-content\/uploads\/sites\/6\/2022\/06\/agrund-semana-moda-masculina-milao-zegna-9.jpg?w=600&amp;ssl=1 600w, https:\/\/i0.wp.com\/agrund.com\/wp-content\/uploads\/sites\/6\/2022\/06\/agrund-semana-moda-masculina-milao-zegna-9.jpg?resize=201%2C300&amp;ssl=1 201w\" sizes=\"(max-width: 600px) 100vw, 600px\" data-recalc-dims=\"1\" \/><figcaption>MFW Primavera 2023 :: O show de Zegna<\/figcaption><\/figure><\/div>\n\n\n\n<p>Imagens: Reprodu\u00e7\u00e3o. Filippo Fior\/Gorunway.com.<\/p>\n","protected":false},"excerpt":{"rendered":"<p>Por Arlindo Grund Para encerrar a temporada masculina de desfiles em Mil\u00e3o, a Zegna fez uma apresenta\u00e7\u00e3o marcante. Levou seu p\u00fablico para uma usina distante de Mil\u00e3o e ambientou sua cole\u00e7\u00e3o em meio a m\u00e1quinas. Um espet\u00e1culo \u00e0 parte a loca\u00e7\u00e3o. Mas e as roupas? Aqui, um toque de jovialidade numa alfaiataria que vem ganhando [&hellip;]<\/p>\n","protected":false},"author":8,"featured_media":224137,"comment_status":"open","ping_status":"open","sticky":false,"template":"","format":"standard","meta":{"jetpack_post_was_ever_published":false,"_jetpack_newsletter_access":"","jetpack_publicize_message":"","jetpack_is_tweetstorm":false,"jetpack_publicize_feature_enabled":true,"jetpack_social_post_already_shared":true,"jetpack_social_options":{"image_generator_settings":{"template":"highway","enabled":false}}},"categories":[21,2],"tags":[395,375,64,423,1009,347,438,382,67,148,455,1181,3250,424,890],"jetpack_publicize_connections":[],"jetpack_featured_media_url":"https:\/\/i0.wp.com\/agrund.com\/wp-content\/uploads\/sites\/6\/2022\/06\/s-43.jpg?fit=960%2C300&ssl=1","jetpack_sharing_enabled":true,"jetpack_shortlink":"https:\/\/wp.me\/p3Hz0n-WiX","jetpack_likes_enabled":true,"_links":{"self":[{"href":"https:\/\/agrund.com\/index.php\/wp-json\/wp\/v2\/posts\/224127"}],"collection":[{"href":"https:\/\/agrund.com\/index.php\/wp-json\/wp\/v2\/posts"}],"about":[{"href":"https:\/\/agrund.com\/index.php\/wp-json\/wp\/v2\/types\/post"}],"author":[{"embeddable":true,"href":"https:\/\/agrund.com\/index.php\/wp-json\/wp\/v2\/users\/8"}],"replies":[{"embeddable":true,"href":"https:\/\/agrund.com\/index.php\/wp-json\/wp\/v2\/comments?post=224127"}],"version-history":[{"count":1,"href":"https:\/\/agrund.com\/index.php\/wp-json\/wp\/v2\/posts\/224127\/revisions"}],"predecessor-version":[{"id":224138,"href":"https:\/\/agrund.com\/index.php\/wp-json\/wp\/v2\/posts\/224127\/revisions\/224138"}],"wp:featuredmedia":[{"embeddable":true,"href":"https:\/\/agrund.com\/index.php\/wp-json\/wp\/v2\/media\/224137"}],"wp:attachment":[{"href":"https:\/\/agrund.com\/index.php\/wp-json\/wp\/v2\/media?parent=224127"}],"wp:term":[{"taxonomy":"category","embeddable":true,"href":"https:\/\/agrund.com\/index.php\/wp-json\/wp\/v2\/categories?post=224127"},{"taxonomy":"post_tag","embeddable":true,"href":"https:\/\/agrund.com\/index.php\/wp-json\/wp\/v2\/tags?post=224127"}],"curies":[{"name":"wp","href":"https:\/\/api.w.org\/{rel}","templated":true}]}}