{"id":224114,"date":"2022-06-23T11:00:00","date_gmt":"2022-06-23T14:00:00","guid":{"rendered":"https:\/\/agrund.com\/?p=224114"},"modified":"2022-06-23T09:16:23","modified_gmt":"2022-06-23T12:16:23","slug":"mfw-primavera-2023-o-novo-padrao-de-giorgio-armani","status":"publish","type":"post","link":"https:\/\/agrund.com\/index.php\/mfw-primavera-2023-o-novo-padrao-de-giorgio-armani\/","title":{"rendered":"MFW Primavera 2023 :: O novo padr\u00e3o de Giorgio Armani"},"content":{"rendered":"\n<p>Por Arlindo Grund<\/p>\n\n\n\n<p>Quando se fala em Giorgio Armani, logo o classicismo vem \u00e0 nossa mente como imagem relacionada \u00e0 marca. Para a temporada primavera 2023, o estilista italiano mostrou em Mil\u00e3o uma inspira\u00e7\u00e3o nas terras asi\u00e1ticas e da \u00cdndia &#8211; que conseguimos ver atrav\u00e9s das modelagens, do styling e das misturas de tecidos. Ali\u00e1s, o ponto alto foi exatamente essa profus\u00e3o de texturas que, juntas, deixaram o homem mais contempor\u00e2neo. Aqui, os paradigmas est\u00e3o sendo colocados em xeque. Aquela figura tradicional d\u00e1 espa\u00e7o para novas possibilidades. Homens de sand\u00e1lias, xales, amarra\u00e7\u00f5es. Tudo dentro do c\u00f3digo Armani que, hoje, busca pela figura masculina num momento de desconstru\u00e7\u00e3o e despojamento. Mas \u00e9 para ser sofisticado, e os tecidos ajudam nesse caminho, sem mencionar as modelagens dos blazers que deixaram os modelos elegantes. Destaque para as camisas mais alongadas no tronco com mistura de cores e estampas. Aqui, mais uma aula de moda e de como fazer sua marca ainda ser fonte de desejo.<\/p>\n\n\n\n<div class=\"wp-block-image\"><figure class=\"aligncenter size-full\"><img data-attachment-id=\"224115\" data-permalink=\"https:\/\/agrund.com\/index.php\/mfw-primavera-2023-o-novo-padrao-de-giorgio-armani\/agrund-semana-moda-masculina-milao-armani-1\/\" data-orig-file=\"https:\/\/i0.wp.com\/agrund.com\/wp-content\/uploads\/sites\/6\/2022\/06\/agrund-semana-moda-masculina-milao-armani-1.jpg?fit=600%2C903&amp;ssl=1\" data-orig-size=\"600,903\" data-comments-opened=\"1\" data-image-meta=\"{&quot;aperture&quot;:&quot;0&quot;,&quot;credit&quot;:&quot;&quot;,&quot;camera&quot;:&quot;&quot;,&quot;caption&quot;:&quot;&quot;,&quot;created_timestamp&quot;:&quot;0&quot;,&quot;copyright&quot;:&quot;&quot;,&quot;focal_length&quot;:&quot;0&quot;,&quot;iso&quot;:&quot;0&quot;,&quot;shutter_speed&quot;:&quot;0&quot;,&quot;title&quot;:&quot;&quot;,&quot;orientation&quot;:&quot;0&quot;}\" data-image-title=\"agrund-semana-moda-masculina-milao-armani-1\" data-image-description=\"\" data-image-caption=\"\" data-medium-file=\"https:\/\/i0.wp.com\/agrund.com\/wp-content\/uploads\/sites\/6\/2022\/06\/agrund-semana-moda-masculina-milao-armani-1.jpg?fit=199%2C300&amp;ssl=1\" data-large-file=\"https:\/\/i0.wp.com\/agrund.com\/wp-content\/uploads\/sites\/6\/2022\/06\/agrund-semana-moda-masculina-milao-armani-1.jpg?fit=600%2C903&amp;ssl=1\" decoding=\"async\" loading=\"lazy\" width=\"600\" height=\"903\" src=\"https:\/\/i0.wp.com\/agrund.com\/wp-content\/uploads\/sites\/6\/2022\/06\/agrund-semana-moda-masculina-milao-armani-1.jpg?resize=600%2C903&#038;ssl=1\" alt=\"\" class=\"wp-image-224115\" srcset=\"https:\/\/i0.wp.com\/agrund.com\/wp-content\/uploads\/sites\/6\/2022\/06\/agrund-semana-moda-masculina-milao-armani-1.jpg?w=600&amp;ssl=1 600w, https:\/\/i0.wp.com\/agrund.com\/wp-content\/uploads\/sites\/6\/2022\/06\/agrund-semana-moda-masculina-milao-armani-1.jpg?resize=199%2C300&amp;ssl=1 199w\" sizes=\"(max-width: 600px) 100vw, 600px\" data-recalc-dims=\"1\" \/><figcaption>MFW Primavera 2023 :: O novo padr\u00e3o de Giorgio Armani<\/figcaption><\/figure><\/div>\n\n\n\n<div class=\"wp-block-image\"><figure class=\"aligncenter size-full\"><img data-attachment-id=\"224116\" data-permalink=\"https:\/\/agrund.com\/index.php\/mfw-primavera-2023-o-novo-padrao-de-giorgio-armani\/agrund-semana-moda-masculina-milao-armani-2\/\" data-orig-file=\"https:\/\/i0.wp.com\/agrund.com\/wp-content\/uploads\/sites\/6\/2022\/06\/agrund-semana-moda-masculina-milao-armani-2.jpg?fit=600%2C903&amp;ssl=1\" data-orig-size=\"600,903\" data-comments-opened=\"1\" data-image-meta=\"{&quot;aperture&quot;:&quot;0&quot;,&quot;credit&quot;:&quot;&quot;,&quot;camera&quot;:&quot;&quot;,&quot;caption&quot;:&quot;&quot;,&quot;created_timestamp&quot;:&quot;0&quot;,&quot;copyright&quot;:&quot;&quot;,&quot;focal_length&quot;:&quot;0&quot;,&quot;iso&quot;:&quot;0&quot;,&quot;shutter_speed&quot;:&quot;0&quot;,&quot;title&quot;:&quot;&quot;,&quot;orientation&quot;:&quot;0&quot;}\" data-image-title=\"agrund-semana-moda-masculina-milao-armani-2\" data-image-description=\"\" data-image-caption=\"\" data-medium-file=\"https:\/\/i0.wp.com\/agrund.com\/wp-content\/uploads\/sites\/6\/2022\/06\/agrund-semana-moda-masculina-milao-armani-2.jpg?fit=199%2C300&amp;ssl=1\" data-large-file=\"https:\/\/i0.wp.com\/agrund.com\/wp-content\/uploads\/sites\/6\/2022\/06\/agrund-semana-moda-masculina-milao-armani-2.jpg?fit=600%2C903&amp;ssl=1\" decoding=\"async\" loading=\"lazy\" width=\"600\" height=\"903\" src=\"https:\/\/i0.wp.com\/agrund.com\/wp-content\/uploads\/sites\/6\/2022\/06\/agrund-semana-moda-masculina-milao-armani-2.jpg?resize=600%2C903&#038;ssl=1\" alt=\"\" class=\"wp-image-224116\" srcset=\"https:\/\/i0.wp.com\/agrund.com\/wp-content\/uploads\/sites\/6\/2022\/06\/agrund-semana-moda-masculina-milao-armani-2.jpg?w=600&amp;ssl=1 600w, https:\/\/i0.wp.com\/agrund.com\/wp-content\/uploads\/sites\/6\/2022\/06\/agrund-semana-moda-masculina-milao-armani-2.jpg?resize=199%2C300&amp;ssl=1 199w\" sizes=\"(max-width: 600px) 100vw, 600px\" data-recalc-dims=\"1\" \/><figcaption>MFW Primavera 2023 :: O novo padr\u00e3o de Giorgio Armani<\/figcaption><\/figure><\/div>\n\n\n\n<div class=\"wp-block-image\"><figure class=\"aligncenter size-full\"><img data-attachment-id=\"224117\" data-permalink=\"https:\/\/agrund.com\/index.php\/mfw-primavera-2023-o-novo-padrao-de-giorgio-armani\/agrund-semana-moda-masculina-milao-armani-3\/\" data-orig-file=\"https:\/\/i0.wp.com\/agrund.com\/wp-content\/uploads\/sites\/6\/2022\/06\/agrund-semana-moda-masculina-milao-armani-3.jpg?fit=600%2C904&amp;ssl=1\" data-orig-size=\"600,904\" data-comments-opened=\"1\" data-image-meta=\"{&quot;aperture&quot;:&quot;0&quot;,&quot;credit&quot;:&quot;&quot;,&quot;camera&quot;:&quot;&quot;,&quot;caption&quot;:&quot;&quot;,&quot;created_timestamp&quot;:&quot;0&quot;,&quot;copyright&quot;:&quot;&quot;,&quot;focal_length&quot;:&quot;0&quot;,&quot;iso&quot;:&quot;0&quot;,&quot;shutter_speed&quot;:&quot;0&quot;,&quot;title&quot;:&quot;&quot;,&quot;orientation&quot;:&quot;0&quot;}\" data-image-title=\"agrund-semana-moda-masculina-milao-armani-3\" data-image-description=\"\" data-image-caption=\"\" data-medium-file=\"https:\/\/i0.wp.com\/agrund.com\/wp-content\/uploads\/sites\/6\/2022\/06\/agrund-semana-moda-masculina-milao-armani-3.jpg?fit=199%2C300&amp;ssl=1\" data-large-file=\"https:\/\/i0.wp.com\/agrund.com\/wp-content\/uploads\/sites\/6\/2022\/06\/agrund-semana-moda-masculina-milao-armani-3.jpg?fit=600%2C904&amp;ssl=1\" decoding=\"async\" loading=\"lazy\" width=\"600\" height=\"904\" src=\"https:\/\/i0.wp.com\/agrund.com\/wp-content\/uploads\/sites\/6\/2022\/06\/agrund-semana-moda-masculina-milao-armani-3.jpg?resize=600%2C904&#038;ssl=1\" alt=\"\" class=\"wp-image-224117\" srcset=\"https:\/\/i0.wp.com\/agrund.com\/wp-content\/uploads\/sites\/6\/2022\/06\/agrund-semana-moda-masculina-milao-armani-3.jpg?w=600&amp;ssl=1 600w, https:\/\/i0.wp.com\/agrund.com\/wp-content\/uploads\/sites\/6\/2022\/06\/agrund-semana-moda-masculina-milao-armani-3.jpg?resize=199%2C300&amp;ssl=1 199w\" sizes=\"(max-width: 600px) 100vw, 600px\" data-recalc-dims=\"1\" \/><figcaption>MFW Primavera 2023 :: O novo padr\u00e3o de Giorgio Armani<\/figcaption><\/figure><\/div>\n\n\n\n<div class=\"wp-block-image\"><figure class=\"aligncenter size-full\"><img data-attachment-id=\"224118\" data-permalink=\"https:\/\/agrund.com\/index.php\/mfw-primavera-2023-o-novo-padrao-de-giorgio-armani\/agrund-semana-moda-masculina-milao-armani-4\/\" data-orig-file=\"https:\/\/i0.wp.com\/agrund.com\/wp-content\/uploads\/sites\/6\/2022\/06\/agrund-semana-moda-masculina-milao-armani-4.jpg?fit=600%2C905&amp;ssl=1\" data-orig-size=\"600,905\" data-comments-opened=\"1\" data-image-meta=\"{&quot;aperture&quot;:&quot;0&quot;,&quot;credit&quot;:&quot;&quot;,&quot;camera&quot;:&quot;&quot;,&quot;caption&quot;:&quot;&quot;,&quot;created_timestamp&quot;:&quot;0&quot;,&quot;copyright&quot;:&quot;&quot;,&quot;focal_length&quot;:&quot;0&quot;,&quot;iso&quot;:&quot;0&quot;,&quot;shutter_speed&quot;:&quot;0&quot;,&quot;title&quot;:&quot;&quot;,&quot;orientation&quot;:&quot;0&quot;}\" data-image-title=\"agrund-semana-moda-masculina-milao-armani-4\" data-image-description=\"\" data-image-caption=\"\" data-medium-file=\"https:\/\/i0.wp.com\/agrund.com\/wp-content\/uploads\/sites\/6\/2022\/06\/agrund-semana-moda-masculina-milao-armani-4.jpg?fit=199%2C300&amp;ssl=1\" data-large-file=\"https:\/\/i0.wp.com\/agrund.com\/wp-content\/uploads\/sites\/6\/2022\/06\/agrund-semana-moda-masculina-milao-armani-4.jpg?fit=600%2C905&amp;ssl=1\" decoding=\"async\" loading=\"lazy\" width=\"600\" height=\"905\" src=\"https:\/\/i0.wp.com\/agrund.com\/wp-content\/uploads\/sites\/6\/2022\/06\/agrund-semana-moda-masculina-milao-armani-4.jpg?resize=600%2C905&#038;ssl=1\" alt=\"\" class=\"wp-image-224118\" srcset=\"https:\/\/i0.wp.com\/agrund.com\/wp-content\/uploads\/sites\/6\/2022\/06\/agrund-semana-moda-masculina-milao-armani-4.jpg?w=600&amp;ssl=1 600w, https:\/\/i0.wp.com\/agrund.com\/wp-content\/uploads\/sites\/6\/2022\/06\/agrund-semana-moda-masculina-milao-armani-4.jpg?resize=199%2C300&amp;ssl=1 199w\" sizes=\"(max-width: 600px) 100vw, 600px\" data-recalc-dims=\"1\" \/><figcaption>MFW Primavera 2023 :: O novo padr\u00e3o de Giorgio Armani<\/figcaption><\/figure><\/div>\n\n\n\n<div class=\"wp-block-image\"><figure class=\"aligncenter size-full\"><img data-attachment-id=\"224119\" data-permalink=\"https:\/\/agrund.com\/index.php\/mfw-primavera-2023-o-novo-padrao-de-giorgio-armani\/agrund-semana-moda-masculina-milao-armani-5\/\" data-orig-file=\"https:\/\/i0.wp.com\/agrund.com\/wp-content\/uploads\/sites\/6\/2022\/06\/agrund-semana-moda-masculina-milao-armani-5.jpg?fit=600%2C907&amp;ssl=1\" data-orig-size=\"600,907\" data-comments-opened=\"1\" data-image-meta=\"{&quot;aperture&quot;:&quot;0&quot;,&quot;credit&quot;:&quot;&quot;,&quot;camera&quot;:&quot;&quot;,&quot;caption&quot;:&quot;&quot;,&quot;created_timestamp&quot;:&quot;0&quot;,&quot;copyright&quot;:&quot;&quot;,&quot;focal_length&quot;:&quot;0&quot;,&quot;iso&quot;:&quot;0&quot;,&quot;shutter_speed&quot;:&quot;0&quot;,&quot;title&quot;:&quot;&quot;,&quot;orientation&quot;:&quot;0&quot;}\" data-image-title=\"agrund-semana-moda-masculina-milao-armani-5\" data-image-description=\"\" data-image-caption=\"\" data-medium-file=\"https:\/\/i0.wp.com\/agrund.com\/wp-content\/uploads\/sites\/6\/2022\/06\/agrund-semana-moda-masculina-milao-armani-5.jpg?fit=198%2C300&amp;ssl=1\" data-large-file=\"https:\/\/i0.wp.com\/agrund.com\/wp-content\/uploads\/sites\/6\/2022\/06\/agrund-semana-moda-masculina-milao-armani-5.jpg?fit=600%2C907&amp;ssl=1\" decoding=\"async\" loading=\"lazy\" width=\"600\" height=\"907\" src=\"https:\/\/i0.wp.com\/agrund.com\/wp-content\/uploads\/sites\/6\/2022\/06\/agrund-semana-moda-masculina-milao-armani-5.jpg?resize=600%2C907&#038;ssl=1\" alt=\"\" class=\"wp-image-224119\" srcset=\"https:\/\/i0.wp.com\/agrund.com\/wp-content\/uploads\/sites\/6\/2022\/06\/agrund-semana-moda-masculina-milao-armani-5.jpg?w=600&amp;ssl=1 600w, https:\/\/i0.wp.com\/agrund.com\/wp-content\/uploads\/sites\/6\/2022\/06\/agrund-semana-moda-masculina-milao-armani-5.jpg?resize=198%2C300&amp;ssl=1 198w\" sizes=\"(max-width: 600px) 100vw, 600px\" data-recalc-dims=\"1\" \/><figcaption>MFW Primavera 2023 :: O novo padr\u00e3o de Giorgio Armani<\/figcaption><\/figure><\/div>\n\n\n\n<div class=\"wp-block-image\"><figure class=\"aligncenter size-full\"><img data-attachment-id=\"224121\" data-permalink=\"https:\/\/agrund.com\/index.php\/mfw-primavera-2023-o-novo-padrao-de-giorgio-armani\/agrund-semana-moda-masculina-milao-armani-6\/\" data-orig-file=\"https:\/\/i0.wp.com\/agrund.com\/wp-content\/uploads\/sites\/6\/2022\/06\/agrund-semana-moda-masculina-milao-armani-6.jpg?fit=600%2C900&amp;ssl=1\" data-orig-size=\"600,900\" data-comments-opened=\"1\" data-image-meta=\"{&quot;aperture&quot;:&quot;0&quot;,&quot;credit&quot;:&quot;&quot;,&quot;camera&quot;:&quot;&quot;,&quot;caption&quot;:&quot;&quot;,&quot;created_timestamp&quot;:&quot;0&quot;,&quot;copyright&quot;:&quot;&quot;,&quot;focal_length&quot;:&quot;0&quot;,&quot;iso&quot;:&quot;0&quot;,&quot;shutter_speed&quot;:&quot;0&quot;,&quot;title&quot;:&quot;&quot;,&quot;orientation&quot;:&quot;0&quot;}\" data-image-title=\"agrund-semana-moda-masculina-milao-armani-6\" data-image-description=\"\" data-image-caption=\"\" data-medium-file=\"https:\/\/i0.wp.com\/agrund.com\/wp-content\/uploads\/sites\/6\/2022\/06\/agrund-semana-moda-masculina-milao-armani-6.jpg?fit=200%2C300&amp;ssl=1\" data-large-file=\"https:\/\/i0.wp.com\/agrund.com\/wp-content\/uploads\/sites\/6\/2022\/06\/agrund-semana-moda-masculina-milao-armani-6.jpg?fit=600%2C900&amp;ssl=1\" decoding=\"async\" loading=\"lazy\" width=\"600\" height=\"900\" src=\"https:\/\/i0.wp.com\/agrund.com\/wp-content\/uploads\/sites\/6\/2022\/06\/agrund-semana-moda-masculina-milao-armani-6.jpg?resize=600%2C900&#038;ssl=1\" alt=\"\" class=\"wp-image-224121\" srcset=\"https:\/\/i0.wp.com\/agrund.com\/wp-content\/uploads\/sites\/6\/2022\/06\/agrund-semana-moda-masculina-milao-armani-6.jpg?w=600&amp;ssl=1 600w, https:\/\/i0.wp.com\/agrund.com\/wp-content\/uploads\/sites\/6\/2022\/06\/agrund-semana-moda-masculina-milao-armani-6.jpg?resize=200%2C300&amp;ssl=1 200w\" sizes=\"(max-width: 600px) 100vw, 600px\" data-recalc-dims=\"1\" \/><figcaption>MFW Primavera 2023 :: O novo padr\u00e3o de Giorgio Armani<\/figcaption><\/figure><\/div>\n\n\n\n<div class=\"wp-block-image\"><figure class=\"aligncenter size-full\"><img data-attachment-id=\"224122\" data-permalink=\"https:\/\/agrund.com\/index.php\/mfw-primavera-2023-o-novo-padrao-de-giorgio-armani\/agrund-semana-moda-masculina-milao-armani-7\/\" data-orig-file=\"https:\/\/i0.wp.com\/agrund.com\/wp-content\/uploads\/sites\/6\/2022\/06\/agrund-semana-moda-masculina-milao-armani-7.jpg?fit=600%2C904&amp;ssl=1\" data-orig-size=\"600,904\" data-comments-opened=\"1\" data-image-meta=\"{&quot;aperture&quot;:&quot;0&quot;,&quot;credit&quot;:&quot;&quot;,&quot;camera&quot;:&quot;&quot;,&quot;caption&quot;:&quot;&quot;,&quot;created_timestamp&quot;:&quot;0&quot;,&quot;copyright&quot;:&quot;&quot;,&quot;focal_length&quot;:&quot;0&quot;,&quot;iso&quot;:&quot;0&quot;,&quot;shutter_speed&quot;:&quot;0&quot;,&quot;title&quot;:&quot;&quot;,&quot;orientation&quot;:&quot;0&quot;}\" data-image-title=\"agrund-semana-moda-masculina-milao-armani-7\" data-image-description=\"\" data-image-caption=\"\" data-medium-file=\"https:\/\/i0.wp.com\/agrund.com\/wp-content\/uploads\/sites\/6\/2022\/06\/agrund-semana-moda-masculina-milao-armani-7.jpg?fit=199%2C300&amp;ssl=1\" data-large-file=\"https:\/\/i0.wp.com\/agrund.com\/wp-content\/uploads\/sites\/6\/2022\/06\/agrund-semana-moda-masculina-milao-armani-7.jpg?fit=600%2C904&amp;ssl=1\" decoding=\"async\" loading=\"lazy\" width=\"600\" height=\"904\" src=\"https:\/\/i0.wp.com\/agrund.com\/wp-content\/uploads\/sites\/6\/2022\/06\/agrund-semana-moda-masculina-milao-armani-7.jpg?resize=600%2C904&#038;ssl=1\" alt=\"\" class=\"wp-image-224122\" srcset=\"https:\/\/i0.wp.com\/agrund.com\/wp-content\/uploads\/sites\/6\/2022\/06\/agrund-semana-moda-masculina-milao-armani-7.jpg?w=600&amp;ssl=1 600w, https:\/\/i0.wp.com\/agrund.com\/wp-content\/uploads\/sites\/6\/2022\/06\/agrund-semana-moda-masculina-milao-armani-7.jpg?resize=199%2C300&amp;ssl=1 199w\" sizes=\"(max-width: 600px) 100vw, 600px\" data-recalc-dims=\"1\" \/><figcaption>MFW Primavera 2023 :: O novo padr\u00e3o de Giorgio Armani<\/figcaption><\/figure><\/div>\n\n\n\n<div class=\"wp-block-image\"><figure class=\"aligncenter size-full\"><img data-attachment-id=\"224123\" data-permalink=\"https:\/\/agrund.com\/index.php\/mfw-primavera-2023-o-novo-padrao-de-giorgio-armani\/agrund-semana-moda-masculina-milao-armani-8\/\" data-orig-file=\"https:\/\/i0.wp.com\/agrund.com\/wp-content\/uploads\/sites\/6\/2022\/06\/agrund-semana-moda-masculina-milao-armani-8.jpg?fit=600%2C902&amp;ssl=1\" data-orig-size=\"600,902\" data-comments-opened=\"1\" data-image-meta=\"{&quot;aperture&quot;:&quot;0&quot;,&quot;credit&quot;:&quot;&quot;,&quot;camera&quot;:&quot;&quot;,&quot;caption&quot;:&quot;&quot;,&quot;created_timestamp&quot;:&quot;0&quot;,&quot;copyright&quot;:&quot;&quot;,&quot;focal_length&quot;:&quot;0&quot;,&quot;iso&quot;:&quot;0&quot;,&quot;shutter_speed&quot;:&quot;0&quot;,&quot;title&quot;:&quot;&quot;,&quot;orientation&quot;:&quot;0&quot;}\" data-image-title=\"agrund-semana-moda-masculina-milao-armani-8\" data-image-description=\"\" data-image-caption=\"\" data-medium-file=\"https:\/\/i0.wp.com\/agrund.com\/wp-content\/uploads\/sites\/6\/2022\/06\/agrund-semana-moda-masculina-milao-armani-8.jpg?fit=200%2C300&amp;ssl=1\" data-large-file=\"https:\/\/i0.wp.com\/agrund.com\/wp-content\/uploads\/sites\/6\/2022\/06\/agrund-semana-moda-masculina-milao-armani-8.jpg?fit=600%2C902&amp;ssl=1\" decoding=\"async\" loading=\"lazy\" width=\"600\" height=\"902\" src=\"https:\/\/i0.wp.com\/agrund.com\/wp-content\/uploads\/sites\/6\/2022\/06\/agrund-semana-moda-masculina-milao-armani-8.jpg?resize=600%2C902&#038;ssl=1\" alt=\"\" class=\"wp-image-224123\" srcset=\"https:\/\/i0.wp.com\/agrund.com\/wp-content\/uploads\/sites\/6\/2022\/06\/agrund-semana-moda-masculina-milao-armani-8.jpg?w=600&amp;ssl=1 600w, https:\/\/i0.wp.com\/agrund.com\/wp-content\/uploads\/sites\/6\/2022\/06\/agrund-semana-moda-masculina-milao-armani-8.jpg?resize=200%2C300&amp;ssl=1 200w\" sizes=\"(max-width: 600px) 100vw, 600px\" data-recalc-dims=\"1\" \/><figcaption>MFW Primavera 2023 :: O novo padr\u00e3o de Giorgio Armani<\/figcaption><\/figure><\/div>\n\n\n\n<div class=\"wp-block-image\"><figure class=\"aligncenter size-full\"><img data-attachment-id=\"224124\" data-permalink=\"https:\/\/agrund.com\/index.php\/mfw-primavera-2023-o-novo-padrao-de-giorgio-armani\/agrund-semana-moda-masculina-milao-armani-9\/\" data-orig-file=\"https:\/\/i0.wp.com\/agrund.com\/wp-content\/uploads\/sites\/6\/2022\/06\/agrund-semana-moda-masculina-milao-armani-9.jpg?fit=600%2C905&amp;ssl=1\" data-orig-size=\"600,905\" data-comments-opened=\"1\" data-image-meta=\"{&quot;aperture&quot;:&quot;0&quot;,&quot;credit&quot;:&quot;&quot;,&quot;camera&quot;:&quot;&quot;,&quot;caption&quot;:&quot;&quot;,&quot;created_timestamp&quot;:&quot;0&quot;,&quot;copyright&quot;:&quot;&quot;,&quot;focal_length&quot;:&quot;0&quot;,&quot;iso&quot;:&quot;0&quot;,&quot;shutter_speed&quot;:&quot;0&quot;,&quot;title&quot;:&quot;&quot;,&quot;orientation&quot;:&quot;0&quot;}\" data-image-title=\"agrund-semana-moda-masculina-milao-armani-9\" data-image-description=\"\" data-image-caption=\"\" data-medium-file=\"https:\/\/i0.wp.com\/agrund.com\/wp-content\/uploads\/sites\/6\/2022\/06\/agrund-semana-moda-masculina-milao-armani-9.jpg?fit=199%2C300&amp;ssl=1\" data-large-file=\"https:\/\/i0.wp.com\/agrund.com\/wp-content\/uploads\/sites\/6\/2022\/06\/agrund-semana-moda-masculina-milao-armani-9.jpg?fit=600%2C905&amp;ssl=1\" decoding=\"async\" loading=\"lazy\" width=\"600\" height=\"905\" src=\"https:\/\/i0.wp.com\/agrund.com\/wp-content\/uploads\/sites\/6\/2022\/06\/agrund-semana-moda-masculina-milao-armani-9.jpg?resize=600%2C905&#038;ssl=1\" alt=\"\" class=\"wp-image-224124\" srcset=\"https:\/\/i0.wp.com\/agrund.com\/wp-content\/uploads\/sites\/6\/2022\/06\/agrund-semana-moda-masculina-milao-armani-9.jpg?w=600&amp;ssl=1 600w, https:\/\/i0.wp.com\/agrund.com\/wp-content\/uploads\/sites\/6\/2022\/06\/agrund-semana-moda-masculina-milao-armani-9.jpg?resize=199%2C300&amp;ssl=1 199w\" sizes=\"(max-width: 600px) 100vw, 600px\" data-recalc-dims=\"1\" \/><figcaption>MFW Primavera 2023 :: O novo padr\u00e3o de Giorgio Armani<\/figcaption><\/figure><\/div>\n\n\n\n<p>Imagens: Reprodu\u00e7\u00e3o. Isidore Montag \/Gorunway.com<\/p>\n","protected":false},"excerpt":{"rendered":"<p>Por Arlindo Grund Quando se fala em Giorgio Armani, logo o classicismo vem \u00e0 nossa mente como imagem relacionada \u00e0 marca. Para a temporada primavera 2023, o estilista italiano mostrou em Mil\u00e3o uma inspira\u00e7\u00e3o nas terras asi\u00e1ticas e da \u00cdndia &#8211; que conseguimos ver atrav\u00e9s das modelagens, do styling e das misturas de tecidos. Ali\u00e1s, [&hellip;]<\/p>\n","protected":false},"author":8,"featured_media":224125,"comment_status":"open","ping_status":"open","sticky":false,"template":"","format":"standard","meta":{"jetpack_post_was_ever_published":false,"_jetpack_newsletter_access":"","jetpack_publicize_message":"","jetpack_is_tweetstorm":false,"jetpack_publicize_feature_enabled":true,"jetpack_social_post_already_shared":true,"jetpack_social_options":{"image_generator_settings":{"template":"highway","enabled":false}}},"categories":[21,2],"tags":[395,375,64,309,423,347,382,67,148,455,3250,424],"jetpack_publicize_connections":[],"jetpack_featured_media_url":"https:\/\/i0.wp.com\/agrund.com\/wp-content\/uploads\/sites\/6\/2022\/06\/s-42.jpg?fit=960%2C300&ssl=1","jetpack_sharing_enabled":true,"jetpack_shortlink":"https:\/\/wp.me\/p3Hz0n-WiK","jetpack_likes_enabled":true,"_links":{"self":[{"href":"https:\/\/agrund.com\/index.php\/wp-json\/wp\/v2\/posts\/224114"}],"collection":[{"href":"https:\/\/agrund.com\/index.php\/wp-json\/wp\/v2\/posts"}],"about":[{"href":"https:\/\/agrund.com\/index.php\/wp-json\/wp\/v2\/types\/post"}],"author":[{"embeddable":true,"href":"https:\/\/agrund.com\/index.php\/wp-json\/wp\/v2\/users\/8"}],"replies":[{"embeddable":true,"href":"https:\/\/agrund.com\/index.php\/wp-json\/wp\/v2\/comments?post=224114"}],"version-history":[{"count":1,"href":"https:\/\/agrund.com\/index.php\/wp-json\/wp\/v2\/posts\/224114\/revisions"}],"predecessor-version":[{"id":224126,"href":"https:\/\/agrund.com\/index.php\/wp-json\/wp\/v2\/posts\/224114\/revisions\/224126"}],"wp:featuredmedia":[{"embeddable":true,"href":"https:\/\/agrund.com\/index.php\/wp-json\/wp\/v2\/media\/224125"}],"wp:attachment":[{"href":"https:\/\/agrund.com\/index.php\/wp-json\/wp\/v2\/media?parent=224114"}],"wp:term":[{"taxonomy":"category","embeddable":true,"href":"https:\/\/agrund.com\/index.php\/wp-json\/wp\/v2\/categories?post=224114"},{"taxonomy":"post_tag","embeddable":true,"href":"https:\/\/agrund.com\/index.php\/wp-json\/wp\/v2\/tags?post=224114"}],"curies":[{"name":"wp","href":"https:\/\/api.w.org\/{rel}","templated":true}]}}