{"id":224095,"date":"2022-06-22T16:00:00","date_gmt":"2022-06-22T19:00:00","guid":{"rendered":"https:\/\/agrund.com\/?p=224095"},"modified":"2022-06-22T13:09:45","modified_gmt":"2022-06-22T16:09:45","slug":"mfw-primavera-2023-o-multiestilo-da-prada","status":"publish","type":"post","link":"https:\/\/agrund.com\/index.php\/mfw-primavera-2023-o-multiestilo-da-prada\/","title":{"rendered":"MFW Primavera 2023 :: O (multi)estilo da Prada"},"content":{"rendered":"\n<p>Por Arlindo Grund<\/p>\n\n\n\n<p>Mais uma vez, Miuccia Prada e Raf Simons contaram uma hist\u00f3ria. Mesmo sem planejar! Para a cole\u00e7\u00e3o primavera 2023 apresentada em Mil\u00e3o, o enredo \u00e9 de um homem que tem diversas vontades em rela\u00e7\u00e3o \u00e0 roupa. E ele sabe muito bem o que quer. Pensando num dia \u201cnormal\u201d, com trabalho, lazer, afazeres, divers\u00e3o&#8230; parece que tudo foi mostrado atrav\u00e9s das roupas. No come\u00e7o, uma alfaiataria elegante, mas nada \u00f3bvia. Slim, pr\u00f3xima ao corpo, cal\u00e7as curtas, monocromia. Sofisticado! Depois de usar blazer no trabalho, esse homem assume outra persona e usa shorts em couro para dar um ar mais sensual \u00e0 sua imagem. Aqui, malhas caneladas coloridas para divertir quem est\u00e1 usando e vendo. As composi\u00e7\u00f5es trouxeram uma riqueza de texturas que eleva as composi\u00e7\u00f5es do desfile.<\/p>\n\n\n\n<p>Depois ele usa casacos mais soltos, z\u00edperes por conta da praticidade. O cardig\u00e3 do vov\u00f4 veio para aquecer aqueles dias mais frescos. E como manda a tend\u00eancia, a inspira\u00e7\u00e3o anos 90\/2000 est\u00e1 no total jeans. Aqui, o grande destaque ficou por conta da volta do xadrez vichy, aqueles que parecem toalhas de\u00a0\u00a0piquenique, mas que compuseram \u00f3timos looks. Definitivamente a pe\u00e7a da temporada \u00e9 o shorts quadrado e com cara dos anos 80. No fim das contas, a proposta \u00e9 de um homem sem amarras e que gosta de toques de ousadia atrav\u00e9s de pe\u00e7as cl\u00e1ssicas. Um espet\u00e1culo. PRADA!<\/p>\n\n\n\n<div class=\"wp-block-image\"><figure class=\"aligncenter size-full\"><img data-attachment-id=\"224096\" data-permalink=\"https:\/\/agrund.com\/index.php\/mfw-primavera-2023-o-multiestilo-da-prada\/agrund-semana-moda-masculina-milao-prada-1\/\" data-orig-file=\"https:\/\/i0.wp.com\/agrund.com\/wp-content\/uploads\/sites\/6\/2022\/06\/agrund-semana-moda-masculina-milao-prada-1.jpg?fit=600%2C906&amp;ssl=1\" data-orig-size=\"600,906\" data-comments-opened=\"1\" data-image-meta=\"{&quot;aperture&quot;:&quot;0&quot;,&quot;credit&quot;:&quot;&quot;,&quot;camera&quot;:&quot;&quot;,&quot;caption&quot;:&quot;&quot;,&quot;created_timestamp&quot;:&quot;0&quot;,&quot;copyright&quot;:&quot;&quot;,&quot;focal_length&quot;:&quot;0&quot;,&quot;iso&quot;:&quot;0&quot;,&quot;shutter_speed&quot;:&quot;0&quot;,&quot;title&quot;:&quot;&quot;,&quot;orientation&quot;:&quot;0&quot;}\" data-image-title=\"agrund-semana-moda-masculina-milao-prada-1\" data-image-description=\"\" data-image-caption=\"\" data-medium-file=\"https:\/\/i0.wp.com\/agrund.com\/wp-content\/uploads\/sites\/6\/2022\/06\/agrund-semana-moda-masculina-milao-prada-1.jpg?fit=199%2C300&amp;ssl=1\" data-large-file=\"https:\/\/i0.wp.com\/agrund.com\/wp-content\/uploads\/sites\/6\/2022\/06\/agrund-semana-moda-masculina-milao-prada-1.jpg?fit=600%2C906&amp;ssl=1\" decoding=\"async\" loading=\"lazy\" width=\"600\" height=\"906\" src=\"https:\/\/i0.wp.com\/agrund.com\/wp-content\/uploads\/sites\/6\/2022\/06\/agrund-semana-moda-masculina-milao-prada-1.jpg?resize=600%2C906&#038;ssl=1\" alt=\"\" class=\"wp-image-224096\" srcset=\"https:\/\/i0.wp.com\/agrund.com\/wp-content\/uploads\/sites\/6\/2022\/06\/agrund-semana-moda-masculina-milao-prada-1.jpg?w=600&amp;ssl=1 600w, https:\/\/i0.wp.com\/agrund.com\/wp-content\/uploads\/sites\/6\/2022\/06\/agrund-semana-moda-masculina-milao-prada-1.jpg?resize=199%2C300&amp;ssl=1 199w\" sizes=\"(max-width: 600px) 100vw, 600px\" data-recalc-dims=\"1\" \/><figcaption>MFW Primavera 2023 :: O (multi)estilo da Prada<\/figcaption><\/figure><\/div>\n\n\n\n<div class=\"wp-block-image\"><figure class=\"aligncenter size-full\"><img data-attachment-id=\"224097\" data-permalink=\"https:\/\/agrund.com\/index.php\/mfw-primavera-2023-o-multiestilo-da-prada\/agrund-semana-moda-masculina-milao-prada-2\/\" data-orig-file=\"https:\/\/i0.wp.com\/agrund.com\/wp-content\/uploads\/sites\/6\/2022\/06\/agrund-semana-moda-masculina-milao-prada-2.jpg?fit=600%2C896&amp;ssl=1\" data-orig-size=\"600,896\" data-comments-opened=\"1\" data-image-meta=\"{&quot;aperture&quot;:&quot;0&quot;,&quot;credit&quot;:&quot;&quot;,&quot;camera&quot;:&quot;&quot;,&quot;caption&quot;:&quot;&quot;,&quot;created_timestamp&quot;:&quot;0&quot;,&quot;copyright&quot;:&quot;&quot;,&quot;focal_length&quot;:&quot;0&quot;,&quot;iso&quot;:&quot;0&quot;,&quot;shutter_speed&quot;:&quot;0&quot;,&quot;title&quot;:&quot;&quot;,&quot;orientation&quot;:&quot;0&quot;}\" data-image-title=\"agrund-semana-moda-masculina-milao-prada-2\" data-image-description=\"\" data-image-caption=\"\" data-medium-file=\"https:\/\/i0.wp.com\/agrund.com\/wp-content\/uploads\/sites\/6\/2022\/06\/agrund-semana-moda-masculina-milao-prada-2.jpg?fit=201%2C300&amp;ssl=1\" data-large-file=\"https:\/\/i0.wp.com\/agrund.com\/wp-content\/uploads\/sites\/6\/2022\/06\/agrund-semana-moda-masculina-milao-prada-2.jpg?fit=600%2C896&amp;ssl=1\" decoding=\"async\" loading=\"lazy\" width=\"600\" height=\"896\" src=\"https:\/\/i0.wp.com\/agrund.com\/wp-content\/uploads\/sites\/6\/2022\/06\/agrund-semana-moda-masculina-milao-prada-2.jpg?resize=600%2C896&#038;ssl=1\" alt=\"\" class=\"wp-image-224097\" srcset=\"https:\/\/i0.wp.com\/agrund.com\/wp-content\/uploads\/sites\/6\/2022\/06\/agrund-semana-moda-masculina-milao-prada-2.jpg?w=600&amp;ssl=1 600w, https:\/\/i0.wp.com\/agrund.com\/wp-content\/uploads\/sites\/6\/2022\/06\/agrund-semana-moda-masculina-milao-prada-2.jpg?resize=201%2C300&amp;ssl=1 201w\" sizes=\"(max-width: 600px) 100vw, 600px\" data-recalc-dims=\"1\" \/><figcaption>MFW Primavera 2023 :: O (multi)estilo da Prada<\/figcaption><\/figure><\/div>\n\n\n\n<div class=\"wp-block-image\"><figure class=\"aligncenter size-full\"><img data-attachment-id=\"224098\" data-permalink=\"https:\/\/agrund.com\/index.php\/mfw-primavera-2023-o-multiestilo-da-prada\/agrund-semana-moda-masculina-milao-prada-3\/\" data-orig-file=\"https:\/\/i0.wp.com\/agrund.com\/wp-content\/uploads\/sites\/6\/2022\/06\/agrund-semana-moda-masculina-milao-prada-3.jpg?fit=600%2C904&amp;ssl=1\" data-orig-size=\"600,904\" data-comments-opened=\"1\" data-image-meta=\"{&quot;aperture&quot;:&quot;0&quot;,&quot;credit&quot;:&quot;&quot;,&quot;camera&quot;:&quot;&quot;,&quot;caption&quot;:&quot;&quot;,&quot;created_timestamp&quot;:&quot;0&quot;,&quot;copyright&quot;:&quot;&quot;,&quot;focal_length&quot;:&quot;0&quot;,&quot;iso&quot;:&quot;0&quot;,&quot;shutter_speed&quot;:&quot;0&quot;,&quot;title&quot;:&quot;&quot;,&quot;orientation&quot;:&quot;0&quot;}\" data-image-title=\"agrund-semana-moda-masculina-milao-prada-3\" data-image-description=\"\" data-image-caption=\"\" data-medium-file=\"https:\/\/i0.wp.com\/agrund.com\/wp-content\/uploads\/sites\/6\/2022\/06\/agrund-semana-moda-masculina-milao-prada-3.jpg?fit=199%2C300&amp;ssl=1\" data-large-file=\"https:\/\/i0.wp.com\/agrund.com\/wp-content\/uploads\/sites\/6\/2022\/06\/agrund-semana-moda-masculina-milao-prada-3.jpg?fit=600%2C904&amp;ssl=1\" decoding=\"async\" loading=\"lazy\" width=\"600\" height=\"904\" src=\"https:\/\/i0.wp.com\/agrund.com\/wp-content\/uploads\/sites\/6\/2022\/06\/agrund-semana-moda-masculina-milao-prada-3.jpg?resize=600%2C904&#038;ssl=1\" alt=\"\" class=\"wp-image-224098\" srcset=\"https:\/\/i0.wp.com\/agrund.com\/wp-content\/uploads\/sites\/6\/2022\/06\/agrund-semana-moda-masculina-milao-prada-3.jpg?w=600&amp;ssl=1 600w, https:\/\/i0.wp.com\/agrund.com\/wp-content\/uploads\/sites\/6\/2022\/06\/agrund-semana-moda-masculina-milao-prada-3.jpg?resize=199%2C300&amp;ssl=1 199w\" sizes=\"(max-width: 600px) 100vw, 600px\" data-recalc-dims=\"1\" \/><figcaption>MFW Primavera 2023 :: O (multi)estilo da Prada<\/figcaption><\/figure><\/div>\n\n\n\n<div class=\"wp-block-image\"><figure class=\"aligncenter size-full\"><img data-attachment-id=\"224099\" data-permalink=\"https:\/\/agrund.com\/index.php\/mfw-primavera-2023-o-multiestilo-da-prada\/agrund-semana-moda-masculina-milao-prada-4\/\" data-orig-file=\"https:\/\/i0.wp.com\/agrund.com\/wp-content\/uploads\/sites\/6\/2022\/06\/agrund-semana-moda-masculina-milao-prada-4.jpg?fit=600%2C904&amp;ssl=1\" data-orig-size=\"600,904\" data-comments-opened=\"1\" data-image-meta=\"{&quot;aperture&quot;:&quot;0&quot;,&quot;credit&quot;:&quot;&quot;,&quot;camera&quot;:&quot;&quot;,&quot;caption&quot;:&quot;&quot;,&quot;created_timestamp&quot;:&quot;0&quot;,&quot;copyright&quot;:&quot;&quot;,&quot;focal_length&quot;:&quot;0&quot;,&quot;iso&quot;:&quot;0&quot;,&quot;shutter_speed&quot;:&quot;0&quot;,&quot;title&quot;:&quot;&quot;,&quot;orientation&quot;:&quot;0&quot;}\" data-image-title=\"agrund-semana-moda-masculina-milao-prada-4\" data-image-description=\"\" data-image-caption=\"\" data-medium-file=\"https:\/\/i0.wp.com\/agrund.com\/wp-content\/uploads\/sites\/6\/2022\/06\/agrund-semana-moda-masculina-milao-prada-4.jpg?fit=199%2C300&amp;ssl=1\" data-large-file=\"https:\/\/i0.wp.com\/agrund.com\/wp-content\/uploads\/sites\/6\/2022\/06\/agrund-semana-moda-masculina-milao-prada-4.jpg?fit=600%2C904&amp;ssl=1\" decoding=\"async\" loading=\"lazy\" width=\"600\" height=\"904\" src=\"https:\/\/i0.wp.com\/agrund.com\/wp-content\/uploads\/sites\/6\/2022\/06\/agrund-semana-moda-masculina-milao-prada-4.jpg?resize=600%2C904&#038;ssl=1\" alt=\"\" class=\"wp-image-224099\" srcset=\"https:\/\/i0.wp.com\/agrund.com\/wp-content\/uploads\/sites\/6\/2022\/06\/agrund-semana-moda-masculina-milao-prada-4.jpg?w=600&amp;ssl=1 600w, https:\/\/i0.wp.com\/agrund.com\/wp-content\/uploads\/sites\/6\/2022\/06\/agrund-semana-moda-masculina-milao-prada-4.jpg?resize=199%2C300&amp;ssl=1 199w\" sizes=\"(max-width: 600px) 100vw, 600px\" data-recalc-dims=\"1\" \/><figcaption>MFW Primavera 2023 :: O (multi)estilo da Prada<\/figcaption><\/figure><\/div>\n\n\n\n<div class=\"wp-block-image\"><figure class=\"aligncenter size-full\"><img data-attachment-id=\"224100\" data-permalink=\"https:\/\/agrund.com\/index.php\/mfw-primavera-2023-o-multiestilo-da-prada\/agrund-semana-moda-masculina-milao-prada-5\/\" data-orig-file=\"https:\/\/i0.wp.com\/agrund.com\/wp-content\/uploads\/sites\/6\/2022\/06\/agrund-semana-moda-masculina-milao-prada-5.jpg?fit=600%2C899&amp;ssl=1\" data-orig-size=\"600,899\" data-comments-opened=\"1\" data-image-meta=\"{&quot;aperture&quot;:&quot;0&quot;,&quot;credit&quot;:&quot;&quot;,&quot;camera&quot;:&quot;&quot;,&quot;caption&quot;:&quot;&quot;,&quot;created_timestamp&quot;:&quot;0&quot;,&quot;copyright&quot;:&quot;&quot;,&quot;focal_length&quot;:&quot;0&quot;,&quot;iso&quot;:&quot;0&quot;,&quot;shutter_speed&quot;:&quot;0&quot;,&quot;title&quot;:&quot;&quot;,&quot;orientation&quot;:&quot;0&quot;}\" data-image-title=\"agrund-semana-moda-masculina-milao-prada-5\" data-image-description=\"\" data-image-caption=\"\" data-medium-file=\"https:\/\/i0.wp.com\/agrund.com\/wp-content\/uploads\/sites\/6\/2022\/06\/agrund-semana-moda-masculina-milao-prada-5.jpg?fit=200%2C300&amp;ssl=1\" data-large-file=\"https:\/\/i0.wp.com\/agrund.com\/wp-content\/uploads\/sites\/6\/2022\/06\/agrund-semana-moda-masculina-milao-prada-5.jpg?fit=600%2C899&amp;ssl=1\" decoding=\"async\" loading=\"lazy\" width=\"600\" height=\"899\" src=\"https:\/\/i0.wp.com\/agrund.com\/wp-content\/uploads\/sites\/6\/2022\/06\/agrund-semana-moda-masculina-milao-prada-5.jpg?resize=600%2C899&#038;ssl=1\" alt=\"\" class=\"wp-image-224100\" srcset=\"https:\/\/i0.wp.com\/agrund.com\/wp-content\/uploads\/sites\/6\/2022\/06\/agrund-semana-moda-masculina-milao-prada-5.jpg?w=600&amp;ssl=1 600w, https:\/\/i0.wp.com\/agrund.com\/wp-content\/uploads\/sites\/6\/2022\/06\/agrund-semana-moda-masculina-milao-prada-5.jpg?resize=200%2C300&amp;ssl=1 200w\" sizes=\"(max-width: 600px) 100vw, 600px\" data-recalc-dims=\"1\" \/><figcaption>MFW Primavera 2023 :: O (multi)estilo da Prada<\/figcaption><\/figure><\/div>\n\n\n\n<div class=\"wp-block-image\"><figure class=\"aligncenter size-full\"><img data-attachment-id=\"224101\" data-permalink=\"https:\/\/agrund.com\/index.php\/mfw-primavera-2023-o-multiestilo-da-prada\/agrund-semana-moda-masculina-milao-prada-6\/\" data-orig-file=\"https:\/\/i0.wp.com\/agrund.com\/wp-content\/uploads\/sites\/6\/2022\/06\/agrund-semana-moda-masculina-milao-prada-6.jpg?fit=600%2C903&amp;ssl=1\" data-orig-size=\"600,903\" data-comments-opened=\"1\" data-image-meta=\"{&quot;aperture&quot;:&quot;0&quot;,&quot;credit&quot;:&quot;&quot;,&quot;camera&quot;:&quot;&quot;,&quot;caption&quot;:&quot;&quot;,&quot;created_timestamp&quot;:&quot;0&quot;,&quot;copyright&quot;:&quot;&quot;,&quot;focal_length&quot;:&quot;0&quot;,&quot;iso&quot;:&quot;0&quot;,&quot;shutter_speed&quot;:&quot;0&quot;,&quot;title&quot;:&quot;&quot;,&quot;orientation&quot;:&quot;0&quot;}\" data-image-title=\"agrund-semana-moda-masculina-milao-prada-6\" data-image-description=\"\" data-image-caption=\"\" data-medium-file=\"https:\/\/i0.wp.com\/agrund.com\/wp-content\/uploads\/sites\/6\/2022\/06\/agrund-semana-moda-masculina-milao-prada-6.jpg?fit=199%2C300&amp;ssl=1\" data-large-file=\"https:\/\/i0.wp.com\/agrund.com\/wp-content\/uploads\/sites\/6\/2022\/06\/agrund-semana-moda-masculina-milao-prada-6.jpg?fit=600%2C903&amp;ssl=1\" decoding=\"async\" loading=\"lazy\" width=\"600\" height=\"903\" src=\"https:\/\/i0.wp.com\/agrund.com\/wp-content\/uploads\/sites\/6\/2022\/06\/agrund-semana-moda-masculina-milao-prada-6.jpg?resize=600%2C903&#038;ssl=1\" alt=\"\" class=\"wp-image-224101\" srcset=\"https:\/\/i0.wp.com\/agrund.com\/wp-content\/uploads\/sites\/6\/2022\/06\/agrund-semana-moda-masculina-milao-prada-6.jpg?w=600&amp;ssl=1 600w, https:\/\/i0.wp.com\/agrund.com\/wp-content\/uploads\/sites\/6\/2022\/06\/agrund-semana-moda-masculina-milao-prada-6.jpg?resize=199%2C300&amp;ssl=1 199w\" sizes=\"(max-width: 600px) 100vw, 600px\" data-recalc-dims=\"1\" \/><figcaption>MFW Primavera 2023 :: O (multi)estilo da Prada<\/figcaption><\/figure><\/div>\n\n\n\n<div class=\"wp-block-image\"><figure class=\"aligncenter size-full\"><img data-attachment-id=\"224102\" data-permalink=\"https:\/\/agrund.com\/index.php\/mfw-primavera-2023-o-multiestilo-da-prada\/agrund-semana-moda-masculina-milao-prada-7\/\" data-orig-file=\"https:\/\/i0.wp.com\/agrund.com\/wp-content\/uploads\/sites\/6\/2022\/06\/agrund-semana-moda-masculina-milao-prada-7.jpg?fit=600%2C904&amp;ssl=1\" data-orig-size=\"600,904\" data-comments-opened=\"1\" data-image-meta=\"{&quot;aperture&quot;:&quot;0&quot;,&quot;credit&quot;:&quot;&quot;,&quot;camera&quot;:&quot;&quot;,&quot;caption&quot;:&quot;&quot;,&quot;created_timestamp&quot;:&quot;0&quot;,&quot;copyright&quot;:&quot;&quot;,&quot;focal_length&quot;:&quot;0&quot;,&quot;iso&quot;:&quot;0&quot;,&quot;shutter_speed&quot;:&quot;0&quot;,&quot;title&quot;:&quot;&quot;,&quot;orientation&quot;:&quot;0&quot;}\" data-image-title=\"agrund-semana-moda-masculina-milao-prada-7\" data-image-description=\"\" data-image-caption=\"\" data-medium-file=\"https:\/\/i0.wp.com\/agrund.com\/wp-content\/uploads\/sites\/6\/2022\/06\/agrund-semana-moda-masculina-milao-prada-7.jpg?fit=199%2C300&amp;ssl=1\" data-large-file=\"https:\/\/i0.wp.com\/agrund.com\/wp-content\/uploads\/sites\/6\/2022\/06\/agrund-semana-moda-masculina-milao-prada-7.jpg?fit=600%2C904&amp;ssl=1\" decoding=\"async\" loading=\"lazy\" width=\"600\" height=\"904\" src=\"https:\/\/i0.wp.com\/agrund.com\/wp-content\/uploads\/sites\/6\/2022\/06\/agrund-semana-moda-masculina-milao-prada-7.jpg?resize=600%2C904&#038;ssl=1\" alt=\"\" class=\"wp-image-224102\" srcset=\"https:\/\/i0.wp.com\/agrund.com\/wp-content\/uploads\/sites\/6\/2022\/06\/agrund-semana-moda-masculina-milao-prada-7.jpg?w=600&amp;ssl=1 600w, https:\/\/i0.wp.com\/agrund.com\/wp-content\/uploads\/sites\/6\/2022\/06\/agrund-semana-moda-masculina-milao-prada-7.jpg?resize=199%2C300&amp;ssl=1 199w\" sizes=\"(max-width: 600px) 100vw, 600px\" data-recalc-dims=\"1\" \/><figcaption>MFW Primavera 2023 :: O (multi)estilo da Prada<\/figcaption><\/figure><\/div>\n\n\n\n<div class=\"wp-block-image\"><figure class=\"aligncenter size-full\"><img data-attachment-id=\"224103\" data-permalink=\"https:\/\/agrund.com\/index.php\/mfw-primavera-2023-o-multiestilo-da-prada\/agrund-semana-moda-masculina-milao-prada-8\/\" data-orig-file=\"https:\/\/i0.wp.com\/agrund.com\/wp-content\/uploads\/sites\/6\/2022\/06\/agrund-semana-moda-masculina-milao-prada-8.jpg?fit=600%2C899&amp;ssl=1\" data-orig-size=\"600,899\" data-comments-opened=\"1\" data-image-meta=\"{&quot;aperture&quot;:&quot;0&quot;,&quot;credit&quot;:&quot;&quot;,&quot;camera&quot;:&quot;&quot;,&quot;caption&quot;:&quot;&quot;,&quot;created_timestamp&quot;:&quot;0&quot;,&quot;copyright&quot;:&quot;&quot;,&quot;focal_length&quot;:&quot;0&quot;,&quot;iso&quot;:&quot;0&quot;,&quot;shutter_speed&quot;:&quot;0&quot;,&quot;title&quot;:&quot;&quot;,&quot;orientation&quot;:&quot;0&quot;}\" data-image-title=\"agrund-semana-moda-masculina-milao-prada-8\" data-image-description=\"\" data-image-caption=\"\" data-medium-file=\"https:\/\/i0.wp.com\/agrund.com\/wp-content\/uploads\/sites\/6\/2022\/06\/agrund-semana-moda-masculina-milao-prada-8.jpg?fit=200%2C300&amp;ssl=1\" data-large-file=\"https:\/\/i0.wp.com\/agrund.com\/wp-content\/uploads\/sites\/6\/2022\/06\/agrund-semana-moda-masculina-milao-prada-8.jpg?fit=600%2C899&amp;ssl=1\" decoding=\"async\" loading=\"lazy\" width=\"600\" height=\"899\" src=\"https:\/\/i0.wp.com\/agrund.com\/wp-content\/uploads\/sites\/6\/2022\/06\/agrund-semana-moda-masculina-milao-prada-8.jpg?resize=600%2C899&#038;ssl=1\" alt=\"\" class=\"wp-image-224103\" srcset=\"https:\/\/i0.wp.com\/agrund.com\/wp-content\/uploads\/sites\/6\/2022\/06\/agrund-semana-moda-masculina-milao-prada-8.jpg?w=600&amp;ssl=1 600w, https:\/\/i0.wp.com\/agrund.com\/wp-content\/uploads\/sites\/6\/2022\/06\/agrund-semana-moda-masculina-milao-prada-8.jpg?resize=200%2C300&amp;ssl=1 200w\" sizes=\"(max-width: 600px) 100vw, 600px\" data-recalc-dims=\"1\" \/><figcaption>MFW Primavera 2023 :: O (multi)estilo da Prada<\/figcaption><\/figure><\/div>\n\n\n\n<div class=\"wp-block-image\"><figure class=\"aligncenter size-full\"><img data-attachment-id=\"224104\" data-permalink=\"https:\/\/agrund.com\/index.php\/mfw-primavera-2023-o-multiestilo-da-prada\/agrund-semana-moda-masculina-milao-prada-9\/\" data-orig-file=\"https:\/\/i0.wp.com\/agrund.com\/wp-content\/uploads\/sites\/6\/2022\/06\/agrund-semana-moda-masculina-milao-prada-9.jpg?fit=600%2C901&amp;ssl=1\" data-orig-size=\"600,901\" data-comments-opened=\"1\" data-image-meta=\"{&quot;aperture&quot;:&quot;0&quot;,&quot;credit&quot;:&quot;&quot;,&quot;camera&quot;:&quot;&quot;,&quot;caption&quot;:&quot;&quot;,&quot;created_timestamp&quot;:&quot;0&quot;,&quot;copyright&quot;:&quot;&quot;,&quot;focal_length&quot;:&quot;0&quot;,&quot;iso&quot;:&quot;0&quot;,&quot;shutter_speed&quot;:&quot;0&quot;,&quot;title&quot;:&quot;&quot;,&quot;orientation&quot;:&quot;0&quot;}\" data-image-title=\"agrund-semana-moda-masculina-milao-prada-9\" data-image-description=\"\" data-image-caption=\"\" data-medium-file=\"https:\/\/i0.wp.com\/agrund.com\/wp-content\/uploads\/sites\/6\/2022\/06\/agrund-semana-moda-masculina-milao-prada-9.jpg?fit=200%2C300&amp;ssl=1\" data-large-file=\"https:\/\/i0.wp.com\/agrund.com\/wp-content\/uploads\/sites\/6\/2022\/06\/agrund-semana-moda-masculina-milao-prada-9.jpg?fit=600%2C901&amp;ssl=1\" decoding=\"async\" loading=\"lazy\" width=\"600\" height=\"901\" src=\"https:\/\/i0.wp.com\/agrund.com\/wp-content\/uploads\/sites\/6\/2022\/06\/agrund-semana-moda-masculina-milao-prada-9.jpg?resize=600%2C901&#038;ssl=1\" alt=\"\" class=\"wp-image-224104\" srcset=\"https:\/\/i0.wp.com\/agrund.com\/wp-content\/uploads\/sites\/6\/2022\/06\/agrund-semana-moda-masculina-milao-prada-9.jpg?w=600&amp;ssl=1 600w, https:\/\/i0.wp.com\/agrund.com\/wp-content\/uploads\/sites\/6\/2022\/06\/agrund-semana-moda-masculina-milao-prada-9.jpg?resize=200%2C300&amp;ssl=1 200w\" sizes=\"(max-width: 600px) 100vw, 600px\" data-recalc-dims=\"1\" \/><figcaption>MFW Primavera 2023 :: O (multi)estilo da Prada<\/figcaption><\/figure><\/div>\n\n\n\n<div class=\"wp-block-image\"><figure class=\"aligncenter size-full\"><img data-attachment-id=\"224105\" data-permalink=\"https:\/\/agrund.com\/index.php\/mfw-primavera-2023-o-multiestilo-da-prada\/agrund-semana-moda-masculina-milao-prada-10\/\" data-orig-file=\"https:\/\/i0.wp.com\/agrund.com\/wp-content\/uploads\/sites\/6\/2022\/06\/agrund-semana-moda-masculina-milao-prada-10.jpg?fit=600%2C901&amp;ssl=1\" data-orig-size=\"600,901\" data-comments-opened=\"1\" data-image-meta=\"{&quot;aperture&quot;:&quot;0&quot;,&quot;credit&quot;:&quot;&quot;,&quot;camera&quot;:&quot;&quot;,&quot;caption&quot;:&quot;&quot;,&quot;created_timestamp&quot;:&quot;0&quot;,&quot;copyright&quot;:&quot;&quot;,&quot;focal_length&quot;:&quot;0&quot;,&quot;iso&quot;:&quot;0&quot;,&quot;shutter_speed&quot;:&quot;0&quot;,&quot;title&quot;:&quot;&quot;,&quot;orientation&quot;:&quot;0&quot;}\" data-image-title=\"agrund-semana-moda-masculina-milao-prada-10\" data-image-description=\"\" data-image-caption=\"\" data-medium-file=\"https:\/\/i0.wp.com\/agrund.com\/wp-content\/uploads\/sites\/6\/2022\/06\/agrund-semana-moda-masculina-milao-prada-10.jpg?fit=200%2C300&amp;ssl=1\" data-large-file=\"https:\/\/i0.wp.com\/agrund.com\/wp-content\/uploads\/sites\/6\/2022\/06\/agrund-semana-moda-masculina-milao-prada-10.jpg?fit=600%2C901&amp;ssl=1\" decoding=\"async\" loading=\"lazy\" width=\"600\" height=\"901\" src=\"https:\/\/i0.wp.com\/agrund.com\/wp-content\/uploads\/sites\/6\/2022\/06\/agrund-semana-moda-masculina-milao-prada-10.jpg?resize=600%2C901&#038;ssl=1\" alt=\"\" class=\"wp-image-224105\" srcset=\"https:\/\/i0.wp.com\/agrund.com\/wp-content\/uploads\/sites\/6\/2022\/06\/agrund-semana-moda-masculina-milao-prada-10.jpg?w=600&amp;ssl=1 600w, https:\/\/i0.wp.com\/agrund.com\/wp-content\/uploads\/sites\/6\/2022\/06\/agrund-semana-moda-masculina-milao-prada-10.jpg?resize=200%2C300&amp;ssl=1 200w\" sizes=\"(max-width: 600px) 100vw, 600px\" data-recalc-dims=\"1\" \/><figcaption>MFW Primavera 2023 :: O (multi)estilo da Prada<\/figcaption><\/figure><\/div>\n\n\n\n<p>Imagens: Reprodu\u00e7\u00e3o. Filippo Fior\/Gorunway.com.<\/p>\n","protected":false},"excerpt":{"rendered":"<p>Por Arlindo Grund Mais uma vez, Miuccia Prada e Raf Simons contaram uma hist\u00f3ria. Mesmo sem planejar! Para a cole\u00e7\u00e3o primavera 2023 apresentada em Mil\u00e3o, o enredo \u00e9 de um homem que tem diversas vontades em rela\u00e7\u00e3o \u00e0 roupa. E ele sabe muito bem o que quer. Pensando num dia \u201cnormal\u201d, com trabalho, lazer, afazeres, [&hellip;]<\/p>\n","protected":false},"author":8,"featured_media":224106,"comment_status":"open","ping_status":"open","sticky":false,"template":"","format":"standard","meta":{"jetpack_post_was_ever_published":false,"_jetpack_newsletter_access":"","jetpack_publicize_message":"","jetpack_is_tweetstorm":false,"jetpack_publicize_feature_enabled":true,"jetpack_social_post_already_shared":true,"jetpack_social_options":{"image_generator_settings":{"template":"highway","enabled":false}}},"categories":[21,2],"tags":[395,375,64,423,347,382,67,148,51,455,1181,3250,424],"jetpack_publicize_connections":[],"jetpack_featured_media_url":"https:\/\/i0.wp.com\/agrund.com\/wp-content\/uploads\/sites\/6\/2022\/06\/s-40.jpg?fit=960%2C300&ssl=1","jetpack_sharing_enabled":true,"jetpack_shortlink":"https:\/\/wp.me\/p3Hz0n-Wir","jetpack_likes_enabled":true,"_links":{"self":[{"href":"https:\/\/agrund.com\/index.php\/wp-json\/wp\/v2\/posts\/224095"}],"collection":[{"href":"https:\/\/agrund.com\/index.php\/wp-json\/wp\/v2\/posts"}],"about":[{"href":"https:\/\/agrund.com\/index.php\/wp-json\/wp\/v2\/types\/post"}],"author":[{"embeddable":true,"href":"https:\/\/agrund.com\/index.php\/wp-json\/wp\/v2\/users\/8"}],"replies":[{"embeddable":true,"href":"https:\/\/agrund.com\/index.php\/wp-json\/wp\/v2\/comments?post=224095"}],"version-history":[{"count":1,"href":"https:\/\/agrund.com\/index.php\/wp-json\/wp\/v2\/posts\/224095\/revisions"}],"predecessor-version":[{"id":224107,"href":"https:\/\/agrund.com\/index.php\/wp-json\/wp\/v2\/posts\/224095\/revisions\/224107"}],"wp:featuredmedia":[{"embeddable":true,"href":"https:\/\/agrund.com\/index.php\/wp-json\/wp\/v2\/media\/224106"}],"wp:attachment":[{"href":"https:\/\/agrund.com\/index.php\/wp-json\/wp\/v2\/media?parent=224095"}],"wp:term":[{"taxonomy":"category","embeddable":true,"href":"https:\/\/agrund.com\/index.php\/wp-json\/wp\/v2\/categories?post=224095"},{"taxonomy":"post_tag","embeddable":true,"href":"https:\/\/agrund.com\/index.php\/wp-json\/wp\/v2\/tags?post=224095"}],"curies":[{"name":"wp","href":"https:\/\/api.w.org\/{rel}","templated":true}]}}