{"id":224055,"date":"2022-06-21T16:00:00","date_gmt":"2022-06-21T19:00:00","guid":{"rendered":"https:\/\/agrund.com\/?p=224055"},"modified":"2022-06-21T12:53:44","modified_gmt":"2022-06-21T15:53:44","slug":"mfw-primavera-2023-os-jovens-da-versace","status":"publish","type":"post","link":"https:\/\/agrund.com\/index.php\/mfw-primavera-2023-os-jovens-da-versace\/","title":{"rendered":"MFW Primavera 2023 :: Os jovens da Versace"},"content":{"rendered":"\n<p>Por Arlindo Grund<\/p>\n\n\n\n<p>Donatella Versace mostra que a cada temporada seu olhar est\u00e1 mais agu\u00e7ado. Para a primavera 2023, a Versace foca no conforto, nas misturas e no p\u00fablico jovem. Estampas, texturas e sobreposi\u00e7\u00f5es leves marcaram a apresenta\u00e7\u00e3o da marca que mostrou uma moda mais leve, despojada, mas n\u00e3o menos impactante. Pe\u00e7as mais soltas remetem ao conforto e as estampas confirmam o esp\u00edrito alegre que est\u00e1 tomando conta das temporadas de moda. Os eventos presenciais e desfiles refor\u00e7am esse desejo de conviver juntos novamente. Um detalhe chamou aten\u00e7\u00e3o: pe\u00e7as de decora\u00e7\u00e3o foram utilizadas como acess\u00f3rios pelos modelos: vasos, copos, pires, mas na vers\u00e3o em porcelana, concreta e n\u00e3o estampada. Aqui, o styling entre moda e decora\u00e7\u00e3o deixou as roupas com cara de casa. Bem chic e sofisticada. O p\u00fablico masculino vai se acostumando aos poucos com as pe\u00e7as mais soltas e menos justas. Mas como a moda \u00e9 democr\u00e1tica, nesta esta\u00e7\u00e3o a democracia vai do justo ao mais solto.<\/p>\n\n\n\n<div class=\"wp-block-image\"><figure class=\"aligncenter size-full\"><img data-attachment-id=\"224056\" data-permalink=\"https:\/\/agrund.com\/index.php\/mfw-primavera-2023-os-jovens-da-versace\/agrund-versace-semana-moda-milao-2023-1\/\" data-orig-file=\"https:\/\/i0.wp.com\/agrund.com\/wp-content\/uploads\/sites\/6\/2022\/06\/agrund-versace-semana-moda-milao-2023-1.jpg?fit=600%2C898&amp;ssl=1\" data-orig-size=\"600,898\" data-comments-opened=\"1\" data-image-meta=\"{&quot;aperture&quot;:&quot;0&quot;,&quot;credit&quot;:&quot;&quot;,&quot;camera&quot;:&quot;&quot;,&quot;caption&quot;:&quot;&quot;,&quot;created_timestamp&quot;:&quot;0&quot;,&quot;copyright&quot;:&quot;&quot;,&quot;focal_length&quot;:&quot;0&quot;,&quot;iso&quot;:&quot;0&quot;,&quot;shutter_speed&quot;:&quot;0&quot;,&quot;title&quot;:&quot;&quot;,&quot;orientation&quot;:&quot;0&quot;}\" data-image-title=\"agrund-versace-semana-moda-milao-2023-1\" data-image-description=\"\" data-image-caption=\"\" data-medium-file=\"https:\/\/i0.wp.com\/agrund.com\/wp-content\/uploads\/sites\/6\/2022\/06\/agrund-versace-semana-moda-milao-2023-1.jpg?fit=200%2C300&amp;ssl=1\" data-large-file=\"https:\/\/i0.wp.com\/agrund.com\/wp-content\/uploads\/sites\/6\/2022\/06\/agrund-versace-semana-moda-milao-2023-1.jpg?fit=600%2C898&amp;ssl=1\" decoding=\"async\" loading=\"lazy\" width=\"600\" height=\"898\" src=\"https:\/\/i0.wp.com\/agrund.com\/wp-content\/uploads\/sites\/6\/2022\/06\/agrund-versace-semana-moda-milao-2023-1.jpg?resize=600%2C898&#038;ssl=1\" alt=\"\" class=\"wp-image-224056\" srcset=\"https:\/\/i0.wp.com\/agrund.com\/wp-content\/uploads\/sites\/6\/2022\/06\/agrund-versace-semana-moda-milao-2023-1.jpg?w=600&amp;ssl=1 600w, https:\/\/i0.wp.com\/agrund.com\/wp-content\/uploads\/sites\/6\/2022\/06\/agrund-versace-semana-moda-milao-2023-1.jpg?resize=200%2C300&amp;ssl=1 200w\" sizes=\"(max-width: 600px) 100vw, 600px\" data-recalc-dims=\"1\" \/><figcaption>MFW Primavera 2023 :: Os jovens da Versace<\/figcaption><\/figure><\/div>\n\n\n\n<div class=\"wp-block-image\"><figure class=\"aligncenter size-full\"><img data-attachment-id=\"224057\" data-permalink=\"https:\/\/agrund.com\/index.php\/mfw-primavera-2023-os-jovens-da-versace\/agrund-versace-semana-moda-milao-2023-2\/\" data-orig-file=\"https:\/\/i0.wp.com\/agrund.com\/wp-content\/uploads\/sites\/6\/2022\/06\/agrund-versace-semana-moda-milao-2023-2.jpg?fit=600%2C902&amp;ssl=1\" data-orig-size=\"600,902\" data-comments-opened=\"1\" data-image-meta=\"{&quot;aperture&quot;:&quot;0&quot;,&quot;credit&quot;:&quot;&quot;,&quot;camera&quot;:&quot;&quot;,&quot;caption&quot;:&quot;&quot;,&quot;created_timestamp&quot;:&quot;0&quot;,&quot;copyright&quot;:&quot;&quot;,&quot;focal_length&quot;:&quot;0&quot;,&quot;iso&quot;:&quot;0&quot;,&quot;shutter_speed&quot;:&quot;0&quot;,&quot;title&quot;:&quot;&quot;,&quot;orientation&quot;:&quot;0&quot;}\" data-image-title=\"agrund-versace-semana-moda-milao-2023-2\" data-image-description=\"\" data-image-caption=\"\" data-medium-file=\"https:\/\/i0.wp.com\/agrund.com\/wp-content\/uploads\/sites\/6\/2022\/06\/agrund-versace-semana-moda-milao-2023-2.jpg?fit=200%2C300&amp;ssl=1\" data-large-file=\"https:\/\/i0.wp.com\/agrund.com\/wp-content\/uploads\/sites\/6\/2022\/06\/agrund-versace-semana-moda-milao-2023-2.jpg?fit=600%2C902&amp;ssl=1\" decoding=\"async\" loading=\"lazy\" width=\"600\" height=\"902\" src=\"https:\/\/i0.wp.com\/agrund.com\/wp-content\/uploads\/sites\/6\/2022\/06\/agrund-versace-semana-moda-milao-2023-2.jpg?resize=600%2C902&#038;ssl=1\" alt=\"\" class=\"wp-image-224057\" srcset=\"https:\/\/i0.wp.com\/agrund.com\/wp-content\/uploads\/sites\/6\/2022\/06\/agrund-versace-semana-moda-milao-2023-2.jpg?w=600&amp;ssl=1 600w, https:\/\/i0.wp.com\/agrund.com\/wp-content\/uploads\/sites\/6\/2022\/06\/agrund-versace-semana-moda-milao-2023-2.jpg?resize=200%2C300&amp;ssl=1 200w\" sizes=\"(max-width: 600px) 100vw, 600px\" data-recalc-dims=\"1\" \/><figcaption>MFW Primavera 2023 :: Os jovens da Versace<\/figcaption><\/figure><\/div>\n\n\n\n<div class=\"wp-block-image\"><figure class=\"aligncenter size-full\"><img data-attachment-id=\"224058\" data-permalink=\"https:\/\/agrund.com\/index.php\/mfw-primavera-2023-os-jovens-da-versace\/agrund-versace-semana-moda-milao-2023-3\/\" data-orig-file=\"https:\/\/i0.wp.com\/agrund.com\/wp-content\/uploads\/sites\/6\/2022\/06\/agrund-versace-semana-moda-milao-2023-3.jpg?fit=600%2C903&amp;ssl=1\" data-orig-size=\"600,903\" data-comments-opened=\"1\" data-image-meta=\"{&quot;aperture&quot;:&quot;0&quot;,&quot;credit&quot;:&quot;&quot;,&quot;camera&quot;:&quot;&quot;,&quot;caption&quot;:&quot;&quot;,&quot;created_timestamp&quot;:&quot;0&quot;,&quot;copyright&quot;:&quot;&quot;,&quot;focal_length&quot;:&quot;0&quot;,&quot;iso&quot;:&quot;0&quot;,&quot;shutter_speed&quot;:&quot;0&quot;,&quot;title&quot;:&quot;&quot;,&quot;orientation&quot;:&quot;0&quot;}\" data-image-title=\"agrund-versace-semana-moda-milao-2023-3\" data-image-description=\"\" data-image-caption=\"\" data-medium-file=\"https:\/\/i0.wp.com\/agrund.com\/wp-content\/uploads\/sites\/6\/2022\/06\/agrund-versace-semana-moda-milao-2023-3.jpg?fit=199%2C300&amp;ssl=1\" data-large-file=\"https:\/\/i0.wp.com\/agrund.com\/wp-content\/uploads\/sites\/6\/2022\/06\/agrund-versace-semana-moda-milao-2023-3.jpg?fit=600%2C903&amp;ssl=1\" decoding=\"async\" loading=\"lazy\" width=\"600\" height=\"903\" src=\"https:\/\/i0.wp.com\/agrund.com\/wp-content\/uploads\/sites\/6\/2022\/06\/agrund-versace-semana-moda-milao-2023-3.jpg?resize=600%2C903&#038;ssl=1\" alt=\"\" class=\"wp-image-224058\" srcset=\"https:\/\/i0.wp.com\/agrund.com\/wp-content\/uploads\/sites\/6\/2022\/06\/agrund-versace-semana-moda-milao-2023-3.jpg?w=600&amp;ssl=1 600w, https:\/\/i0.wp.com\/agrund.com\/wp-content\/uploads\/sites\/6\/2022\/06\/agrund-versace-semana-moda-milao-2023-3.jpg?resize=199%2C300&amp;ssl=1 199w\" sizes=\"(max-width: 600px) 100vw, 600px\" data-recalc-dims=\"1\" \/><figcaption>MFW Primavera 2023 :: Os jovens da Versace<\/figcaption><\/figure><\/div>\n\n\n\n<div class=\"wp-block-image\"><figure class=\"aligncenter size-full\"><img data-attachment-id=\"224059\" data-permalink=\"https:\/\/agrund.com\/index.php\/mfw-primavera-2023-os-jovens-da-versace\/agrund-versace-semana-moda-milao-2023-4\/\" data-orig-file=\"https:\/\/i0.wp.com\/agrund.com\/wp-content\/uploads\/sites\/6\/2022\/06\/agrund-versace-semana-moda-milao-2023-4.jpg?fit=600%2C902&amp;ssl=1\" data-orig-size=\"600,902\" data-comments-opened=\"1\" data-image-meta=\"{&quot;aperture&quot;:&quot;0&quot;,&quot;credit&quot;:&quot;&quot;,&quot;camera&quot;:&quot;&quot;,&quot;caption&quot;:&quot;&quot;,&quot;created_timestamp&quot;:&quot;0&quot;,&quot;copyright&quot;:&quot;&quot;,&quot;focal_length&quot;:&quot;0&quot;,&quot;iso&quot;:&quot;0&quot;,&quot;shutter_speed&quot;:&quot;0&quot;,&quot;title&quot;:&quot;&quot;,&quot;orientation&quot;:&quot;0&quot;}\" data-image-title=\"agrund-versace-semana-moda-milao-2023-4\" data-image-description=\"\" data-image-caption=\"\" data-medium-file=\"https:\/\/i0.wp.com\/agrund.com\/wp-content\/uploads\/sites\/6\/2022\/06\/agrund-versace-semana-moda-milao-2023-4.jpg?fit=200%2C300&amp;ssl=1\" data-large-file=\"https:\/\/i0.wp.com\/agrund.com\/wp-content\/uploads\/sites\/6\/2022\/06\/agrund-versace-semana-moda-milao-2023-4.jpg?fit=600%2C902&amp;ssl=1\" decoding=\"async\" loading=\"lazy\" width=\"600\" height=\"902\" src=\"https:\/\/i0.wp.com\/agrund.com\/wp-content\/uploads\/sites\/6\/2022\/06\/agrund-versace-semana-moda-milao-2023-4.jpg?resize=600%2C902&#038;ssl=1\" alt=\"\" class=\"wp-image-224059\" srcset=\"https:\/\/i0.wp.com\/agrund.com\/wp-content\/uploads\/sites\/6\/2022\/06\/agrund-versace-semana-moda-milao-2023-4.jpg?w=600&amp;ssl=1 600w, https:\/\/i0.wp.com\/agrund.com\/wp-content\/uploads\/sites\/6\/2022\/06\/agrund-versace-semana-moda-milao-2023-4.jpg?resize=200%2C300&amp;ssl=1 200w\" sizes=\"(max-width: 600px) 100vw, 600px\" data-recalc-dims=\"1\" \/><figcaption>MFW Primavera 2023 :: Os jovens da Versace<\/figcaption><\/figure><\/div>\n\n\n\n<div class=\"wp-block-image\"><figure class=\"aligncenter size-full\"><img data-attachment-id=\"224060\" data-permalink=\"https:\/\/agrund.com\/index.php\/mfw-primavera-2023-os-jovens-da-versace\/agrund-versace-semana-moda-milao-2023-5\/\" data-orig-file=\"https:\/\/i0.wp.com\/agrund.com\/wp-content\/uploads\/sites\/6\/2022\/06\/agrund-versace-semana-moda-milao-2023-5.jpg?fit=600%2C897&amp;ssl=1\" data-orig-size=\"600,897\" data-comments-opened=\"1\" data-image-meta=\"{&quot;aperture&quot;:&quot;0&quot;,&quot;credit&quot;:&quot;&quot;,&quot;camera&quot;:&quot;&quot;,&quot;caption&quot;:&quot;&quot;,&quot;created_timestamp&quot;:&quot;0&quot;,&quot;copyright&quot;:&quot;&quot;,&quot;focal_length&quot;:&quot;0&quot;,&quot;iso&quot;:&quot;0&quot;,&quot;shutter_speed&quot;:&quot;0&quot;,&quot;title&quot;:&quot;&quot;,&quot;orientation&quot;:&quot;0&quot;}\" data-image-title=\"agrund-versace-semana-moda-milao-2023-5\" data-image-description=\"\" data-image-caption=\"\" data-medium-file=\"https:\/\/i0.wp.com\/agrund.com\/wp-content\/uploads\/sites\/6\/2022\/06\/agrund-versace-semana-moda-milao-2023-5.jpg?fit=201%2C300&amp;ssl=1\" data-large-file=\"https:\/\/i0.wp.com\/agrund.com\/wp-content\/uploads\/sites\/6\/2022\/06\/agrund-versace-semana-moda-milao-2023-5.jpg?fit=600%2C897&amp;ssl=1\" decoding=\"async\" loading=\"lazy\" width=\"600\" height=\"897\" src=\"https:\/\/i0.wp.com\/agrund.com\/wp-content\/uploads\/sites\/6\/2022\/06\/agrund-versace-semana-moda-milao-2023-5.jpg?resize=600%2C897&#038;ssl=1\" alt=\"\" class=\"wp-image-224060\" srcset=\"https:\/\/i0.wp.com\/agrund.com\/wp-content\/uploads\/sites\/6\/2022\/06\/agrund-versace-semana-moda-milao-2023-5.jpg?w=600&amp;ssl=1 600w, https:\/\/i0.wp.com\/agrund.com\/wp-content\/uploads\/sites\/6\/2022\/06\/agrund-versace-semana-moda-milao-2023-5.jpg?resize=201%2C300&amp;ssl=1 201w\" sizes=\"(max-width: 600px) 100vw, 600px\" data-recalc-dims=\"1\" \/><figcaption>MFW Primavera 2023 :: Os jovens da Versace<\/figcaption><\/figure><\/div>\n\n\n\n<div class=\"wp-block-image\"><figure class=\"aligncenter size-full\"><img data-attachment-id=\"224061\" data-permalink=\"https:\/\/agrund.com\/index.php\/mfw-primavera-2023-os-jovens-da-versace\/agrund-versace-semana-moda-milao-2023-6\/\" data-orig-file=\"https:\/\/i0.wp.com\/agrund.com\/wp-content\/uploads\/sites\/6\/2022\/06\/agrund-versace-semana-moda-milao-2023-6.jpg?fit=600%2C897&amp;ssl=1\" data-orig-size=\"600,897\" data-comments-opened=\"1\" data-image-meta=\"{&quot;aperture&quot;:&quot;0&quot;,&quot;credit&quot;:&quot;&quot;,&quot;camera&quot;:&quot;&quot;,&quot;caption&quot;:&quot;&quot;,&quot;created_timestamp&quot;:&quot;0&quot;,&quot;copyright&quot;:&quot;&quot;,&quot;focal_length&quot;:&quot;0&quot;,&quot;iso&quot;:&quot;0&quot;,&quot;shutter_speed&quot;:&quot;0&quot;,&quot;title&quot;:&quot;&quot;,&quot;orientation&quot;:&quot;0&quot;}\" data-image-title=\"agrund-versace-semana-moda-milao-2023-6\" data-image-description=\"\" data-image-caption=\"\" data-medium-file=\"https:\/\/i0.wp.com\/agrund.com\/wp-content\/uploads\/sites\/6\/2022\/06\/agrund-versace-semana-moda-milao-2023-6.jpg?fit=201%2C300&amp;ssl=1\" data-large-file=\"https:\/\/i0.wp.com\/agrund.com\/wp-content\/uploads\/sites\/6\/2022\/06\/agrund-versace-semana-moda-milao-2023-6.jpg?fit=600%2C897&amp;ssl=1\" decoding=\"async\" loading=\"lazy\" width=\"600\" height=\"897\" src=\"https:\/\/i0.wp.com\/agrund.com\/wp-content\/uploads\/sites\/6\/2022\/06\/agrund-versace-semana-moda-milao-2023-6.jpg?resize=600%2C897&#038;ssl=1\" alt=\"\" class=\"wp-image-224061\" srcset=\"https:\/\/i0.wp.com\/agrund.com\/wp-content\/uploads\/sites\/6\/2022\/06\/agrund-versace-semana-moda-milao-2023-6.jpg?w=600&amp;ssl=1 600w, https:\/\/i0.wp.com\/agrund.com\/wp-content\/uploads\/sites\/6\/2022\/06\/agrund-versace-semana-moda-milao-2023-6.jpg?resize=201%2C300&amp;ssl=1 201w\" sizes=\"(max-width: 600px) 100vw, 600px\" data-recalc-dims=\"1\" \/><figcaption>MFW Primavera 2023 :: Os jovens da Versace<\/figcaption><\/figure><\/div>\n\n\n\n<div class=\"wp-block-image\"><figure class=\"aligncenter size-full\"><img data-attachment-id=\"224062\" data-permalink=\"https:\/\/agrund.com\/index.php\/mfw-primavera-2023-os-jovens-da-versace\/agrund-versace-semana-moda-milao-2023-7\/\" data-orig-file=\"https:\/\/i0.wp.com\/agrund.com\/wp-content\/uploads\/sites\/6\/2022\/06\/agrund-versace-semana-moda-milao-2023-7.jpg?fit=600%2C905&amp;ssl=1\" data-orig-size=\"600,905\" data-comments-opened=\"1\" data-image-meta=\"{&quot;aperture&quot;:&quot;0&quot;,&quot;credit&quot;:&quot;&quot;,&quot;camera&quot;:&quot;&quot;,&quot;caption&quot;:&quot;&quot;,&quot;created_timestamp&quot;:&quot;0&quot;,&quot;copyright&quot;:&quot;&quot;,&quot;focal_length&quot;:&quot;0&quot;,&quot;iso&quot;:&quot;0&quot;,&quot;shutter_speed&quot;:&quot;0&quot;,&quot;title&quot;:&quot;&quot;,&quot;orientation&quot;:&quot;0&quot;}\" data-image-title=\"agrund-versace-semana-moda-milao-2023-7\" data-image-description=\"\" data-image-caption=\"\" data-medium-file=\"https:\/\/i0.wp.com\/agrund.com\/wp-content\/uploads\/sites\/6\/2022\/06\/agrund-versace-semana-moda-milao-2023-7.jpg?fit=199%2C300&amp;ssl=1\" data-large-file=\"https:\/\/i0.wp.com\/agrund.com\/wp-content\/uploads\/sites\/6\/2022\/06\/agrund-versace-semana-moda-milao-2023-7.jpg?fit=600%2C905&amp;ssl=1\" decoding=\"async\" loading=\"lazy\" width=\"600\" height=\"905\" src=\"https:\/\/i0.wp.com\/agrund.com\/wp-content\/uploads\/sites\/6\/2022\/06\/agrund-versace-semana-moda-milao-2023-7.jpg?resize=600%2C905&#038;ssl=1\" alt=\"\" class=\"wp-image-224062\" srcset=\"https:\/\/i0.wp.com\/agrund.com\/wp-content\/uploads\/sites\/6\/2022\/06\/agrund-versace-semana-moda-milao-2023-7.jpg?w=600&amp;ssl=1 600w, https:\/\/i0.wp.com\/agrund.com\/wp-content\/uploads\/sites\/6\/2022\/06\/agrund-versace-semana-moda-milao-2023-7.jpg?resize=199%2C300&amp;ssl=1 199w\" sizes=\"(max-width: 600px) 100vw, 600px\" data-recalc-dims=\"1\" \/><figcaption>MFW Primavera 2023 :: Os jovens da Versace<\/figcaption><\/figure><\/div>\n\n\n\n<div class=\"wp-block-image\"><figure class=\"aligncenter size-full\"><img data-attachment-id=\"224063\" data-permalink=\"https:\/\/agrund.com\/index.php\/mfw-primavera-2023-os-jovens-da-versace\/agrund-versace-semana-moda-milao-2023-8\/\" data-orig-file=\"https:\/\/i0.wp.com\/agrund.com\/wp-content\/uploads\/sites\/6\/2022\/06\/agrund-versace-semana-moda-milao-2023-8.jpg?fit=600%2C908&amp;ssl=1\" data-orig-size=\"600,908\" data-comments-opened=\"1\" data-image-meta=\"{&quot;aperture&quot;:&quot;0&quot;,&quot;credit&quot;:&quot;&quot;,&quot;camera&quot;:&quot;&quot;,&quot;caption&quot;:&quot;&quot;,&quot;created_timestamp&quot;:&quot;0&quot;,&quot;copyright&quot;:&quot;&quot;,&quot;focal_length&quot;:&quot;0&quot;,&quot;iso&quot;:&quot;0&quot;,&quot;shutter_speed&quot;:&quot;0&quot;,&quot;title&quot;:&quot;&quot;,&quot;orientation&quot;:&quot;0&quot;}\" data-image-title=\"agrund-versace-semana-moda-milao-2023-8\" data-image-description=\"\" data-image-caption=\"\" data-medium-file=\"https:\/\/i0.wp.com\/agrund.com\/wp-content\/uploads\/sites\/6\/2022\/06\/agrund-versace-semana-moda-milao-2023-8.jpg?fit=198%2C300&amp;ssl=1\" data-large-file=\"https:\/\/i0.wp.com\/agrund.com\/wp-content\/uploads\/sites\/6\/2022\/06\/agrund-versace-semana-moda-milao-2023-8.jpg?fit=600%2C908&amp;ssl=1\" decoding=\"async\" loading=\"lazy\" width=\"600\" height=\"908\" src=\"https:\/\/i0.wp.com\/agrund.com\/wp-content\/uploads\/sites\/6\/2022\/06\/agrund-versace-semana-moda-milao-2023-8.jpg?resize=600%2C908&#038;ssl=1\" alt=\"\" class=\"wp-image-224063\" srcset=\"https:\/\/i0.wp.com\/agrund.com\/wp-content\/uploads\/sites\/6\/2022\/06\/agrund-versace-semana-moda-milao-2023-8.jpg?w=600&amp;ssl=1 600w, https:\/\/i0.wp.com\/agrund.com\/wp-content\/uploads\/sites\/6\/2022\/06\/agrund-versace-semana-moda-milao-2023-8.jpg?resize=198%2C300&amp;ssl=1 198w\" sizes=\"(max-width: 600px) 100vw, 600px\" data-recalc-dims=\"1\" \/><figcaption>MFW Primavera 2023 :: Os jovens da Versace<\/figcaption><\/figure><\/div>\n\n\n\n<div class=\"wp-block-image\"><figure class=\"aligncenter size-full\"><img data-attachment-id=\"224064\" data-permalink=\"https:\/\/agrund.com\/index.php\/mfw-primavera-2023-os-jovens-da-versace\/agrund-versace-semana-moda-milao-2023-9\/\" data-orig-file=\"https:\/\/i0.wp.com\/agrund.com\/wp-content\/uploads\/sites\/6\/2022\/06\/agrund-versace-semana-moda-milao-2023-9.jpg?fit=600%2C897&amp;ssl=1\" data-orig-size=\"600,897\" data-comments-opened=\"1\" data-image-meta=\"{&quot;aperture&quot;:&quot;0&quot;,&quot;credit&quot;:&quot;&quot;,&quot;camera&quot;:&quot;&quot;,&quot;caption&quot;:&quot;&quot;,&quot;created_timestamp&quot;:&quot;0&quot;,&quot;copyright&quot;:&quot;&quot;,&quot;focal_length&quot;:&quot;0&quot;,&quot;iso&quot;:&quot;0&quot;,&quot;shutter_speed&quot;:&quot;0&quot;,&quot;title&quot;:&quot;&quot;,&quot;orientation&quot;:&quot;0&quot;}\" data-image-title=\"agrund-versace-semana-moda-milao-2023-9\" data-image-description=\"\" data-image-caption=\"\" data-medium-file=\"https:\/\/i0.wp.com\/agrund.com\/wp-content\/uploads\/sites\/6\/2022\/06\/agrund-versace-semana-moda-milao-2023-9.jpg?fit=201%2C300&amp;ssl=1\" data-large-file=\"https:\/\/i0.wp.com\/agrund.com\/wp-content\/uploads\/sites\/6\/2022\/06\/agrund-versace-semana-moda-milao-2023-9.jpg?fit=600%2C897&amp;ssl=1\" decoding=\"async\" loading=\"lazy\" width=\"600\" height=\"897\" src=\"https:\/\/i0.wp.com\/agrund.com\/wp-content\/uploads\/sites\/6\/2022\/06\/agrund-versace-semana-moda-milao-2023-9.jpg?resize=600%2C897&#038;ssl=1\" alt=\"\" class=\"wp-image-224064\" srcset=\"https:\/\/i0.wp.com\/agrund.com\/wp-content\/uploads\/sites\/6\/2022\/06\/agrund-versace-semana-moda-milao-2023-9.jpg?w=600&amp;ssl=1 600w, https:\/\/i0.wp.com\/agrund.com\/wp-content\/uploads\/sites\/6\/2022\/06\/agrund-versace-semana-moda-milao-2023-9.jpg?resize=201%2C300&amp;ssl=1 201w\" sizes=\"(max-width: 600px) 100vw, 600px\" data-recalc-dims=\"1\" \/><figcaption>MFW Primavera 2023 :: Os jovens da Versace<\/figcaption><\/figure><\/div>\n\n\n\n<p>Imagens: Reprodu\u00e7\u00e3o. Filippo Fior\/Gorunway.com.<\/p>\n","protected":false},"excerpt":{"rendered":"<p>Por Arlindo Grund Donatella Versace mostra que a cada temporada seu olhar est\u00e1 mais agu\u00e7ado. Para a primavera 2023, a Versace foca no conforto, nas misturas e no p\u00fablico jovem. Estampas, texturas e sobreposi\u00e7\u00f5es leves marcaram a apresenta\u00e7\u00e3o da marca que mostrou uma moda mais leve, despojada, mas n\u00e3o menos impactante. Pe\u00e7as mais soltas remetem [&hellip;]<\/p>\n","protected":false},"author":8,"featured_media":224065,"comment_status":"open","ping_status":"open","sticky":false,"template":"","format":"standard","meta":{"jetpack_post_was_ever_published":false,"_jetpack_newsletter_access":"","jetpack_publicize_message":"","jetpack_is_tweetstorm":false,"jetpack_publicize_feature_enabled":true,"jetpack_social_post_already_shared":true,"jetpack_social_options":{"image_generator_settings":{"template":"highway","enabled":false}}},"categories":[21,2],"tags":[395,375,423,347,382,67,148,455,968,1181,424,239],"jetpack_publicize_connections":[],"jetpack_featured_media_url":"https:\/\/i0.wp.com\/agrund.com\/wp-content\/uploads\/sites\/6\/2022\/06\/s-37.jpg?fit=960%2C300&ssl=1","jetpack_sharing_enabled":true,"jetpack_shortlink":"https:\/\/wp.me\/p3Hz0n-WhN","jetpack_likes_enabled":true,"_links":{"self":[{"href":"https:\/\/agrund.com\/index.php\/wp-json\/wp\/v2\/posts\/224055"}],"collection":[{"href":"https:\/\/agrund.com\/index.php\/wp-json\/wp\/v2\/posts"}],"about":[{"href":"https:\/\/agrund.com\/index.php\/wp-json\/wp\/v2\/types\/post"}],"author":[{"embeddable":true,"href":"https:\/\/agrund.com\/index.php\/wp-json\/wp\/v2\/users\/8"}],"replies":[{"embeddable":true,"href":"https:\/\/agrund.com\/index.php\/wp-json\/wp\/v2\/comments?post=224055"}],"version-history":[{"count":1,"href":"https:\/\/agrund.com\/index.php\/wp-json\/wp\/v2\/posts\/224055\/revisions"}],"predecessor-version":[{"id":224066,"href":"https:\/\/agrund.com\/index.php\/wp-json\/wp\/v2\/posts\/224055\/revisions\/224066"}],"wp:featuredmedia":[{"embeddable":true,"href":"https:\/\/agrund.com\/index.php\/wp-json\/wp\/v2\/media\/224065"}],"wp:attachment":[{"href":"https:\/\/agrund.com\/index.php\/wp-json\/wp\/v2\/media?parent=224055"}],"wp:term":[{"taxonomy":"category","embeddable":true,"href":"https:\/\/agrund.com\/index.php\/wp-json\/wp\/v2\/categories?post=224055"},{"taxonomy":"post_tag","embeddable":true,"href":"https:\/\/agrund.com\/index.php\/wp-json\/wp\/v2\/tags?post=224055"}],"curies":[{"name":"wp","href":"https:\/\/api.w.org\/{rel}","templated":true}]}}