{"id":224025,"date":"2022-06-20T16:00:00","date_gmt":"2022-06-20T19:00:00","guid":{"rendered":"https:\/\/agrund.com\/?p=224025"},"modified":"2022-06-20T15:19:18","modified_gmt":"2022-06-20T18:19:18","slug":"mfw-primavera-2023-bob-marley-dsquared2-vibes-e-tal","status":"publish","type":"post","link":"https:\/\/agrund.com\/index.php\/mfw-primavera-2023-bob-marley-dsquared2-vibes-e-tal\/","title":{"rendered":"MFW Primavera 2023 :: Bob Marley, DSquared2, vibes e tal\u2026"},"content":{"rendered":"\n<p>Por Arlindo Grund<\/p>\n\n\n\n<p>A semana de moda de Mil\u00e3o come\u00e7a em clima de reggae. A DSquared2, dos irm\u00e3os Dean e Dan Caten, trouxe para a passarela todo despojamento de um surfista descolado. Para capitanear esse estilo, os estilistas apresentam em suas estampas a figura emblem\u00e1tica de Bob Marley. O que eles querem dizer com isso? Que o mundo precisa desconstruir as imagens padronizadas que foram impostas para a gente nesses anos de capitalismo e consumo desenfreado. Aqui, as misturas extrapolam os conceitos de moda. Neoprene com xadrez mostram um surfista grunge. As misturas de palet\u00f3s, coletes, camisetas e estampas parecem sair do ba\u00fa de um vov\u00f4 que j\u00e1 tinha bastante estilo. Os sarongues que representam o conforto dividiram a passarela com lindas bermudas. Destaque para os tric\u00f4s despojados e coloridos. Uma cole\u00e7\u00e3o constru\u00edda a partir dos detalhes. \u00c9 a mistura ou a desconstru\u00e7\u00e3o de estilos. Para pensar r\u00e1pido e usar sem medo!<\/p>\n\n\n\n<div class=\"wp-block-image\"><figure class=\"aligncenter size-full\"><img data-attachment-id=\"224026\" data-permalink=\"https:\/\/agrund.com\/index.php\/mfw-primavera-2023-bob-marley-dsquared2-vibes-e-tal\/5-1493\/\" data-orig-file=\"https:\/\/i0.wp.com\/agrund.com\/wp-content\/uploads\/sites\/6\/2022\/06\/5.jpg?fit=600%2C878&amp;ssl=1\" data-orig-size=\"600,878\" data-comments-opened=\"1\" data-image-meta=\"{&quot;aperture&quot;:&quot;0&quot;,&quot;credit&quot;:&quot;&quot;,&quot;camera&quot;:&quot;&quot;,&quot;caption&quot;:&quot;&quot;,&quot;created_timestamp&quot;:&quot;0&quot;,&quot;copyright&quot;:&quot;&quot;,&quot;focal_length&quot;:&quot;0&quot;,&quot;iso&quot;:&quot;0&quot;,&quot;shutter_speed&quot;:&quot;0&quot;,&quot;title&quot;:&quot;&quot;,&quot;orientation&quot;:&quot;0&quot;}\" data-image-title=\"5\" data-image-description=\"\" data-image-caption=\"\" data-medium-file=\"https:\/\/i0.wp.com\/agrund.com\/wp-content\/uploads\/sites\/6\/2022\/06\/5.jpg?fit=205%2C300&amp;ssl=1\" data-large-file=\"https:\/\/i0.wp.com\/agrund.com\/wp-content\/uploads\/sites\/6\/2022\/06\/5.jpg?fit=600%2C878&amp;ssl=1\" decoding=\"async\" loading=\"lazy\" width=\"600\" height=\"878\" src=\"https:\/\/i0.wp.com\/agrund.com\/wp-content\/uploads\/sites\/6\/2022\/06\/5.jpg?resize=600%2C878&#038;ssl=1\" alt=\"\" class=\"wp-image-224026\" srcset=\"https:\/\/i0.wp.com\/agrund.com\/wp-content\/uploads\/sites\/6\/2022\/06\/5.jpg?w=600&amp;ssl=1 600w, https:\/\/i0.wp.com\/agrund.com\/wp-content\/uploads\/sites\/6\/2022\/06\/5.jpg?resize=205%2C300&amp;ssl=1 205w\" sizes=\"(max-width: 600px) 100vw, 600px\" data-recalc-dims=\"1\" \/><figcaption>MFW Primavera 2023 :: Bob Marley, DSquared2, vibes e tal\u2026<\/figcaption><\/figure><\/div>\n\n\n\n<div class=\"wp-block-image\"><figure class=\"aligncenter size-full\"><img data-attachment-id=\"224027\" data-permalink=\"https:\/\/agrund.com\/index.php\/mfw-primavera-2023-bob-marley-dsquared2-vibes-e-tal\/4-1861\/\" data-orig-file=\"https:\/\/i0.wp.com\/agrund.com\/wp-content\/uploads\/sites\/6\/2022\/06\/4.jpg?fit=600%2C876&amp;ssl=1\" data-orig-size=\"600,876\" data-comments-opened=\"1\" data-image-meta=\"{&quot;aperture&quot;:&quot;0&quot;,&quot;credit&quot;:&quot;&quot;,&quot;camera&quot;:&quot;&quot;,&quot;caption&quot;:&quot;&quot;,&quot;created_timestamp&quot;:&quot;0&quot;,&quot;copyright&quot;:&quot;&quot;,&quot;focal_length&quot;:&quot;0&quot;,&quot;iso&quot;:&quot;0&quot;,&quot;shutter_speed&quot;:&quot;0&quot;,&quot;title&quot;:&quot;&quot;,&quot;orientation&quot;:&quot;0&quot;}\" data-image-title=\"4\" data-image-description=\"\" data-image-caption=\"\" data-medium-file=\"https:\/\/i0.wp.com\/agrund.com\/wp-content\/uploads\/sites\/6\/2022\/06\/4.jpg?fit=205%2C300&amp;ssl=1\" data-large-file=\"https:\/\/i0.wp.com\/agrund.com\/wp-content\/uploads\/sites\/6\/2022\/06\/4.jpg?fit=600%2C876&amp;ssl=1\" decoding=\"async\" loading=\"lazy\" width=\"600\" height=\"876\" src=\"https:\/\/i0.wp.com\/agrund.com\/wp-content\/uploads\/sites\/6\/2022\/06\/4.jpg?resize=600%2C876&#038;ssl=1\" alt=\"\" class=\"wp-image-224027\" srcset=\"https:\/\/i0.wp.com\/agrund.com\/wp-content\/uploads\/sites\/6\/2022\/06\/4.jpg?w=600&amp;ssl=1 600w, https:\/\/i0.wp.com\/agrund.com\/wp-content\/uploads\/sites\/6\/2022\/06\/4.jpg?resize=205%2C300&amp;ssl=1 205w\" sizes=\"(max-width: 600px) 100vw, 600px\" data-recalc-dims=\"1\" \/><figcaption>MFW Primavera 2023 :: Bob Marley, DSquared2, vibes e tal\u2026<\/figcaption><\/figure><\/div>\n\n\n\n<div class=\"wp-block-image\"><figure class=\"aligncenter size-full\"><img data-attachment-id=\"224028\" data-permalink=\"https:\/\/agrund.com\/index.php\/mfw-primavera-2023-bob-marley-dsquared2-vibes-e-tal\/3-2065\/\" data-orig-file=\"https:\/\/i0.wp.com\/agrund.com\/wp-content\/uploads\/sites\/6\/2022\/06\/3.jpg?fit=600%2C889&amp;ssl=1\" data-orig-size=\"600,889\" data-comments-opened=\"1\" data-image-meta=\"{&quot;aperture&quot;:&quot;0&quot;,&quot;credit&quot;:&quot;&quot;,&quot;camera&quot;:&quot;&quot;,&quot;caption&quot;:&quot;&quot;,&quot;created_timestamp&quot;:&quot;0&quot;,&quot;copyright&quot;:&quot;&quot;,&quot;focal_length&quot;:&quot;0&quot;,&quot;iso&quot;:&quot;0&quot;,&quot;shutter_speed&quot;:&quot;0&quot;,&quot;title&quot;:&quot;&quot;,&quot;orientation&quot;:&quot;0&quot;}\" data-image-title=\"3\" data-image-description=\"\" data-image-caption=\"\" data-medium-file=\"https:\/\/i0.wp.com\/agrund.com\/wp-content\/uploads\/sites\/6\/2022\/06\/3.jpg?fit=202%2C300&amp;ssl=1\" data-large-file=\"https:\/\/i0.wp.com\/agrund.com\/wp-content\/uploads\/sites\/6\/2022\/06\/3.jpg?fit=600%2C889&amp;ssl=1\" decoding=\"async\" loading=\"lazy\" width=\"600\" height=\"889\" src=\"https:\/\/i0.wp.com\/agrund.com\/wp-content\/uploads\/sites\/6\/2022\/06\/3.jpg?resize=600%2C889&#038;ssl=1\" alt=\"\" class=\"wp-image-224028\" srcset=\"https:\/\/i0.wp.com\/agrund.com\/wp-content\/uploads\/sites\/6\/2022\/06\/3.jpg?w=600&amp;ssl=1 600w, https:\/\/i0.wp.com\/agrund.com\/wp-content\/uploads\/sites\/6\/2022\/06\/3.jpg?resize=202%2C300&amp;ssl=1 202w\" sizes=\"(max-width: 600px) 100vw, 600px\" data-recalc-dims=\"1\" \/><figcaption>MFW Primavera 2023 :: Bob Marley, DSquared2, vibes e tal\u2026<\/figcaption><\/figure><\/div>\n\n\n\n<div class=\"wp-block-image\"><figure class=\"aligncenter size-full\"><img data-attachment-id=\"224029\" data-permalink=\"https:\/\/agrund.com\/index.php\/mfw-primavera-2023-bob-marley-dsquared2-vibes-e-tal\/2-2252\/\" data-orig-file=\"https:\/\/i0.wp.com\/agrund.com\/wp-content\/uploads\/sites\/6\/2022\/06\/2.jpg?fit=600%2C902&amp;ssl=1\" data-orig-size=\"600,902\" data-comments-opened=\"1\" data-image-meta=\"{&quot;aperture&quot;:&quot;0&quot;,&quot;credit&quot;:&quot;&quot;,&quot;camera&quot;:&quot;&quot;,&quot;caption&quot;:&quot;&quot;,&quot;created_timestamp&quot;:&quot;0&quot;,&quot;copyright&quot;:&quot;&quot;,&quot;focal_length&quot;:&quot;0&quot;,&quot;iso&quot;:&quot;0&quot;,&quot;shutter_speed&quot;:&quot;0&quot;,&quot;title&quot;:&quot;&quot;,&quot;orientation&quot;:&quot;0&quot;}\" data-image-title=\"2\" data-image-description=\"\" data-image-caption=\"\" data-medium-file=\"https:\/\/i0.wp.com\/agrund.com\/wp-content\/uploads\/sites\/6\/2022\/06\/2.jpg?fit=200%2C300&amp;ssl=1\" data-large-file=\"https:\/\/i0.wp.com\/agrund.com\/wp-content\/uploads\/sites\/6\/2022\/06\/2.jpg?fit=600%2C902&amp;ssl=1\" decoding=\"async\" loading=\"lazy\" width=\"600\" height=\"902\" src=\"https:\/\/i0.wp.com\/agrund.com\/wp-content\/uploads\/sites\/6\/2022\/06\/2.jpg?resize=600%2C902&#038;ssl=1\" alt=\"\" class=\"wp-image-224029\" srcset=\"https:\/\/i0.wp.com\/agrund.com\/wp-content\/uploads\/sites\/6\/2022\/06\/2.jpg?w=600&amp;ssl=1 600w, https:\/\/i0.wp.com\/agrund.com\/wp-content\/uploads\/sites\/6\/2022\/06\/2.jpg?resize=200%2C300&amp;ssl=1 200w\" sizes=\"(max-width: 600px) 100vw, 600px\" data-recalc-dims=\"1\" \/><figcaption>MFW Primavera 2023 :: Bob Marley, DSquared2, vibes e tal\u2026<\/figcaption><\/figure><\/div>\n\n\n\n<div class=\"wp-block-image\"><figure class=\"aligncenter size-full\"><img data-attachment-id=\"224030\" data-permalink=\"https:\/\/agrund.com\/index.php\/mfw-primavera-2023-bob-marley-dsquared2-vibes-e-tal\/1-2400\/\" data-orig-file=\"https:\/\/i0.wp.com\/agrund.com\/wp-content\/uploads\/sites\/6\/2022\/06\/1.jpg?fit=600%2C896&amp;ssl=1\" data-orig-size=\"600,896\" data-comments-opened=\"1\" data-image-meta=\"{&quot;aperture&quot;:&quot;0&quot;,&quot;credit&quot;:&quot;&quot;,&quot;camera&quot;:&quot;&quot;,&quot;caption&quot;:&quot;&quot;,&quot;created_timestamp&quot;:&quot;0&quot;,&quot;copyright&quot;:&quot;&quot;,&quot;focal_length&quot;:&quot;0&quot;,&quot;iso&quot;:&quot;0&quot;,&quot;shutter_speed&quot;:&quot;0&quot;,&quot;title&quot;:&quot;&quot;,&quot;orientation&quot;:&quot;0&quot;}\" data-image-title=\"1\" data-image-description=\"\" data-image-caption=\"\" data-medium-file=\"https:\/\/i0.wp.com\/agrund.com\/wp-content\/uploads\/sites\/6\/2022\/06\/1.jpg?fit=201%2C300&amp;ssl=1\" data-large-file=\"https:\/\/i0.wp.com\/agrund.com\/wp-content\/uploads\/sites\/6\/2022\/06\/1.jpg?fit=600%2C896&amp;ssl=1\" decoding=\"async\" loading=\"lazy\" width=\"600\" height=\"896\" src=\"https:\/\/i0.wp.com\/agrund.com\/wp-content\/uploads\/sites\/6\/2022\/06\/1.jpg?resize=600%2C896&#038;ssl=1\" alt=\"\" class=\"wp-image-224030\" srcset=\"https:\/\/i0.wp.com\/agrund.com\/wp-content\/uploads\/sites\/6\/2022\/06\/1.jpg?w=600&amp;ssl=1 600w, https:\/\/i0.wp.com\/agrund.com\/wp-content\/uploads\/sites\/6\/2022\/06\/1.jpg?resize=201%2C300&amp;ssl=1 201w\" sizes=\"(max-width: 600px) 100vw, 600px\" data-recalc-dims=\"1\" \/><figcaption>MFW Primavera 2023 :: Bob Marley, DSquared2, vibes e tal\u2026<\/figcaption><\/figure><\/div>\n\n\n\n<div class=\"wp-block-image\"><figure class=\"aligncenter size-full\"><img data-attachment-id=\"224031\" data-permalink=\"https:\/\/agrund.com\/index.php\/mfw-primavera-2023-bob-marley-dsquared2-vibes-e-tal\/6-1330\/\" data-orig-file=\"https:\/\/i0.wp.com\/agrund.com\/wp-content\/uploads\/sites\/6\/2022\/06\/6.jpg?fit=600%2C884&amp;ssl=1\" data-orig-size=\"600,884\" data-comments-opened=\"1\" data-image-meta=\"{&quot;aperture&quot;:&quot;0&quot;,&quot;credit&quot;:&quot;&quot;,&quot;camera&quot;:&quot;&quot;,&quot;caption&quot;:&quot;&quot;,&quot;created_timestamp&quot;:&quot;0&quot;,&quot;copyright&quot;:&quot;&quot;,&quot;focal_length&quot;:&quot;0&quot;,&quot;iso&quot;:&quot;0&quot;,&quot;shutter_speed&quot;:&quot;0&quot;,&quot;title&quot;:&quot;&quot;,&quot;orientation&quot;:&quot;0&quot;}\" data-image-title=\"6\" data-image-description=\"\" data-image-caption=\"\" data-medium-file=\"https:\/\/i0.wp.com\/agrund.com\/wp-content\/uploads\/sites\/6\/2022\/06\/6.jpg?fit=204%2C300&amp;ssl=1\" data-large-file=\"https:\/\/i0.wp.com\/agrund.com\/wp-content\/uploads\/sites\/6\/2022\/06\/6.jpg?fit=600%2C884&amp;ssl=1\" decoding=\"async\" loading=\"lazy\" width=\"600\" height=\"884\" src=\"https:\/\/i0.wp.com\/agrund.com\/wp-content\/uploads\/sites\/6\/2022\/06\/6.jpg?resize=600%2C884&#038;ssl=1\" alt=\"\" class=\"wp-image-224031\" srcset=\"https:\/\/i0.wp.com\/agrund.com\/wp-content\/uploads\/sites\/6\/2022\/06\/6.jpg?w=600&amp;ssl=1 600w, https:\/\/i0.wp.com\/agrund.com\/wp-content\/uploads\/sites\/6\/2022\/06\/6.jpg?resize=204%2C300&amp;ssl=1 204w\" sizes=\"(max-width: 600px) 100vw, 600px\" data-recalc-dims=\"1\" \/><figcaption>MFW Primavera 2023 :: Bob Marley, DSquared2, vibes e tal\u2026<\/figcaption><\/figure><\/div>\n\n\n\n<p>Imagens: Reprodu\u00e7\u00e3o\/ Filippo Fior\/Gorunway.com.<\/p>\n","protected":false},"excerpt":{"rendered":"<p>Por Arlindo Grund A semana de moda de Mil\u00e3o come\u00e7a em clima de reggae. A DSquared2, dos irm\u00e3os Dean e Dan Caten, trouxe para a passarela todo despojamento de um surfista descolado. Para capitanear esse estilo, os estilistas apresentam em suas estampas a figura emblem\u00e1tica de Bob Marley. O que eles querem dizer com isso? [&hellip;]<\/p>\n","protected":false},"author":8,"featured_media":224032,"comment_status":"open","ping_status":"open","sticky":false,"template":"","format":"standard","meta":{"jetpack_post_was_ever_published":false,"_jetpack_newsletter_access":"","jetpack_publicize_message":"","jetpack_is_tweetstorm":false,"jetpack_publicize_feature_enabled":true,"jetpack_social_post_already_shared":true,"jetpack_social_options":{"image_generator_settings":{"template":"highway","enabled":false}}},"categories":[21,2],"tags":[395,375,242,423,347,382,67,148,455,968,3250,424],"jetpack_publicize_connections":[],"jetpack_featured_media_url":"https:\/\/i0.wp.com\/agrund.com\/wp-content\/uploads\/sites\/6\/2022\/06\/s-34.jpg?fit=960%2C300&ssl=1","jetpack_sharing_enabled":true,"jetpack_shortlink":"https:\/\/wp.me\/p3Hz0n-Whj","jetpack_likes_enabled":true,"_links":{"self":[{"href":"https:\/\/agrund.com\/index.php\/wp-json\/wp\/v2\/posts\/224025"}],"collection":[{"href":"https:\/\/agrund.com\/index.php\/wp-json\/wp\/v2\/posts"}],"about":[{"href":"https:\/\/agrund.com\/index.php\/wp-json\/wp\/v2\/types\/post"}],"author":[{"embeddable":true,"href":"https:\/\/agrund.com\/index.php\/wp-json\/wp\/v2\/users\/8"}],"replies":[{"embeddable":true,"href":"https:\/\/agrund.com\/index.php\/wp-json\/wp\/v2\/comments?post=224025"}],"version-history":[{"count":1,"href":"https:\/\/agrund.com\/index.php\/wp-json\/wp\/v2\/posts\/224025\/revisions"}],"predecessor-version":[{"id":224033,"href":"https:\/\/agrund.com\/index.php\/wp-json\/wp\/v2\/posts\/224025\/revisions\/224033"}],"wp:featuredmedia":[{"embeddable":true,"href":"https:\/\/agrund.com\/index.php\/wp-json\/wp\/v2\/media\/224032"}],"wp:attachment":[{"href":"https:\/\/agrund.com\/index.php\/wp-json\/wp\/v2\/media?parent=224025"}],"wp:term":[{"taxonomy":"category","embeddable":true,"href":"https:\/\/agrund.com\/index.php\/wp-json\/wp\/v2\/categories?post=224025"},{"taxonomy":"post_tag","embeddable":true,"href":"https:\/\/agrund.com\/index.php\/wp-json\/wp\/v2\/tags?post=224025"}],"curies":[{"name":"wp","href":"https:\/\/api.w.org\/{rel}","templated":true}]}}