{"id":224007,"date":"2022-06-15T18:00:00","date_gmt":"2022-06-15T21:00:00","guid":{"rendered":"https:\/\/agrund.com\/?p=224007"},"modified":"2022-06-15T16:37:31","modified_gmt":"2022-06-15T19:37:31","slug":"fabiana-pirro-ministra-oficina-de-moda-e-teatro","status":"publish","type":"post","link":"https:\/\/agrund.com\/index.php\/fabiana-pirro-ministra-oficina-de-moda-e-teatro\/","title":{"rendered":"Fabiana Pirro ministra Oficina de Moda e Teatro\u00a0"},"content":{"rendered":"\n<p>Moda e Teatro podem caminhar juntos? Para Fabiana Pirro, sim! Ela, que come\u00e7ou sua carreira nas passarelas aos 13 anos e tamb\u00e9m \u00e9 atriz h\u00e1 mais de 20 anos, se prepara para ministrar uma Oficina de Artes.\u00a0<\/p>\n\n\n\n<p>Na &#8216;Oficina de Artes \u2013 Moda e Teatro que eu Quero&#8217;, cujo subt\u00edtulo \u00e9 &#8216;Ser, Sentir, Ler, Ver, Sonhar&#8217;, ela vai compartilhar um pouco de seus conhecimentos como diretora de arte, figurinista e atriz.\u00a0<\/p>\n\n\n\n<p>Em Moda, ser\u00e3o abordados postura, andamento, imagem, estilo e a criatividade particular de cada participante. J\u00e1 em Teatro, a respira\u00e7\u00e3o, fala, corpo c\u00eanico, prontid\u00e3o e inicia\u00e7\u00e3o \u00e0 cria\u00e7\u00e3o da personagem.<\/p>\n\n\n\n<p>\u201cEssa viv\u00eancia nas f\u00e9rias de julho tem como objetivo despertar nos participantes o interesse art\u00edstico pelos universos da Moda e do Teatro, assim como um autoconhecimento das pr\u00f3prias habilidades que todes possuem\u201d, afirma Fabiana.<\/p>\n\n\n\n<p>Anote na sua agenda!\u00a0<\/p>\n\n\n\n<div class=\"wp-block-image\"><figure class=\"aligncenter size-full\"><img data-attachment-id=\"224010\" data-permalink=\"https:\/\/agrund.com\/index.php\/fabiana-pirro-ministra-oficina-de-moda-e-teatro\/fabiana-pirro-foto-divulgacao-5-1\/\" data-orig-file=\"https:\/\/i0.wp.com\/agrund.com\/wp-content\/uploads\/sites\/6\/2022\/06\/Fabiana-Pirro-foto-Divulgacao-5-1.jpg?fit=600%2C600&amp;ssl=1\" data-orig-size=\"600,600\" data-comments-opened=\"1\" data-image-meta=\"{&quot;aperture&quot;:&quot;0&quot;,&quot;credit&quot;:&quot;&quot;,&quot;camera&quot;:&quot;&quot;,&quot;caption&quot;:&quot;&quot;,&quot;created_timestamp&quot;:&quot;0&quot;,&quot;copyright&quot;:&quot;&quot;,&quot;focal_length&quot;:&quot;0&quot;,&quot;iso&quot;:&quot;0&quot;,&quot;shutter_speed&quot;:&quot;0&quot;,&quot;title&quot;:&quot;&quot;,&quot;orientation&quot;:&quot;1&quot;}\" data-image-title=\"Fabiana-Pirro-foto-Divulgacao-5-1\" data-image-description=\"\" data-image-caption=\"\" data-medium-file=\"https:\/\/i0.wp.com\/agrund.com\/wp-content\/uploads\/sites\/6\/2022\/06\/Fabiana-Pirro-foto-Divulgacao-5-1.jpg?fit=300%2C300&amp;ssl=1\" data-large-file=\"https:\/\/i0.wp.com\/agrund.com\/wp-content\/uploads\/sites\/6\/2022\/06\/Fabiana-Pirro-foto-Divulgacao-5-1.jpg?fit=600%2C600&amp;ssl=1\" decoding=\"async\" loading=\"lazy\" width=\"600\" height=\"600\" src=\"https:\/\/i0.wp.com\/agrund.com\/wp-content\/uploads\/sites\/6\/2022\/06\/Fabiana-Pirro-foto-Divulgacao-5-1.jpg?resize=600%2C600&#038;ssl=1\" alt=\"\" class=\"wp-image-224010\" srcset=\"https:\/\/i0.wp.com\/agrund.com\/wp-content\/uploads\/sites\/6\/2022\/06\/Fabiana-Pirro-foto-Divulgacao-5-1.jpg?w=600&amp;ssl=1 600w, https:\/\/i0.wp.com\/agrund.com\/wp-content\/uploads\/sites\/6\/2022\/06\/Fabiana-Pirro-foto-Divulgacao-5-1.jpg?resize=300%2C300&amp;ssl=1 300w, https:\/\/i0.wp.com\/agrund.com\/wp-content\/uploads\/sites\/6\/2022\/06\/Fabiana-Pirro-foto-Divulgacao-5-1.jpg?resize=150%2C150&amp;ssl=1 150w\" sizes=\"(max-width: 600px) 100vw, 600px\" data-recalc-dims=\"1\" \/><figcaption>Fabiana Pirro ministra Oficina de Moda e Teatro\u00a0<\/figcaption><\/figure><\/div>\n\n\n\n<p><strong>Servi\u00e7o:<br><\/strong>Oficina de Artes &#8211; Moda e Teatro que eu Quero &#8211; Ser, Sentir, Ler, Ver, Sonhar com Fabiana Pirro<\/p>\n\n\n\n<p><strong>Quando:<\/strong> S\u00e1bados de julho (dias 02,09, 16. 23 e 30 de julho)<br>2 Turmas: manh\u00e3 e tarde<\/p>\n\n\n\n<p><strong>Quanto:<\/strong> R$ 260,00<\/p>\n\n\n\n<p><strong>Onde:<\/strong> Espa\u00e7o Vila | Rua Radialista Amar\u00edlio Nic\u00e9as n\u00ba 76, Santo Amaro &#8211; Recife<\/p>\n\n\n\n<p><strong>Classifica\u00e7\u00e3o et\u00e1ria:<\/strong> a partir de 13 anos<br><strong>Inscri\u00e7\u00f5es e mais informa\u00e7\u00f5es:<\/strong> (81) 99936.5368<\/p>\n\n\n\n<p>VAGAS LIMITADAS<\/p>\n\n\n\n<div class=\"wp-block-image\"><figure class=\"aligncenter size-full\"><img data-attachment-id=\"224011\" data-permalink=\"https:\/\/agrund.com\/index.php\/fabiana-pirro-ministra-oficina-de-moda-e-teatro\/fabiana-pirro-foto-renata-pires\/\" data-orig-file=\"https:\/\/i0.wp.com\/agrund.com\/wp-content\/uploads\/sites\/6\/2022\/06\/Fabiana-Pirro-foto-Renata-Pires.jpg?fit=600%2C724&amp;ssl=1\" data-orig-size=\"600,724\" data-comments-opened=\"1\" data-image-meta=\"{&quot;aperture&quot;:&quot;0&quot;,&quot;credit&quot;:&quot;&quot;,&quot;camera&quot;:&quot;&quot;,&quot;caption&quot;:&quot;&quot;,&quot;created_timestamp&quot;:&quot;0&quot;,&quot;copyright&quot;:&quot;&quot;,&quot;focal_length&quot;:&quot;0&quot;,&quot;iso&quot;:&quot;0&quot;,&quot;shutter_speed&quot;:&quot;0&quot;,&quot;title&quot;:&quot;&quot;,&quot;orientation&quot;:&quot;1&quot;}\" data-image-title=\"Fabiana-Pirro-foto-Renata-Pires\" data-image-description=\"\" data-image-caption=\"\" data-medium-file=\"https:\/\/i0.wp.com\/agrund.com\/wp-content\/uploads\/sites\/6\/2022\/06\/Fabiana-Pirro-foto-Renata-Pires.jpg?fit=249%2C300&amp;ssl=1\" data-large-file=\"https:\/\/i0.wp.com\/agrund.com\/wp-content\/uploads\/sites\/6\/2022\/06\/Fabiana-Pirro-foto-Renata-Pires.jpg?fit=600%2C724&amp;ssl=1\" decoding=\"async\" loading=\"lazy\" width=\"600\" height=\"724\" src=\"https:\/\/i0.wp.com\/agrund.com\/wp-content\/uploads\/sites\/6\/2022\/06\/Fabiana-Pirro-foto-Renata-Pires.jpg?resize=600%2C724&#038;ssl=1\" alt=\"\" class=\"wp-image-224011\" srcset=\"https:\/\/i0.wp.com\/agrund.com\/wp-content\/uploads\/sites\/6\/2022\/06\/Fabiana-Pirro-foto-Renata-Pires.jpg?w=600&amp;ssl=1 600w, https:\/\/i0.wp.com\/agrund.com\/wp-content\/uploads\/sites\/6\/2022\/06\/Fabiana-Pirro-foto-Renata-Pires.jpg?resize=249%2C300&amp;ssl=1 249w\" sizes=\"(max-width: 600px) 100vw, 600px\" data-recalc-dims=\"1\" \/><figcaption>Fabiana Pirro ministra Oficina de Moda e Teatro\u00a0<\/figcaption><\/figure><\/div>\n\n\n\n<p>Fotos: Divulga\u00e7\u00e3o. <\/p>\n","protected":false},"excerpt":{"rendered":"<p>Moda e Teatro podem caminhar juntos? Para Fabiana Pirro, sim! Ela, que come\u00e7ou sua carreira nas passarelas aos 13 anos e tamb\u00e9m \u00e9 atriz h\u00e1 mais de 20 anos, se prepara para ministrar uma Oficina de Artes.\u00a0 Na &#8216;Oficina de Artes \u2013 Moda e Teatro que eu Quero&#8217;, cujo subt\u00edtulo \u00e9 &#8216;Ser, Sentir, Ler, Ver, [&hellip;]<\/p>\n","protected":false},"author":8,"featured_media":224008,"comment_status":"open","ping_status":"open","sticky":false,"template":"","format":"standard","meta":{"jetpack_post_was_ever_published":false,"_jetpack_newsletter_access":"","jetpack_publicize_message":"","jetpack_is_tweetstorm":false,"jetpack_publicize_feature_enabled":true,"jetpack_social_post_already_shared":true,"jetpack_social_options":{"image_generator_settings":{"template":"highway","enabled":false}}},"categories":[2],"tags":[],"jetpack_publicize_connections":[],"jetpack_featured_media_url":"https:\/\/i0.wp.com\/agrund.com\/wp-content\/uploads\/sites\/6\/2022\/06\/ss-11.jpg?fit=960%2C300&ssl=1","jetpack_sharing_enabled":true,"jetpack_shortlink":"https:\/\/wp.me\/p3Hz0n-Wh1","jetpack_likes_enabled":true,"_links":{"self":[{"href":"https:\/\/agrund.com\/index.php\/wp-json\/wp\/v2\/posts\/224007"}],"collection":[{"href":"https:\/\/agrund.com\/index.php\/wp-json\/wp\/v2\/posts"}],"about":[{"href":"https:\/\/agrund.com\/index.php\/wp-json\/wp\/v2\/types\/post"}],"author":[{"embeddable":true,"href":"https:\/\/agrund.com\/index.php\/wp-json\/wp\/v2\/users\/8"}],"replies":[{"embeddable":true,"href":"https:\/\/agrund.com\/index.php\/wp-json\/wp\/v2\/comments?post=224007"}],"version-history":[{"count":1,"href":"https:\/\/agrund.com\/index.php\/wp-json\/wp\/v2\/posts\/224007\/revisions"}],"predecessor-version":[{"id":224012,"href":"https:\/\/agrund.com\/index.php\/wp-json\/wp\/v2\/posts\/224007\/revisions\/224012"}],"wp:featuredmedia":[{"embeddable":true,"href":"https:\/\/agrund.com\/index.php\/wp-json\/wp\/v2\/media\/224008"}],"wp:attachment":[{"href":"https:\/\/agrund.com\/index.php\/wp-json\/wp\/v2\/media?parent=224007"}],"wp:term":[{"taxonomy":"category","embeddable":true,"href":"https:\/\/agrund.com\/index.php\/wp-json\/wp\/v2\/categories?post=224007"},{"taxonomy":"post_tag","embeddable":true,"href":"https:\/\/agrund.com\/index.php\/wp-json\/wp\/v2\/tags?post=224007"}],"curies":[{"name":"wp","href":"https:\/\/api.w.org\/{rel}","templated":true}]}}