{"id":223972,"date":"2022-06-13T15:00:00","date_gmt":"2022-06-13T18:00:00","guid":{"rendered":"https:\/\/agrund.com\/?p=223972"},"modified":"2022-06-13T18:03:00","modified_gmt":"2022-06-13T21:03:00","slug":"tommy-hilfiger-e-shawn-mendes-apresentam-collab-sustentavel","status":"publish","type":"post","link":"https:\/\/agrund.com\/index.php\/tommy-hilfiger-e-shawn-mendes-apresentam-collab-sustentavel\/","title":{"rendered":"Tommy Hilfiger e Shawn Mendes apresentam collab sustent\u00e1vel"},"content":{"rendered":"\n<p>A Tommy Hilfiger convocou Shawn Mendes para estrelar um novo projeto com cole\u00e7\u00f5es e campanhas ambientalmente conscientes.\u00a0<\/p>\n\n\n\n<p>Intitulada &#8220;Play it Forward&#8217;, a parceria nasceu com o intuito da marca e do artista repensarem novas formas de agir com mais responsabilidade, inspirando f\u00e3s a optar por solu\u00e7\u00f5es mais sustent\u00e1veis.\u00a0<\/p>\n\n\n\n<p>Na primeira campanha &#8216;Classic Reborn&#8217;, o cantor veste pe\u00e7as da cole\u00e7\u00e3o 1985 Program, que \u00e9 inspirada na heran\u00e7a da marca, com pe\u00e7as atemporais feitas em algod\u00e3o org\u00e2nico e denim com 20% de algod\u00e3o reciclado.\u00a0<\/p>\n\n\n\n<p>As a\u00e7\u00f5es dessa parceria tamb\u00e9m ir\u00e3o acompanhar Shawn em sua turn\u00ea &#8216;Wonder: The World Tour&#8217;, j\u00e1 que a Tommy se comprometeu a doar US$1 milh\u00e3o para implementar um programa de sustentabilidade e turismo ecol\u00f3gico, reduzindo as emiss\u00f5es de CO2 em 50% por show em compara\u00e7\u00e3o a turn\u00ea de 2019, enquanto reaproveita as emiss\u00f5es excedentes.\u00a0<\/p>\n\n\n\n<p>Quer mais? O cantor assinar\u00e1 uma cole\u00e7\u00e3o com design circular e materiais reciclados. A linha deve ser lan\u00e7ada no come\u00e7o de 2023.\u00a0<\/p>\n\n\n\n<div class=\"wp-block-image\"><figure class=\"aligncenter size-full\"><img data-attachment-id=\"223973\" data-permalink=\"https:\/\/agrund.com\/index.php\/tommy-hilfiger-e-shawn-mendes-apresentam-collab-sustentavel\/agrund-shawn-mendes-tommy-hilfiger-2022-2\/\" data-orig-file=\"https:\/\/i0.wp.com\/agrund.com\/wp-content\/uploads\/sites\/6\/2022\/06\/agrund-shawn-mendes-tommy-hilfiger-2022-2.jpg?fit=600%2C881&amp;ssl=1\" data-orig-size=\"600,881\" data-comments-opened=\"1\" data-image-meta=\"{&quot;aperture&quot;:&quot;0&quot;,&quot;credit&quot;:&quot;&quot;,&quot;camera&quot;:&quot;&quot;,&quot;caption&quot;:&quot;&quot;,&quot;created_timestamp&quot;:&quot;0&quot;,&quot;copyright&quot;:&quot;&quot;,&quot;focal_length&quot;:&quot;0&quot;,&quot;iso&quot;:&quot;0&quot;,&quot;shutter_speed&quot;:&quot;0&quot;,&quot;title&quot;:&quot;&quot;,&quot;orientation&quot;:&quot;0&quot;}\" data-image-title=\"agrund-shawn-mendes-tommy-hilfiger-2022-2\" data-image-description=\"\" data-image-caption=\"\" data-medium-file=\"https:\/\/i0.wp.com\/agrund.com\/wp-content\/uploads\/sites\/6\/2022\/06\/agrund-shawn-mendes-tommy-hilfiger-2022-2.jpg?fit=204%2C300&amp;ssl=1\" data-large-file=\"https:\/\/i0.wp.com\/agrund.com\/wp-content\/uploads\/sites\/6\/2022\/06\/agrund-shawn-mendes-tommy-hilfiger-2022-2.jpg?fit=600%2C881&amp;ssl=1\" decoding=\"async\" loading=\"lazy\" width=\"600\" height=\"881\" src=\"https:\/\/i0.wp.com\/agrund.com\/wp-content\/uploads\/sites\/6\/2022\/06\/agrund-shawn-mendes-tommy-hilfiger-2022-2.jpg?resize=600%2C881&#038;ssl=1\" alt=\"\" class=\"wp-image-223973\" srcset=\"https:\/\/i0.wp.com\/agrund.com\/wp-content\/uploads\/sites\/6\/2022\/06\/agrund-shawn-mendes-tommy-hilfiger-2022-2.jpg?w=600&amp;ssl=1 600w, https:\/\/i0.wp.com\/agrund.com\/wp-content\/uploads\/sites\/6\/2022\/06\/agrund-shawn-mendes-tommy-hilfiger-2022-2.jpg?resize=204%2C300&amp;ssl=1 204w\" sizes=\"(max-width: 600px) 100vw, 600px\" data-recalc-dims=\"1\" \/><figcaption>Tommy Hilfiger e Shawn Mendes apresentam collab sustent\u00e1vel<\/figcaption><\/figure><\/div>\n\n\n\n<div class=\"wp-block-image\"><figure class=\"aligncenter size-full\"><img data-attachment-id=\"223974\" data-permalink=\"https:\/\/agrund.com\/index.php\/tommy-hilfiger-e-shawn-mendes-apresentam-collab-sustentavel\/agrund-shawn-mendes-tommy-hilfiger-2022-1\/\" data-orig-file=\"https:\/\/i0.wp.com\/agrund.com\/wp-content\/uploads\/sites\/6\/2022\/06\/agrund-shawn-mendes-tommy-hilfiger-2022-1.jpg?fit=600%2C872&amp;ssl=1\" data-orig-size=\"600,872\" data-comments-opened=\"1\" data-image-meta=\"{&quot;aperture&quot;:&quot;0&quot;,&quot;credit&quot;:&quot;&quot;,&quot;camera&quot;:&quot;&quot;,&quot;caption&quot;:&quot;&quot;,&quot;created_timestamp&quot;:&quot;0&quot;,&quot;copyright&quot;:&quot;&quot;,&quot;focal_length&quot;:&quot;0&quot;,&quot;iso&quot;:&quot;0&quot;,&quot;shutter_speed&quot;:&quot;0&quot;,&quot;title&quot;:&quot;&quot;,&quot;orientation&quot;:&quot;1&quot;}\" data-image-title=\"agrund-shawn-mendes-tommy-hilfiger-2022-1\" data-image-description=\"\" data-image-caption=\"\" data-medium-file=\"https:\/\/i0.wp.com\/agrund.com\/wp-content\/uploads\/sites\/6\/2022\/06\/agrund-shawn-mendes-tommy-hilfiger-2022-1.jpg?fit=206%2C300&amp;ssl=1\" data-large-file=\"https:\/\/i0.wp.com\/agrund.com\/wp-content\/uploads\/sites\/6\/2022\/06\/agrund-shawn-mendes-tommy-hilfiger-2022-1.jpg?fit=600%2C872&amp;ssl=1\" decoding=\"async\" loading=\"lazy\" width=\"600\" height=\"872\" src=\"https:\/\/i0.wp.com\/agrund.com\/wp-content\/uploads\/sites\/6\/2022\/06\/agrund-shawn-mendes-tommy-hilfiger-2022-1.jpg?resize=600%2C872&#038;ssl=1\" alt=\"\" class=\"wp-image-223974\" srcset=\"https:\/\/i0.wp.com\/agrund.com\/wp-content\/uploads\/sites\/6\/2022\/06\/agrund-shawn-mendes-tommy-hilfiger-2022-1.jpg?w=600&amp;ssl=1 600w, https:\/\/i0.wp.com\/agrund.com\/wp-content\/uploads\/sites\/6\/2022\/06\/agrund-shawn-mendes-tommy-hilfiger-2022-1.jpg?resize=206%2C300&amp;ssl=1 206w\" sizes=\"(max-width: 600px) 100vw, 600px\" data-recalc-dims=\"1\" \/><figcaption>Tommy Hilfiger e Shawn Mendes apresentam collab sustent\u00e1vel<\/figcaption><\/figure><\/div>\n\n\n\n<div class=\"wp-block-image\"><figure class=\"aligncenter size-full\"><img data-attachment-id=\"223975\" data-permalink=\"https:\/\/agrund.com\/index.php\/tommy-hilfiger-e-shawn-mendes-apresentam-collab-sustentavel\/agrund-shawn-mendes-tommy-hilfiger-2022-3\/\" data-orig-file=\"https:\/\/i0.wp.com\/agrund.com\/wp-content\/uploads\/sites\/6\/2022\/06\/agrund-shawn-mendes-tommy-hilfiger-2022-3.jpg?fit=600%2C875&amp;ssl=1\" data-orig-size=\"600,875\" data-comments-opened=\"1\" data-image-meta=\"{&quot;aperture&quot;:&quot;0&quot;,&quot;credit&quot;:&quot;&quot;,&quot;camera&quot;:&quot;&quot;,&quot;caption&quot;:&quot;&quot;,&quot;created_timestamp&quot;:&quot;0&quot;,&quot;copyright&quot;:&quot;&quot;,&quot;focal_length&quot;:&quot;0&quot;,&quot;iso&quot;:&quot;0&quot;,&quot;shutter_speed&quot;:&quot;0&quot;,&quot;title&quot;:&quot;&quot;,&quot;orientation&quot;:&quot;0&quot;}\" data-image-title=\"agrund-shawn-mendes-tommy-hilfiger-2022-3\" data-image-description=\"\" data-image-caption=\"\" data-medium-file=\"https:\/\/i0.wp.com\/agrund.com\/wp-content\/uploads\/sites\/6\/2022\/06\/agrund-shawn-mendes-tommy-hilfiger-2022-3.jpg?fit=206%2C300&amp;ssl=1\" data-large-file=\"https:\/\/i0.wp.com\/agrund.com\/wp-content\/uploads\/sites\/6\/2022\/06\/agrund-shawn-mendes-tommy-hilfiger-2022-3.jpg?fit=600%2C875&amp;ssl=1\" decoding=\"async\" loading=\"lazy\" width=\"600\" height=\"875\" src=\"https:\/\/i0.wp.com\/agrund.com\/wp-content\/uploads\/sites\/6\/2022\/06\/agrund-shawn-mendes-tommy-hilfiger-2022-3.jpg?resize=600%2C875&#038;ssl=1\" alt=\"\" class=\"wp-image-223975\" srcset=\"https:\/\/i0.wp.com\/agrund.com\/wp-content\/uploads\/sites\/6\/2022\/06\/agrund-shawn-mendes-tommy-hilfiger-2022-3.jpg?w=600&amp;ssl=1 600w, https:\/\/i0.wp.com\/agrund.com\/wp-content\/uploads\/sites\/6\/2022\/06\/agrund-shawn-mendes-tommy-hilfiger-2022-3.jpg?resize=206%2C300&amp;ssl=1 206w\" sizes=\"(max-width: 600px) 100vw, 600px\" data-recalc-dims=\"1\" \/><figcaption>Tommy Hilfiger e Shawn Mendes apresentam collab sustent\u00e1vel<\/figcaption><\/figure><\/div>\n\n\n\n<div class=\"wp-block-image\"><figure class=\"aligncenter size-full\"><img data-attachment-id=\"223976\" data-permalink=\"https:\/\/agrund.com\/index.php\/tommy-hilfiger-e-shawn-mendes-apresentam-collab-sustentavel\/agrund-shawn-mendes-tommy-hilfiger-2022-4\/\" data-orig-file=\"https:\/\/i0.wp.com\/agrund.com\/wp-content\/uploads\/sites\/6\/2022\/06\/agrund-shawn-mendes-tommy-hilfiger-2022-4.jpg?fit=600%2C885&amp;ssl=1\" data-orig-size=\"600,885\" data-comments-opened=\"1\" data-image-meta=\"{&quot;aperture&quot;:&quot;0&quot;,&quot;credit&quot;:&quot;&quot;,&quot;camera&quot;:&quot;&quot;,&quot;caption&quot;:&quot;&quot;,&quot;created_timestamp&quot;:&quot;0&quot;,&quot;copyright&quot;:&quot;&quot;,&quot;focal_length&quot;:&quot;0&quot;,&quot;iso&quot;:&quot;0&quot;,&quot;shutter_speed&quot;:&quot;0&quot;,&quot;title&quot;:&quot;&quot;,&quot;orientation&quot;:&quot;0&quot;}\" data-image-title=\"agrund-shawn-mendes-tommy-hilfiger-2022-4\" data-image-description=\"\" data-image-caption=\"\" data-medium-file=\"https:\/\/i0.wp.com\/agrund.com\/wp-content\/uploads\/sites\/6\/2022\/06\/agrund-shawn-mendes-tommy-hilfiger-2022-4.jpg?fit=203%2C300&amp;ssl=1\" data-large-file=\"https:\/\/i0.wp.com\/agrund.com\/wp-content\/uploads\/sites\/6\/2022\/06\/agrund-shawn-mendes-tommy-hilfiger-2022-4.jpg?fit=600%2C885&amp;ssl=1\" decoding=\"async\" loading=\"lazy\" width=\"600\" height=\"885\" src=\"https:\/\/i0.wp.com\/agrund.com\/wp-content\/uploads\/sites\/6\/2022\/06\/agrund-shawn-mendes-tommy-hilfiger-2022-4.jpg?resize=600%2C885&#038;ssl=1\" alt=\"\" class=\"wp-image-223976\" srcset=\"https:\/\/i0.wp.com\/agrund.com\/wp-content\/uploads\/sites\/6\/2022\/06\/agrund-shawn-mendes-tommy-hilfiger-2022-4.jpg?w=600&amp;ssl=1 600w, https:\/\/i0.wp.com\/agrund.com\/wp-content\/uploads\/sites\/6\/2022\/06\/agrund-shawn-mendes-tommy-hilfiger-2022-4.jpg?resize=203%2C300&amp;ssl=1 203w\" sizes=\"(max-width: 600px) 100vw, 600px\" data-recalc-dims=\"1\" \/><figcaption>Tommy Hilfiger e Shawn Mendes apresentam collab sustent\u00e1vel<\/figcaption><\/figure><\/div>\n\n\n\n<p>Fotos: Reprodu\u00e7\u00e3o\/ Tommy Hilfiger. <\/p>\n","protected":false},"excerpt":{"rendered":"<p>A Tommy Hilfiger convocou Shawn Mendes para estrelar um novo projeto com cole\u00e7\u00f5es e campanhas ambientalmente conscientes.\u00a0 Intitulada &#8220;Play it Forward&#8217;, a parceria nasceu com o intuito da marca e do artista repensarem novas formas de agir com mais responsabilidade, inspirando f\u00e3s a optar por solu\u00e7\u00f5es mais sustent\u00e1veis.\u00a0 Na primeira campanha &#8216;Classic Reborn&#8217;, o cantor [&hellip;]<\/p>\n","protected":false},"author":8,"featured_media":223977,"comment_status":"open","ping_status":"open","sticky":false,"template":"","format":"standard","meta":{"jetpack_post_was_ever_published":false,"_jetpack_newsletter_access":"","jetpack_publicize_message":"","jetpack_is_tweetstorm":false,"jetpack_publicize_feature_enabled":true,"jetpack_social_post_already_shared":true,"jetpack_social_options":{"image_generator_settings":{"template":"highway","enabled":false}}},"categories":[2],"tags":[395,375,423,347,67,148,2481,424,209],"jetpack_publicize_connections":[],"jetpack_featured_media_url":"https:\/\/i0.wp.com\/agrund.com\/wp-content\/uploads\/sites\/6\/2022\/06\/s-29.jpg?fit=960%2C300&ssl=1","jetpack_sharing_enabled":true,"jetpack_shortlink":"https:\/\/wp.me\/p3Hz0n-Wgs","jetpack_likes_enabled":true,"_links":{"self":[{"href":"https:\/\/agrund.com\/index.php\/wp-json\/wp\/v2\/posts\/223972"}],"collection":[{"href":"https:\/\/agrund.com\/index.php\/wp-json\/wp\/v2\/posts"}],"about":[{"href":"https:\/\/agrund.com\/index.php\/wp-json\/wp\/v2\/types\/post"}],"author":[{"embeddable":true,"href":"https:\/\/agrund.com\/index.php\/wp-json\/wp\/v2\/users\/8"}],"replies":[{"embeddable":true,"href":"https:\/\/agrund.com\/index.php\/wp-json\/wp\/v2\/comments?post=223972"}],"version-history":[{"count":1,"href":"https:\/\/agrund.com\/index.php\/wp-json\/wp\/v2\/posts\/223972\/revisions"}],"predecessor-version":[{"id":223978,"href":"https:\/\/agrund.com\/index.php\/wp-json\/wp\/v2\/posts\/223972\/revisions\/223978"}],"wp:featuredmedia":[{"embeddable":true,"href":"https:\/\/agrund.com\/index.php\/wp-json\/wp\/v2\/media\/223977"}],"wp:attachment":[{"href":"https:\/\/agrund.com\/index.php\/wp-json\/wp\/v2\/media?parent=223972"}],"wp:term":[{"taxonomy":"category","embeddable":true,"href":"https:\/\/agrund.com\/index.php\/wp-json\/wp\/v2\/categories?post=223972"},{"taxonomy":"post_tag","embeddable":true,"href":"https:\/\/agrund.com\/index.php\/wp-json\/wp\/v2\/tags?post=223972"}],"curies":[{"name":"wp","href":"https:\/\/api.w.org\/{rel}","templated":true}]}}