{"id":223948,"date":"2022-06-08T14:00:00","date_gmt":"2022-06-08T17:00:00","guid":{"rendered":"https:\/\/agrund.com\/?p=223948"},"modified":"2022-06-08T11:54:43","modified_gmt":"2022-06-08T14:54:43","slug":"spfw-n53-a-cultura-drag-na-cena-de-isaac-silva","status":"publish","type":"post","link":"https:\/\/agrund.com\/index.php\/spfw-n53-a-cultura-drag-na-cena-de-isaac-silva\/","title":{"rendered":"SPFW N53 :: A cultura drag na cena de Isaac Silva"},"content":{"rendered":"\n<p>Por Arlindo Grund e Lari Mariano<\/p>\n\n\n\n<p>M\u00e1rcia Pantera, figura conhecida da noite paulistana da d\u00e9cada de 90 &#8211; e nome da cultura drag brasileira, \u00e9 a homenageada no \u00faltimo desfile da noite. Junto a ela, Eartha Kitt, a primeira mulher-gato negra.<\/p>\n\n\n\n<p>\u00c9 dela o rosto nas estampas de Isaac, que surgem majoritariamente em preto e branco, al\u00e9m da figura da pantera. Como n\u00e3o poderia faltar, muito brilho, globos espelhados, \u201croupa para ser feliz\u201d, como define Isaac.<\/p>\n\n\n\n<p>E foram, nitidamente. O desfile em si era a celebra\u00e7\u00e3o de quem quer se reunir para simplesmente comemorar o momento e o existir. H\u00e1 for\u00e7a no que se faz ver &#8211; ganha espa\u00e7o e torna poss\u00edvel. O clima era de alegria, euforia, vibra\u00e7\u00e3o. E esse sentimento ficou claro nas cores e na leveza das roupas. Thelminha, \u00cdcaro Silva, entre outros emprestaram sua beleza \u00e0 apresenta\u00e7\u00e3o. A SPFW n\u00e3o podia encerrar de forma melhor: todo mundo em \u00eaxtase.<\/p>\n\n\n\n<div class=\"wp-block-image\"><figure class=\"aligncenter size-full\"><img data-attachment-id=\"223949\" data-permalink=\"https:\/\/agrund.com\/index.php\/spfw-n53-a-cultura-drag-na-cena-de-isaac-silva\/agrund-spfw-n53-isaac_silva-1\/\" data-orig-file=\"https:\/\/i0.wp.com\/agrund.com\/wp-content\/uploads\/sites\/6\/2022\/06\/agrund-spfw-n53-isaac_silva-1.jpeg?fit=600%2C900&amp;ssl=1\" data-orig-size=\"600,900\" data-comments-opened=\"1\" data-image-meta=\"{&quot;aperture&quot;:&quot;0&quot;,&quot;credit&quot;:&quot;Marcelo Soubhia\\\/ @agfotosite&quot;,&quot;camera&quot;:&quot;&quot;,&quot;caption&quot;:&quot;Isaac Silva\\r_ SPFW N53_\\r- Komplexo Tempo-\\r04\\\/06\\\/2022\\r\\rFoto: Marcelo Soubhia\\\/ @agfotosite&quot;,&quot;created_timestamp&quot;:&quot;1654399401&quot;,&quot;copyright&quot;:&quot;Marcelo Soubhia\\\/ @agfotosite&quot;,&quot;focal_length&quot;:&quot;0&quot;,&quot;iso&quot;:&quot;0&quot;,&quot;shutter_speed&quot;:&quot;0&quot;,&quot;title&quot;:&quot;&quot;,&quot;orientation&quot;:&quot;1&quot;}\" data-image-title=\"agrund-spfw-n53-isaac_silva-1\" data-image-description=\"\" data-image-caption=\"&lt;p&gt;Isaac Silva&lt;br \/&gt;\n_ SPFW N53_&lt;br \/&gt;\n&#8211; Komplexo Tempo-&lt;br \/&gt;\n04\/06\/2022&lt;\/p&gt;\n&lt;p&gt;Foto: Marcelo Soubhia\/ @agfotosite&lt;\/p&gt;\n\" data-medium-file=\"https:\/\/i0.wp.com\/agrund.com\/wp-content\/uploads\/sites\/6\/2022\/06\/agrund-spfw-n53-isaac_silva-1.jpeg?fit=200%2C300&amp;ssl=1\" data-large-file=\"https:\/\/i0.wp.com\/agrund.com\/wp-content\/uploads\/sites\/6\/2022\/06\/agrund-spfw-n53-isaac_silva-1.jpeg?fit=600%2C900&amp;ssl=1\" decoding=\"async\" loading=\"lazy\" width=\"600\" height=\"900\" src=\"https:\/\/i0.wp.com\/agrund.com\/wp-content\/uploads\/sites\/6\/2022\/06\/agrund-spfw-n53-isaac_silva-1.jpeg?resize=600%2C900&#038;ssl=1\" alt=\"\" class=\"wp-image-223949\" srcset=\"https:\/\/i0.wp.com\/agrund.com\/wp-content\/uploads\/sites\/6\/2022\/06\/agrund-spfw-n53-isaac_silva-1.jpeg?w=600&amp;ssl=1 600w, https:\/\/i0.wp.com\/agrund.com\/wp-content\/uploads\/sites\/6\/2022\/06\/agrund-spfw-n53-isaac_silva-1.jpeg?resize=200%2C300&amp;ssl=1 200w\" sizes=\"(max-width: 600px) 100vw, 600px\" data-recalc-dims=\"1\" \/><figcaption>SPFW N53 :: A cultura drag na cena de Isaac Silva<\/figcaption><\/figure><\/div>\n\n\n\n<div class=\"wp-block-image\"><figure class=\"aligncenter size-full\"><img data-attachment-id=\"223950\" data-permalink=\"https:\/\/agrund.com\/index.php\/spfw-n53-a-cultura-drag-na-cena-de-isaac-silva\/agrund-spfw-n53-isaac_silva-2\/\" data-orig-file=\"https:\/\/i0.wp.com\/agrund.com\/wp-content\/uploads\/sites\/6\/2022\/06\/agrund-spfw-n53-isaac_silva-2.jpeg?fit=600%2C900&amp;ssl=1\" data-orig-size=\"600,900\" data-comments-opened=\"1\" data-image-meta=\"{&quot;aperture&quot;:&quot;0&quot;,&quot;credit&quot;:&quot;Marcelo Soubhia\\\/ @agfotosite&quot;,&quot;camera&quot;:&quot;&quot;,&quot;caption&quot;:&quot;Isaac Silva\\r_ SPFW N53_\\r- Komplexo Tempo-\\r04\\\/06\\\/2022\\r\\rFoto: Marcelo Soubhia\\\/ @agfotosite&quot;,&quot;created_timestamp&quot;:&quot;1654399408&quot;,&quot;copyright&quot;:&quot;Marcelo Soubhia\\\/ @agfotosite&quot;,&quot;focal_length&quot;:&quot;0&quot;,&quot;iso&quot;:&quot;0&quot;,&quot;shutter_speed&quot;:&quot;0&quot;,&quot;title&quot;:&quot;&quot;,&quot;orientation&quot;:&quot;1&quot;}\" data-image-title=\"agrund-spfw-n53-isaac_silva-2\" data-image-description=\"\" data-image-caption=\"&lt;p&gt;Isaac Silva&lt;br \/&gt;\n_ SPFW N53_&lt;br \/&gt;\n&#8211; Komplexo Tempo-&lt;br \/&gt;\n04\/06\/2022&lt;\/p&gt;\n&lt;p&gt;Foto: Marcelo Soubhia\/ @agfotosite&lt;\/p&gt;\n\" data-medium-file=\"https:\/\/i0.wp.com\/agrund.com\/wp-content\/uploads\/sites\/6\/2022\/06\/agrund-spfw-n53-isaac_silva-2.jpeg?fit=200%2C300&amp;ssl=1\" data-large-file=\"https:\/\/i0.wp.com\/agrund.com\/wp-content\/uploads\/sites\/6\/2022\/06\/agrund-spfw-n53-isaac_silva-2.jpeg?fit=600%2C900&amp;ssl=1\" decoding=\"async\" loading=\"lazy\" width=\"600\" height=\"900\" src=\"https:\/\/i0.wp.com\/agrund.com\/wp-content\/uploads\/sites\/6\/2022\/06\/agrund-spfw-n53-isaac_silva-2.jpeg?resize=600%2C900&#038;ssl=1\" alt=\"\" class=\"wp-image-223950\" srcset=\"https:\/\/i0.wp.com\/agrund.com\/wp-content\/uploads\/sites\/6\/2022\/06\/agrund-spfw-n53-isaac_silva-2.jpeg?w=600&amp;ssl=1 600w, https:\/\/i0.wp.com\/agrund.com\/wp-content\/uploads\/sites\/6\/2022\/06\/agrund-spfw-n53-isaac_silva-2.jpeg?resize=200%2C300&amp;ssl=1 200w\" sizes=\"(max-width: 600px) 100vw, 600px\" data-recalc-dims=\"1\" \/><figcaption>SPFW N53 :: A cultura drag na cena de Isaac Silva<\/figcaption><\/figure><\/div>\n\n\n\n<div class=\"wp-block-image\"><figure class=\"aligncenter size-full\"><img data-attachment-id=\"223951\" data-permalink=\"https:\/\/agrund.com\/index.php\/spfw-n53-a-cultura-drag-na-cena-de-isaac-silva\/agrund-spfw-n53-isaac_silva-3\/\" data-orig-file=\"https:\/\/i0.wp.com\/agrund.com\/wp-content\/uploads\/sites\/6\/2022\/06\/agrund-spfw-n53-isaac_silva-3.jpeg?fit=600%2C900&amp;ssl=1\" data-orig-size=\"600,900\" data-comments-opened=\"1\" data-image-meta=\"{&quot;aperture&quot;:&quot;0&quot;,&quot;credit&quot;:&quot;Marcelo Soubhia\\\/ @agfotosite&quot;,&quot;camera&quot;:&quot;&quot;,&quot;caption&quot;:&quot;Isaac Silva\\r_ SPFW N53_\\r- Komplexo Tempo-\\r04\\\/06\\\/2022\\r\\rFoto: Marcelo Soubhia\\\/ @agfotosite&quot;,&quot;created_timestamp&quot;:&quot;1654399412&quot;,&quot;copyright&quot;:&quot;Marcelo Soubhia\\\/ @agfotosite&quot;,&quot;focal_length&quot;:&quot;0&quot;,&quot;iso&quot;:&quot;0&quot;,&quot;shutter_speed&quot;:&quot;0&quot;,&quot;title&quot;:&quot;&quot;,&quot;orientation&quot;:&quot;1&quot;}\" data-image-title=\"agrund-spfw-n53-isaac_silva-3\" data-image-description=\"\" data-image-caption=\"&lt;p&gt;Isaac Silva&lt;br \/&gt;\n_ SPFW N53_&lt;br \/&gt;\n&#8211; Komplexo Tempo-&lt;br \/&gt;\n04\/06\/2022&lt;\/p&gt;\n&lt;p&gt;Foto: Marcelo Soubhia\/ @agfotosite&lt;\/p&gt;\n\" data-medium-file=\"https:\/\/i0.wp.com\/agrund.com\/wp-content\/uploads\/sites\/6\/2022\/06\/agrund-spfw-n53-isaac_silva-3.jpeg?fit=200%2C300&amp;ssl=1\" data-large-file=\"https:\/\/i0.wp.com\/agrund.com\/wp-content\/uploads\/sites\/6\/2022\/06\/agrund-spfw-n53-isaac_silva-3.jpeg?fit=600%2C900&amp;ssl=1\" decoding=\"async\" loading=\"lazy\" width=\"600\" height=\"900\" src=\"https:\/\/i0.wp.com\/agrund.com\/wp-content\/uploads\/sites\/6\/2022\/06\/agrund-spfw-n53-isaac_silva-3.jpeg?resize=600%2C900&#038;ssl=1\" alt=\"\" class=\"wp-image-223951\" srcset=\"https:\/\/i0.wp.com\/agrund.com\/wp-content\/uploads\/sites\/6\/2022\/06\/agrund-spfw-n53-isaac_silva-3.jpeg?w=600&amp;ssl=1 600w, https:\/\/i0.wp.com\/agrund.com\/wp-content\/uploads\/sites\/6\/2022\/06\/agrund-spfw-n53-isaac_silva-3.jpeg?resize=200%2C300&amp;ssl=1 200w\" sizes=\"(max-width: 600px) 100vw, 600px\" data-recalc-dims=\"1\" \/><figcaption>SPFW N53 :: A cultura drag na cena de Isaac Silva<\/figcaption><\/figure><\/div>\n\n\n\n<div class=\"wp-block-image\"><figure class=\"aligncenter size-full\"><img data-attachment-id=\"223952\" data-permalink=\"https:\/\/agrund.com\/index.php\/spfw-n53-a-cultura-drag-na-cena-de-isaac-silva\/agrund-spfw-n53-isaac_silva-4\/\" data-orig-file=\"https:\/\/i0.wp.com\/agrund.com\/wp-content\/uploads\/sites\/6\/2022\/06\/agrund-spfw-n53-isaac_silva-4.jpeg?fit=600%2C900&amp;ssl=1\" data-orig-size=\"600,900\" data-comments-opened=\"1\" data-image-meta=\"{&quot;aperture&quot;:&quot;0&quot;,&quot;credit&quot;:&quot;Marcelo Soubhia\\\/ @agfotosite&quot;,&quot;camera&quot;:&quot;&quot;,&quot;caption&quot;:&quot;Isaac Silva\\r_ SPFW N53_\\r- Komplexo Tempo-\\r04\\\/06\\\/2022\\r\\rFoto: Marcelo Soubhia\\\/ @agfotosite&quot;,&quot;created_timestamp&quot;:&quot;1654399422&quot;,&quot;copyright&quot;:&quot;Marcelo Soubhia\\\/ @agfotosite&quot;,&quot;focal_length&quot;:&quot;0&quot;,&quot;iso&quot;:&quot;0&quot;,&quot;shutter_speed&quot;:&quot;0&quot;,&quot;title&quot;:&quot;&quot;,&quot;orientation&quot;:&quot;1&quot;}\" data-image-title=\"agrund-spfw-n53-isaac_silva-4\" data-image-description=\"\" data-image-caption=\"&lt;p&gt;Isaac Silva&lt;br \/&gt;\n_ SPFW N53_&lt;br \/&gt;\n&#8211; Komplexo Tempo-&lt;br \/&gt;\n04\/06\/2022&lt;\/p&gt;\n&lt;p&gt;Foto: Marcelo Soubhia\/ @agfotosite&lt;\/p&gt;\n\" data-medium-file=\"https:\/\/i0.wp.com\/agrund.com\/wp-content\/uploads\/sites\/6\/2022\/06\/agrund-spfw-n53-isaac_silva-4.jpeg?fit=200%2C300&amp;ssl=1\" data-large-file=\"https:\/\/i0.wp.com\/agrund.com\/wp-content\/uploads\/sites\/6\/2022\/06\/agrund-spfw-n53-isaac_silva-4.jpeg?fit=600%2C900&amp;ssl=1\" decoding=\"async\" loading=\"lazy\" width=\"600\" height=\"900\" src=\"https:\/\/i0.wp.com\/agrund.com\/wp-content\/uploads\/sites\/6\/2022\/06\/agrund-spfw-n53-isaac_silva-4.jpeg?resize=600%2C900&#038;ssl=1\" alt=\"\" class=\"wp-image-223952\" srcset=\"https:\/\/i0.wp.com\/agrund.com\/wp-content\/uploads\/sites\/6\/2022\/06\/agrund-spfw-n53-isaac_silva-4.jpeg?w=600&amp;ssl=1 600w, https:\/\/i0.wp.com\/agrund.com\/wp-content\/uploads\/sites\/6\/2022\/06\/agrund-spfw-n53-isaac_silva-4.jpeg?resize=200%2C300&amp;ssl=1 200w\" sizes=\"(max-width: 600px) 100vw, 600px\" data-recalc-dims=\"1\" \/><figcaption>SPFW N53 :: A cultura drag na cena de Isaac Silva<\/figcaption><\/figure><\/div>\n\n\n\n<div class=\"wp-block-image\"><figure class=\"aligncenter size-full\"><img data-attachment-id=\"223953\" data-permalink=\"https:\/\/agrund.com\/index.php\/spfw-n53-a-cultura-drag-na-cena-de-isaac-silva\/agrund-spfw-n53-isaac_silva-5\/\" data-orig-file=\"https:\/\/i0.wp.com\/agrund.com\/wp-content\/uploads\/sites\/6\/2022\/06\/agrund-spfw-n53-isaac_silva-5.jpeg?fit=600%2C900&amp;ssl=1\" data-orig-size=\"600,900\" data-comments-opened=\"1\" data-image-meta=\"{&quot;aperture&quot;:&quot;0&quot;,&quot;credit&quot;:&quot;Marcelo Soubhia\\\/ @agfotosite&quot;,&quot;camera&quot;:&quot;&quot;,&quot;caption&quot;:&quot;Isaac Silva\\r_ SPFW N53_\\r- Komplexo Tempo-\\r04\\\/06\\\/2022\\r\\rFoto: Marcelo Soubhia\\\/ @agfotosite&quot;,&quot;created_timestamp&quot;:&quot;1654399425&quot;,&quot;copyright&quot;:&quot;Marcelo Soubhia\\\/ @agfotosite&quot;,&quot;focal_length&quot;:&quot;0&quot;,&quot;iso&quot;:&quot;0&quot;,&quot;shutter_speed&quot;:&quot;0&quot;,&quot;title&quot;:&quot;&quot;,&quot;orientation&quot;:&quot;1&quot;}\" data-image-title=\"agrund-spfw-n53-isaac_silva-5\" data-image-description=\"\" data-image-caption=\"&lt;p&gt;Isaac Silva&lt;br \/&gt;\n_ SPFW N53_&lt;br \/&gt;\n&#8211; Komplexo Tempo-&lt;br \/&gt;\n04\/06\/2022&lt;\/p&gt;\n&lt;p&gt;Foto: Marcelo Soubhia\/ @agfotosite&lt;\/p&gt;\n\" data-medium-file=\"https:\/\/i0.wp.com\/agrund.com\/wp-content\/uploads\/sites\/6\/2022\/06\/agrund-spfw-n53-isaac_silva-5.jpeg?fit=200%2C300&amp;ssl=1\" data-large-file=\"https:\/\/i0.wp.com\/agrund.com\/wp-content\/uploads\/sites\/6\/2022\/06\/agrund-spfw-n53-isaac_silva-5.jpeg?fit=600%2C900&amp;ssl=1\" decoding=\"async\" loading=\"lazy\" width=\"600\" height=\"900\" src=\"https:\/\/i0.wp.com\/agrund.com\/wp-content\/uploads\/sites\/6\/2022\/06\/agrund-spfw-n53-isaac_silva-5.jpeg?resize=600%2C900&#038;ssl=1\" alt=\"\" class=\"wp-image-223953\" srcset=\"https:\/\/i0.wp.com\/agrund.com\/wp-content\/uploads\/sites\/6\/2022\/06\/agrund-spfw-n53-isaac_silva-5.jpeg?w=600&amp;ssl=1 600w, https:\/\/i0.wp.com\/agrund.com\/wp-content\/uploads\/sites\/6\/2022\/06\/agrund-spfw-n53-isaac_silva-5.jpeg?resize=200%2C300&amp;ssl=1 200w\" sizes=\"(max-width: 600px) 100vw, 600px\" data-recalc-dims=\"1\" \/><figcaption>SPFW N53 :: A cultura drag na cena de Isaac Silva<\/figcaption><\/figure><\/div>\n\n\n\n<div class=\"wp-block-image\"><figure class=\"aligncenter size-full\"><img data-attachment-id=\"223954\" data-permalink=\"https:\/\/agrund.com\/index.php\/spfw-n53-a-cultura-drag-na-cena-de-isaac-silva\/agrund-spfw-n53-isaac_silva-7\/\" data-orig-file=\"https:\/\/i0.wp.com\/agrund.com\/wp-content\/uploads\/sites\/6\/2022\/06\/agrund-spfw-n53-isaac_silva-7.jpeg?fit=600%2C900&amp;ssl=1\" data-orig-size=\"600,900\" data-comments-opened=\"1\" data-image-meta=\"{&quot;aperture&quot;:&quot;0&quot;,&quot;credit&quot;:&quot;Marcelo Soubhia\\\/ @agfotosite&quot;,&quot;camera&quot;:&quot;&quot;,&quot;caption&quot;:&quot;Isaac Silva\\r_ SPFW N53_\\r- Komplexo Tempo-\\r04\\\/06\\\/2022\\r\\rFoto: Marcelo Soubhia\\\/ @agfotosite&quot;,&quot;created_timestamp&quot;:&quot;1654399437&quot;,&quot;copyright&quot;:&quot;Marcelo Soubhia\\\/ @agfotosite&quot;,&quot;focal_length&quot;:&quot;0&quot;,&quot;iso&quot;:&quot;0&quot;,&quot;shutter_speed&quot;:&quot;0&quot;,&quot;title&quot;:&quot;&quot;,&quot;orientation&quot;:&quot;1&quot;}\" data-image-title=\"agrund-spfw-n53-isaac_silva-7\" data-image-description=\"\" data-image-caption=\"&lt;p&gt;Isaac Silva&lt;br \/&gt;\n_ SPFW N53_&lt;br \/&gt;\n&#8211; Komplexo Tempo-&lt;br \/&gt;\n04\/06\/2022&lt;\/p&gt;\n&lt;p&gt;Foto: Marcelo Soubhia\/ @agfotosite&lt;\/p&gt;\n\" data-medium-file=\"https:\/\/i0.wp.com\/agrund.com\/wp-content\/uploads\/sites\/6\/2022\/06\/agrund-spfw-n53-isaac_silva-7.jpeg?fit=200%2C300&amp;ssl=1\" data-large-file=\"https:\/\/i0.wp.com\/agrund.com\/wp-content\/uploads\/sites\/6\/2022\/06\/agrund-spfw-n53-isaac_silva-7.jpeg?fit=600%2C900&amp;ssl=1\" decoding=\"async\" loading=\"lazy\" width=\"600\" height=\"900\" src=\"https:\/\/i0.wp.com\/agrund.com\/wp-content\/uploads\/sites\/6\/2022\/06\/agrund-spfw-n53-isaac_silva-7.jpeg?resize=600%2C900&#038;ssl=1\" alt=\"\" class=\"wp-image-223954\" srcset=\"https:\/\/i0.wp.com\/agrund.com\/wp-content\/uploads\/sites\/6\/2022\/06\/agrund-spfw-n53-isaac_silva-7.jpeg?w=600&amp;ssl=1 600w, https:\/\/i0.wp.com\/agrund.com\/wp-content\/uploads\/sites\/6\/2022\/06\/agrund-spfw-n53-isaac_silva-7.jpeg?resize=200%2C300&amp;ssl=1 200w\" sizes=\"(max-width: 600px) 100vw, 600px\" data-recalc-dims=\"1\" \/><figcaption>SPFW N53 :: A cultura drag na cena de Isaac Silva<\/figcaption><\/figure><\/div>\n\n\n\n<div class=\"wp-block-image\"><figure class=\"aligncenter size-full\"><img data-attachment-id=\"223955\" data-permalink=\"https:\/\/agrund.com\/index.php\/spfw-n53-a-cultura-drag-na-cena-de-isaac-silva\/agrund-spfw-n53-isaac_silva-8\/\" data-orig-file=\"https:\/\/i0.wp.com\/agrund.com\/wp-content\/uploads\/sites\/6\/2022\/06\/agrund-spfw-n53-isaac_silva-8.jpeg?fit=600%2C900&amp;ssl=1\" data-orig-size=\"600,900\" data-comments-opened=\"1\" data-image-meta=\"{&quot;aperture&quot;:&quot;0&quot;,&quot;credit&quot;:&quot;Marcelo Soubhia\\\/ @agfotosite&quot;,&quot;camera&quot;:&quot;&quot;,&quot;caption&quot;:&quot;Isaac Silva\\r_ SPFW N53_\\r- Komplexo Tempo-\\r04\\\/06\\\/2022\\r\\rFoto: Marcelo Soubhia\\\/ @agfotosite&quot;,&quot;created_timestamp&quot;:&quot;1654399439&quot;,&quot;copyright&quot;:&quot;Marcelo Soubhia\\\/ @agfotosite&quot;,&quot;focal_length&quot;:&quot;0&quot;,&quot;iso&quot;:&quot;0&quot;,&quot;shutter_speed&quot;:&quot;0&quot;,&quot;title&quot;:&quot;&quot;,&quot;orientation&quot;:&quot;1&quot;}\" data-image-title=\"agrund-spfw-n53-isaac_silva-8\" data-image-description=\"\" data-image-caption=\"&lt;p&gt;Isaac Silva&lt;br \/&gt;\n_ SPFW N53_&lt;br \/&gt;\n&#8211; Komplexo Tempo-&lt;br \/&gt;\n04\/06\/2022&lt;\/p&gt;\n&lt;p&gt;Foto: Marcelo Soubhia\/ @agfotosite&lt;\/p&gt;\n\" data-medium-file=\"https:\/\/i0.wp.com\/agrund.com\/wp-content\/uploads\/sites\/6\/2022\/06\/agrund-spfw-n53-isaac_silva-8.jpeg?fit=200%2C300&amp;ssl=1\" data-large-file=\"https:\/\/i0.wp.com\/agrund.com\/wp-content\/uploads\/sites\/6\/2022\/06\/agrund-spfw-n53-isaac_silva-8.jpeg?fit=600%2C900&amp;ssl=1\" decoding=\"async\" loading=\"lazy\" width=\"600\" height=\"900\" src=\"https:\/\/i0.wp.com\/agrund.com\/wp-content\/uploads\/sites\/6\/2022\/06\/agrund-spfw-n53-isaac_silva-8.jpeg?resize=600%2C900&#038;ssl=1\" alt=\"\" class=\"wp-image-223955\" srcset=\"https:\/\/i0.wp.com\/agrund.com\/wp-content\/uploads\/sites\/6\/2022\/06\/agrund-spfw-n53-isaac_silva-8.jpeg?w=600&amp;ssl=1 600w, https:\/\/i0.wp.com\/agrund.com\/wp-content\/uploads\/sites\/6\/2022\/06\/agrund-spfw-n53-isaac_silva-8.jpeg?resize=200%2C300&amp;ssl=1 200w\" sizes=\"(max-width: 600px) 100vw, 600px\" data-recalc-dims=\"1\" \/><figcaption>SPFW N53 :: A cultura drag na cena de Isaac Silva<\/figcaption><\/figure><\/div>\n\n\n\n<div class=\"wp-block-image\"><figure class=\"aligncenter size-full\"><img data-attachment-id=\"223956\" data-permalink=\"https:\/\/agrund.com\/index.php\/spfw-n53-a-cultura-drag-na-cena-de-isaac-silva\/agrund-spfw-n53-isaac_silva-9\/\" data-orig-file=\"https:\/\/i0.wp.com\/agrund.com\/wp-content\/uploads\/sites\/6\/2022\/06\/agrund-spfw-n53-isaac_silva-9.jpeg?fit=600%2C900&amp;ssl=1\" data-orig-size=\"600,900\" data-comments-opened=\"1\" data-image-meta=\"{&quot;aperture&quot;:&quot;0&quot;,&quot;credit&quot;:&quot;Marcelo Soubhia\\\/ @agfotosite&quot;,&quot;camera&quot;:&quot;&quot;,&quot;caption&quot;:&quot;Isaac Silva\\r_ SPFW N53_\\r- Komplexo Tempo-\\r04\\\/06\\\/2022\\r\\rFoto: Marcelo Soubhia\\\/ @agfotosite&quot;,&quot;created_timestamp&quot;:&quot;1654399442&quot;,&quot;copyright&quot;:&quot;Marcelo Soubhia\\\/ @agfotosite&quot;,&quot;focal_length&quot;:&quot;0&quot;,&quot;iso&quot;:&quot;0&quot;,&quot;shutter_speed&quot;:&quot;0&quot;,&quot;title&quot;:&quot;&quot;,&quot;orientation&quot;:&quot;1&quot;}\" data-image-title=\"agrund-spfw-n53-isaac_silva-9\" data-image-description=\"\" data-image-caption=\"&lt;p&gt;Isaac Silva&lt;br \/&gt;\n_ SPFW N53_&lt;br \/&gt;\n&#8211; Komplexo Tempo-&lt;br \/&gt;\n04\/06\/2022&lt;\/p&gt;\n&lt;p&gt;Foto: Marcelo Soubhia\/ @agfotosite&lt;\/p&gt;\n\" data-medium-file=\"https:\/\/i0.wp.com\/agrund.com\/wp-content\/uploads\/sites\/6\/2022\/06\/agrund-spfw-n53-isaac_silva-9.jpeg?fit=200%2C300&amp;ssl=1\" data-large-file=\"https:\/\/i0.wp.com\/agrund.com\/wp-content\/uploads\/sites\/6\/2022\/06\/agrund-spfw-n53-isaac_silva-9.jpeg?fit=600%2C900&amp;ssl=1\" decoding=\"async\" loading=\"lazy\" width=\"600\" height=\"900\" src=\"https:\/\/i0.wp.com\/agrund.com\/wp-content\/uploads\/sites\/6\/2022\/06\/agrund-spfw-n53-isaac_silva-9.jpeg?resize=600%2C900&#038;ssl=1\" alt=\"\" class=\"wp-image-223956\" srcset=\"https:\/\/i0.wp.com\/agrund.com\/wp-content\/uploads\/sites\/6\/2022\/06\/agrund-spfw-n53-isaac_silva-9.jpeg?w=600&amp;ssl=1 600w, https:\/\/i0.wp.com\/agrund.com\/wp-content\/uploads\/sites\/6\/2022\/06\/agrund-spfw-n53-isaac_silva-9.jpeg?resize=200%2C300&amp;ssl=1 200w\" sizes=\"(max-width: 600px) 100vw, 600px\" data-recalc-dims=\"1\" \/><figcaption>SPFW N53 :: A cultura drag na cena de Isaac Silva<\/figcaption><\/figure><\/div>\n\n\n\n<p>Fotos: Divulga\u00e7\u00e3o\/ Marcelo Soubhia\/ Ag\u00eancia Fotosite.<\/p>\n","protected":false},"excerpt":{"rendered":"<p>Por Arlindo Grund e Lari Mariano M\u00e1rcia Pantera, figura conhecida da noite paulistana da d\u00e9cada de 90 &#8211; e nome da cultura drag brasileira, \u00e9 a homenageada no \u00faltimo desfile da noite. Junto a ela, Eartha Kitt, a primeira mulher-gato negra. \u00c9 dela o rosto nas estampas de Isaac, que surgem majoritariamente em preto e [&hellip;]<\/p>\n","protected":false},"author":8,"featured_media":223957,"comment_status":"open","ping_status":"open","sticky":false,"template":"","format":"standard","meta":{"jetpack_post_was_ever_published":false,"_jetpack_newsletter_access":"","jetpack_publicize_message":"","jetpack_is_tweetstorm":false,"jetpack_publicize_feature_enabled":true,"jetpack_social_post_already_shared":true,"jetpack_social_options":{"image_generator_settings":{"template":"highway","enabled":false}}},"categories":[2,18],"tags":[395,375,347,1040,67,525,148,140,424],"jetpack_publicize_connections":[],"jetpack_featured_media_url":"https:\/\/i0.wp.com\/agrund.com\/wp-content\/uploads\/sites\/6\/2022\/06\/ss-10.jpg?fit=960%2C300&ssl=1","jetpack_sharing_enabled":true,"jetpack_shortlink":"https:\/\/wp.me\/p3Hz0n-Wg4","jetpack_likes_enabled":true,"_links":{"self":[{"href":"https:\/\/agrund.com\/index.php\/wp-json\/wp\/v2\/posts\/223948"}],"collection":[{"href":"https:\/\/agrund.com\/index.php\/wp-json\/wp\/v2\/posts"}],"about":[{"href":"https:\/\/agrund.com\/index.php\/wp-json\/wp\/v2\/types\/post"}],"author":[{"embeddable":true,"href":"https:\/\/agrund.com\/index.php\/wp-json\/wp\/v2\/users\/8"}],"replies":[{"embeddable":true,"href":"https:\/\/agrund.com\/index.php\/wp-json\/wp\/v2\/comments?post=223948"}],"version-history":[{"count":1,"href":"https:\/\/agrund.com\/index.php\/wp-json\/wp\/v2\/posts\/223948\/revisions"}],"predecessor-version":[{"id":223958,"href":"https:\/\/agrund.com\/index.php\/wp-json\/wp\/v2\/posts\/223948\/revisions\/223958"}],"wp:featuredmedia":[{"embeddable":true,"href":"https:\/\/agrund.com\/index.php\/wp-json\/wp\/v2\/media\/223957"}],"wp:attachment":[{"href":"https:\/\/agrund.com\/index.php\/wp-json\/wp\/v2\/media?parent=223948"}],"wp:term":[{"taxonomy":"category","embeddable":true,"href":"https:\/\/agrund.com\/index.php\/wp-json\/wp\/v2\/categories?post=223948"},{"taxonomy":"post_tag","embeddable":true,"href":"https:\/\/agrund.com\/index.php\/wp-json\/wp\/v2\/tags?post=223948"}],"curies":[{"name":"wp","href":"https:\/\/api.w.org\/{rel}","templated":true}]}}