{"id":223907,"date":"2022-06-08T10:00:00","date_gmt":"2022-06-08T13:00:00","guid":{"rendered":"https:\/\/agrund.com\/?p=223907"},"modified":"2022-06-08T10:49:39","modified_gmt":"2022-06-08T13:49:39","slug":"spfw-n53-a-introspeccao-coletiva-de-ronaldo-silvestre","status":"publish","type":"post","link":"https:\/\/agrund.com\/index.php\/spfw-n53-a-introspeccao-coletiva-de-ronaldo-silvestre\/","title":{"rendered":"SPFW N53 :: A introspec\u00e7\u00e3o coletiva de Ronaldo Silvestre"},"content":{"rendered":"\n<p>Por Arlindo Grund e Lari Mariano<\/p>\n\n\n\n<p>\u201cA moda em mim\u201d, cole\u00e7\u00e3o que Ronaldo traz para esta edi\u00e7\u00e3o da SPFW, discute sobre o impacto da moda como poder transformador.<\/p>\n\n\n\n<p>E n\u00e3o haveria palavra mais prop\u00edcia para descrever. Transforma\u00e7\u00e3o \u00e9 justamente o que faz Ronaldo ao trabalhar a sustentabilidade dos rebordados, das formas diferenciadas e das linhas simples e sofisticadas, mas carregadas de sustentabilidade.<\/p>\n\n\n\n<p>Em sustentar e pertencer, ainda podemos falar de pilares, uma vez que Ronaldo ressalta as pessoas por tr\u00e1s de seu trabalho. O que h\u00e1 em si \u00e9 coletivo &#8211; e n\u00e3o poderia escolher melhor cen\u00e1rio para ser: o Pico do Amor. Este, que partilha e reconhece os seus.<\/p>\n\n\n\n<div class=\"wp-block-image\"><figure class=\"aligncenter size-full\"><img data-attachment-id=\"223908\" data-permalink=\"https:\/\/agrund.com\/index.php\/spfw-n53-a-introspeccao-coletiva-de-ronaldo-silvestre\/agrund-spfw-n53-rodrigo-silvestre-1\/\" data-orig-file=\"https:\/\/i0.wp.com\/agrund.com\/wp-content\/uploads\/sites\/6\/2022\/06\/agrund-spfw-n53-rodrigo-silvestre-1.jpg?fit=600%2C719&amp;ssl=1\" data-orig-size=\"600,719\" data-comments-opened=\"1\" data-image-meta=\"{&quot;aperture&quot;:&quot;0&quot;,&quot;credit&quot;:&quot;&quot;,&quot;camera&quot;:&quot;&quot;,&quot;caption&quot;:&quot;&quot;,&quot;created_timestamp&quot;:&quot;1654685656&quot;,&quot;copyright&quot;:&quot;&quot;,&quot;focal_length&quot;:&quot;0&quot;,&quot;iso&quot;:&quot;0&quot;,&quot;shutter_speed&quot;:&quot;0&quot;,&quot;title&quot;:&quot;&quot;,&quot;orientation&quot;:&quot;1&quot;}\" data-image-title=\"agrund-spfw-n53-rodrigo-silvestre-1\" data-image-description=\"\" data-image-caption=\"\" data-medium-file=\"https:\/\/i0.wp.com\/agrund.com\/wp-content\/uploads\/sites\/6\/2022\/06\/agrund-spfw-n53-rodrigo-silvestre-1.jpg?fit=250%2C300&amp;ssl=1\" data-large-file=\"https:\/\/i0.wp.com\/agrund.com\/wp-content\/uploads\/sites\/6\/2022\/06\/agrund-spfw-n53-rodrigo-silvestre-1.jpg?fit=600%2C719&amp;ssl=1\" decoding=\"async\" loading=\"lazy\" width=\"600\" height=\"719\" src=\"https:\/\/i0.wp.com\/agrund.com\/wp-content\/uploads\/sites\/6\/2022\/06\/agrund-spfw-n53-rodrigo-silvestre-1.jpg?resize=600%2C719&#038;ssl=1\" alt=\"\" class=\"wp-image-223908\" srcset=\"https:\/\/i0.wp.com\/agrund.com\/wp-content\/uploads\/sites\/6\/2022\/06\/agrund-spfw-n53-rodrigo-silvestre-1.jpg?w=600&amp;ssl=1 600w, https:\/\/i0.wp.com\/agrund.com\/wp-content\/uploads\/sites\/6\/2022\/06\/agrund-spfw-n53-rodrigo-silvestre-1.jpg?resize=250%2C300&amp;ssl=1 250w\" sizes=\"(max-width: 600px) 100vw, 600px\" data-recalc-dims=\"1\" \/><figcaption>SPFW N53 :: A introspec\u00e7\u00e3o coletiva de Ronaldo Silvestre<\/figcaption><\/figure><\/div>\n\n\n\n<div class=\"wp-block-image\"><figure class=\"aligncenter size-full\"><img data-attachment-id=\"223909\" data-permalink=\"https:\/\/agrund.com\/index.php\/spfw-n53-a-introspeccao-coletiva-de-ronaldo-silvestre\/agrund-spfw-n53-rodrigo-silvestre-2\/\" data-orig-file=\"https:\/\/i0.wp.com\/agrund.com\/wp-content\/uploads\/sites\/6\/2022\/06\/agrund-spfw-n53-rodrigo-silvestre-2.jpg?fit=600%2C465&amp;ssl=1\" data-orig-size=\"600,465\" data-comments-opened=\"1\" data-image-meta=\"{&quot;aperture&quot;:&quot;0&quot;,&quot;credit&quot;:&quot;&quot;,&quot;camera&quot;:&quot;&quot;,&quot;caption&quot;:&quot;&quot;,&quot;created_timestamp&quot;:&quot;1654685659&quot;,&quot;copyright&quot;:&quot;&quot;,&quot;focal_length&quot;:&quot;0&quot;,&quot;iso&quot;:&quot;0&quot;,&quot;shutter_speed&quot;:&quot;0&quot;,&quot;title&quot;:&quot;&quot;,&quot;orientation&quot;:&quot;1&quot;}\" data-image-title=\"agrund-spfw-n53-rodrigo-silvestre-2\" data-image-description=\"\" data-image-caption=\"\" data-medium-file=\"https:\/\/i0.wp.com\/agrund.com\/wp-content\/uploads\/sites\/6\/2022\/06\/agrund-spfw-n53-rodrigo-silvestre-2.jpg?fit=300%2C233&amp;ssl=1\" data-large-file=\"https:\/\/i0.wp.com\/agrund.com\/wp-content\/uploads\/sites\/6\/2022\/06\/agrund-spfw-n53-rodrigo-silvestre-2.jpg?fit=600%2C465&amp;ssl=1\" decoding=\"async\" loading=\"lazy\" width=\"600\" height=\"465\" src=\"https:\/\/i0.wp.com\/agrund.com\/wp-content\/uploads\/sites\/6\/2022\/06\/agrund-spfw-n53-rodrigo-silvestre-2.jpg?resize=600%2C465&#038;ssl=1\" alt=\"\" class=\"wp-image-223909\" srcset=\"https:\/\/i0.wp.com\/agrund.com\/wp-content\/uploads\/sites\/6\/2022\/06\/agrund-spfw-n53-rodrigo-silvestre-2.jpg?w=600&amp;ssl=1 600w, https:\/\/i0.wp.com\/agrund.com\/wp-content\/uploads\/sites\/6\/2022\/06\/agrund-spfw-n53-rodrigo-silvestre-2.jpg?resize=300%2C233&amp;ssl=1 300w\" sizes=\"(max-width: 600px) 100vw, 600px\" data-recalc-dims=\"1\" \/><figcaption>SPFW N53 :: A introspec\u00e7\u00e3o coletiva de Ronaldo Silvestre<\/figcaption><\/figure><\/div>\n\n\n\n<div class=\"wp-block-image\"><figure class=\"aligncenter size-full\"><img data-attachment-id=\"223910\" data-permalink=\"https:\/\/agrund.com\/index.php\/spfw-n53-a-introspeccao-coletiva-de-ronaldo-silvestre\/agrund-spfw-n53-rodrigo-silvestre-3\/\" data-orig-file=\"https:\/\/i0.wp.com\/agrund.com\/wp-content\/uploads\/sites\/6\/2022\/06\/agrund-spfw-n53-rodrigo-silvestre-3.jpg?fit=600%2C590&amp;ssl=1\" data-orig-size=\"600,590\" data-comments-opened=\"1\" data-image-meta=\"{&quot;aperture&quot;:&quot;0&quot;,&quot;credit&quot;:&quot;&quot;,&quot;camera&quot;:&quot;&quot;,&quot;caption&quot;:&quot;&quot;,&quot;created_timestamp&quot;:&quot;1654685662&quot;,&quot;copyright&quot;:&quot;&quot;,&quot;focal_length&quot;:&quot;0&quot;,&quot;iso&quot;:&quot;0&quot;,&quot;shutter_speed&quot;:&quot;0&quot;,&quot;title&quot;:&quot;&quot;,&quot;orientation&quot;:&quot;1&quot;}\" data-image-title=\"agrund-spfw-n53-rodrigo-silvestre-3\" data-image-description=\"\" data-image-caption=\"\" data-medium-file=\"https:\/\/i0.wp.com\/agrund.com\/wp-content\/uploads\/sites\/6\/2022\/06\/agrund-spfw-n53-rodrigo-silvestre-3.jpg?fit=300%2C295&amp;ssl=1\" data-large-file=\"https:\/\/i0.wp.com\/agrund.com\/wp-content\/uploads\/sites\/6\/2022\/06\/agrund-spfw-n53-rodrigo-silvestre-3.jpg?fit=600%2C590&amp;ssl=1\" decoding=\"async\" loading=\"lazy\" width=\"600\" height=\"590\" src=\"https:\/\/i0.wp.com\/agrund.com\/wp-content\/uploads\/sites\/6\/2022\/06\/agrund-spfw-n53-rodrigo-silvestre-3.jpg?resize=600%2C590&#038;ssl=1\" alt=\"\" class=\"wp-image-223910\" srcset=\"https:\/\/i0.wp.com\/agrund.com\/wp-content\/uploads\/sites\/6\/2022\/06\/agrund-spfw-n53-rodrigo-silvestre-3.jpg?w=600&amp;ssl=1 600w, https:\/\/i0.wp.com\/agrund.com\/wp-content\/uploads\/sites\/6\/2022\/06\/agrund-spfw-n53-rodrigo-silvestre-3.jpg?resize=300%2C295&amp;ssl=1 300w\" sizes=\"(max-width: 600px) 100vw, 600px\" data-recalc-dims=\"1\" \/><figcaption>SPFW N53 :: A introspec\u00e7\u00e3o coletiva de Ronaldo Silvestre<\/figcaption><\/figure><\/div>\n\n\n\n<div class=\"wp-block-image\"><figure class=\"aligncenter size-full\"><img data-attachment-id=\"223911\" data-permalink=\"https:\/\/agrund.com\/index.php\/spfw-n53-a-introspeccao-coletiva-de-ronaldo-silvestre\/agrund-spfw-n53-rodrigo-silvestre-4\/\" data-orig-file=\"https:\/\/i0.wp.com\/agrund.com\/wp-content\/uploads\/sites\/6\/2022\/06\/agrund-spfw-n53-rodrigo-silvestre-4.jpg?fit=600%2C589&amp;ssl=1\" data-orig-size=\"600,589\" data-comments-opened=\"1\" data-image-meta=\"{&quot;aperture&quot;:&quot;0&quot;,&quot;credit&quot;:&quot;&quot;,&quot;camera&quot;:&quot;&quot;,&quot;caption&quot;:&quot;&quot;,&quot;created_timestamp&quot;:&quot;1654685665&quot;,&quot;copyright&quot;:&quot;&quot;,&quot;focal_length&quot;:&quot;0&quot;,&quot;iso&quot;:&quot;0&quot;,&quot;shutter_speed&quot;:&quot;0&quot;,&quot;title&quot;:&quot;&quot;,&quot;orientation&quot;:&quot;1&quot;}\" data-image-title=\"agrund-spfw-n53-rodrigo-silvestre-4\" data-image-description=\"\" data-image-caption=\"\" data-medium-file=\"https:\/\/i0.wp.com\/agrund.com\/wp-content\/uploads\/sites\/6\/2022\/06\/agrund-spfw-n53-rodrigo-silvestre-4.jpg?fit=300%2C295&amp;ssl=1\" data-large-file=\"https:\/\/i0.wp.com\/agrund.com\/wp-content\/uploads\/sites\/6\/2022\/06\/agrund-spfw-n53-rodrigo-silvestre-4.jpg?fit=600%2C589&amp;ssl=1\" decoding=\"async\" loading=\"lazy\" width=\"600\" height=\"589\" src=\"https:\/\/i0.wp.com\/agrund.com\/wp-content\/uploads\/sites\/6\/2022\/06\/agrund-spfw-n53-rodrigo-silvestre-4.jpg?resize=600%2C589&#038;ssl=1\" alt=\"\" class=\"wp-image-223911\" srcset=\"https:\/\/i0.wp.com\/agrund.com\/wp-content\/uploads\/sites\/6\/2022\/06\/agrund-spfw-n53-rodrigo-silvestre-4.jpg?w=600&amp;ssl=1 600w, https:\/\/i0.wp.com\/agrund.com\/wp-content\/uploads\/sites\/6\/2022\/06\/agrund-spfw-n53-rodrigo-silvestre-4.jpg?resize=300%2C295&amp;ssl=1 300w\" sizes=\"(max-width: 600px) 100vw, 600px\" data-recalc-dims=\"1\" \/><figcaption>SPFW N53 :: A introspec\u00e7\u00e3o coletiva de Ronaldo Silvestre<\/figcaption><\/figure><\/div>\n\n\n\n<p>Fotos: Reprodu\u00e7\u00e3o\/ Instagram. <\/p>\n","protected":false},"excerpt":{"rendered":"<p>Por Arlindo Grund e Lari Mariano \u201cA moda em mim\u201d, cole\u00e7\u00e3o que Ronaldo traz para esta edi\u00e7\u00e3o da SPFW, discute sobre o impacto da moda como poder transformador. E n\u00e3o haveria palavra mais prop\u00edcia para descrever. Transforma\u00e7\u00e3o \u00e9 justamente o que faz Ronaldo ao trabalhar a sustentabilidade dos rebordados, das formas diferenciadas e das linhas [&hellip;]<\/p>\n","protected":false},"author":8,"featured_media":223912,"comment_status":"open","ping_status":"open","sticky":false,"template":"","format":"standard","meta":{"jetpack_post_was_ever_published":false,"_jetpack_newsletter_access":"","jetpack_publicize_message":"","jetpack_is_tweetstorm":false,"jetpack_publicize_feature_enabled":true,"jetpack_social_post_already_shared":true,"jetpack_social_options":{"image_generator_settings":{"template":"highway","enabled":false}}},"categories":[2,18],"tags":[395,375,347,67,525,424,862],"jetpack_publicize_connections":[],"jetpack_featured_media_url":"https:\/\/i0.wp.com\/agrund.com\/wp-content\/uploads\/sites\/6\/2022\/06\/S-23.jpg?fit=960%2C300&ssl=1","jetpack_sharing_enabled":true,"jetpack_shortlink":"https:\/\/wp.me\/p3Hz0n-Wfp","jetpack_likes_enabled":true,"_links":{"self":[{"href":"https:\/\/agrund.com\/index.php\/wp-json\/wp\/v2\/posts\/223907"}],"collection":[{"href":"https:\/\/agrund.com\/index.php\/wp-json\/wp\/v2\/posts"}],"about":[{"href":"https:\/\/agrund.com\/index.php\/wp-json\/wp\/v2\/types\/post"}],"author":[{"embeddable":true,"href":"https:\/\/agrund.com\/index.php\/wp-json\/wp\/v2\/users\/8"}],"replies":[{"embeddable":true,"href":"https:\/\/agrund.com\/index.php\/wp-json\/wp\/v2\/comments?post=223907"}],"version-history":[{"count":1,"href":"https:\/\/agrund.com\/index.php\/wp-json\/wp\/v2\/posts\/223907\/revisions"}],"predecessor-version":[{"id":223913,"href":"https:\/\/agrund.com\/index.php\/wp-json\/wp\/v2\/posts\/223907\/revisions\/223913"}],"wp:featuredmedia":[{"embeddable":true,"href":"https:\/\/agrund.com\/index.php\/wp-json\/wp\/v2\/media\/223912"}],"wp:attachment":[{"href":"https:\/\/agrund.com\/index.php\/wp-json\/wp\/v2\/media?parent=223907"}],"wp:term":[{"taxonomy":"category","embeddable":true,"href":"https:\/\/agrund.com\/index.php\/wp-json\/wp\/v2\/categories?post=223907"},{"taxonomy":"post_tag","embeddable":true,"href":"https:\/\/agrund.com\/index.php\/wp-json\/wp\/v2\/tags?post=223907"}],"curies":[{"name":"wp","href":"https:\/\/api.w.org\/{rel}","templated":true}]}}