{"id":223885,"date":"2022-06-07T19:00:00","date_gmt":"2022-06-07T22:00:00","guid":{"rendered":"https:\/\/agrund.com\/?p=223885"},"modified":"2022-06-07T15:17:50","modified_gmt":"2022-06-07T18:17:50","slug":"spfw-n53-o-voo-vanguardista-da-depedro","status":"publish","type":"post","link":"https:\/\/agrund.com\/index.php\/spfw-n53-o-voo-vanguardista-da-depedro\/","title":{"rendered":"SPFW N53 :: O voo vanguardista da Depedro"},"content":{"rendered":"\n<p>Por Arlindo Grund e Lari Mariano<\/p>\n\n\n\n<p>Tudo conta hist\u00f3ria. E, para os irm\u00e3os Marcus e&nbsp; Larissa Figueir\u00eado, ela come\u00e7a no avi\u00e3o que leva o ent\u00e3o governador, Juvenal Lamartine, \u00e0 pequena Serid\u00f3.<\/p>\n\n\n\n<p>Por isso \u00e9 Audaz. Porque descobre suas atitudes de vanguarda. A modelagem, por exemplo, tem a atualidade do oversized, mas contrapondo com os modelos de uniformes de avia\u00e7\u00e3o da \u00e9poca.<\/p>\n\n\n\n<p>V\u00ea-se, mais uma vez, o fazer manual: do croch\u00ea aos bordados e rendas do Serid\u00f3. E vai al\u00e9m dele, fala de sustentabilidade com uma viscose feita de casca de banana. Inova com respeito \u00e0 tradi\u00e7\u00e3o &#8211; e com intencionalidade. At\u00e9 mesmo as cores remetem aos cen\u00e1rios do sert\u00e3o, do preto com a seca \u00e0 alegria que se pinta de azul quando a \u00e1gua chega.<\/p>\n\n\n\n<div class=\"wp-block-image\"><figure class=\"aligncenter size-full\"><img data-attachment-id=\"223886\" data-permalink=\"https:\/\/agrund.com\/index.php\/spfw-n53-o-voo-vanguardista-da-depedro\/agrund-spfw-n53-depedro-1\/\" data-orig-file=\"https:\/\/i0.wp.com\/agrund.com\/wp-content\/uploads\/sites\/6\/2022\/06\/agrund-spfw-n53-Depedro-1.jpeg?fit=600%2C750&amp;ssl=1\" data-orig-size=\"600,750\" data-comments-opened=\"1\" data-image-meta=\"{&quot;aperture&quot;:&quot;10&quot;,&quot;credit&quot;:&quot;&quot;,&quot;camera&quot;:&quot;Canon EOS R5&quot;,&quot;caption&quot;:&quot;&quot;,&quot;created_timestamp&quot;:&quot;1653697810&quot;,&quot;copyright&quot;:&quot;&quot;,&quot;focal_length&quot;:&quot;31&quot;,&quot;iso&quot;:&quot;1250&quot;,&quot;shutter_speed&quot;:&quot;0.008&quot;,&quot;title&quot;:&quot;&quot;,&quot;orientation&quot;:&quot;1&quot;}\" data-image-title=\"agrund-spfw-n53-Depedro-1\" data-image-description=\"\" data-image-caption=\"\" data-medium-file=\"https:\/\/i0.wp.com\/agrund.com\/wp-content\/uploads\/sites\/6\/2022\/06\/agrund-spfw-n53-Depedro-1.jpeg?fit=240%2C300&amp;ssl=1\" data-large-file=\"https:\/\/i0.wp.com\/agrund.com\/wp-content\/uploads\/sites\/6\/2022\/06\/agrund-spfw-n53-Depedro-1.jpeg?fit=600%2C750&amp;ssl=1\" decoding=\"async\" loading=\"lazy\" width=\"600\" height=\"750\" src=\"https:\/\/i0.wp.com\/agrund.com\/wp-content\/uploads\/sites\/6\/2022\/06\/agrund-spfw-n53-Depedro-1.jpeg?resize=600%2C750&#038;ssl=1\" alt=\"\" class=\"wp-image-223886\" srcset=\"https:\/\/i0.wp.com\/agrund.com\/wp-content\/uploads\/sites\/6\/2022\/06\/agrund-spfw-n53-Depedro-1.jpeg?w=600&amp;ssl=1 600w, https:\/\/i0.wp.com\/agrund.com\/wp-content\/uploads\/sites\/6\/2022\/06\/agrund-spfw-n53-Depedro-1.jpeg?resize=240%2C300&amp;ssl=1 240w\" sizes=\"(max-width: 600px) 100vw, 600px\" data-recalc-dims=\"1\" \/><figcaption>SPFW N53 :: O voo vanguardista da Depedro<\/figcaption><\/figure><\/div>\n\n\n\n<div class=\"wp-block-image\"><figure class=\"aligncenter size-full\"><img data-attachment-id=\"223887\" data-permalink=\"https:\/\/agrund.com\/index.php\/spfw-n53-o-voo-vanguardista-da-depedro\/agrund-spfw-n53-depedro-2\/\" data-orig-file=\"https:\/\/i0.wp.com\/agrund.com\/wp-content\/uploads\/sites\/6\/2022\/06\/agrund-spfw-n53-Depedro-2.jpeg?fit=600%2C899&amp;ssl=1\" data-orig-size=\"600,899\" data-comments-opened=\"1\" data-image-meta=\"{&quot;aperture&quot;:&quot;7.1&quot;,&quot;credit&quot;:&quot;&quot;,&quot;camera&quot;:&quot;Canon EOS R5&quot;,&quot;caption&quot;:&quot;&quot;,&quot;created_timestamp&quot;:&quot;1653698532&quot;,&quot;copyright&quot;:&quot;&quot;,&quot;focal_length&quot;:&quot;70&quot;,&quot;iso&quot;:&quot;1000&quot;,&quot;shutter_speed&quot;:&quot;0.016666666666667&quot;,&quot;title&quot;:&quot;&quot;,&quot;orientation&quot;:&quot;1&quot;}\" data-image-title=\"agrund-spfw-n53-Depedro-2\" data-image-description=\"\" data-image-caption=\"\" data-medium-file=\"https:\/\/i0.wp.com\/agrund.com\/wp-content\/uploads\/sites\/6\/2022\/06\/agrund-spfw-n53-Depedro-2.jpeg?fit=200%2C300&amp;ssl=1\" data-large-file=\"https:\/\/i0.wp.com\/agrund.com\/wp-content\/uploads\/sites\/6\/2022\/06\/agrund-spfw-n53-Depedro-2.jpeg?fit=600%2C899&amp;ssl=1\" decoding=\"async\" loading=\"lazy\" width=\"600\" height=\"899\" src=\"https:\/\/i0.wp.com\/agrund.com\/wp-content\/uploads\/sites\/6\/2022\/06\/agrund-spfw-n53-Depedro-2.jpeg?resize=600%2C899&#038;ssl=1\" alt=\"\" class=\"wp-image-223887\" srcset=\"https:\/\/i0.wp.com\/agrund.com\/wp-content\/uploads\/sites\/6\/2022\/06\/agrund-spfw-n53-Depedro-2.jpeg?w=600&amp;ssl=1 600w, https:\/\/i0.wp.com\/agrund.com\/wp-content\/uploads\/sites\/6\/2022\/06\/agrund-spfw-n53-Depedro-2.jpeg?resize=200%2C300&amp;ssl=1 200w\" sizes=\"(max-width: 600px) 100vw, 600px\" data-recalc-dims=\"1\" \/><figcaption>SPFW N53 :: O voo vanguardista da Depedro<\/figcaption><\/figure><\/div>\n\n\n\n<div class=\"wp-block-image\"><figure class=\"aligncenter size-full\"><img data-attachment-id=\"223888\" data-permalink=\"https:\/\/agrund.com\/index.php\/spfw-n53-o-voo-vanguardista-da-depedro\/agrund-spfw-n53-depedro-3\/\" data-orig-file=\"https:\/\/i0.wp.com\/agrund.com\/wp-content\/uploads\/sites\/6\/2022\/06\/agrund-spfw-n53-Depedro-3.jpeg?fit=600%2C899&amp;ssl=1\" data-orig-size=\"600,899\" data-comments-opened=\"1\" data-image-meta=\"{&quot;aperture&quot;:&quot;10&quot;,&quot;credit&quot;:&quot;&quot;,&quot;camera&quot;:&quot;Canon EOS R5&quot;,&quot;caption&quot;:&quot;&quot;,&quot;created_timestamp&quot;:&quot;1653701229&quot;,&quot;copyright&quot;:&quot;&quot;,&quot;focal_length&quot;:&quot;24&quot;,&quot;iso&quot;:&quot;1250&quot;,&quot;shutter_speed&quot;:&quot;0.016666666666667&quot;,&quot;title&quot;:&quot;&quot;,&quot;orientation&quot;:&quot;1&quot;}\" data-image-title=\"agrund-spfw-n53-Depedro-3\" data-image-description=\"\" data-image-caption=\"\" data-medium-file=\"https:\/\/i0.wp.com\/agrund.com\/wp-content\/uploads\/sites\/6\/2022\/06\/agrund-spfw-n53-Depedro-3.jpeg?fit=200%2C300&amp;ssl=1\" data-large-file=\"https:\/\/i0.wp.com\/agrund.com\/wp-content\/uploads\/sites\/6\/2022\/06\/agrund-spfw-n53-Depedro-3.jpeg?fit=600%2C899&amp;ssl=1\" decoding=\"async\" loading=\"lazy\" width=\"600\" height=\"899\" src=\"https:\/\/i0.wp.com\/agrund.com\/wp-content\/uploads\/sites\/6\/2022\/06\/agrund-spfw-n53-Depedro-3.jpeg?resize=600%2C899&#038;ssl=1\" alt=\"\" class=\"wp-image-223888\" srcset=\"https:\/\/i0.wp.com\/agrund.com\/wp-content\/uploads\/sites\/6\/2022\/06\/agrund-spfw-n53-Depedro-3.jpeg?w=600&amp;ssl=1 600w, https:\/\/i0.wp.com\/agrund.com\/wp-content\/uploads\/sites\/6\/2022\/06\/agrund-spfw-n53-Depedro-3.jpeg?resize=200%2C300&amp;ssl=1 200w\" sizes=\"(max-width: 600px) 100vw, 600px\" data-recalc-dims=\"1\" \/><figcaption>SPFW N53 :: O voo vanguardista da Depedro<\/figcaption><\/figure><\/div>\n\n\n\n<div class=\"wp-block-image\"><figure class=\"aligncenter size-full\"><img data-attachment-id=\"223889\" data-permalink=\"https:\/\/agrund.com\/index.php\/spfw-n53-o-voo-vanguardista-da-depedro\/agrund-spfw-n53-depedro-4\/\" data-orig-file=\"https:\/\/i0.wp.com\/agrund.com\/wp-content\/uploads\/sites\/6\/2022\/06\/agrund-spfw-n53-Depedro-4.jpeg?fit=600%2C899&amp;ssl=1\" data-orig-size=\"600,899\" data-comments-opened=\"1\" data-image-meta=\"{&quot;aperture&quot;:&quot;0&quot;,&quot;credit&quot;:&quot;&quot;,&quot;camera&quot;:&quot;&quot;,&quot;caption&quot;:&quot;&quot;,&quot;created_timestamp&quot;:&quot;0&quot;,&quot;copyright&quot;:&quot;&quot;,&quot;focal_length&quot;:&quot;0&quot;,&quot;iso&quot;:&quot;0&quot;,&quot;shutter_speed&quot;:&quot;0&quot;,&quot;title&quot;:&quot;&quot;,&quot;orientation&quot;:&quot;1&quot;}\" data-image-title=\"agrund-spfw-n53-Depedro-4\" data-image-description=\"\" data-image-caption=\"\" data-medium-file=\"https:\/\/i0.wp.com\/agrund.com\/wp-content\/uploads\/sites\/6\/2022\/06\/agrund-spfw-n53-Depedro-4.jpeg?fit=200%2C300&amp;ssl=1\" data-large-file=\"https:\/\/i0.wp.com\/agrund.com\/wp-content\/uploads\/sites\/6\/2022\/06\/agrund-spfw-n53-Depedro-4.jpeg?fit=600%2C899&amp;ssl=1\" decoding=\"async\" loading=\"lazy\" width=\"600\" height=\"899\" src=\"https:\/\/i0.wp.com\/agrund.com\/wp-content\/uploads\/sites\/6\/2022\/06\/agrund-spfw-n53-Depedro-4.jpeg?resize=600%2C899&#038;ssl=1\" alt=\"\" class=\"wp-image-223889\" srcset=\"https:\/\/i0.wp.com\/agrund.com\/wp-content\/uploads\/sites\/6\/2022\/06\/agrund-spfw-n53-Depedro-4.jpeg?w=600&amp;ssl=1 600w, https:\/\/i0.wp.com\/agrund.com\/wp-content\/uploads\/sites\/6\/2022\/06\/agrund-spfw-n53-Depedro-4.jpeg?resize=200%2C300&amp;ssl=1 200w\" sizes=\"(max-width: 600px) 100vw, 600px\" data-recalc-dims=\"1\" \/><figcaption>SPFW N53 :: O voo vanguardista da Depedro<\/figcaption><\/figure><\/div>\n\n\n\n<div class=\"wp-block-image\"><figure class=\"aligncenter size-full\"><img data-attachment-id=\"223890\" data-permalink=\"https:\/\/agrund.com\/index.php\/spfw-n53-o-voo-vanguardista-da-depedro\/agrund-spfw-n53-depedro-5\/\" data-orig-file=\"https:\/\/i0.wp.com\/agrund.com\/wp-content\/uploads\/sites\/6\/2022\/06\/agrund-spfw-n53-Depedro-5.jpeg?fit=600%2C899&amp;ssl=1\" data-orig-size=\"600,899\" data-comments-opened=\"1\" data-image-meta=\"{&quot;aperture&quot;:&quot;9&quot;,&quot;credit&quot;:&quot;&quot;,&quot;camera&quot;:&quot;Canon EOS R5&quot;,&quot;caption&quot;:&quot;&quot;,&quot;created_timestamp&quot;:&quot;1653676066&quot;,&quot;copyright&quot;:&quot;&quot;,&quot;focal_length&quot;:&quot;35&quot;,&quot;iso&quot;:&quot;1000&quot;,&quot;shutter_speed&quot;:&quot;0.008&quot;,&quot;title&quot;:&quot;&quot;,&quot;orientation&quot;:&quot;1&quot;}\" data-image-title=\"agrund-spfw-n53-Depedro-5\" data-image-description=\"\" data-image-caption=\"\" data-medium-file=\"https:\/\/i0.wp.com\/agrund.com\/wp-content\/uploads\/sites\/6\/2022\/06\/agrund-spfw-n53-Depedro-5.jpeg?fit=200%2C300&amp;ssl=1\" data-large-file=\"https:\/\/i0.wp.com\/agrund.com\/wp-content\/uploads\/sites\/6\/2022\/06\/agrund-spfw-n53-Depedro-5.jpeg?fit=600%2C899&amp;ssl=1\" decoding=\"async\" loading=\"lazy\" width=\"600\" height=\"899\" src=\"https:\/\/i0.wp.com\/agrund.com\/wp-content\/uploads\/sites\/6\/2022\/06\/agrund-spfw-n53-Depedro-5.jpeg?resize=600%2C899&#038;ssl=1\" alt=\"\" class=\"wp-image-223890\" srcset=\"https:\/\/i0.wp.com\/agrund.com\/wp-content\/uploads\/sites\/6\/2022\/06\/agrund-spfw-n53-Depedro-5.jpeg?w=600&amp;ssl=1 600w, https:\/\/i0.wp.com\/agrund.com\/wp-content\/uploads\/sites\/6\/2022\/06\/agrund-spfw-n53-Depedro-5.jpeg?resize=200%2C300&amp;ssl=1 200w\" sizes=\"(max-width: 600px) 100vw, 600px\" data-recalc-dims=\"1\" \/><figcaption>SPFW N53 :: O voo vanguardista da Depedro<\/figcaption><\/figure><\/div>\n\n\n\n<div class=\"wp-block-image\"><figure class=\"aligncenter size-full\"><img data-attachment-id=\"223891\" data-permalink=\"https:\/\/agrund.com\/index.php\/spfw-n53-o-voo-vanguardista-da-depedro\/agrund-spfw-n53-depedro-6\/\" data-orig-file=\"https:\/\/i0.wp.com\/agrund.com\/wp-content\/uploads\/sites\/6\/2022\/06\/agrund-spfw-n53-Depedro-6.jpeg?fit=600%2C899&amp;ssl=1\" data-orig-size=\"600,899\" data-comments-opened=\"1\" data-image-meta=\"{&quot;aperture&quot;:&quot;0&quot;,&quot;credit&quot;:&quot;&quot;,&quot;camera&quot;:&quot;&quot;,&quot;caption&quot;:&quot;&quot;,&quot;created_timestamp&quot;:&quot;0&quot;,&quot;copyright&quot;:&quot;&quot;,&quot;focal_length&quot;:&quot;0&quot;,&quot;iso&quot;:&quot;0&quot;,&quot;shutter_speed&quot;:&quot;0&quot;,&quot;title&quot;:&quot;&quot;,&quot;orientation&quot;:&quot;1&quot;}\" data-image-title=\"agrund-spfw-n53-Depedro-6\" data-image-description=\"\" data-image-caption=\"\" data-medium-file=\"https:\/\/i0.wp.com\/agrund.com\/wp-content\/uploads\/sites\/6\/2022\/06\/agrund-spfw-n53-Depedro-6.jpeg?fit=200%2C300&amp;ssl=1\" data-large-file=\"https:\/\/i0.wp.com\/agrund.com\/wp-content\/uploads\/sites\/6\/2022\/06\/agrund-spfw-n53-Depedro-6.jpeg?fit=600%2C899&amp;ssl=1\" decoding=\"async\" loading=\"lazy\" width=\"600\" height=\"899\" src=\"https:\/\/i0.wp.com\/agrund.com\/wp-content\/uploads\/sites\/6\/2022\/06\/agrund-spfw-n53-Depedro-6.jpeg?resize=600%2C899&#038;ssl=1\" alt=\"\" class=\"wp-image-223891\" srcset=\"https:\/\/i0.wp.com\/agrund.com\/wp-content\/uploads\/sites\/6\/2022\/06\/agrund-spfw-n53-Depedro-6.jpeg?w=600&amp;ssl=1 600w, https:\/\/i0.wp.com\/agrund.com\/wp-content\/uploads\/sites\/6\/2022\/06\/agrund-spfw-n53-Depedro-6.jpeg?resize=200%2C300&amp;ssl=1 200w\" sizes=\"(max-width: 600px) 100vw, 600px\" data-recalc-dims=\"1\" \/><figcaption>SPFW N53 :: O voo vanguardista da Depedro<\/figcaption><\/figure><\/div>\n\n\n\n<div class=\"wp-block-image\"><figure class=\"aligncenter size-full\"><img data-attachment-id=\"223893\" data-permalink=\"https:\/\/agrund.com\/index.php\/spfw-n53-o-voo-vanguardista-da-depedro\/agrund-spfw-n53-depedro-7\/\" data-orig-file=\"https:\/\/i0.wp.com\/agrund.com\/wp-content\/uploads\/sites\/6\/2022\/06\/agrund-spfw-n53-Depedro-7.jpeg?fit=600%2C899&amp;ssl=1\" data-orig-size=\"600,899\" data-comments-opened=\"1\" data-image-meta=\"{&quot;aperture&quot;:&quot;10&quot;,&quot;credit&quot;:&quot;&quot;,&quot;camera&quot;:&quot;Canon EOS R5&quot;,&quot;caption&quot;:&quot;&quot;,&quot;created_timestamp&quot;:&quot;1653701691&quot;,&quot;copyright&quot;:&quot;&quot;,&quot;focal_length&quot;:&quot;70&quot;,&quot;iso&quot;:&quot;1250&quot;,&quot;shutter_speed&quot;:&quot;0.008&quot;,&quot;title&quot;:&quot;&quot;,&quot;orientation&quot;:&quot;1&quot;}\" data-image-title=\"agrund-spfw-n53-Depedro-7\" data-image-description=\"\" data-image-caption=\"\" data-medium-file=\"https:\/\/i0.wp.com\/agrund.com\/wp-content\/uploads\/sites\/6\/2022\/06\/agrund-spfw-n53-Depedro-7.jpeg?fit=200%2C300&amp;ssl=1\" data-large-file=\"https:\/\/i0.wp.com\/agrund.com\/wp-content\/uploads\/sites\/6\/2022\/06\/agrund-spfw-n53-Depedro-7.jpeg?fit=600%2C899&amp;ssl=1\" decoding=\"async\" loading=\"lazy\" width=\"600\" height=\"899\" src=\"https:\/\/i0.wp.com\/agrund.com\/wp-content\/uploads\/sites\/6\/2022\/06\/agrund-spfw-n53-Depedro-7.jpeg?resize=600%2C899&#038;ssl=1\" alt=\"\" class=\"wp-image-223893\" srcset=\"https:\/\/i0.wp.com\/agrund.com\/wp-content\/uploads\/sites\/6\/2022\/06\/agrund-spfw-n53-Depedro-7.jpeg?w=600&amp;ssl=1 600w, https:\/\/i0.wp.com\/agrund.com\/wp-content\/uploads\/sites\/6\/2022\/06\/agrund-spfw-n53-Depedro-7.jpeg?resize=200%2C300&amp;ssl=1 200w\" sizes=\"(max-width: 600px) 100vw, 600px\" data-recalc-dims=\"1\" \/><figcaption>SPFW N53 :: O voo vanguardista da Depedro<\/figcaption><\/figure><\/div>\n\n\n\n<div class=\"wp-block-image\"><figure class=\"aligncenter size-full\"><img data-attachment-id=\"223894\" data-permalink=\"https:\/\/agrund.com\/index.php\/spfw-n53-o-voo-vanguardista-da-depedro\/agrund-spfw-n53-depedro-8\/\" data-orig-file=\"https:\/\/i0.wp.com\/agrund.com\/wp-content\/uploads\/sites\/6\/2022\/06\/agrund-spfw-n53-Depedro-8.jpeg?fit=600%2C899&amp;ssl=1\" data-orig-size=\"600,899\" data-comments-opened=\"1\" data-image-meta=\"{&quot;aperture&quot;:&quot;10&quot;,&quot;credit&quot;:&quot;&quot;,&quot;camera&quot;:&quot;Canon EOS R5&quot;,&quot;caption&quot;:&quot;&quot;,&quot;created_timestamp&quot;:&quot;1653678838&quot;,&quot;copyright&quot;:&quot;&quot;,&quot;focal_length&quot;:&quot;50&quot;,&quot;iso&quot;:&quot;1000&quot;,&quot;shutter_speed&quot;:&quot;0.008&quot;,&quot;title&quot;:&quot;&quot;,&quot;orientation&quot;:&quot;1&quot;}\" data-image-title=\"agrund-spfw-n53-Depedro-8\" data-image-description=\"\" data-image-caption=\"\" data-medium-file=\"https:\/\/i0.wp.com\/agrund.com\/wp-content\/uploads\/sites\/6\/2022\/06\/agrund-spfw-n53-Depedro-8.jpeg?fit=200%2C300&amp;ssl=1\" data-large-file=\"https:\/\/i0.wp.com\/agrund.com\/wp-content\/uploads\/sites\/6\/2022\/06\/agrund-spfw-n53-Depedro-8.jpeg?fit=600%2C899&amp;ssl=1\" decoding=\"async\" loading=\"lazy\" width=\"600\" height=\"899\" src=\"https:\/\/i0.wp.com\/agrund.com\/wp-content\/uploads\/sites\/6\/2022\/06\/agrund-spfw-n53-Depedro-8.jpeg?resize=600%2C899&#038;ssl=1\" alt=\"\" class=\"wp-image-223894\" srcset=\"https:\/\/i0.wp.com\/agrund.com\/wp-content\/uploads\/sites\/6\/2022\/06\/agrund-spfw-n53-Depedro-8.jpeg?w=600&amp;ssl=1 600w, https:\/\/i0.wp.com\/agrund.com\/wp-content\/uploads\/sites\/6\/2022\/06\/agrund-spfw-n53-Depedro-8.jpeg?resize=200%2C300&amp;ssl=1 200w\" sizes=\"(max-width: 600px) 100vw, 600px\" data-recalc-dims=\"1\" \/><figcaption>SPFW N53 :: O voo vanguardista da Depedro<\/figcaption><\/figure><\/div>\n\n\n\n<p>Fotos: Divulga\u00e7\u00e3o\/ Saulo Rocha. <\/p>\n","protected":false},"excerpt":{"rendered":"<p>Por Arlindo Grund e Lari Mariano Tudo conta hist\u00f3ria. E, para os irm\u00e3os Marcus e&nbsp; Larissa Figueir\u00eado, ela come\u00e7a no avi\u00e3o que leva o ent\u00e3o governador, Juvenal Lamartine, \u00e0 pequena Serid\u00f3. Por isso \u00e9 Audaz. Porque descobre suas atitudes de vanguarda. A modelagem, por exemplo, tem a atualidade do oversized, mas contrapondo com os modelos [&hellip;]<\/p>\n","protected":false},"author":8,"featured_media":223895,"comment_status":"open","ping_status":"open","sticky":false,"template":"","format":"standard","meta":{"jetpack_post_was_ever_published":false,"_jetpack_newsletter_access":"","jetpack_publicize_message":"","jetpack_is_tweetstorm":false,"jetpack_publicize_feature_enabled":true,"jetpack_social_post_already_shared":true,"jetpack_social_options":{"image_generator_settings":{"template":"highway","enabled":false}}},"categories":[2,18],"tags":[395,375,3116,64,347,67,525,148,140,424,862],"jetpack_publicize_connections":[],"jetpack_featured_media_url":"https:\/\/i0.wp.com\/agrund.com\/wp-content\/uploads\/sites\/6\/2022\/06\/S-21.jpg?fit=960%2C300&ssl=1","jetpack_sharing_enabled":true,"jetpack_shortlink":"https:\/\/wp.me\/p3Hz0n-Wf3","jetpack_likes_enabled":true,"_links":{"self":[{"href":"https:\/\/agrund.com\/index.php\/wp-json\/wp\/v2\/posts\/223885"}],"collection":[{"href":"https:\/\/agrund.com\/index.php\/wp-json\/wp\/v2\/posts"}],"about":[{"href":"https:\/\/agrund.com\/index.php\/wp-json\/wp\/v2\/types\/post"}],"author":[{"embeddable":true,"href":"https:\/\/agrund.com\/index.php\/wp-json\/wp\/v2\/users\/8"}],"replies":[{"embeddable":true,"href":"https:\/\/agrund.com\/index.php\/wp-json\/wp\/v2\/comments?post=223885"}],"version-history":[{"count":1,"href":"https:\/\/agrund.com\/index.php\/wp-json\/wp\/v2\/posts\/223885\/revisions"}],"predecessor-version":[{"id":223896,"href":"https:\/\/agrund.com\/index.php\/wp-json\/wp\/v2\/posts\/223885\/revisions\/223896"}],"wp:featuredmedia":[{"embeddable":true,"href":"https:\/\/agrund.com\/index.php\/wp-json\/wp\/v2\/media\/223895"}],"wp:attachment":[{"href":"https:\/\/agrund.com\/index.php\/wp-json\/wp\/v2\/media?parent=223885"}],"wp:term":[{"taxonomy":"category","embeddable":true,"href":"https:\/\/agrund.com\/index.php\/wp-json\/wp\/v2\/categories?post=223885"},{"taxonomy":"post_tag","embeddable":true,"href":"https:\/\/agrund.com\/index.php\/wp-json\/wp\/v2\/tags?post=223885"}],"curies":[{"name":"wp","href":"https:\/\/api.w.org\/{rel}","templated":true}]}}