{"id":223873,"date":"2022-06-07T18:00:00","date_gmt":"2022-06-07T21:00:00","guid":{"rendered":"https:\/\/agrund.com\/?p=223873"},"modified":"2022-06-07T14:54:50","modified_gmt":"2022-06-07T17:54:50","slug":"spfw-n53-sankofa-a-garra-brasileira-para-santa-resistencia","status":"publish","type":"post","link":"https:\/\/agrund.com\/index.php\/spfw-n53-sankofa-a-garra-brasileira-para-santa-resistencia\/","title":{"rendered":"SPFW N53 :: Sankofa &#8211; A garra brasileira para Santa Resist\u00eancia"},"content":{"rendered":"\n<p>Por Arlindo Grund e Lari Mariano<\/p>\n\n\n\n<p>D\u00e1 para dizer que o nome da marca se mistura ao seu atual prop\u00f3sito &#8211; e propostas. As Tr\u00eas Gra\u00e7as do Brasil, a nova cole\u00e7\u00e3o, fala de refer\u00eancias negras de for\u00e7a, de insist\u00eancia e de ganhos dif\u00edceis. Assim M\u00f4nica Sampaio costura sua narrativa.<\/p>\n\n\n\n<p>O grito que abre a passarela demonstra o poder. Que deixa passar, quase que a se mostrar por entre as tramas do croch\u00ea que o comp\u00f5e.<\/p>\n\n\n\n<p>Das cores \u00e0 fluidez, tudo fala de brasilidade, com a eleg\u00e2ncia de vestir e criar aos seus babados, brilhos sutis, transpar\u00eancias e franjas. E de forma leve que se conduziu essa for\u00e7a. Mulheres de \u00e9pocas que poderiam ser as Joanas, Martas, Quit\u00e9ria de hoje. Aqui, mais que vestir. \u00c9 sobre resistir.<\/p>\n\n\n\n<div class=\"wp-block-image\"><figure class=\"aligncenter size-full\"><img data-attachment-id=\"223874\" data-permalink=\"https:\/\/agrund.com\/index.php\/spfw-n53-sankofa-a-garra-brasileira-para-santa-resistencia\/agrund-spfw-n53-santa_resistencia-1\/\" data-orig-file=\"https:\/\/i0.wp.com\/agrund.com\/wp-content\/uploads\/sites\/6\/2022\/06\/agrund-spfw-n53-santa_resistencia-1.jpeg?fit=600%2C900&amp;ssl=1\" data-orig-size=\"600,900\" data-comments-opened=\"1\" data-image-meta=\"{&quot;aperture&quot;:&quot;0&quot;,&quot;credit&quot;:&quot;Marcelo Soubhia\\\/ @agfotosite&quot;,&quot;camera&quot;:&quot;&quot;,&quot;caption&quot;:&quot;Santa Resistencia- SANKOFA\\r_ SPFW N53_\\r- Senac Lapa Faustolo-\\r04\\\/06\\\/2022\\r\\rFoto: Marcelo Soubhia\\\/ @agfotosite&quot;,&quot;created_timestamp&quot;:&quot;1654382279&quot;,&quot;copyright&quot;:&quot;Marcelo Soubhia\\\/ @agfotosite&quot;,&quot;focal_length&quot;:&quot;0&quot;,&quot;iso&quot;:&quot;0&quot;,&quot;shutter_speed&quot;:&quot;0&quot;,&quot;title&quot;:&quot;&quot;,&quot;orientation&quot;:&quot;1&quot;}\" data-image-title=\"agrund-spfw-n53-santa_resistencia-1\" data-image-description=\"\" data-image-caption=\"&lt;p&gt;Santa Resistencia- SANKOFA&lt;br \/&gt;\n_ SPFW N53_&lt;br \/&gt;\n&#8211; Senac Lapa Faustolo-&lt;br \/&gt;\n04\/06\/2022&lt;\/p&gt;\n&lt;p&gt;Foto: Marcelo Soubhia\/ @agfotosite&lt;\/p&gt;\n\" data-medium-file=\"https:\/\/i0.wp.com\/agrund.com\/wp-content\/uploads\/sites\/6\/2022\/06\/agrund-spfw-n53-santa_resistencia-1.jpeg?fit=200%2C300&amp;ssl=1\" data-large-file=\"https:\/\/i0.wp.com\/agrund.com\/wp-content\/uploads\/sites\/6\/2022\/06\/agrund-spfw-n53-santa_resistencia-1.jpeg?fit=600%2C900&amp;ssl=1\" decoding=\"async\" loading=\"lazy\" width=\"600\" height=\"900\" src=\"https:\/\/i0.wp.com\/agrund.com\/wp-content\/uploads\/sites\/6\/2022\/06\/agrund-spfw-n53-santa_resistencia-1.jpeg?resize=600%2C900&#038;ssl=1\" alt=\"\" class=\"wp-image-223874\" srcset=\"https:\/\/i0.wp.com\/agrund.com\/wp-content\/uploads\/sites\/6\/2022\/06\/agrund-spfw-n53-santa_resistencia-1.jpeg?w=600&amp;ssl=1 600w, https:\/\/i0.wp.com\/agrund.com\/wp-content\/uploads\/sites\/6\/2022\/06\/agrund-spfw-n53-santa_resistencia-1.jpeg?resize=200%2C300&amp;ssl=1 200w\" sizes=\"(max-width: 600px) 100vw, 600px\" data-recalc-dims=\"1\" \/><figcaption>SPFW N53 :: Sankofa &#8211; A garra brasileira para Santa Resist\u00eancia<\/figcaption><\/figure><\/div>\n\n\n\n<div class=\"wp-block-image\"><figure class=\"aligncenter size-full\"><img data-attachment-id=\"223875\" data-permalink=\"https:\/\/agrund.com\/index.php\/spfw-n53-sankofa-a-garra-brasileira-para-santa-resistencia\/agrund-spfw-n53-santa_resistencia-2\/\" data-orig-file=\"https:\/\/i0.wp.com\/agrund.com\/wp-content\/uploads\/sites\/6\/2022\/06\/agrund-spfw-n53-santa_resistencia-2.jpeg?fit=600%2C900&amp;ssl=1\" data-orig-size=\"600,900\" data-comments-opened=\"1\" data-image-meta=\"{&quot;aperture&quot;:&quot;0&quot;,&quot;credit&quot;:&quot;Marcelo Soubhia\\\/ @agfotosite&quot;,&quot;camera&quot;:&quot;&quot;,&quot;caption&quot;:&quot;Santa Resistencia- SANKOFA\\r_ SPFW N53_\\r- Senac Lapa Faustolo-\\r04\\\/06\\\/2022\\r\\rFoto: Marcelo Soubhia\\\/ @agfotosite&quot;,&quot;created_timestamp&quot;:&quot;1654382282&quot;,&quot;copyright&quot;:&quot;Marcelo Soubhia\\\/ @agfotosite&quot;,&quot;focal_length&quot;:&quot;0&quot;,&quot;iso&quot;:&quot;0&quot;,&quot;shutter_speed&quot;:&quot;0&quot;,&quot;title&quot;:&quot;&quot;,&quot;orientation&quot;:&quot;1&quot;}\" data-image-title=\"agrund-spfw-n53-santa_resistencia-2\" data-image-description=\"\" data-image-caption=\"&lt;p&gt;Santa Resistencia- SANKOFA&lt;br \/&gt;\n_ SPFW N53_&lt;br \/&gt;\n&#8211; Senac Lapa Faustolo-&lt;br \/&gt;\n04\/06\/2022&lt;\/p&gt;\n&lt;p&gt;Foto: Marcelo Soubhia\/ @agfotosite&lt;\/p&gt;\n\" data-medium-file=\"https:\/\/i0.wp.com\/agrund.com\/wp-content\/uploads\/sites\/6\/2022\/06\/agrund-spfw-n53-santa_resistencia-2.jpeg?fit=200%2C300&amp;ssl=1\" data-large-file=\"https:\/\/i0.wp.com\/agrund.com\/wp-content\/uploads\/sites\/6\/2022\/06\/agrund-spfw-n53-santa_resistencia-2.jpeg?fit=600%2C900&amp;ssl=1\" decoding=\"async\" loading=\"lazy\" width=\"600\" height=\"900\" src=\"https:\/\/i0.wp.com\/agrund.com\/wp-content\/uploads\/sites\/6\/2022\/06\/agrund-spfw-n53-santa_resistencia-2.jpeg?resize=600%2C900&#038;ssl=1\" alt=\"\" class=\"wp-image-223875\" srcset=\"https:\/\/i0.wp.com\/agrund.com\/wp-content\/uploads\/sites\/6\/2022\/06\/agrund-spfw-n53-santa_resistencia-2.jpeg?w=600&amp;ssl=1 600w, https:\/\/i0.wp.com\/agrund.com\/wp-content\/uploads\/sites\/6\/2022\/06\/agrund-spfw-n53-santa_resistencia-2.jpeg?resize=200%2C300&amp;ssl=1 200w\" sizes=\"(max-width: 600px) 100vw, 600px\" data-recalc-dims=\"1\" \/><figcaption>SPFW N53 :: Sankofa &#8211; A garra brasileira para Santa Resist\u00eancia<\/figcaption><\/figure><\/div>\n\n\n\n<div class=\"wp-block-image\"><figure class=\"aligncenter size-full\"><img data-attachment-id=\"223876\" data-permalink=\"https:\/\/agrund.com\/index.php\/spfw-n53-sankofa-a-garra-brasileira-para-santa-resistencia\/agrund-spfw-n53-santa_resistencia-3\/\" data-orig-file=\"https:\/\/i0.wp.com\/agrund.com\/wp-content\/uploads\/sites\/6\/2022\/06\/agrund-spfw-n53-santa_resistencia-3.jpeg?fit=600%2C900&amp;ssl=1\" data-orig-size=\"600,900\" data-comments-opened=\"1\" data-image-meta=\"{&quot;aperture&quot;:&quot;0&quot;,&quot;credit&quot;:&quot;Marcelo Soubhia\\\/ @agfotosite&quot;,&quot;camera&quot;:&quot;&quot;,&quot;caption&quot;:&quot;Santa Resistencia- SANKOFA\\r_ SPFW N53_\\r- Senac Lapa Faustolo-\\r04\\\/06\\\/2022\\r\\rFoto: Marcelo Soubhia\\\/ @agfotosite&quot;,&quot;created_timestamp&quot;:&quot;1654382288&quot;,&quot;copyright&quot;:&quot;Marcelo Soubhia\\\/ @agfotosite&quot;,&quot;focal_length&quot;:&quot;0&quot;,&quot;iso&quot;:&quot;0&quot;,&quot;shutter_speed&quot;:&quot;0&quot;,&quot;title&quot;:&quot;&quot;,&quot;orientation&quot;:&quot;1&quot;}\" data-image-title=\"agrund-spfw-n53-santa_resistencia-3\" data-image-description=\"\" data-image-caption=\"&lt;p&gt;Santa Resistencia- SANKOFA&lt;br \/&gt;\n_ SPFW N53_&lt;br \/&gt;\n&#8211; Senac Lapa Faustolo-&lt;br \/&gt;\n04\/06\/2022&lt;\/p&gt;\n&lt;p&gt;Foto: Marcelo Soubhia\/ @agfotosite&lt;\/p&gt;\n\" data-medium-file=\"https:\/\/i0.wp.com\/agrund.com\/wp-content\/uploads\/sites\/6\/2022\/06\/agrund-spfw-n53-santa_resistencia-3.jpeg?fit=200%2C300&amp;ssl=1\" data-large-file=\"https:\/\/i0.wp.com\/agrund.com\/wp-content\/uploads\/sites\/6\/2022\/06\/agrund-spfw-n53-santa_resistencia-3.jpeg?fit=600%2C900&amp;ssl=1\" decoding=\"async\" loading=\"lazy\" width=\"600\" height=\"900\" src=\"https:\/\/i0.wp.com\/agrund.com\/wp-content\/uploads\/sites\/6\/2022\/06\/agrund-spfw-n53-santa_resistencia-3.jpeg?resize=600%2C900&#038;ssl=1\" alt=\"\" class=\"wp-image-223876\" srcset=\"https:\/\/i0.wp.com\/agrund.com\/wp-content\/uploads\/sites\/6\/2022\/06\/agrund-spfw-n53-santa_resistencia-3.jpeg?w=600&amp;ssl=1 600w, https:\/\/i0.wp.com\/agrund.com\/wp-content\/uploads\/sites\/6\/2022\/06\/agrund-spfw-n53-santa_resistencia-3.jpeg?resize=200%2C300&amp;ssl=1 200w\" sizes=\"(max-width: 600px) 100vw, 600px\" data-recalc-dims=\"1\" \/><figcaption>SPFW N53 :: Sankofa &#8211; A garra brasileira para Santa Resist\u00eancia<\/figcaption><\/figure><\/div>\n\n\n\n<div class=\"wp-block-image\"><figure class=\"aligncenter size-full\"><img data-attachment-id=\"223877\" data-permalink=\"https:\/\/agrund.com\/index.php\/spfw-n53-sankofa-a-garra-brasileira-para-santa-resistencia\/agrund-spfw-n53-santa_resistencia-4\/\" data-orig-file=\"https:\/\/i0.wp.com\/agrund.com\/wp-content\/uploads\/sites\/6\/2022\/06\/agrund-spfw-n53-santa_resistencia-4.jpeg?fit=600%2C900&amp;ssl=1\" data-orig-size=\"600,900\" data-comments-opened=\"1\" data-image-meta=\"{&quot;aperture&quot;:&quot;0&quot;,&quot;credit&quot;:&quot;Marcelo Soubhia\\\/ @agfotosite&quot;,&quot;camera&quot;:&quot;&quot;,&quot;caption&quot;:&quot;Santa Resistencia- SANKOFA\\r_ SPFW N53_\\r- Senac Lapa Faustolo-\\r04\\\/06\\\/2022\\r\\rFoto: Marcelo Soubhia\\\/ @agfotosite&quot;,&quot;created_timestamp&quot;:&quot;1654382294&quot;,&quot;copyright&quot;:&quot;Marcelo Soubhia\\\/ @agfotosite&quot;,&quot;focal_length&quot;:&quot;0&quot;,&quot;iso&quot;:&quot;0&quot;,&quot;shutter_speed&quot;:&quot;0&quot;,&quot;title&quot;:&quot;&quot;,&quot;orientation&quot;:&quot;1&quot;}\" data-image-title=\"agrund-spfw-n53-santa_resistencia-4\" data-image-description=\"\" data-image-caption=\"&lt;p&gt;Santa Resistencia- SANKOFA&lt;br \/&gt;\n_ SPFW N53_&lt;br \/&gt;\n&#8211; Senac Lapa Faustolo-&lt;br \/&gt;\n04\/06\/2022&lt;\/p&gt;\n&lt;p&gt;Foto: Marcelo Soubhia\/ @agfotosite&lt;\/p&gt;\n\" data-medium-file=\"https:\/\/i0.wp.com\/agrund.com\/wp-content\/uploads\/sites\/6\/2022\/06\/agrund-spfw-n53-santa_resistencia-4.jpeg?fit=200%2C300&amp;ssl=1\" data-large-file=\"https:\/\/i0.wp.com\/agrund.com\/wp-content\/uploads\/sites\/6\/2022\/06\/agrund-spfw-n53-santa_resistencia-4.jpeg?fit=600%2C900&amp;ssl=1\" decoding=\"async\" loading=\"lazy\" width=\"600\" height=\"900\" src=\"https:\/\/i0.wp.com\/agrund.com\/wp-content\/uploads\/sites\/6\/2022\/06\/agrund-spfw-n53-santa_resistencia-4.jpeg?resize=600%2C900&#038;ssl=1\" alt=\"\" class=\"wp-image-223877\" srcset=\"https:\/\/i0.wp.com\/agrund.com\/wp-content\/uploads\/sites\/6\/2022\/06\/agrund-spfw-n53-santa_resistencia-4.jpeg?w=600&amp;ssl=1 600w, https:\/\/i0.wp.com\/agrund.com\/wp-content\/uploads\/sites\/6\/2022\/06\/agrund-spfw-n53-santa_resistencia-4.jpeg?resize=200%2C300&amp;ssl=1 200w\" sizes=\"(max-width: 600px) 100vw, 600px\" data-recalc-dims=\"1\" \/><figcaption>SPFW N53 :: Sankofa &#8211; A garra brasileira para Santa Resist\u00eancia<\/figcaption><\/figure><\/div>\n\n\n\n<div class=\"wp-block-image\"><figure class=\"aligncenter size-full\"><img data-attachment-id=\"223878\" data-permalink=\"https:\/\/agrund.com\/index.php\/spfw-n53-sankofa-a-garra-brasileira-para-santa-resistencia\/agrund-spfw-n53-santa_resistencia-5\/\" data-orig-file=\"https:\/\/i0.wp.com\/agrund.com\/wp-content\/uploads\/sites\/6\/2022\/06\/agrund-spfw-n53-santa_resistencia-5.jpeg?fit=600%2C901&amp;ssl=1\" data-orig-size=\"600,901\" data-comments-opened=\"1\" data-image-meta=\"{&quot;aperture&quot;:&quot;0&quot;,&quot;credit&quot;:&quot;Marcelo Soubhia\\\/ @agfotosite&quot;,&quot;camera&quot;:&quot;&quot;,&quot;caption&quot;:&quot;Santa Resistencia- SANKOFA\\r_ SPFW N53_\\r- Senac Lapa Faustolo-\\r04\\\/06\\\/2022\\r\\rFoto: Marcelo Soubhia\\\/ @agfotosite&quot;,&quot;created_timestamp&quot;:&quot;1654382304&quot;,&quot;copyright&quot;:&quot;Marcelo Soubhia\\\/ @agfotosite&quot;,&quot;focal_length&quot;:&quot;0&quot;,&quot;iso&quot;:&quot;0&quot;,&quot;shutter_speed&quot;:&quot;0&quot;,&quot;title&quot;:&quot;&quot;,&quot;orientation&quot;:&quot;1&quot;}\" data-image-title=\"agrund-spfw-n53-santa_resistencia-5\" data-image-description=\"\" data-image-caption=\"&lt;p&gt;Santa Resistencia- SANKOFA&lt;br \/&gt;\n_ SPFW N53_&lt;br \/&gt;\n&#8211; Senac Lapa Faustolo-&lt;br \/&gt;\n04\/06\/2022&lt;\/p&gt;\n&lt;p&gt;Foto: Marcelo Soubhia\/ @agfotosite&lt;\/p&gt;\n\" data-medium-file=\"https:\/\/i0.wp.com\/agrund.com\/wp-content\/uploads\/sites\/6\/2022\/06\/agrund-spfw-n53-santa_resistencia-5.jpeg?fit=200%2C300&amp;ssl=1\" data-large-file=\"https:\/\/i0.wp.com\/agrund.com\/wp-content\/uploads\/sites\/6\/2022\/06\/agrund-spfw-n53-santa_resistencia-5.jpeg?fit=600%2C901&amp;ssl=1\" decoding=\"async\" loading=\"lazy\" width=\"600\" height=\"901\" src=\"https:\/\/i0.wp.com\/agrund.com\/wp-content\/uploads\/sites\/6\/2022\/06\/agrund-spfw-n53-santa_resistencia-5.jpeg?resize=600%2C901&#038;ssl=1\" alt=\"\" class=\"wp-image-223878\" srcset=\"https:\/\/i0.wp.com\/agrund.com\/wp-content\/uploads\/sites\/6\/2022\/06\/agrund-spfw-n53-santa_resistencia-5.jpeg?w=600&amp;ssl=1 600w, https:\/\/i0.wp.com\/agrund.com\/wp-content\/uploads\/sites\/6\/2022\/06\/agrund-spfw-n53-santa_resistencia-5.jpeg?resize=200%2C300&amp;ssl=1 200w\" sizes=\"(max-width: 600px) 100vw, 600px\" data-recalc-dims=\"1\" \/><figcaption>SPFW N53 :: Sankofa &#8211; A garra brasileira para Santa Resist\u00eancia<\/figcaption><\/figure><\/div>\n\n\n\n<div class=\"wp-block-image\"><figure class=\"aligncenter size-full\"><img data-attachment-id=\"223879\" data-permalink=\"https:\/\/agrund.com\/index.php\/spfw-n53-sankofa-a-garra-brasileira-para-santa-resistencia\/agrund-spfw-n53-santa_resistencia-6\/\" data-orig-file=\"https:\/\/i0.wp.com\/agrund.com\/wp-content\/uploads\/sites\/6\/2022\/06\/agrund-spfw-n53-santa_resistencia-6.jpeg?fit=600%2C900&amp;ssl=1\" data-orig-size=\"600,900\" data-comments-opened=\"1\" data-image-meta=\"{&quot;aperture&quot;:&quot;0&quot;,&quot;credit&quot;:&quot;Marcelo Soubhia\\\/ @agfotosite&quot;,&quot;camera&quot;:&quot;&quot;,&quot;caption&quot;:&quot;Santa Resistencia- SANKOFA\\r_ SPFW N53_\\r- Senac Lapa Faustolo-\\r04\\\/06\\\/2022\\r\\rFoto: Marcelo Soubhia\\\/ @agfotosite&quot;,&quot;created_timestamp&quot;:&quot;1654382307&quot;,&quot;copyright&quot;:&quot;Marcelo Soubhia\\\/ @agfotosite&quot;,&quot;focal_length&quot;:&quot;0&quot;,&quot;iso&quot;:&quot;0&quot;,&quot;shutter_speed&quot;:&quot;0&quot;,&quot;title&quot;:&quot;&quot;,&quot;orientation&quot;:&quot;1&quot;}\" data-image-title=\"agrund-spfw-n53-santa_resistencia-6\" data-image-description=\"\" data-image-caption=\"&lt;p&gt;Santa Resistencia- SANKOFA&lt;br \/&gt;\n_ SPFW N53_&lt;br \/&gt;\n&#8211; Senac Lapa Faustolo-&lt;br \/&gt;\n04\/06\/2022&lt;\/p&gt;\n&lt;p&gt;Foto: Marcelo Soubhia\/ @agfotosite&lt;\/p&gt;\n\" data-medium-file=\"https:\/\/i0.wp.com\/agrund.com\/wp-content\/uploads\/sites\/6\/2022\/06\/agrund-spfw-n53-santa_resistencia-6.jpeg?fit=200%2C300&amp;ssl=1\" data-large-file=\"https:\/\/i0.wp.com\/agrund.com\/wp-content\/uploads\/sites\/6\/2022\/06\/agrund-spfw-n53-santa_resistencia-6.jpeg?fit=600%2C900&amp;ssl=1\" decoding=\"async\" loading=\"lazy\" width=\"600\" height=\"900\" src=\"https:\/\/i0.wp.com\/agrund.com\/wp-content\/uploads\/sites\/6\/2022\/06\/agrund-spfw-n53-santa_resistencia-6.jpeg?resize=600%2C900&#038;ssl=1\" alt=\"\" class=\"wp-image-223879\" srcset=\"https:\/\/i0.wp.com\/agrund.com\/wp-content\/uploads\/sites\/6\/2022\/06\/agrund-spfw-n53-santa_resistencia-6.jpeg?w=600&amp;ssl=1 600w, https:\/\/i0.wp.com\/agrund.com\/wp-content\/uploads\/sites\/6\/2022\/06\/agrund-spfw-n53-santa_resistencia-6.jpeg?resize=200%2C300&amp;ssl=1 200w\" sizes=\"(max-width: 600px) 100vw, 600px\" data-recalc-dims=\"1\" \/><figcaption>SPFW N53 :: Sankofa &#8211; A garra brasileira para Santa Resist\u00eancia<\/figcaption><\/figure><\/div>\n\n\n\n<div class=\"wp-block-image\"><figure class=\"aligncenter size-full\"><img data-attachment-id=\"223880\" data-permalink=\"https:\/\/agrund.com\/index.php\/spfw-n53-sankofa-a-garra-brasileira-para-santa-resistencia\/agrund-spfw-n53-santa_resistencia-7\/\" data-orig-file=\"https:\/\/i0.wp.com\/agrund.com\/wp-content\/uploads\/sites\/6\/2022\/06\/agrund-spfw-n53-santa_resistencia-7.jpeg?fit=600%2C900&amp;ssl=1\" data-orig-size=\"600,900\" data-comments-opened=\"1\" data-image-meta=\"{&quot;aperture&quot;:&quot;0&quot;,&quot;credit&quot;:&quot;Marcelo Soubhia\\\/ @agfotosite&quot;,&quot;camera&quot;:&quot;&quot;,&quot;caption&quot;:&quot;Santa Resistencia- SANKOFA\\r_ SPFW N53_\\r- Senac Lapa Faustolo-\\r04\\\/06\\\/2022\\r\\rFoto: Marcelo Soubhia\\\/ @agfotosite&quot;,&quot;created_timestamp&quot;:&quot;1654382314&quot;,&quot;copyright&quot;:&quot;Marcelo Soubhia\\\/ @agfotosite&quot;,&quot;focal_length&quot;:&quot;0&quot;,&quot;iso&quot;:&quot;0&quot;,&quot;shutter_speed&quot;:&quot;0&quot;,&quot;title&quot;:&quot;&quot;,&quot;orientation&quot;:&quot;1&quot;}\" data-image-title=\"agrund-spfw-n53-santa_resistencia-7\" data-image-description=\"\" data-image-caption=\"&lt;p&gt;Santa Resistencia- SANKOFA&lt;br \/&gt;\n_ SPFW N53_&lt;br \/&gt;\n&#8211; Senac Lapa Faustolo-&lt;br \/&gt;\n04\/06\/2022&lt;\/p&gt;\n&lt;p&gt;Foto: Marcelo Soubhia\/ @agfotosite&lt;\/p&gt;\n\" data-medium-file=\"https:\/\/i0.wp.com\/agrund.com\/wp-content\/uploads\/sites\/6\/2022\/06\/agrund-spfw-n53-santa_resistencia-7.jpeg?fit=200%2C300&amp;ssl=1\" data-large-file=\"https:\/\/i0.wp.com\/agrund.com\/wp-content\/uploads\/sites\/6\/2022\/06\/agrund-spfw-n53-santa_resistencia-7.jpeg?fit=600%2C900&amp;ssl=1\" decoding=\"async\" loading=\"lazy\" width=\"600\" height=\"900\" src=\"https:\/\/i0.wp.com\/agrund.com\/wp-content\/uploads\/sites\/6\/2022\/06\/agrund-spfw-n53-santa_resistencia-7.jpeg?resize=600%2C900&#038;ssl=1\" alt=\"\" class=\"wp-image-223880\" srcset=\"https:\/\/i0.wp.com\/agrund.com\/wp-content\/uploads\/sites\/6\/2022\/06\/agrund-spfw-n53-santa_resistencia-7.jpeg?w=600&amp;ssl=1 600w, https:\/\/i0.wp.com\/agrund.com\/wp-content\/uploads\/sites\/6\/2022\/06\/agrund-spfw-n53-santa_resistencia-7.jpeg?resize=200%2C300&amp;ssl=1 200w\" sizes=\"(max-width: 600px) 100vw, 600px\" data-recalc-dims=\"1\" \/><figcaption>SPFW N53 :: Sankofa &#8211; A garra brasileira para Santa Resist\u00eancia<\/figcaption><\/figure><\/div>\n\n\n\n<div class=\"wp-block-image\"><figure class=\"aligncenter size-full\"><img data-attachment-id=\"223882\" data-permalink=\"https:\/\/agrund.com\/index.php\/spfw-n53-sankofa-a-garra-brasileira-para-santa-resistencia\/agrund-spfw-n53-santa_resistencia-8\/\" data-orig-file=\"https:\/\/i0.wp.com\/agrund.com\/wp-content\/uploads\/sites\/6\/2022\/06\/agrund-spfw-n53-santa_resistencia-8.jpeg?fit=600%2C901&amp;ssl=1\" data-orig-size=\"600,901\" data-comments-opened=\"1\" data-image-meta=\"{&quot;aperture&quot;:&quot;0&quot;,&quot;credit&quot;:&quot;Marcelo Soubhia\\\/ @agfotosite&quot;,&quot;camera&quot;:&quot;&quot;,&quot;caption&quot;:&quot;Santa Resistencia- SANKOFA\\r_ SPFW N53_\\r- Senac Lapa Faustolo-\\r04\\\/06\\\/2022\\r\\rFoto: Marcelo Soubhia\\\/ @agfotosite&quot;,&quot;created_timestamp&quot;:&quot;1654382320&quot;,&quot;copyright&quot;:&quot;Marcelo Soubhia\\\/ @agfotosite&quot;,&quot;focal_length&quot;:&quot;0&quot;,&quot;iso&quot;:&quot;0&quot;,&quot;shutter_speed&quot;:&quot;0&quot;,&quot;title&quot;:&quot;&quot;,&quot;orientation&quot;:&quot;1&quot;}\" data-image-title=\"agrund-spfw-n53-santa_resistencia-8\" data-image-description=\"\" data-image-caption=\"&lt;p&gt;Santa Resistencia- SANKOFA&lt;br \/&gt;\n_ SPFW N53_&lt;br \/&gt;\n&#8211; Senac Lapa Faustolo-&lt;br \/&gt;\n04\/06\/2022&lt;\/p&gt;\n&lt;p&gt;Foto: Marcelo Soubhia\/ @agfotosite&lt;\/p&gt;\n\" data-medium-file=\"https:\/\/i0.wp.com\/agrund.com\/wp-content\/uploads\/sites\/6\/2022\/06\/agrund-spfw-n53-santa_resistencia-8.jpeg?fit=200%2C300&amp;ssl=1\" data-large-file=\"https:\/\/i0.wp.com\/agrund.com\/wp-content\/uploads\/sites\/6\/2022\/06\/agrund-spfw-n53-santa_resistencia-8.jpeg?fit=600%2C901&amp;ssl=1\" decoding=\"async\" loading=\"lazy\" width=\"600\" height=\"901\" src=\"https:\/\/i0.wp.com\/agrund.com\/wp-content\/uploads\/sites\/6\/2022\/06\/agrund-spfw-n53-santa_resistencia-8.jpeg?resize=600%2C901&#038;ssl=1\" alt=\"\" class=\"wp-image-223882\" srcset=\"https:\/\/i0.wp.com\/agrund.com\/wp-content\/uploads\/sites\/6\/2022\/06\/agrund-spfw-n53-santa_resistencia-8.jpeg?w=600&amp;ssl=1 600w, https:\/\/i0.wp.com\/agrund.com\/wp-content\/uploads\/sites\/6\/2022\/06\/agrund-spfw-n53-santa_resistencia-8.jpeg?resize=200%2C300&amp;ssl=1 200w\" sizes=\"(max-width: 600px) 100vw, 600px\" data-recalc-dims=\"1\" \/><figcaption>SPFW N53 :: Sankofa &#8211; A garra brasileira para Santa Resist\u00eancia<\/figcaption><\/figure><\/div>\n\n\n\n<p>Foto: Divulga\u00e7\u00e3o\/ Marcelo Soubhia\/ Ag\u00eancia Fotosite.<\/p>\n","protected":false},"excerpt":{"rendered":"<p>Por Arlindo Grund e Lari Mariano D\u00e1 para dizer que o nome da marca se mistura ao seu atual prop\u00f3sito &#8211; e propostas. As Tr\u00eas Gra\u00e7as do Brasil, a nova cole\u00e7\u00e3o, fala de refer\u00eancias negras de for\u00e7a, de insist\u00eancia e de ganhos dif\u00edceis. Assim M\u00f4nica Sampaio costura sua narrativa. O grito que abre a passarela [&hellip;]<\/p>\n","protected":false},"author":8,"featured_media":223883,"comment_status":"open","ping_status":"open","sticky":false,"template":"","format":"standard","meta":{"jetpack_post_was_ever_published":false,"_jetpack_newsletter_access":"","jetpack_publicize_message":"","jetpack_is_tweetstorm":false,"jetpack_publicize_feature_enabled":true,"jetpack_social_post_already_shared":true,"jetpack_social_options":{"image_generator_settings":{"template":"highway","enabled":false}}},"categories":[2,18],"tags":[395,375,64,423,347,67,525,3247,2872,140,424,862],"jetpack_publicize_connections":[],"jetpack_featured_media_url":"https:\/\/i0.wp.com\/agrund.com\/wp-content\/uploads\/sites\/6\/2022\/06\/S-20.jpg?fit=960%2C300&ssl=1","jetpack_sharing_enabled":true,"jetpack_shortlink":"https:\/\/wp.me\/p3Hz0n-WeR","jetpack_likes_enabled":true,"_links":{"self":[{"href":"https:\/\/agrund.com\/index.php\/wp-json\/wp\/v2\/posts\/223873"}],"collection":[{"href":"https:\/\/agrund.com\/index.php\/wp-json\/wp\/v2\/posts"}],"about":[{"href":"https:\/\/agrund.com\/index.php\/wp-json\/wp\/v2\/types\/post"}],"author":[{"embeddable":true,"href":"https:\/\/agrund.com\/index.php\/wp-json\/wp\/v2\/users\/8"}],"replies":[{"embeddable":true,"href":"https:\/\/agrund.com\/index.php\/wp-json\/wp\/v2\/comments?post=223873"}],"version-history":[{"count":1,"href":"https:\/\/agrund.com\/index.php\/wp-json\/wp\/v2\/posts\/223873\/revisions"}],"predecessor-version":[{"id":223884,"href":"https:\/\/agrund.com\/index.php\/wp-json\/wp\/v2\/posts\/223873\/revisions\/223884"}],"wp:featuredmedia":[{"embeddable":true,"href":"https:\/\/agrund.com\/index.php\/wp-json\/wp\/v2\/media\/223883"}],"wp:attachment":[{"href":"https:\/\/agrund.com\/index.php\/wp-json\/wp\/v2\/media?parent=223873"}],"wp:term":[{"taxonomy":"category","embeddable":true,"href":"https:\/\/agrund.com\/index.php\/wp-json\/wp\/v2\/categories?post=223873"},{"taxonomy":"post_tag","embeddable":true,"href":"https:\/\/agrund.com\/index.php\/wp-json\/wp\/v2\/tags?post=223873"}],"curies":[{"name":"wp","href":"https:\/\/api.w.org\/{rel}","templated":true}]}}