{"id":223789,"date":"2022-06-07T10:00:00","date_gmt":"2022-06-07T13:00:00","guid":{"rendered":"https:\/\/agrund.com\/?p=223789"},"modified":"2022-06-06T17:42:58","modified_gmt":"2022-06-06T20:42:58","slug":"spfw-n53-as-decadas-de-wilson-ranieri","status":"publish","type":"post","link":"https:\/\/agrund.com\/index.php\/spfw-n53-as-decadas-de-wilson-ranieri\/","title":{"rendered":"SPFW N53 :: As d\u00e9cadas de Wilson Ranieri"},"content":{"rendered":"\n<p>Por Arlindo Grund e Lari Mariano<\/p>\n\n\n\n<p>S\u00e3o 21 anos. E \u00e9 ao mergulhar nestas mais de duas d\u00e9cadas de hist\u00f3ria que o estilista busca sua inspira\u00e7\u00e3o para estar nesta edi\u00e7\u00e3o N53 da SPFW.<\/p>\n\n\n\n<p>Desde moulage, que \u00e9 sua marca registrada e aqui se apresenta ainda no seu processo criativo at\u00e9 ser vista contornando os corpos, at\u00e9 el\u00e1sticos e gomos d\u00e3o o tom de arquitetura corporal que se retrata.<\/p>\n\n\n\n<p>Aqui, tamb\u00e9m falamos de versatilidade, como em uma das pe\u00e7as principais da cole\u00e7\u00e3o, uma jaqueta que traz quatro formas de uso: bolero, jaqueta, jaqueta cropped e parca. Para al\u00e9m da modelagem, Wilson ainda traz mais lados vers\u00e1teis ao apresentar, pela primeira vez, pe\u00e7as de roupa \u00edntima masculina.<\/p>\n\n\n\n<p>Um mergulho nas refer\u00eancias, desejos e fazeres que foram trazidos ao longo do tempo.<\/p>\n\n\n\n<div class=\"wp-block-image\"><figure class=\"aligncenter size-full\"><img data-attachment-id=\"223790\" data-permalink=\"https:\/\/agrund.com\/index.php\/spfw-n53-as-decadas-de-wilson-ranieri\/agrund-spfw-n53-wilson-ranieri-1\/\" data-orig-file=\"https:\/\/i0.wp.com\/agrund.com\/wp-content\/uploads\/sites\/6\/2022\/06\/agrund-spfw-n53-wilson-ranieri-1.jpeg?fit=600%2C840&amp;ssl=1\" data-orig-size=\"600,840\" data-comments-opened=\"1\" data-image-meta=\"{&quot;aperture&quot;:&quot;7.1&quot;,&quot;credit&quot;:&quot;Nando Pessoa&quot;,&quot;camera&quot;:&quot;Canon EOS REBEL T5&quot;,&quot;caption&quot;:&quot;&quot;,&quot;created_timestamp&quot;:&quot;1653400528&quot;,&quot;copyright&quot;:&quot;Nando Pessoa&quot;,&quot;focal_length&quot;:&quot;16&quot;,&quot;iso&quot;:&quot;200&quot;,&quot;shutter_speed&quot;:&quot;0.00625&quot;,&quot;title&quot;:&quot;&quot;,&quot;orientation&quot;:&quot;1&quot;}\" data-image-title=\"agrund-spfw-n53-wilson-ranieri-1\" data-image-description=\"\" data-image-caption=\"\" data-medium-file=\"https:\/\/i0.wp.com\/agrund.com\/wp-content\/uploads\/sites\/6\/2022\/06\/agrund-spfw-n53-wilson-ranieri-1.jpeg?fit=214%2C300&amp;ssl=1\" data-large-file=\"https:\/\/i0.wp.com\/agrund.com\/wp-content\/uploads\/sites\/6\/2022\/06\/agrund-spfw-n53-wilson-ranieri-1.jpeg?fit=600%2C840&amp;ssl=1\" decoding=\"async\" loading=\"lazy\" width=\"600\" height=\"840\" src=\"https:\/\/i0.wp.com\/agrund.com\/wp-content\/uploads\/sites\/6\/2022\/06\/agrund-spfw-n53-wilson-ranieri-1.jpeg?resize=600%2C840&#038;ssl=1\" alt=\"\" class=\"wp-image-223790\" srcset=\"https:\/\/i0.wp.com\/agrund.com\/wp-content\/uploads\/sites\/6\/2022\/06\/agrund-spfw-n53-wilson-ranieri-1.jpeg?w=600&amp;ssl=1 600w, https:\/\/i0.wp.com\/agrund.com\/wp-content\/uploads\/sites\/6\/2022\/06\/agrund-spfw-n53-wilson-ranieri-1.jpeg?resize=214%2C300&amp;ssl=1 214w\" sizes=\"(max-width: 600px) 100vw, 600px\" data-recalc-dims=\"1\" \/><figcaption>SPFW N53 :: As d\u00e9cadas de Wilson Ranieri<\/figcaption><\/figure><\/div>\n\n\n\n<div class=\"wp-block-image\"><figure class=\"aligncenter size-full\"><img data-attachment-id=\"223791\" data-permalink=\"https:\/\/agrund.com\/index.php\/spfw-n53-as-decadas-de-wilson-ranieri\/agrund-spfw-n53-wilson-ranieri-2\/\" data-orig-file=\"https:\/\/i0.wp.com\/agrund.com\/wp-content\/uploads\/sites\/6\/2022\/06\/agrund-spfw-n53-wilson-ranieri-2.jpeg?fit=600%2C840&amp;ssl=1\" data-orig-size=\"600,840\" data-comments-opened=\"1\" data-image-meta=\"{&quot;aperture&quot;:&quot;7.1&quot;,&quot;credit&quot;:&quot;Fernando Goytacazes&quot;,&quot;camera&quot;:&quot;Canon EOS REBEL T5&quot;,&quot;caption&quot;:&quot;&quot;,&quot;created_timestamp&quot;:&quot;1653402360&quot;,&quot;copyright&quot;:&quot;Nando Pessoa&quot;,&quot;focal_length&quot;:&quot;16&quot;,&quot;iso&quot;:&quot;200&quot;,&quot;shutter_speed&quot;:&quot;0.00625&quot;,&quot;title&quot;:&quot;&quot;,&quot;orientation&quot;:&quot;1&quot;}\" data-image-title=\"agrund-spfw-n53-wilson-ranieri-2\" data-image-description=\"\" data-image-caption=\"\" data-medium-file=\"https:\/\/i0.wp.com\/agrund.com\/wp-content\/uploads\/sites\/6\/2022\/06\/agrund-spfw-n53-wilson-ranieri-2.jpeg?fit=214%2C300&amp;ssl=1\" data-large-file=\"https:\/\/i0.wp.com\/agrund.com\/wp-content\/uploads\/sites\/6\/2022\/06\/agrund-spfw-n53-wilson-ranieri-2.jpeg?fit=600%2C840&amp;ssl=1\" decoding=\"async\" loading=\"lazy\" width=\"600\" height=\"840\" src=\"https:\/\/i0.wp.com\/agrund.com\/wp-content\/uploads\/sites\/6\/2022\/06\/agrund-spfw-n53-wilson-ranieri-2.jpeg?resize=600%2C840&#038;ssl=1\" alt=\"\" class=\"wp-image-223791\" srcset=\"https:\/\/i0.wp.com\/agrund.com\/wp-content\/uploads\/sites\/6\/2022\/06\/agrund-spfw-n53-wilson-ranieri-2.jpeg?w=600&amp;ssl=1 600w, https:\/\/i0.wp.com\/agrund.com\/wp-content\/uploads\/sites\/6\/2022\/06\/agrund-spfw-n53-wilson-ranieri-2.jpeg?resize=214%2C300&amp;ssl=1 214w\" sizes=\"(max-width: 600px) 100vw, 600px\" data-recalc-dims=\"1\" \/><figcaption>SPFW N53 :: As d\u00e9cadas de Wilson Ranieri<\/figcaption><\/figure><\/div>\n\n\n\n<div class=\"wp-block-image\"><figure class=\"aligncenter size-full\"><img data-attachment-id=\"223792\" data-permalink=\"https:\/\/agrund.com\/index.php\/spfw-n53-as-decadas-de-wilson-ranieri\/agrund-spfw-n53-wilson-ranieri-3\/\" data-orig-file=\"https:\/\/i0.wp.com\/agrund.com\/wp-content\/uploads\/sites\/6\/2022\/06\/agrund-spfw-n53-wilson-ranieri-3.jpeg?fit=600%2C840&amp;ssl=1\" data-orig-size=\"600,840\" data-comments-opened=\"1\" data-image-meta=\"{&quot;aperture&quot;:&quot;10&quot;,&quot;credit&quot;:&quot;Fernando Goytacazes&quot;,&quot;camera&quot;:&quot;Canon EOS REBEL T5&quot;,&quot;caption&quot;:&quot;&quot;,&quot;created_timestamp&quot;:&quot;1653495967&quot;,&quot;copyright&quot;:&quot;Nando Pessoa&quot;,&quot;focal_length&quot;:&quot;18&quot;,&quot;iso&quot;:&quot;200&quot;,&quot;shutter_speed&quot;:&quot;0.005&quot;,&quot;title&quot;:&quot;&quot;,&quot;orientation&quot;:&quot;1&quot;}\" data-image-title=\"agrund-spfw-n53-wilson-ranieri-3\" data-image-description=\"\" data-image-caption=\"\" data-medium-file=\"https:\/\/i0.wp.com\/agrund.com\/wp-content\/uploads\/sites\/6\/2022\/06\/agrund-spfw-n53-wilson-ranieri-3.jpeg?fit=214%2C300&amp;ssl=1\" data-large-file=\"https:\/\/i0.wp.com\/agrund.com\/wp-content\/uploads\/sites\/6\/2022\/06\/agrund-spfw-n53-wilson-ranieri-3.jpeg?fit=600%2C840&amp;ssl=1\" decoding=\"async\" loading=\"lazy\" width=\"600\" height=\"840\" src=\"https:\/\/i0.wp.com\/agrund.com\/wp-content\/uploads\/sites\/6\/2022\/06\/agrund-spfw-n53-wilson-ranieri-3.jpeg?resize=600%2C840&#038;ssl=1\" alt=\"\" class=\"wp-image-223792\" srcset=\"https:\/\/i0.wp.com\/agrund.com\/wp-content\/uploads\/sites\/6\/2022\/06\/agrund-spfw-n53-wilson-ranieri-3.jpeg?w=600&amp;ssl=1 600w, https:\/\/i0.wp.com\/agrund.com\/wp-content\/uploads\/sites\/6\/2022\/06\/agrund-spfw-n53-wilson-ranieri-3.jpeg?resize=214%2C300&amp;ssl=1 214w\" sizes=\"(max-width: 600px) 100vw, 600px\" data-recalc-dims=\"1\" \/><figcaption>SPFW N53 :: As d\u00e9cadas de Wilson Ranieri<\/figcaption><\/figure><\/div>\n\n\n\n<div class=\"wp-block-image\"><figure class=\"aligncenter size-full\"><img data-attachment-id=\"223793\" data-permalink=\"https:\/\/agrund.com\/index.php\/spfw-n53-as-decadas-de-wilson-ranieri\/agrund-spfw-n53-wilson-ranieri-4\/\" data-orig-file=\"https:\/\/i0.wp.com\/agrund.com\/wp-content\/uploads\/sites\/6\/2022\/06\/agrund-spfw-n53-wilson-ranieri-4.jpeg?fit=600%2C840&amp;ssl=1\" data-orig-size=\"600,840\" data-comments-opened=\"1\" data-image-meta=\"{&quot;aperture&quot;:&quot;10&quot;,&quot;credit&quot;:&quot;Fernando Goytacazes&quot;,&quot;camera&quot;:&quot;Canon EOS REBEL T5&quot;,&quot;caption&quot;:&quot;&quot;,&quot;created_timestamp&quot;:&quot;1653496857&quot;,&quot;copyright&quot;:&quot;Nando Pessoa&quot;,&quot;focal_length&quot;:&quot;16&quot;,&quot;iso&quot;:&quot;200&quot;,&quot;shutter_speed&quot;:&quot;0.005&quot;,&quot;title&quot;:&quot;&quot;,&quot;orientation&quot;:&quot;1&quot;}\" data-image-title=\"agrund-spfw-n53-wilson-ranieri-4\" data-image-description=\"\" data-image-caption=\"\" data-medium-file=\"https:\/\/i0.wp.com\/agrund.com\/wp-content\/uploads\/sites\/6\/2022\/06\/agrund-spfw-n53-wilson-ranieri-4.jpeg?fit=214%2C300&amp;ssl=1\" data-large-file=\"https:\/\/i0.wp.com\/agrund.com\/wp-content\/uploads\/sites\/6\/2022\/06\/agrund-spfw-n53-wilson-ranieri-4.jpeg?fit=600%2C840&amp;ssl=1\" decoding=\"async\" loading=\"lazy\" width=\"600\" height=\"840\" src=\"https:\/\/i0.wp.com\/agrund.com\/wp-content\/uploads\/sites\/6\/2022\/06\/agrund-spfw-n53-wilson-ranieri-4.jpeg?resize=600%2C840&#038;ssl=1\" alt=\"\" class=\"wp-image-223793\" srcset=\"https:\/\/i0.wp.com\/agrund.com\/wp-content\/uploads\/sites\/6\/2022\/06\/agrund-spfw-n53-wilson-ranieri-4.jpeg?w=600&amp;ssl=1 600w, https:\/\/i0.wp.com\/agrund.com\/wp-content\/uploads\/sites\/6\/2022\/06\/agrund-spfw-n53-wilson-ranieri-4.jpeg?resize=214%2C300&amp;ssl=1 214w\" sizes=\"(max-width: 600px) 100vw, 600px\" data-recalc-dims=\"1\" \/><figcaption>SPFW N53 :: As d\u00e9cadas de Wilson Ranieri<\/figcaption><\/figure><\/div>\n\n\n\n<div class=\"wp-block-image\"><figure class=\"aligncenter size-full\"><img data-attachment-id=\"223794\" data-permalink=\"https:\/\/agrund.com\/index.php\/spfw-n53-as-decadas-de-wilson-ranieri\/agrund-spfw-n53-wilson-ranieri-5\/\" data-orig-file=\"https:\/\/i0.wp.com\/agrund.com\/wp-content\/uploads\/sites\/6\/2022\/06\/agrund-spfw-n53-wilson-ranieri-5.jpeg?fit=600%2C840&amp;ssl=1\" data-orig-size=\"600,840\" data-comments-opened=\"1\" data-image-meta=\"{&quot;aperture&quot;:&quot;7.1&quot;,&quot;credit&quot;:&quot;Fernando Goytacazes&quot;,&quot;camera&quot;:&quot;Canon EOS REBEL T5&quot;,&quot;caption&quot;:&quot;&quot;,&quot;created_timestamp&quot;:&quot;1653408452&quot;,&quot;copyright&quot;:&quot;Nando Pessoa&quot;,&quot;focal_length&quot;:&quot;16&quot;,&quot;iso&quot;:&quot;200&quot;,&quot;shutter_speed&quot;:&quot;0.00625&quot;,&quot;title&quot;:&quot;&quot;,&quot;orientation&quot;:&quot;1&quot;}\" data-image-title=\"agrund-spfw-n53-wilson-ranieri-5\" data-image-description=\"\" data-image-caption=\"\" data-medium-file=\"https:\/\/i0.wp.com\/agrund.com\/wp-content\/uploads\/sites\/6\/2022\/06\/agrund-spfw-n53-wilson-ranieri-5.jpeg?fit=214%2C300&amp;ssl=1\" data-large-file=\"https:\/\/i0.wp.com\/agrund.com\/wp-content\/uploads\/sites\/6\/2022\/06\/agrund-spfw-n53-wilson-ranieri-5.jpeg?fit=600%2C840&amp;ssl=1\" decoding=\"async\" loading=\"lazy\" width=\"600\" height=\"840\" src=\"https:\/\/i0.wp.com\/agrund.com\/wp-content\/uploads\/sites\/6\/2022\/06\/agrund-spfw-n53-wilson-ranieri-5.jpeg?resize=600%2C840&#038;ssl=1\" alt=\"\" class=\"wp-image-223794\" srcset=\"https:\/\/i0.wp.com\/agrund.com\/wp-content\/uploads\/sites\/6\/2022\/06\/agrund-spfw-n53-wilson-ranieri-5.jpeg?w=600&amp;ssl=1 600w, https:\/\/i0.wp.com\/agrund.com\/wp-content\/uploads\/sites\/6\/2022\/06\/agrund-spfw-n53-wilson-ranieri-5.jpeg?resize=214%2C300&amp;ssl=1 214w\" sizes=\"(max-width: 600px) 100vw, 600px\" data-recalc-dims=\"1\" \/><figcaption>SPFW N53 :: As d\u00e9cadas de Wilson Ranieri<\/figcaption><\/figure><\/div>\n\n\n\n<div class=\"wp-block-image\"><figure class=\"aligncenter size-full\"><img data-attachment-id=\"223795\" data-permalink=\"https:\/\/agrund.com\/index.php\/spfw-n53-as-decadas-de-wilson-ranieri\/agrund-spfw-n53-wilson-ranieri-6\/\" data-orig-file=\"https:\/\/i0.wp.com\/agrund.com\/wp-content\/uploads\/sites\/6\/2022\/06\/agrund-spfw-n53-wilson-ranieri-6.jpeg?fit=600%2C840&amp;ssl=1\" data-orig-size=\"600,840\" data-comments-opened=\"1\" data-image-meta=\"{&quot;aperture&quot;:&quot;7.1&quot;,&quot;credit&quot;:&quot;Fernando Goytacazes&quot;,&quot;camera&quot;:&quot;Canon EOS REBEL T5&quot;,&quot;caption&quot;:&quot;&quot;,&quot;created_timestamp&quot;:&quot;1653498992&quot;,&quot;copyright&quot;:&quot;Nando Pessoa&quot;,&quot;focal_length&quot;:&quot;17&quot;,&quot;iso&quot;:&quot;200&quot;,&quot;shutter_speed&quot;:&quot;0.00625&quot;,&quot;title&quot;:&quot;&quot;,&quot;orientation&quot;:&quot;1&quot;}\" data-image-title=\"agrund-spfw-n53-wilson-ranieri-6\" data-image-description=\"\" data-image-caption=\"\" data-medium-file=\"https:\/\/i0.wp.com\/agrund.com\/wp-content\/uploads\/sites\/6\/2022\/06\/agrund-spfw-n53-wilson-ranieri-6.jpeg?fit=214%2C300&amp;ssl=1\" data-large-file=\"https:\/\/i0.wp.com\/agrund.com\/wp-content\/uploads\/sites\/6\/2022\/06\/agrund-spfw-n53-wilson-ranieri-6.jpeg?fit=600%2C840&amp;ssl=1\" decoding=\"async\" loading=\"lazy\" width=\"600\" height=\"840\" src=\"https:\/\/i0.wp.com\/agrund.com\/wp-content\/uploads\/sites\/6\/2022\/06\/agrund-spfw-n53-wilson-ranieri-6.jpeg?resize=600%2C840&#038;ssl=1\" alt=\"\" class=\"wp-image-223795\" srcset=\"https:\/\/i0.wp.com\/agrund.com\/wp-content\/uploads\/sites\/6\/2022\/06\/agrund-spfw-n53-wilson-ranieri-6.jpeg?w=600&amp;ssl=1 600w, https:\/\/i0.wp.com\/agrund.com\/wp-content\/uploads\/sites\/6\/2022\/06\/agrund-spfw-n53-wilson-ranieri-6.jpeg?resize=214%2C300&amp;ssl=1 214w\" sizes=\"(max-width: 600px) 100vw, 600px\" data-recalc-dims=\"1\" \/><figcaption>SPFW N53 :: As d\u00e9cadas de Wilson Ranieri<\/figcaption><\/figure><\/div>\n\n\n\n<div class=\"wp-block-image\"><figure class=\"aligncenter size-full\"><img data-attachment-id=\"223796\" data-permalink=\"https:\/\/agrund.com\/index.php\/spfw-n53-as-decadas-de-wilson-ranieri\/agrund-spfw-n53-wilson-ranieri-7\/\" data-orig-file=\"https:\/\/i0.wp.com\/agrund.com\/wp-content\/uploads\/sites\/6\/2022\/06\/agrund-spfw-n53-wilson-ranieri-7.jpeg?fit=600%2C840&amp;ssl=1\" data-orig-size=\"600,840\" data-comments-opened=\"1\" data-image-meta=\"{&quot;aperture&quot;:&quot;7.1&quot;,&quot;credit&quot;:&quot;Fernando Goytacazes&quot;,&quot;camera&quot;:&quot;Canon EOS REBEL T5&quot;,&quot;caption&quot;:&quot;&quot;,&quot;created_timestamp&quot;:&quot;1653411612&quot;,&quot;copyright&quot;:&quot;Nando Pessoa&quot;,&quot;focal_length&quot;:&quot;16&quot;,&quot;iso&quot;:&quot;200&quot;,&quot;shutter_speed&quot;:&quot;0.00625&quot;,&quot;title&quot;:&quot;&quot;,&quot;orientation&quot;:&quot;1&quot;}\" data-image-title=\"agrund-spfw-n53-wilson-ranieri-7\" data-image-description=\"\" data-image-caption=\"\" data-medium-file=\"https:\/\/i0.wp.com\/agrund.com\/wp-content\/uploads\/sites\/6\/2022\/06\/agrund-spfw-n53-wilson-ranieri-7.jpeg?fit=214%2C300&amp;ssl=1\" data-large-file=\"https:\/\/i0.wp.com\/agrund.com\/wp-content\/uploads\/sites\/6\/2022\/06\/agrund-spfw-n53-wilson-ranieri-7.jpeg?fit=600%2C840&amp;ssl=1\" decoding=\"async\" loading=\"lazy\" width=\"600\" height=\"840\" src=\"https:\/\/i0.wp.com\/agrund.com\/wp-content\/uploads\/sites\/6\/2022\/06\/agrund-spfw-n53-wilson-ranieri-7.jpeg?resize=600%2C840&#038;ssl=1\" alt=\"\" class=\"wp-image-223796\" srcset=\"https:\/\/i0.wp.com\/agrund.com\/wp-content\/uploads\/sites\/6\/2022\/06\/agrund-spfw-n53-wilson-ranieri-7.jpeg?w=600&amp;ssl=1 600w, https:\/\/i0.wp.com\/agrund.com\/wp-content\/uploads\/sites\/6\/2022\/06\/agrund-spfw-n53-wilson-ranieri-7.jpeg?resize=214%2C300&amp;ssl=1 214w\" sizes=\"(max-width: 600px) 100vw, 600px\" data-recalc-dims=\"1\" \/><figcaption>SPFW N53 :: As d\u00e9cadas de Wilson Ranieri<\/figcaption><\/figure><\/div>\n\n\n\n<p>Fotos: Divulga\u00e7\u00e3o. <\/p>\n","protected":false},"excerpt":{"rendered":"<p>Por Arlindo Grund e Lari Mariano S\u00e3o 21 anos. E \u00e9 ao mergulhar nestas mais de duas d\u00e9cadas de hist\u00f3ria que o estilista busca sua inspira\u00e7\u00e3o para estar nesta edi\u00e7\u00e3o N53 da SPFW. Desde moulage, que \u00e9 sua marca registrada e aqui se apresenta ainda no seu processo criativo at\u00e9 ser vista contornando os corpos, [&hellip;]<\/p>\n","protected":false},"author":8,"featured_media":223797,"comment_status":"open","ping_status":"open","sticky":false,"template":"","format":"standard","meta":{"jetpack_post_was_ever_published":false,"_jetpack_newsletter_access":"","jetpack_publicize_message":"","jetpack_is_tweetstorm":false,"jetpack_publicize_feature_enabled":true,"jetpack_social_post_already_shared":true,"jetpack_social_options":{"image_generator_settings":{"template":"highway","enabled":false}}},"categories":[2,18],"tags":[395,375,64,347,67,525,140,424,2882,862],"jetpack_publicize_connections":[],"jetpack_featured_media_url":"https:\/\/i0.wp.com\/agrund.com\/wp-content\/uploads\/sites\/6\/2022\/06\/S-14.jpg?fit=960%2C300&ssl=1","jetpack_sharing_enabled":true,"jetpack_shortlink":"https:\/\/wp.me\/p3Hz0n-Wdv","jetpack_likes_enabled":true,"_links":{"self":[{"href":"https:\/\/agrund.com\/index.php\/wp-json\/wp\/v2\/posts\/223789"}],"collection":[{"href":"https:\/\/agrund.com\/index.php\/wp-json\/wp\/v2\/posts"}],"about":[{"href":"https:\/\/agrund.com\/index.php\/wp-json\/wp\/v2\/types\/post"}],"author":[{"embeddable":true,"href":"https:\/\/agrund.com\/index.php\/wp-json\/wp\/v2\/users\/8"}],"replies":[{"embeddable":true,"href":"https:\/\/agrund.com\/index.php\/wp-json\/wp\/v2\/comments?post=223789"}],"version-history":[{"count":1,"href":"https:\/\/agrund.com\/index.php\/wp-json\/wp\/v2\/posts\/223789\/revisions"}],"predecessor-version":[{"id":223798,"href":"https:\/\/agrund.com\/index.php\/wp-json\/wp\/v2\/posts\/223789\/revisions\/223798"}],"wp:featuredmedia":[{"embeddable":true,"href":"https:\/\/agrund.com\/index.php\/wp-json\/wp\/v2\/media\/223797"}],"wp:attachment":[{"href":"https:\/\/agrund.com\/index.php\/wp-json\/wp\/v2\/media?parent=223789"}],"wp:term":[{"taxonomy":"category","embeddable":true,"href":"https:\/\/agrund.com\/index.php\/wp-json\/wp\/v2\/categories?post=223789"},{"taxonomy":"post_tag","embeddable":true,"href":"https:\/\/agrund.com\/index.php\/wp-json\/wp\/v2\/tags?post=223789"}],"curies":[{"name":"wp","href":"https:\/\/api.w.org\/{rel}","templated":true}]}}