{"id":223780,"date":"2022-06-06T20:00:00","date_gmt":"2022-06-06T23:00:00","guid":{"rendered":"https:\/\/agrund.com\/?p=223780"},"modified":"2022-06-06T15:03:41","modified_gmt":"2022-06-06T18:03:41","slug":"spfw-n53-a-reflexao-de-joao-pimenta","status":"publish","type":"post","link":"https:\/\/agrund.com\/index.php\/spfw-n53-a-reflexao-de-joao-pimenta\/","title":{"rendered":"SPFW N53 :: A reflex\u00e3o de Jo\u00e3o Pimenta"},"content":{"rendered":"\n<p>Por Arlindo Grund e Lari Mariano<\/p>\n\n\n\n<p>Tudo denota o cortejo para Jo\u00e3o Pimenta, e n\u00e3o falamos apenas de uma alfaiataria criteriosa, dessas que precisam transmitir a mensagem. Vai al\u00e9m: o ritmo dos modelos, a trilha. \u00c9 de suas interpreta\u00e7\u00f5es que parte o princ\u00edpio:<br>\u201cEm v\u00e3o tento me explicar, os muros s\u00e3o surdos.<br>Sob as palavras h\u00e1 cifras e c\u00f3digos\u201d.<\/p>\n\n\n\n<p>Se no falar n\u00e3o h\u00e1 compreender, Jo\u00e3o Pimenta ilustra. A tristeza, a dor, a dificuldade de digerir o que vivemos. Dos v\u00e9us rendados \u00e0s correntes que remetem ao esqueleto, um lembrete a olhar pro lado \u2014 e entender realidades al\u00e9m. Predominam as texturas que conferem tridimensionalidade aos looks. As papetes que recebem meias de renda como parceiras deram um tom surf dram\u00e1tico \u00e0s composi\u00e7\u00f5es. Aqui, os destaques foram os bordados e as imagens criadas com alfinetes de seguran\u00e7a. Jo\u00e3o sendo o criador misterioso e autoral de sempre.<\/p>\n\n\n\n<div class=\"wp-block-image\"><figure class=\"aligncenter size-full\"><img data-attachment-id=\"223781\" data-permalink=\"https:\/\/agrund.com\/index.php\/spfw-n53-a-reflexao-de-joao-pimenta\/agrund-spfw-n53-joao_pimenta-1\/\" data-orig-file=\"https:\/\/i0.wp.com\/agrund.com\/wp-content\/uploads\/sites\/6\/2022\/06\/agrund-spfw-n53-joao_pimenta-1.jpeg?fit=600%2C900&amp;ssl=1\" data-orig-size=\"600,900\" data-comments-opened=\"1\" data-image-meta=\"{&quot;aperture&quot;:&quot;0&quot;,&quot;credit&quot;:&quot;Marcelo Soubhia\\\/ @agfotosite&quot;,&quot;camera&quot;:&quot;&quot;,&quot;caption&quot;:&quot;Joao Pimenta\\r_ SPFW N53_\\rSenac Lapa\\r03\\\/06\\\/2022\\r\\rFoto: Marcelo Soubhia\\\/ @agfotosite&quot;,&quot;created_timestamp&quot;:&quot;1654295905&quot;,&quot;copyright&quot;:&quot;Marcelo Soubhia\\\/ @agfotosite&quot;,&quot;focal_length&quot;:&quot;0&quot;,&quot;iso&quot;:&quot;0&quot;,&quot;shutter_speed&quot;:&quot;0&quot;,&quot;title&quot;:&quot;&quot;,&quot;orientation&quot;:&quot;1&quot;}\" data-image-title=\"agrund-spfw-n53-joao_pimenta-1\" data-image-description=\"\" data-image-caption=\"&lt;p&gt;Joao Pimenta&lt;br \/&gt;\n_ SPFW N53_&lt;br \/&gt;\nSenac Lapa&lt;br \/&gt;\n03\/06\/2022&lt;\/p&gt;\n&lt;p&gt;Foto: Marcelo Soubhia\/ @agfotosite&lt;\/p&gt;\n\" data-medium-file=\"https:\/\/i0.wp.com\/agrund.com\/wp-content\/uploads\/sites\/6\/2022\/06\/agrund-spfw-n53-joao_pimenta-1.jpeg?fit=200%2C300&amp;ssl=1\" data-large-file=\"https:\/\/i0.wp.com\/agrund.com\/wp-content\/uploads\/sites\/6\/2022\/06\/agrund-spfw-n53-joao_pimenta-1.jpeg?fit=600%2C900&amp;ssl=1\" decoding=\"async\" loading=\"lazy\" width=\"600\" height=\"900\" src=\"https:\/\/i0.wp.com\/agrund.com\/wp-content\/uploads\/sites\/6\/2022\/06\/agrund-spfw-n53-joao_pimenta-1.jpeg?resize=600%2C900&#038;ssl=1\" alt=\"\" class=\"wp-image-223781\" srcset=\"https:\/\/i0.wp.com\/agrund.com\/wp-content\/uploads\/sites\/6\/2022\/06\/agrund-spfw-n53-joao_pimenta-1.jpeg?w=600&amp;ssl=1 600w, https:\/\/i0.wp.com\/agrund.com\/wp-content\/uploads\/sites\/6\/2022\/06\/agrund-spfw-n53-joao_pimenta-1.jpeg?resize=200%2C300&amp;ssl=1 200w\" sizes=\"(max-width: 600px) 100vw, 600px\" data-recalc-dims=\"1\" \/><figcaption>SPFW N53 :: A reflex\u00e3o de Jo\u00e3o Pimenta<\/figcaption><\/figure><\/div>\n\n\n\n<div class=\"wp-block-image\"><figure class=\"aligncenter size-full\"><img data-attachment-id=\"223782\" data-permalink=\"https:\/\/agrund.com\/index.php\/spfw-n53-a-reflexao-de-joao-pimenta\/agrund-spfw-n53-joao_pimenta-2\/\" data-orig-file=\"https:\/\/i0.wp.com\/agrund.com\/wp-content\/uploads\/sites\/6\/2022\/06\/agrund-spfw-n53-joao_pimenta-2.jpeg?fit=600%2C900&amp;ssl=1\" data-orig-size=\"600,900\" data-comments-opened=\"1\" data-image-meta=\"{&quot;aperture&quot;:&quot;0&quot;,&quot;credit&quot;:&quot;Marcelo Soubhia\\\/ @agfotosite&quot;,&quot;camera&quot;:&quot;&quot;,&quot;caption&quot;:&quot;Joao Pimenta\\r_ SPFW N53_\\rSenac Lapa\\r03\\\/06\\\/2022\\r\\rFoto: Marcelo Soubhia\\\/ @agfotosite&quot;,&quot;created_timestamp&quot;:&quot;1654295914&quot;,&quot;copyright&quot;:&quot;Marcelo Soubhia\\\/ @agfotosite&quot;,&quot;focal_length&quot;:&quot;0&quot;,&quot;iso&quot;:&quot;0&quot;,&quot;shutter_speed&quot;:&quot;0&quot;,&quot;title&quot;:&quot;&quot;,&quot;orientation&quot;:&quot;1&quot;}\" data-image-title=\"agrund-spfw-n53-joao_pimenta-2\" data-image-description=\"\" data-image-caption=\"&lt;p&gt;Joao Pimenta&lt;br \/&gt;\n_ SPFW N53_&lt;br \/&gt;\nSenac Lapa&lt;br \/&gt;\n03\/06\/2022&lt;\/p&gt;\n&lt;p&gt;Foto: Marcelo Soubhia\/ @agfotosite&lt;\/p&gt;\n\" data-medium-file=\"https:\/\/i0.wp.com\/agrund.com\/wp-content\/uploads\/sites\/6\/2022\/06\/agrund-spfw-n53-joao_pimenta-2.jpeg?fit=200%2C300&amp;ssl=1\" data-large-file=\"https:\/\/i0.wp.com\/agrund.com\/wp-content\/uploads\/sites\/6\/2022\/06\/agrund-spfw-n53-joao_pimenta-2.jpeg?fit=600%2C900&amp;ssl=1\" decoding=\"async\" loading=\"lazy\" width=\"600\" height=\"900\" src=\"https:\/\/i0.wp.com\/agrund.com\/wp-content\/uploads\/sites\/6\/2022\/06\/agrund-spfw-n53-joao_pimenta-2.jpeg?resize=600%2C900&#038;ssl=1\" alt=\"\" class=\"wp-image-223782\" srcset=\"https:\/\/i0.wp.com\/agrund.com\/wp-content\/uploads\/sites\/6\/2022\/06\/agrund-spfw-n53-joao_pimenta-2.jpeg?w=600&amp;ssl=1 600w, https:\/\/i0.wp.com\/agrund.com\/wp-content\/uploads\/sites\/6\/2022\/06\/agrund-spfw-n53-joao_pimenta-2.jpeg?resize=200%2C300&amp;ssl=1 200w\" sizes=\"(max-width: 600px) 100vw, 600px\" data-recalc-dims=\"1\" \/><figcaption>SPFW N53 :: A reflex\u00e3o de Jo\u00e3o Pimenta<\/figcaption><\/figure><\/div>\n\n\n\n<div class=\"wp-block-image\"><figure class=\"aligncenter size-full\"><img data-attachment-id=\"223783\" data-permalink=\"https:\/\/agrund.com\/index.php\/spfw-n53-a-reflexao-de-joao-pimenta\/agrund-spfw-n53-joao_pimenta-3\/\" data-orig-file=\"https:\/\/i0.wp.com\/agrund.com\/wp-content\/uploads\/sites\/6\/2022\/06\/agrund-spfw-n53-joao_pimenta-3.jpeg?fit=600%2C901&amp;ssl=1\" data-orig-size=\"600,901\" data-comments-opened=\"1\" data-image-meta=\"{&quot;aperture&quot;:&quot;0&quot;,&quot;credit&quot;:&quot;Marcelo Soubhia\\\/ @agfotosite&quot;,&quot;camera&quot;:&quot;&quot;,&quot;caption&quot;:&quot;Joao Pimenta\\r_ SPFW N53_\\rSenac Lapa\\r03\\\/06\\\/2022\\r\\rFoto: Marcelo Soubhia\\\/ @agfotosite&quot;,&quot;created_timestamp&quot;:&quot;1654295920&quot;,&quot;copyright&quot;:&quot;Marcelo Soubhia\\\/ @agfotosite&quot;,&quot;focal_length&quot;:&quot;0&quot;,&quot;iso&quot;:&quot;0&quot;,&quot;shutter_speed&quot;:&quot;0&quot;,&quot;title&quot;:&quot;&quot;,&quot;orientation&quot;:&quot;1&quot;}\" data-image-title=\"agrund-spfw-n53-joao_pimenta-3\" data-image-description=\"\" data-image-caption=\"&lt;p&gt;Joao Pimenta&lt;br \/&gt;\n_ SPFW N53_&lt;br \/&gt;\nSenac Lapa&lt;br \/&gt;\n03\/06\/2022&lt;\/p&gt;\n&lt;p&gt;Foto: Marcelo Soubhia\/ @agfotosite&lt;\/p&gt;\n\" data-medium-file=\"https:\/\/i0.wp.com\/agrund.com\/wp-content\/uploads\/sites\/6\/2022\/06\/agrund-spfw-n53-joao_pimenta-3.jpeg?fit=200%2C300&amp;ssl=1\" data-large-file=\"https:\/\/i0.wp.com\/agrund.com\/wp-content\/uploads\/sites\/6\/2022\/06\/agrund-spfw-n53-joao_pimenta-3.jpeg?fit=600%2C901&amp;ssl=1\" decoding=\"async\" loading=\"lazy\" width=\"600\" height=\"901\" src=\"https:\/\/i0.wp.com\/agrund.com\/wp-content\/uploads\/sites\/6\/2022\/06\/agrund-spfw-n53-joao_pimenta-3.jpeg?resize=600%2C901&#038;ssl=1\" alt=\"\" class=\"wp-image-223783\" srcset=\"https:\/\/i0.wp.com\/agrund.com\/wp-content\/uploads\/sites\/6\/2022\/06\/agrund-spfw-n53-joao_pimenta-3.jpeg?w=600&amp;ssl=1 600w, https:\/\/i0.wp.com\/agrund.com\/wp-content\/uploads\/sites\/6\/2022\/06\/agrund-spfw-n53-joao_pimenta-3.jpeg?resize=200%2C300&amp;ssl=1 200w\" sizes=\"(max-width: 600px) 100vw, 600px\" data-recalc-dims=\"1\" \/><figcaption>SPFW N53 :: A reflex\u00e3o de Jo\u00e3o Pimenta<\/figcaption><\/figure><\/div>\n\n\n\n<div class=\"wp-block-image\"><figure class=\"aligncenter size-full\"><img data-attachment-id=\"223784\" data-permalink=\"https:\/\/agrund.com\/index.php\/spfw-n53-a-reflexao-de-joao-pimenta\/agrund-spfw-n53-joao_pimenta-4\/\" data-orig-file=\"https:\/\/i0.wp.com\/agrund.com\/wp-content\/uploads\/sites\/6\/2022\/06\/agrund-spfw-n53-joao_pimenta-4.jpeg?fit=600%2C900&amp;ssl=1\" data-orig-size=\"600,900\" data-comments-opened=\"1\" data-image-meta=\"{&quot;aperture&quot;:&quot;0&quot;,&quot;credit&quot;:&quot;Marcelo Soubhia\\\/ @agfotosite&quot;,&quot;camera&quot;:&quot;&quot;,&quot;caption&quot;:&quot;Joao Pimenta\\r_ SPFW N53_\\rSenac Lapa\\r03\\\/06\\\/2022\\r\\rFoto: Marcelo Soubhia\\\/ @agfotosite&quot;,&quot;created_timestamp&quot;:&quot;1654295933&quot;,&quot;copyright&quot;:&quot;Marcelo Soubhia\\\/ @agfotosite&quot;,&quot;focal_length&quot;:&quot;0&quot;,&quot;iso&quot;:&quot;0&quot;,&quot;shutter_speed&quot;:&quot;0&quot;,&quot;title&quot;:&quot;&quot;,&quot;orientation&quot;:&quot;1&quot;}\" data-image-title=\"agrund-spfw-n53-joao_pimenta-4\" data-image-description=\"\" data-image-caption=\"&lt;p&gt;Joao Pimenta&lt;br \/&gt;\n_ SPFW N53_&lt;br \/&gt;\nSenac Lapa&lt;br \/&gt;\n03\/06\/2022&lt;\/p&gt;\n&lt;p&gt;Foto: Marcelo Soubhia\/ @agfotosite&lt;\/p&gt;\n\" data-medium-file=\"https:\/\/i0.wp.com\/agrund.com\/wp-content\/uploads\/sites\/6\/2022\/06\/agrund-spfw-n53-joao_pimenta-4.jpeg?fit=200%2C300&amp;ssl=1\" data-large-file=\"https:\/\/i0.wp.com\/agrund.com\/wp-content\/uploads\/sites\/6\/2022\/06\/agrund-spfw-n53-joao_pimenta-4.jpeg?fit=600%2C900&amp;ssl=1\" decoding=\"async\" loading=\"lazy\" width=\"600\" height=\"900\" src=\"https:\/\/i0.wp.com\/agrund.com\/wp-content\/uploads\/sites\/6\/2022\/06\/agrund-spfw-n53-joao_pimenta-4.jpeg?resize=600%2C900&#038;ssl=1\" alt=\"\" class=\"wp-image-223784\" srcset=\"https:\/\/i0.wp.com\/agrund.com\/wp-content\/uploads\/sites\/6\/2022\/06\/agrund-spfw-n53-joao_pimenta-4.jpeg?w=600&amp;ssl=1 600w, https:\/\/i0.wp.com\/agrund.com\/wp-content\/uploads\/sites\/6\/2022\/06\/agrund-spfw-n53-joao_pimenta-4.jpeg?resize=200%2C300&amp;ssl=1 200w\" sizes=\"(max-width: 600px) 100vw, 600px\" data-recalc-dims=\"1\" \/><figcaption>SPFW N53 :: A reflex\u00e3o de Jo\u00e3o Pimenta<\/figcaption><\/figure><\/div>\n\n\n\n<div class=\"wp-block-image\"><figure class=\"aligncenter size-full\"><img data-attachment-id=\"223785\" data-permalink=\"https:\/\/agrund.com\/index.php\/spfw-n53-a-reflexao-de-joao-pimenta\/agrund-spfw-n53-joao_pimenta-5\/\" data-orig-file=\"https:\/\/i0.wp.com\/agrund.com\/wp-content\/uploads\/sites\/6\/2022\/06\/agrund-spfw-n53-joao_pimenta-5.jpeg?fit=600%2C900&amp;ssl=1\" data-orig-size=\"600,900\" data-comments-opened=\"1\" data-image-meta=\"{&quot;aperture&quot;:&quot;0&quot;,&quot;credit&quot;:&quot;Marcelo Soubhia\\\/ @agfotosite&quot;,&quot;camera&quot;:&quot;&quot;,&quot;caption&quot;:&quot;Joao Pimenta\\r_ SPFW N53_\\rSenac Lapa\\r03\\\/06\\\/2022\\r\\rFoto: Marcelo Soubhia\\\/ @agfotosite&quot;,&quot;created_timestamp&quot;:&quot;1654295933&quot;,&quot;copyright&quot;:&quot;Marcelo Soubhia\\\/ @agfotosite&quot;,&quot;focal_length&quot;:&quot;0&quot;,&quot;iso&quot;:&quot;0&quot;,&quot;shutter_speed&quot;:&quot;0&quot;,&quot;title&quot;:&quot;&quot;,&quot;orientation&quot;:&quot;1&quot;}\" data-image-title=\"agrund-spfw-n53-joao_pimenta-5\" data-image-description=\"\" data-image-caption=\"&lt;p&gt;Joao Pimenta&lt;br \/&gt;\n_ SPFW N53_&lt;br \/&gt;\nSenac Lapa&lt;br \/&gt;\n03\/06\/2022&lt;\/p&gt;\n&lt;p&gt;Foto: Marcelo Soubhia\/ @agfotosite&lt;\/p&gt;\n\" data-medium-file=\"https:\/\/i0.wp.com\/agrund.com\/wp-content\/uploads\/sites\/6\/2022\/06\/agrund-spfw-n53-joao_pimenta-5.jpeg?fit=200%2C300&amp;ssl=1\" data-large-file=\"https:\/\/i0.wp.com\/agrund.com\/wp-content\/uploads\/sites\/6\/2022\/06\/agrund-spfw-n53-joao_pimenta-5.jpeg?fit=600%2C900&amp;ssl=1\" decoding=\"async\" loading=\"lazy\" width=\"600\" height=\"900\" src=\"https:\/\/i0.wp.com\/agrund.com\/wp-content\/uploads\/sites\/6\/2022\/06\/agrund-spfw-n53-joao_pimenta-5.jpeg?resize=600%2C900&#038;ssl=1\" alt=\"\" class=\"wp-image-223785\" srcset=\"https:\/\/i0.wp.com\/agrund.com\/wp-content\/uploads\/sites\/6\/2022\/06\/agrund-spfw-n53-joao_pimenta-5.jpeg?w=600&amp;ssl=1 600w, https:\/\/i0.wp.com\/agrund.com\/wp-content\/uploads\/sites\/6\/2022\/06\/agrund-spfw-n53-joao_pimenta-5.jpeg?resize=200%2C300&amp;ssl=1 200w\" sizes=\"(max-width: 600px) 100vw, 600px\" data-recalc-dims=\"1\" \/><figcaption>SPFW N53 :: A reflex\u00e3o de Jo\u00e3o Pimenta<\/figcaption><\/figure><\/div>\n\n\n\n<div class=\"wp-block-image\"><figure class=\"aligncenter size-full\"><img data-attachment-id=\"223786\" data-permalink=\"https:\/\/agrund.com\/index.php\/spfw-n53-a-reflexao-de-joao-pimenta\/agrund-spfw-n53-joao_pimenta-6\/\" data-orig-file=\"https:\/\/i0.wp.com\/agrund.com\/wp-content\/uploads\/sites\/6\/2022\/06\/agrund-spfw-n53-joao_pimenta-6.jpeg?fit=600%2C900&amp;ssl=1\" data-orig-size=\"600,900\" data-comments-opened=\"1\" data-image-meta=\"{&quot;aperture&quot;:&quot;0&quot;,&quot;credit&quot;:&quot;Marcelo Soubhia\\\/ @agfotosite&quot;,&quot;camera&quot;:&quot;&quot;,&quot;caption&quot;:&quot;Joao Pimenta\\r_ SPFW N53_\\rSenac Lapa\\r03\\\/06\\\/2022\\r\\rFoto: Marcelo Soubhia\\\/ @agfotosite&quot;,&quot;created_timestamp&quot;:&quot;1654295966&quot;,&quot;copyright&quot;:&quot;Marcelo Soubhia\\\/ @agfotosite&quot;,&quot;focal_length&quot;:&quot;0&quot;,&quot;iso&quot;:&quot;0&quot;,&quot;shutter_speed&quot;:&quot;0&quot;,&quot;title&quot;:&quot;&quot;,&quot;orientation&quot;:&quot;1&quot;}\" data-image-title=\"agrund-spfw-n53-joao_pimenta-6\" data-image-description=\"\" data-image-caption=\"&lt;p&gt;Joao Pimenta&lt;br \/&gt;\n_ SPFW N53_&lt;br \/&gt;\nSenac Lapa&lt;br \/&gt;\n03\/06\/2022&lt;\/p&gt;\n&lt;p&gt;Foto: Marcelo Soubhia\/ @agfotosite&lt;\/p&gt;\n\" data-medium-file=\"https:\/\/i0.wp.com\/agrund.com\/wp-content\/uploads\/sites\/6\/2022\/06\/agrund-spfw-n53-joao_pimenta-6.jpeg?fit=200%2C300&amp;ssl=1\" data-large-file=\"https:\/\/i0.wp.com\/agrund.com\/wp-content\/uploads\/sites\/6\/2022\/06\/agrund-spfw-n53-joao_pimenta-6.jpeg?fit=600%2C900&amp;ssl=1\" decoding=\"async\" loading=\"lazy\" width=\"600\" height=\"900\" src=\"https:\/\/i0.wp.com\/agrund.com\/wp-content\/uploads\/sites\/6\/2022\/06\/agrund-spfw-n53-joao_pimenta-6.jpeg?resize=600%2C900&#038;ssl=1\" alt=\"\" class=\"wp-image-223786\" srcset=\"https:\/\/i0.wp.com\/agrund.com\/wp-content\/uploads\/sites\/6\/2022\/06\/agrund-spfw-n53-joao_pimenta-6.jpeg?w=600&amp;ssl=1 600w, https:\/\/i0.wp.com\/agrund.com\/wp-content\/uploads\/sites\/6\/2022\/06\/agrund-spfw-n53-joao_pimenta-6.jpeg?resize=200%2C300&amp;ssl=1 200w\" sizes=\"(max-width: 600px) 100vw, 600px\" data-recalc-dims=\"1\" \/><figcaption>SPFW N53 :: A reflex\u00e3o de Jo\u00e3o Pimenta<\/figcaption><\/figure><\/div>\n\n\n\n<p>Fotos: Divulga\u00e7\u00e3o\/ Marcelo Soubhia\/ Ag\u00eancia Fotosite. <\/p>\n","protected":false},"excerpt":{"rendered":"<p>Por Arlindo Grund e Lari Mariano Tudo denota o cortejo para Jo\u00e3o Pimenta, e n\u00e3o falamos apenas de uma alfaiataria criteriosa, dessas que precisam transmitir a mensagem. Vai al\u00e9m: o ritmo dos modelos, a trilha. \u00c9 de suas interpreta\u00e7\u00f5es que parte o princ\u00edpio:\u201cEm v\u00e3o tento me explicar, os muros s\u00e3o surdos.Sob as palavras h\u00e1 cifras [&hellip;]<\/p>\n","protected":false},"author":8,"featured_media":223787,"comment_status":"open","ping_status":"open","sticky":false,"template":"","format":"standard","meta":{"jetpack_post_was_ever_published":false,"_jetpack_newsletter_access":"","jetpack_publicize_message":"","jetpack_is_tweetstorm":false,"jetpack_publicize_feature_enabled":true,"jetpack_social_post_already_shared":true,"jetpack_social_options":{"image_generator_settings":{"template":"highway","enabled":false}}},"categories":[2,18],"tags":[395,375,64,423,347,155,438,382,67,148,140,424],"jetpack_publicize_connections":[],"jetpack_featured_media_url":"https:\/\/i0.wp.com\/agrund.com\/wp-content\/uploads\/sites\/6\/2022\/06\/ss-6.jpg?fit=960%2C300&ssl=1","jetpack_sharing_enabled":true,"jetpack_shortlink":"https:\/\/wp.me\/p3Hz0n-Wdm","jetpack_likes_enabled":true,"_links":{"self":[{"href":"https:\/\/agrund.com\/index.php\/wp-json\/wp\/v2\/posts\/223780"}],"collection":[{"href":"https:\/\/agrund.com\/index.php\/wp-json\/wp\/v2\/posts"}],"about":[{"href":"https:\/\/agrund.com\/index.php\/wp-json\/wp\/v2\/types\/post"}],"author":[{"embeddable":true,"href":"https:\/\/agrund.com\/index.php\/wp-json\/wp\/v2\/users\/8"}],"replies":[{"embeddable":true,"href":"https:\/\/agrund.com\/index.php\/wp-json\/wp\/v2\/comments?post=223780"}],"version-history":[{"count":1,"href":"https:\/\/agrund.com\/index.php\/wp-json\/wp\/v2\/posts\/223780\/revisions"}],"predecessor-version":[{"id":223788,"href":"https:\/\/agrund.com\/index.php\/wp-json\/wp\/v2\/posts\/223780\/revisions\/223788"}],"wp:featuredmedia":[{"embeddable":true,"href":"https:\/\/agrund.com\/index.php\/wp-json\/wp\/v2\/media\/223787"}],"wp:attachment":[{"href":"https:\/\/agrund.com\/index.php\/wp-json\/wp\/v2\/media?parent=223780"}],"wp:term":[{"taxonomy":"category","embeddable":true,"href":"https:\/\/agrund.com\/index.php\/wp-json\/wp\/v2\/categories?post=223780"},{"taxonomy":"post_tag","embeddable":true,"href":"https:\/\/agrund.com\/index.php\/wp-json\/wp\/v2\/tags?post=223780"}],"curies":[{"name":"wp","href":"https:\/\/api.w.org\/{rel}","templated":true}]}}